{"id":7969,"date":"2014-11-12T07:00:19","date_gmt":"2014-11-12T06:00:19","guid":{"rendered":"http:\/\/blog.zeit.de\/nsu-prozess-blog\/?p=7969"},"modified":"2014-11-16T12:00:06","modified_gmt":"2014-11-16T11:00:06","slug":"158-verhandlungstag-v-mann-aus-bayern-sagt-aus","status":"publish","type":"post","link":"https:\/\/blog.zeit.de\/nsu-prozess-blog\/2014\/11\/12\/158-verhandlungstag-v-mann-aus-bayern-sagt-aus\/","title":{"rendered":"158. Prozesstag \u2013 V-Mann aus Bayern sagt aus"},"content":{"rendered":"<p>Am Mittwoch ist der bayerische Rechtsextremist Kai D. nach M\u00fcnchen geladen. Der 50-J\u00e4hrige lieferte als V-Mann Informationen an den Verfassungsschutz \u2013 und er war nicht nur in seiner Heimat aktiv: In Th\u00fcringen pflegte er Kontakt zu <a href=\"https:\/\/blog.zeit.de\/nsu-prozess-blog\/2014\/09\/24\/das-wechselspiel-des-tino-brandt\/\">Tino Brandt<\/a>, dem Gr\u00fcnder des <a href=\"https:\/\/blog.zeit.de\/nsu-prozess-blog\/2014\/02\/12\/tino-brandt\/\">Th\u00fcringer Heimatschutzes<\/a> und ebenfalls V-Mann. D. betrieb Server, auf denen um die Jahrtausendwende das rechtsextreme <em>Thule-Netz<\/em> zur Verf\u00fcgung gestellt wurde, ein Forum f\u00fcr Neonazis. Insbesondere die Anw\u00e4lte der Nebenklage erhoffen sich von ihm Informationen \u00fcber die Aktivit\u00e4ten Tino Brandts, in dessen Organisation sich das sp\u00e4tere NSU-Trio radikalisierte.<\/p>\n<p>Au\u00dferdem geladen ist ein Beamter des Bundeskriminalamts. Dieser sagt zu Vernehmungen von Zeugen aus der rechten Szene aus.<\/p>\n<p><em>ZEIT ONLINE berichtet aus M\u00fcnchen und fasst den Prozesstag am Abend auf diesem Blog zusammen. Informationen aus der Verhandlung gibt es <a href=\"https:\/\/twitter.com\/zeitonline\/lists\/nsu-prozess\">via Twitter hier<\/a>. Weitere Berichte stellen wir morgen im <a href=\"https:\/\/blog.zeit.de\/nsu-prozess-blog\/category\/medienschau\/\">NSU-Medienlog<\/a> zusammen.<\/em><\/p>\n","protected":false},"excerpt":{"rendered":"<p>Am Mittwoch ist der bayerische Rechtsextremist Kai D. nach M\u00fcnchen geladen. Der 50-J\u00e4hrige lieferte als V-Mann Informationen an den Verfassungsschutz \u2013 und er war nicht nur in seiner Heimat aktiv: In Th\u00fcringen pflegte er Kontakt zu Tino Brandt, dem Gr\u00fcnder des Th\u00fcringer Heimatschutzes und ebenfalls V-Mann. D. betrieb Server, auf denen um die Jahrtausendwende das [&hellip;]<\/p>\n","protected":false},"author":435,"featured_media":0,"comment_status":"open","ping_status":"open","sticky":false,"template":"","format":"standard","meta":{"_jetpack_memberships_contains_paid_content":false,"footnotes":""},"categories":[27532],"tags":[59,27562,12740,12741,17899,1836],"class_list":["post-7969","post","type-post","status-publish","format-standard","hentry","category-prozesstage","tag-bayern","tag-bka","tag-thuringer-heimatschutz","tag-tino-brandt","tag-v-mann","tag-verfassungsschutz"],"yoast_head":"<!-- This site is optimized with the Yoast SEO plugin v21.0 - https:\/\/yoast.com\/wordpress\/plugins\/seo\/ -->\n<title>158. Prozesstag \u2013 V-Mann aus Bayern sagt aus - Das NSU-Prozess-Blog<\/title>\n<meta name=\"robots\" content=\"index, follow, max-snippet:-1, max-image-preview:large, max-video-preview:-1\" \/>\n<link rel=\"canonical\" href=\"https:\/\/blog.zeit.de\/nsu-prozess-blog\/2014\/11\/12\/158-verhandlungstag-v-mann-aus-bayern-sagt-aus\/\" \/>\n<meta property=\"og:locale\" content=\"de_DE\" \/>\n<meta property=\"og:type\" content=\"article\" \/>\n<meta property=\"og:title\" content=\"158. Prozesstag \u2013 V-Mann aus Bayern sagt aus - Das NSU-Prozess-Blog\" \/>\n<meta property=\"og:description\" content=\"Am Mittwoch ist der bayerische Rechtsextremist Kai D. nach M\u00fcnchen geladen. Der 50-J\u00e4hrige lieferte als V-Mann Informationen an den Verfassungsschutz \u2013 und er war nicht nur in seiner Heimat aktiv: In Th\u00fcringen pflegte er Kontakt zu Tino Brandt, dem Gr\u00fcnder des Th\u00fcringer Heimatschutzes und ebenfalls V-Mann. D. betrieb Server, auf denen um die Jahrtausendwende das [&hellip;]\" \/>\n<meta property=\"og:url\" content=\"https:\/\/blog.zeit.de\/nsu-prozess-blog\/2014\/11\/12\/158-verhandlungstag-v-mann-aus-bayern-sagt-aus\/\" \/>\n<meta property=\"og:site_name\" content=\"Das NSU-Prozess-Blog\" \/>\n<meta property=\"article:published_time\" content=\"2014-11-12T06:00:19+00:00\" \/>\n<meta property=\"article:modified_time\" content=\"2014-11-16T11:00:06+00:00\" \/>\n<meta name=\"author\" content=\"Tom Sundermann\" \/>\n<meta name=\"twitter:label1\" content=\"Geschrieben von\" \/>\n\t<meta name=\"twitter:data1\" content=\"Tom Sundermann\" \/>\n\t<meta name=\"twitter:label2\" content=\"Gesch\u00e4tzte Lesezeit\" \/>\n\t<meta name=\"twitter:data2\" content=\"1\u00a0Minute\" \/>\n<script type=\"application\/ld+json\" class=\"yoast-schema-graph\">{\"@context\":\"https:\/\/schema.org\",\"@graph\":[{\"@type\":\"WebPage\",\"@id\":\"https:\/\/blog.zeit.de\/nsu-prozess-blog\/2014\/11\/12\/158-verhandlungstag-v-mann-aus-bayern-sagt-aus\/\",\"url\":\"https:\/\/blog.zeit.de\/nsu-prozess-blog\/2014\/11\/12\/158-verhandlungstag-v-mann-aus-bayern-sagt-aus\/\",\"name\":\"158. Prozesstag \u2013 V-Mann aus Bayern sagt aus - Das NSU-Prozess-Blog\",\"isPartOf\":{\"@id\":\"https:\/\/blog.zeit.de\/nsu-prozess-blog\/#website\"},\"datePublished\":\"2014-11-12T06:00:19+00:00\",\"dateModified\":\"2014-11-16T11:00:06+00:00\",\"author\":{\"@id\":\"https:\/\/blog.zeit.de\/nsu-prozess-blog\/#\/schema\/person\/553ea9bb5d1fc2ae054c589bd59380a5\"},\"breadcrumb\":{\"@id\":\"https:\/\/blog.zeit.de\/nsu-prozess-blog\/2014\/11\/12\/158-verhandlungstag-v-mann-aus-bayern-sagt-aus\/#breadcrumb\"},\"inLanguage\":\"de\",\"potentialAction\":[{\"@type\":\"ReadAction\",\"target\":[\"https:\/\/blog.zeit.de\/nsu-prozess-blog\/2014\/11\/12\/158-verhandlungstag-v-mann-aus-bayern-sagt-aus\/\"]}]},{\"@type\":\"BreadcrumbList\",\"@id\":\"https:\/\/blog.zeit.de\/nsu-prozess-blog\/2014\/11\/12\/158-verhandlungstag-v-mann-aus-bayern-sagt-aus\/#breadcrumb\",\"itemListElement\":[{\"@type\":\"ListItem\",\"position\":1,\"name\":\"Startseite\",\"item\":\"https:\/\/blog.zeit.de\/nsu-prozess-blog\/\"},{\"@type\":\"ListItem\",\"position\":2,\"name\":\"158. Prozesstag \u2013 V-Mann aus Bayern sagt aus\"}]},{\"@type\":\"WebSite\",\"@id\":\"https:\/\/blog.zeit.de\/nsu-prozess-blog\/#website\",\"url\":\"https:\/\/blog.zeit.de\/nsu-prozess-blog\/\",\"name\":\"Das NSU-Prozess-Blog\",\"description\":\"Alle Berichte zum Terrorverfahren in M\u00fcnchen\",\"potentialAction\":[{\"@type\":\"SearchAction\",\"target\":{\"@type\":\"EntryPoint\",\"urlTemplate\":\"https:\/\/blog.zeit.de\/nsu-prozess-blog\/?s={search_term_string}\"},\"query-input\":\"required name=search_term_string\"}],\"inLanguage\":\"de\"},{\"@type\":\"Person\",\"@id\":\"https:\/\/blog.zeit.de\/nsu-prozess-blog\/#\/schema\/person\/553ea9bb5d1fc2ae054c589bd59380a5\",\"name\":\"Tom Sundermann\",\"image\":{\"@type\":\"ImageObject\",\"inLanguage\":\"de\",\"@id\":\"https:\/\/blog.zeit.de\/nsu-prozess-blog\/#\/schema\/person\/image\/\",\"url\":\"https:\/\/secure.gravatar.com\/avatar\/e108a3dc18766f719b2f797dc5d19093f06a1870c55b553ab6b7563f1f9a5e68?s=96&d=mm&r=g\",\"contentUrl\":\"https:\/\/secure.gravatar.com\/avatar\/e108a3dc18766f719b2f797dc5d19093f06a1870c55b553ab6b7563f1f9a5e68?s=96&d=mm&r=g\",\"caption\":\"Tom Sundermann\"},\"sameAs\":[\"https:\/\/twitter.com\/messeticker\"],\"url\":\"https:\/\/blog.zeit.de\/nsu-prozess-blog\/author\/tsundermann\/\"}]}<\/script>\n<!-- \/ Yoast SEO plugin. -->","yoast_head_json":{"title":"158. Prozesstag \u2013 V-Mann aus Bayern sagt aus - Das NSU-Prozess-Blog","robots":{"index":"index","follow":"follow","max-snippet":"max-snippet:-1","max-image-preview":"max-image-preview:large","max-video-preview":"max-video-preview:-1"},"canonical":"https:\/\/blog.zeit.de\/nsu-prozess-blog\/2014\/11\/12\/158-verhandlungstag-v-mann-aus-bayern-sagt-aus\/","og_locale":"de_DE","og_type":"article","og_title":"158. Prozesstag \u2013 V-Mann aus Bayern sagt aus - Das NSU-Prozess-Blog","og_description":"Am Mittwoch ist der bayerische Rechtsextremist Kai D. nach M\u00fcnchen geladen. Der 50-J\u00e4hrige lieferte als V-Mann Informationen an den Verfassungsschutz \u2013 und er war nicht nur in seiner Heimat aktiv: In Th\u00fcringen pflegte er Kontakt zu Tino Brandt, dem Gr\u00fcnder des Th\u00fcringer Heimatschutzes und ebenfalls V-Mann. D. betrieb Server, auf denen um die Jahrtausendwende das [&hellip;]","og_url":"https:\/\/blog.zeit.de\/nsu-prozess-blog\/2014\/11\/12\/158-verhandlungstag-v-mann-aus-bayern-sagt-aus\/","og_site_name":"Das NSU-Prozess-Blog","article_published_time":"2014-11-12T06:00:19+00:00","article_modified_time":"2014-11-16T11:00:06+00:00","author":"Tom Sundermann","twitter_misc":{"Geschrieben von":"Tom Sundermann","Gesch\u00e4tzte Lesezeit":"1\u00a0Minute"},"schema":{"@context":"https:\/\/schema.org","@graph":[{"@type":"WebPage","@id":"https:\/\/blog.zeit.de\/nsu-prozess-blog\/2014\/11\/12\/158-verhandlungstag-v-mann-aus-bayern-sagt-aus\/","url":"https:\/\/blog.zeit.de\/nsu-prozess-blog\/2014\/11\/12\/158-verhandlungstag-v-mann-aus-bayern-sagt-aus\/","name":"158. Prozesstag \u2013 V-Mann aus Bayern sagt aus - Das NSU-Prozess-Blog","isPartOf":{"@id":"https:\/\/blog.zeit.de\/nsu-prozess-blog\/#website"},"datePublished":"2014-11-12T06:00:19+00:00","dateModified":"2014-11-16T11:00:06+00:00","author":{"@id":"https:\/\/blog.zeit.de\/nsu-prozess-blog\/#\/schema\/person\/553ea9bb5d1fc2ae054c589bd59380a5"},"breadcrumb":{"@id":"https:\/\/blog.zeit.de\/nsu-prozess-blog\/2014\/11\/12\/158-verhandlungstag-v-mann-aus-bayern-sagt-aus\/#breadcrumb"},"inLanguage":"de","potentialAction":[{"@type":"ReadAction","target":["https:\/\/blog.zeit.de\/nsu-prozess-blog\/2014\/11\/12\/158-verhandlungstag-v-mann-aus-bayern-sagt-aus\/"]}]},{"@type":"BreadcrumbList","@id":"https:\/\/blog.zeit.de\/nsu-prozess-blog\/2014\/11\/12\/158-verhandlungstag-v-mann-aus-bayern-sagt-aus\/#breadcrumb","itemListElement":[{"@type":"ListItem","position":1,"name":"Startseite","item":"https:\/\/blog.zeit.de\/nsu-prozess-blog\/"},{"@type":"ListItem","position":2,"name":"158. Prozesstag \u2013 V-Mann aus Bayern sagt aus"}]},{"@type":"WebSite","@id":"https:\/\/blog.zeit.de\/nsu-prozess-blog\/#website","url":"https:\/\/blog.zeit.de\/nsu-prozess-blog\/","name":"Das NSU-Prozess-Blog","description":"Alle Berichte zum Terrorverfahren in M\u00fcnchen","potentialAction":[{"@type":"SearchAction","target":{"@type":"EntryPoint","urlTemplate":"https:\/\/blog.zeit.de\/nsu-prozess-blog\/?s={search_term_string}"},"query-input":"required name=search_term_string"}],"inLanguage":"de"},{"@type":"Person","@id":"https:\/\/blog.zeit.de\/nsu-prozess-blog\/#\/schema\/person\/553ea9bb5d1fc2ae054c589bd59380a5","name":"Tom Sundermann","image":{"@type":"ImageObject","inLanguage":"de","@id":"https:\/\/blog.zeit.de\/nsu-prozess-blog\/#\/schema\/person\/image\/","url":"https:\/\/secure.gravatar.com\/avatar\/e108a3dc18766f719b2f797dc5d19093f06a1870c55b553ab6b7563f1f9a5e68?s=96&d=mm&r=g","contentUrl":"https:\/\/secure.gravatar.com\/avatar\/e108a3dc18766f719b2f797dc5d19093f06a1870c55b553ab6b7563f1f9a5e68?s=96&d=mm&r=g","caption":"Tom Sundermann"},"sameAs":["https:\/\/twitter.com\/messeticker"],"url":"https:\/\/blog.zeit.de\/nsu-prozess-blog\/author\/tsundermann\/"}]}},"jetpack_featured_media_url":"","jetpack_sharing_enabled":true,"_links":{"self":[{"href":"https:\/\/blog.zeit.de\/nsu-prozess-blog\/wp-json\/wp\/v2\/posts\/7969","targetHints":{"allow":["GET"]}}],"collection":[{"href":"https:\/\/blog.zeit.de\/nsu-prozess-blog\/wp-json\/wp\/v2\/posts"}],"about":[{"href":"https:\/\/blog.zeit.de\/nsu-prozess-blog\/wp-json\/wp\/v2\/types\/post"}],"author":[{"embeddable":true,"href":"https:\/\/blog.zeit.de\/nsu-prozess-blog\/wp-json\/wp\/v2\/users\/435"}],"replies":[{"embeddable":true,"href":"https:\/\/blog.zeit.de\/nsu-prozess-blog\/wp-json\/wp\/v2\/comments?post=7969"}],"version-history":[{"count":2,"href":"https:\/\/blog.zeit.de\/nsu-prozess-blog\/wp-json\/wp\/v2\/posts\/7969\/revisions"}],"predecessor-version":[{"id":8017,"href":"https:\/\/blog.zeit.de\/nsu-prozess-blog\/wp-json\/wp\/v2\/posts\/7969\/revisions\/8017"}],"wp:attachment":[{"href":"https:\/\/blog.zeit.de\/nsu-prozess-blog\/wp-json\/wp\/v2\/media?parent=7969"}],"wp:term":[{"taxonomy":"category","embeddable":true,"href":"https:\/\/blog.zeit.de\/nsu-prozess-blog\/wp-json\/wp\/v2\/categories?post=7969"},{"taxonomy":"post_tag","embeddable":true,"href":"https:\/\/blog.zeit.de\/nsu-prozess-blog\/wp-json\/wp\/v2\/tags?post=7969"}],"curies":[{"name":"wp","href":"https:\/\/api.w.org\/{rel}","templated":true}]}}