{"id":7989,"date":"2014-11-12T19:15:22","date_gmt":"2014-11-12T18:15:22","guid":{"rendered":"http:\/\/blog.zeit.de\/nsu-prozess-blog\/?p=7989"},"modified":"2014-11-12T19:29:49","modified_gmt":"2014-11-12T18:29:49","slug":"nsu-prozess-kai-d-verfassungsschutz-tino-brandt","status":"publish","type":"post","link":"https:\/\/blog.zeit.de\/nsu-prozess-blog\/2014\/11\/12\/nsu-prozess-kai-d-verfassungsschutz-tino-brandt\/","title":{"rendered":"Der NSU und seine radikalen Freunde"},"content":{"rendered":"<p><strong>Stachelte V-Mann Tino Brandt das sp\u00e4tere NSU-Trio zum m\u00f6rderischen Hass an? Das behauptet ein bayerischer Neonazi \u2013 und vermutet den Verfassungsschutz dahinter.<\/strong><\/p>\n<p>Zw\u00f6lf Jahre lang spitzelte der Rechtsextremist Kai D. f\u00fcr den bayerischen Verfassungsschutz. Gleichzeitig trommelte er w\u00e4hrend der neunziger Jahre in seiner Heimat Franken die Kameraden zusammen, es gab Demonstrationen und Kundgebungen. Im Norden Bayerns, an der Grenze zu Th\u00fcringen, war er unangefochtener Anf\u00fchrer \u2013 und ein wertvoller Informant f\u00fcr den Geheimdienst.<\/p>\n<p><!--more--><\/p>\n<p>Man muss dar\u00fcber r\u00e4tseln, ob ihm die Beh\u00f6rde neben seinen Spitzelgeh\u00e4ltern auch eine Rhetorikschulung spendierte. Der 50-j\u00e4hrige D. ist als Zeuge im NSU-Prozess geladen. Geh\u00fcllt in einen schwarzen Rollkragenpulli redet er mal im Plauderton, mal im Parteitagssprech, die meiste Zeit entspannt nach vorn \u00fcber den Zeugentisch gelehnt. Seine Antworten sind wortreiche Monologe, umfangreiche Ausschweifungen, die Richter Manfred G\u00f6tzl immer wieder bremsen muss. Hier redet jemand, der es genie\u00dft, f\u00fcr ein Publikum vorzutragen.<\/p>\n<p>Das Gericht muss sich m\u00fchen, eine klare Botschaft aus seinen Aussagen herauszusch\u00e4len: Es geht um die Rolle eines weiteren Neonazis \u2013 Tino Brandt, der ebenfalls V-Mann war und in den neunziger Jahren die rechtsextreme Organisation Th\u00fcringer Heimatschutz aufbaute, ganz in der N\u00e4he von D.s Einflussgebiet. Zu den Treffen des Heimatschutzes kamen w\u00f6chentlich bis zu 70 Kameraden, darunter Beate Zsch\u00e4pe, Uwe Mundlos und Uwe B\u00f6hnhardt \u2013 es war die Zeit, in der sich das Trio radikalisierte. Die drei legten Bombenattrappen in Jena ab, verschickten Drohbriefe und bauten in einer Garage eine Sprengstoffwerkstatt auf.<\/p>\n<p>Nachdem sie 1998 untergetaucht waren, ermordeten sie mutma\u00dflich zehn Menschen. Nahm Brandt an dieser Entwicklung Einfluss, indem er das Trio aufpeitschte? Und welchen Anteil hatte daran der Verfassungsschutz, der Brandt gleichzeitig f\u00fcrs Spitzeln bezahlte?<\/p>\n<p><strong>In illegale Hausbesetzung reingedr\u00fcckt?<\/strong><\/p>\n<p>D. liefert dazu mehrere deutliche Hinweise. Er habe Zsch\u00e4pe, Mundlos und B\u00f6hnhardt zwar nicht gekannt, aber die Entwicklung des Th\u00fcringer Heimatschutzes genau verfolgt. Kurz nach der Gr\u00fcndung, wohl um die Jahre 1992 oder 1993, nahm Brandt Kontakt mit D. auf und lud ihn ein. Der fuhr zeitweise w\u00f6chentlich hin\u00fcber ins benachbarte Bundesland \u2013 wohl auch, weil sich der bayerische Geheimdienst f\u00fcr Aktivit\u00e4ten dort interessierte. &#8222;Mir ist aufgefallen, dass da eine ziemliche Radikalit\u00e4t vorhanden war&#8220;, erz\u00e4hlt er.<\/p>\n<p>Wie das ausgesehen habe, will G\u00f6tzl wissen. D. erz\u00e4hlt, wie Brandt seine Leute einmal angestachelt habe, bei einem Treffen im Sommer einen Streifenwagen mit Bierflaschen zu bewerfen. Ein andermal habe er als Agent Provocateur in einer alten Fabrikhalle versucht, &#8222;seine Gefolgschaft in eine illegale Hausbesetzung reinzudr\u00fccken&#8220;, mit der Folge, dass alle Beteiligten und Umstehenden festgenommen wurden. Er selbst, sagt D., habe solche Aktionen abgelehnt, weil er sie unsinnig gefunden habe.<\/p>\n<p><strong>Radikalit\u00e4t der Rechtsextremisten<\/strong><\/p>\n<p>Und schlie\u00dflich war da noch die Sache mit den Schie\u00df\u00fcbungen: Nach einem der Treffen habe ein Kamerad vorgeschlagen, &#8222;noch schie\u00dfen zu gehen&#8220;, Brandt habe das begr\u00fc\u00dft. \u00dcberhaupt sei in der Szene immer \u00fcber Waffen gesprochen worden. Innerhalb des Th\u00fcringer Heimatschutzes habe sich so ein &#8222;militanter Arm&#8220; gebildet.<\/p>\n<p>Geh\u00f6rte dazu auch das sp\u00e4tere NSU-Trio? Zwar ist bekannt, in welchen Cliquen sich die drei bewegten und dass sie sich selbst als elit\u00e4re Truppe betrachteten. Unklar ist allerdings, wer oder was ihren Hass auf Einwanderer und den Staat so weit steigerte, dass sie schlie\u00dflich zum Mord bereit waren.<\/p>\n<p>Brandt selbst hatte D.s Vorw\u00fcrfe, der Heimatschutz habe Schie\u00df\u00fcbungen veranstaltet, in seiner eigenen Vernehmung als Unsinn bezeichnet. Vielmehr sei es D. gewesen, der versucht habe, &#8222;Radikalit\u00e4t reinzubringen&#8220;.<\/p>\n<p><strong>&#8222;THS-Krake&#8220;<\/strong><\/p>\n<p>Tats\u00e4chlich blitzen in den Aussagen beider M\u00e4nner die Spuren eines heftigen Revierkampfes innerhalb der rechten Szene auf. Brandt und D. waren in ihren angestammten Regionen die Gebietsf\u00fcrsten. Doch 1996 zog Brandt nach Coburg \u2013 und habe damit &#8222;versucht, seine Finger nach Bayern auszustrecken&#8220;, indem er eine weitere Organisation aufbauen wollte. D. betrachtet das bis heute als Wilderei in seinem Bereich. &#8222;Diese THS-Krake&#8220; habe schlie\u00dflich fr\u00e4nkische Kameraden radikalisieren wollen, und zwar &#8222;unter den M\u00f6glichkeiten eines begleitenden Nachrichtendienstes&#8220;.<\/p>\n<p>Dass der Verfassungsschutz Brandts Mobilmachung f\u00f6rderte, daf\u00fcr gibt es keine Beweise. Und auch, dass der Th\u00fcringer Geheimdienst die heimischen Neonazis gezielt zu Gewaltt\u00e4tern machen wollte, um Gr\u00fcnde f\u00fcr Festnahmen zu schaffen, ist nicht erwiesen. Doch es bleibt der schale Beigeschmack, dass sich mit dem Machtkampf zweier Spitzen-Rechter zwei Verfassungsschutz\u00e4mter direkt gegen\u00fcber standen.<\/p>\n","protected":false},"excerpt":{"rendered":"<p>Stachelte V-Mann Tino Brandt das sp\u00e4tere NSU-Trio zum m\u00f6rderischen Hass an? Das behauptet ein bayerischer Neonazi \u2013 und vermutet den Verfassungsschutz dahinter. Zw\u00f6lf Jahre lang spitzelte der Rechtsextremist Kai D. f\u00fcr den bayerischen Verfassungsschutz. Gleichzeitig trommelte er w\u00e4hrend der neunziger Jahre in seiner Heimat Franken die Kameraden zusammen, es gab Demonstrationen und Kundgebungen. Im Norden [&hellip;]<\/p>\n","protected":false},"author":435,"featured_media":0,"comment_status":"open","ping_status":"open","sticky":false,"template":"","format":"standard","meta":{"_jetpack_memberships_contains_paid_content":false,"footnotes":""},"categories":[27532],"tags":[59,12752,12740,12741,1836],"class_list":["post-7989","post","type-post","status-publish","format-standard","hentry","category-prozesstage","tag-bayern","tag-nsu","tag-thuringer-heimatschutz","tag-tino-brandt","tag-verfassungsschutz"],"yoast_head":"<!-- This site is optimized with the Yoast SEO plugin v21.0 - https:\/\/yoast.com\/wordpress\/plugins\/seo\/ -->\n<title>Der NSU und seine radikalen Freunde - Das NSU-Prozess-Blog<\/title>\n<meta name=\"robots\" content=\"index, follow, max-snippet:-1, max-image-preview:large, max-video-preview:-1\" \/>\n<link rel=\"canonical\" href=\"https:\/\/blog.zeit.de\/nsu-prozess-blog\/2014\/11\/12\/nsu-prozess-kai-d-verfassungsschutz-tino-brandt\/\" \/>\n<meta property=\"og:locale\" content=\"de_DE\" \/>\n<meta property=\"og:type\" content=\"article\" \/>\n<meta property=\"og:title\" content=\"Der NSU und seine radikalen Freunde - Das NSU-Prozess-Blog\" \/>\n<meta property=\"og:description\" content=\"Stachelte V-Mann Tino Brandt das sp\u00e4tere NSU-Trio zum m\u00f6rderischen Hass an? Das behauptet ein bayerischer Neonazi \u2013 und vermutet den Verfassungsschutz dahinter. Zw\u00f6lf Jahre lang spitzelte der Rechtsextremist Kai D. f\u00fcr den bayerischen Verfassungsschutz. Gleichzeitig trommelte er w\u00e4hrend der neunziger Jahre in seiner Heimat Franken die Kameraden zusammen, es gab Demonstrationen und Kundgebungen. Im Norden [&hellip;]\" \/>\n<meta property=\"og:url\" content=\"https:\/\/blog.zeit.de\/nsu-prozess-blog\/2014\/11\/12\/nsu-prozess-kai-d-verfassungsschutz-tino-brandt\/\" \/>\n<meta property=\"og:site_name\" content=\"Das NSU-Prozess-Blog\" \/>\n<meta property=\"article:published_time\" content=\"2014-11-12T18:15:22+00:00\" \/>\n<meta property=\"article:modified_time\" content=\"2014-11-12T18:29:49+00:00\" \/>\n<meta name=\"author\" content=\"Tom Sundermann\" \/>\n<meta name=\"twitter:label1\" content=\"Geschrieben von\" \/>\n\t<meta name=\"twitter:data1\" content=\"Tom Sundermann\" \/>\n\t<meta name=\"twitter:label2\" content=\"Gesch\u00e4tzte Lesezeit\" \/>\n\t<meta name=\"twitter:data2\" content=\"4\u00a0Minuten\" \/>\n<script type=\"application\/ld+json\" class=\"yoast-schema-graph\">{\"@context\":\"https:\/\/schema.org\",\"@graph\":[{\"@type\":\"WebPage\",\"@id\":\"https:\/\/blog.zeit.de\/nsu-prozess-blog\/2014\/11\/12\/nsu-prozess-kai-d-verfassungsschutz-tino-brandt\/\",\"url\":\"https:\/\/blog.zeit.de\/nsu-prozess-blog\/2014\/11\/12\/nsu-prozess-kai-d-verfassungsschutz-tino-brandt\/\",\"name\":\"Der NSU und seine radikalen Freunde - Das NSU-Prozess-Blog\",\"isPartOf\":{\"@id\":\"https:\/\/blog.zeit.de\/nsu-prozess-blog\/#website\"},\"datePublished\":\"2014-11-12T18:15:22+00:00\",\"dateModified\":\"2014-11-12T18:29:49+00:00\",\"author\":{\"@id\":\"https:\/\/blog.zeit.de\/nsu-prozess-blog\/#\/schema\/person\/553ea9bb5d1fc2ae054c589bd59380a5\"},\"breadcrumb\":{\"@id\":\"https:\/\/blog.zeit.de\/nsu-prozess-blog\/2014\/11\/12\/nsu-prozess-kai-d-verfassungsschutz-tino-brandt\/#breadcrumb\"},\"inLanguage\":\"de\",\"potentialAction\":[{\"@type\":\"ReadAction\",\"target\":[\"https:\/\/blog.zeit.de\/nsu-prozess-blog\/2014\/11\/12\/nsu-prozess-kai-d-verfassungsschutz-tino-brandt\/\"]}]},{\"@type\":\"BreadcrumbList\",\"@id\":\"https:\/\/blog.zeit.de\/nsu-prozess-blog\/2014\/11\/12\/nsu-prozess-kai-d-verfassungsschutz-tino-brandt\/#breadcrumb\",\"itemListElement\":[{\"@type\":\"ListItem\",\"position\":1,\"name\":\"Startseite\",\"item\":\"https:\/\/blog.zeit.de\/nsu-prozess-blog\/\"},{\"@type\":\"ListItem\",\"position\":2,\"name\":\"Der NSU und seine radikalen Freunde\"}]},{\"@type\":\"WebSite\",\"@id\":\"https:\/\/blog.zeit.de\/nsu-prozess-blog\/#website\",\"url\":\"https:\/\/blog.zeit.de\/nsu-prozess-blog\/\",\"name\":\"Das NSU-Prozess-Blog\",\"description\":\"Alle Berichte zum Terrorverfahren in M\u00fcnchen\",\"potentialAction\":[{\"@type\":\"SearchAction\",\"target\":{\"@type\":\"EntryPoint\",\"urlTemplate\":\"https:\/\/blog.zeit.de\/nsu-prozess-blog\/?s={search_term_string}\"},\"query-input\":\"required name=search_term_string\"}],\"inLanguage\":\"de\"},{\"@type\":\"Person\",\"@id\":\"https:\/\/blog.zeit.de\/nsu-prozess-blog\/#\/schema\/person\/553ea9bb5d1fc2ae054c589bd59380a5\",\"name\":\"Tom Sundermann\",\"image\":{\"@type\":\"ImageObject\",\"inLanguage\":\"de\",\"@id\":\"https:\/\/blog.zeit.de\/nsu-prozess-blog\/#\/schema\/person\/image\/\",\"url\":\"https:\/\/secure.gravatar.com\/avatar\/e108a3dc18766f719b2f797dc5d19093f06a1870c55b553ab6b7563f1f9a5e68?s=96&d=mm&r=g\",\"contentUrl\":\"https:\/\/secure.gravatar.com\/avatar\/e108a3dc18766f719b2f797dc5d19093f06a1870c55b553ab6b7563f1f9a5e68?s=96&d=mm&r=g\",\"caption\":\"Tom Sundermann\"},\"sameAs\":[\"https:\/\/twitter.com\/messeticker\"],\"url\":\"https:\/\/blog.zeit.de\/nsu-prozess-blog\/author\/tsundermann\/\"}]}<\/script>\n<!-- \/ Yoast SEO plugin. -->","yoast_head_json":{"title":"Der NSU und seine radikalen Freunde - Das NSU-Prozess-Blog","robots":{"index":"index","follow":"follow","max-snippet":"max-snippet:-1","max-image-preview":"max-image-preview:large","max-video-preview":"max-video-preview:-1"},"canonical":"https:\/\/blog.zeit.de\/nsu-prozess-blog\/2014\/11\/12\/nsu-prozess-kai-d-verfassungsschutz-tino-brandt\/","og_locale":"de_DE","og_type":"article","og_title":"Der NSU und seine radikalen Freunde - Das NSU-Prozess-Blog","og_description":"Stachelte V-Mann Tino Brandt das sp\u00e4tere NSU-Trio zum m\u00f6rderischen Hass an? Das behauptet ein bayerischer Neonazi \u2013 und vermutet den Verfassungsschutz dahinter. Zw\u00f6lf Jahre lang spitzelte der Rechtsextremist Kai D. f\u00fcr den bayerischen Verfassungsschutz. Gleichzeitig trommelte er w\u00e4hrend der neunziger Jahre in seiner Heimat Franken die Kameraden zusammen, es gab Demonstrationen und Kundgebungen. Im Norden [&hellip;]","og_url":"https:\/\/blog.zeit.de\/nsu-prozess-blog\/2014\/11\/12\/nsu-prozess-kai-d-verfassungsschutz-tino-brandt\/","og_site_name":"Das NSU-Prozess-Blog","article_published_time":"2014-11-12T18:15:22+00:00","article_modified_time":"2014-11-12T18:29:49+00:00","author":"Tom Sundermann","twitter_misc":{"Geschrieben von":"Tom Sundermann","Gesch\u00e4tzte Lesezeit":"4\u00a0Minuten"},"schema":{"@context":"https:\/\/schema.org","@graph":[{"@type":"WebPage","@id":"https:\/\/blog.zeit.de\/nsu-prozess-blog\/2014\/11\/12\/nsu-prozess-kai-d-verfassungsschutz-tino-brandt\/","url":"https:\/\/blog.zeit.de\/nsu-prozess-blog\/2014\/11\/12\/nsu-prozess-kai-d-verfassungsschutz-tino-brandt\/","name":"Der NSU und seine radikalen Freunde - Das NSU-Prozess-Blog","isPartOf":{"@id":"https:\/\/blog.zeit.de\/nsu-prozess-blog\/#website"},"datePublished":"2014-11-12T18:15:22+00:00","dateModified":"2014-11-12T18:29:49+00:00","author":{"@id":"https:\/\/blog.zeit.de\/nsu-prozess-blog\/#\/schema\/person\/553ea9bb5d1fc2ae054c589bd59380a5"},"breadcrumb":{"@id":"https:\/\/blog.zeit.de\/nsu-prozess-blog\/2014\/11\/12\/nsu-prozess-kai-d-verfassungsschutz-tino-brandt\/#breadcrumb"},"inLanguage":"de","potentialAction":[{"@type":"ReadAction","target":["https:\/\/blog.zeit.de\/nsu-prozess-blog\/2014\/11\/12\/nsu-prozess-kai-d-verfassungsschutz-tino-brandt\/"]}]},{"@type":"BreadcrumbList","@id":"https:\/\/blog.zeit.de\/nsu-prozess-blog\/2014\/11\/12\/nsu-prozess-kai-d-verfassungsschutz-tino-brandt\/#breadcrumb","itemListElement":[{"@type":"ListItem","position":1,"name":"Startseite","item":"https:\/\/blog.zeit.de\/nsu-prozess-blog\/"},{"@type":"ListItem","position":2,"name":"Der NSU und seine radikalen Freunde"}]},{"@type":"WebSite","@id":"https:\/\/blog.zeit.de\/nsu-prozess-blog\/#website","url":"https:\/\/blog.zeit.de\/nsu-prozess-blog\/","name":"Das NSU-Prozess-Blog","description":"Alle Berichte zum Terrorverfahren in M\u00fcnchen","potentialAction":[{"@type":"SearchAction","target":{"@type":"EntryPoint","urlTemplate":"https:\/\/blog.zeit.de\/nsu-prozess-blog\/?s={search_term_string}"},"query-input":"required name=search_term_string"}],"inLanguage":"de"},{"@type":"Person","@id":"https:\/\/blog.zeit.de\/nsu-prozess-blog\/#\/schema\/person\/553ea9bb5d1fc2ae054c589bd59380a5","name":"Tom Sundermann","image":{"@type":"ImageObject","inLanguage":"de","@id":"https:\/\/blog.zeit.de\/nsu-prozess-blog\/#\/schema\/person\/image\/","url":"https:\/\/secure.gravatar.com\/avatar\/e108a3dc18766f719b2f797dc5d19093f06a1870c55b553ab6b7563f1f9a5e68?s=96&d=mm&r=g","contentUrl":"https:\/\/secure.gravatar.com\/avatar\/e108a3dc18766f719b2f797dc5d19093f06a1870c55b553ab6b7563f1f9a5e68?s=96&d=mm&r=g","caption":"Tom Sundermann"},"sameAs":["https:\/\/twitter.com\/messeticker"],"url":"https:\/\/blog.zeit.de\/nsu-prozess-blog\/author\/tsundermann\/"}]}},"jetpack_featured_media_url":"","jetpack_sharing_enabled":true,"_links":{"self":[{"href":"https:\/\/blog.zeit.de\/nsu-prozess-blog\/wp-json\/wp\/v2\/posts\/7989","targetHints":{"allow":["GET"]}}],"collection":[{"href":"https:\/\/blog.zeit.de\/nsu-prozess-blog\/wp-json\/wp\/v2\/posts"}],"about":[{"href":"https:\/\/blog.zeit.de\/nsu-prozess-blog\/wp-json\/wp\/v2\/types\/post"}],"author":[{"embeddable":true,"href":"https:\/\/blog.zeit.de\/nsu-prozess-blog\/wp-json\/wp\/v2\/users\/435"}],"replies":[{"embeddable":true,"href":"https:\/\/blog.zeit.de\/nsu-prozess-blog\/wp-json\/wp\/v2\/comments?post=7989"}],"version-history":[{"count":5,"href":"https:\/\/blog.zeit.de\/nsu-prozess-blog\/wp-json\/wp\/v2\/posts\/7989\/revisions"}],"predecessor-version":[{"id":7994,"href":"https:\/\/blog.zeit.de\/nsu-prozess-blog\/wp-json\/wp\/v2\/posts\/7989\/revisions\/7994"}],"wp:attachment":[{"href":"https:\/\/blog.zeit.de\/nsu-prozess-blog\/wp-json\/wp\/v2\/media?parent=7989"}],"wp:term":[{"taxonomy":"category","embeddable":true,"href":"https:\/\/blog.zeit.de\/nsu-prozess-blog\/wp-json\/wp\/v2\/categories?post=7989"},{"taxonomy":"post_tag","embeddable":true,"href":"https:\/\/blog.zeit.de\/nsu-prozess-blog\/wp-json\/wp\/v2\/tags?post=7989"}],"curies":[{"name":"wp","href":"https:\/\/api.w.org\/{rel}","templated":true}]}}