{"id":7995,"date":"2014-11-13T07:52:20","date_gmt":"2014-11-13T06:52:20","guid":{"rendered":"http:\/\/blog.zeit.de\/nsu-prozess-blog\/?p=7995"},"modified":"2014-11-13T08:18:12","modified_gmt":"2014-11-13T07:18:12","slug":"medienlog-kai-d-tino-brandt-thueringen-radikalisierung","status":"publish","type":"post","link":"https:\/\/blog.zeit.de\/nsu-prozess-blog\/2014\/11\/13\/medienlog-kai-d-tino-brandt-thueringen-radikalisierung\/","title":{"rendered":"Zwei V-M\u00e4nner im Revierkampf \u2013 Das Medienlog vom Donnerstag, 13. November 2014"},"content":{"rendered":"<p>Am Mittwoch sagte der ehemalige bayerische V-Mann Kai D. aus, der in Franken eine einflussreiche Neonazi-Organisation aufgebaut hatte. Damals pflegte er Kontakt zu <a href=\"https:\/\/blog.zeit.de\/nsu-prozess-blog\/2014\/09\/24\/das-wechselspiel-des-tino-brandt\/\">Tino Brandt<\/a>, dem Gr\u00fcnder des <a href=\"https:\/\/blog.zeit.de\/nsu-prozess-blog\/2014\/02\/12\/tino-brandt\/\">Th\u00fcringer Heimatschutzes<\/a>, Wegbegleiter des NSU-Trios und ebenfalls Spitzel. Thema war die Radikalisierung der rechten Szene in Th\u00fcringen \u2013 f\u00fcr die D. seinen fr\u00fcheren Freund Brandt verantwortlich machte. &#8222;Beispiele blieb der Mann aus Oberfranken aber schuldig&#8220;, beobachtet Tim A\u00dfmann vom <a href=\"http:\/\/www.br.de\/nachrichten\/nsu-prozess\/nsu-prozess-158-verhandlungstag-141112-100.html\" target=\"_blank\"><em>Bayerischen Rundfunk<\/em><\/a>.<\/p>\n<p><!--more--><\/p>\n<p><em>An jedem Werktag sichten wir f\u00fcr das NSU-Prozess-Blog die Medien und stellen wichtige Berichte, Blogs, Videos und Tweets zusammen. Wir freuen uns \u00fcber Hinweise via Twitter mit dem Hashtag #nsublog \u2013 oder per E-Mail an <a href=\"mailto:nsublog@zeit.de\">nsublog@zeit.de<\/a>.<\/em><\/p>\n<p>D. nannte unter anderem, dass Brandt seine Kameraden angestachelt habe, einen Streifenwagen mit Bierflaschen zu bewerfen und dass einmal jemand aus der Truppe von Schie\u00df\u00fcbungen gesprochen hatte. Ansonsten \u00e4u\u00dferte er sich \u00fcberaus wortreich: &#8222;Dem Vorsitzenden Richter Manfred G\u00f6tzl schienen das selbstgerechte Gerede und das ausweichende Antwortverhalten des Zeugen zunehmend auf die Nerven zu gehen&#8220;, schreibt A\u00dfmann.<\/p>\n<p>Fraglich ist, wie viel an den Vorw\u00fcrfen gegen Brandt wahr ist: &#8222;Tats\u00e4chlich blitzen in den Aussagen beider M\u00e4nner die Spuren eines heftigen Revierkampfes innerhalb der rechten Szene auf&#8220;, analysieren wir auf <a href=\"https:\/\/blog.zeit.de\/nsu-prozess-blog\/2014\/11\/12\/nsu-prozess-kai-d-verfassungsschutz-tino-brandt\/\" target=\"_blank\">ZEIT ONLINE<\/a>. Denn Brandt schickte sich Mitte der neunziger Jahre an, in Franken eine weitere rechtsextreme Organisation aufzubauen \u2013 und damit im Einflussgebiet von D. Der Zeuge vermutete den Verfassungsschutz hinter der Initiative. Daf\u00fcr gibt es jedoch keine Belege.<\/p>\n<p>Dass der Verfassungsschutz Einfluss auf die Szene hatte, ist indes unbestritten: Wie Brandt war D. ein V-Mann, den der Geheimdienst &#8222;an Knotenpunkte der militanten rechten Szene geschleust hatte&#8220;, schreibt Andreas F\u00f6rster in der <a href=\"http:\/\/www.berliner-zeitung.de\/politik\/nsu-prozess-rechter-spitzel-widerspricht-rechtem-spitzel,10808018,29028298.html\" target=\"_blank\"><em>Berliner Zeitung<\/em><\/a>. So habe er versucht, die Bewegung &#8222;zu steuern und zu kontrollieren&#8220; \u2013 jedoch ohne Erfolg.<\/p>\n<p>Vor D. sagte ein Beamter des Bundeskriminalamts aus. Er hatte sich mit dem Fall des mutma\u00dflichen NSU-Unterst\u00fctzers <a href=\"https:\/\/blog.zeit.de\/nsu-prozess-blog\/2014\/10\/15\/der-zeuge-mit-dem-bums\/\">Jan W.<\/a> besch\u00e4ftigt, der den Auftrag gehabt haben soll, dem NSU-Trio eine Waffe zu beschaffen. Dabei hatte sich der Beamte jedoch darauf beschr\u00e4nkt, Ermittlungen von Kollegen zusammenzufassen und trug sein Wissen auswendig vor. Die Befragung wurde &#8222;zu einem Fest f\u00fcr die Verteidigung&#8220;, kommentiert Gisela Friedrichsen auf <a href=\"http:\/\/www.spiegel.de\/panorama\/justiz\/nsu-prozess-verteidiger-kritisieren-aussage-von-bka-beamtem-a-1002598.html\" target=\"_blank\"><em>Spiegel Online<\/em><\/a>. Schlie\u00dflich musste der Zeuge zugeben, dass er eigene Schlussfolgerungen in seine Aussage hatte einflie\u00dfen lassen.<\/p>\n<p><em>Das n\u00e4chste Medienlog erscheint am Freitag, 14. November 2014.<\/em><\/p>\n","protected":false},"excerpt":{"rendered":"<p>Am Mittwoch sagte der ehemalige bayerische V-Mann Kai D. aus, der in Franken eine einflussreiche Neonazi-Organisation aufgebaut hatte. Damals pflegte er Kontakt zu Tino Brandt, dem Gr\u00fcnder des Th\u00fcringer Heimatschutzes, Wegbegleiter des NSU-Trios und ebenfalls Spitzel. Thema war die Radikalisierung der rechten Szene in Th\u00fcringen \u2013 f\u00fcr die D. seinen fr\u00fcheren Freund Brandt verantwortlich machte. [&hellip;]<\/p>\n","protected":false},"author":435,"featured_media":0,"comment_status":"open","ping_status":"open","sticky":false,"template":"","format":"standard","meta":{"_jetpack_memberships_contains_paid_content":false,"footnotes":""},"categories":[27531],"tags":[59,29540,12740,12741,17899,1836],"class_list":["post-7995","post","type-post","status-publish","format-standard","hentry","category-medienschau","tag-bayern","tag-thueringen","tag-thuringer-heimatschutz","tag-tino-brandt","tag-v-mann","tag-verfassungsschutz"],"yoast_head":"<!-- This site is optimized with the Yoast SEO plugin v21.0 - https:\/\/yoast.com\/wordpress\/plugins\/seo\/ -->\n<title>Zwei V-M\u00e4nner im Revierkampf \u2013 Das Medienlog vom Donnerstag, 13. November 2014 - Das NSU-Prozess-Blog<\/title>\n<meta name=\"robots\" content=\"index, follow, max-snippet:-1, max-image-preview:large, max-video-preview:-1\" \/>\n<link rel=\"canonical\" href=\"https:\/\/blog.zeit.de\/nsu-prozess-blog\/2014\/11\/13\/medienlog-kai-d-tino-brandt-thueringen-radikalisierung\/\" \/>\n<meta property=\"og:locale\" content=\"de_DE\" \/>\n<meta property=\"og:type\" content=\"article\" \/>\n<meta property=\"og:title\" content=\"Zwei V-M\u00e4nner im Revierkampf \u2013 Das Medienlog vom Donnerstag, 13. November 2014 - Das NSU-Prozess-Blog\" \/>\n<meta property=\"og:description\" content=\"Am Mittwoch sagte der ehemalige bayerische V-Mann Kai D. aus, der in Franken eine einflussreiche Neonazi-Organisation aufgebaut hatte. Damals pflegte er Kontakt zu Tino Brandt, dem Gr\u00fcnder des Th\u00fcringer Heimatschutzes, Wegbegleiter des NSU-Trios und ebenfalls Spitzel. Thema war die Radikalisierung der rechten Szene in Th\u00fcringen \u2013 f\u00fcr die D. seinen fr\u00fcheren Freund Brandt verantwortlich machte. [&hellip;]\" \/>\n<meta property=\"og:url\" content=\"https:\/\/blog.zeit.de\/nsu-prozess-blog\/2014\/11\/13\/medienlog-kai-d-tino-brandt-thueringen-radikalisierung\/\" \/>\n<meta property=\"og:site_name\" content=\"Das NSU-Prozess-Blog\" \/>\n<meta property=\"article:published_time\" content=\"2014-11-13T06:52:20+00:00\" \/>\n<meta property=\"article:modified_time\" content=\"2014-11-13T07:18:12+00:00\" \/>\n<meta name=\"author\" content=\"Tom Sundermann\" \/>\n<meta name=\"twitter:label1\" content=\"Geschrieben von\" \/>\n\t<meta name=\"twitter:data1\" content=\"Tom Sundermann\" \/>\n\t<meta name=\"twitter:label2\" content=\"Gesch\u00e4tzte Lesezeit\" \/>\n\t<meta name=\"twitter:data2\" content=\"2\u00a0Minuten\" \/>\n<script type=\"application\/ld+json\" class=\"yoast-schema-graph\">{\"@context\":\"https:\/\/schema.org\",\"@graph\":[{\"@type\":\"WebPage\",\"@id\":\"https:\/\/blog.zeit.de\/nsu-prozess-blog\/2014\/11\/13\/medienlog-kai-d-tino-brandt-thueringen-radikalisierung\/\",\"url\":\"https:\/\/blog.zeit.de\/nsu-prozess-blog\/2014\/11\/13\/medienlog-kai-d-tino-brandt-thueringen-radikalisierung\/\",\"name\":\"Zwei V-M\u00e4nner im Revierkampf \u2013 Das Medienlog vom Donnerstag, 13. November 2014 - Das NSU-Prozess-Blog\",\"isPartOf\":{\"@id\":\"https:\/\/blog.zeit.de\/nsu-prozess-blog\/#website\"},\"datePublished\":\"2014-11-13T06:52:20+00:00\",\"dateModified\":\"2014-11-13T07:18:12+00:00\",\"author\":{\"@id\":\"https:\/\/blog.zeit.de\/nsu-prozess-blog\/#\/schema\/person\/553ea9bb5d1fc2ae054c589bd59380a5\"},\"breadcrumb\":{\"@id\":\"https:\/\/blog.zeit.de\/nsu-prozess-blog\/2014\/11\/13\/medienlog-kai-d-tino-brandt-thueringen-radikalisierung\/#breadcrumb\"},\"inLanguage\":\"de\",\"potentialAction\":[{\"@type\":\"ReadAction\",\"target\":[\"https:\/\/blog.zeit.de\/nsu-prozess-blog\/2014\/11\/13\/medienlog-kai-d-tino-brandt-thueringen-radikalisierung\/\"]}]},{\"@type\":\"BreadcrumbList\",\"@id\":\"https:\/\/blog.zeit.de\/nsu-prozess-blog\/2014\/11\/13\/medienlog-kai-d-tino-brandt-thueringen-radikalisierung\/#breadcrumb\",\"itemListElement\":[{\"@type\":\"ListItem\",\"position\":1,\"name\":\"Startseite\",\"item\":\"https:\/\/blog.zeit.de\/nsu-prozess-blog\/\"},{\"@type\":\"ListItem\",\"position\":2,\"name\":\"Zwei V-M\u00e4nner im Revierkampf \u2013 Das Medienlog vom Donnerstag, 13. November 2014\"}]},{\"@type\":\"WebSite\",\"@id\":\"https:\/\/blog.zeit.de\/nsu-prozess-blog\/#website\",\"url\":\"https:\/\/blog.zeit.de\/nsu-prozess-blog\/\",\"name\":\"Das NSU-Prozess-Blog\",\"description\":\"Alle Berichte zum Terrorverfahren in M\u00fcnchen\",\"potentialAction\":[{\"@type\":\"SearchAction\",\"target\":{\"@type\":\"EntryPoint\",\"urlTemplate\":\"https:\/\/blog.zeit.de\/nsu-prozess-blog\/?s={search_term_string}\"},\"query-input\":\"required name=search_term_string\"}],\"inLanguage\":\"de\"},{\"@type\":\"Person\",\"@id\":\"https:\/\/blog.zeit.de\/nsu-prozess-blog\/#\/schema\/person\/553ea9bb5d1fc2ae054c589bd59380a5\",\"name\":\"Tom Sundermann\",\"image\":{\"@type\":\"ImageObject\",\"inLanguage\":\"de\",\"@id\":\"https:\/\/blog.zeit.de\/nsu-prozess-blog\/#\/schema\/person\/image\/\",\"url\":\"https:\/\/secure.gravatar.com\/avatar\/e108a3dc18766f719b2f797dc5d19093f06a1870c55b553ab6b7563f1f9a5e68?s=96&d=mm&r=g\",\"contentUrl\":\"https:\/\/secure.gravatar.com\/avatar\/e108a3dc18766f719b2f797dc5d19093f06a1870c55b553ab6b7563f1f9a5e68?s=96&d=mm&r=g\",\"caption\":\"Tom Sundermann\"},\"sameAs\":[\"https:\/\/twitter.com\/messeticker\"],\"url\":\"https:\/\/blog.zeit.de\/nsu-prozess-blog\/author\/tsundermann\/\"}]}<\/script>\n<!-- \/ Yoast SEO plugin. -->","yoast_head_json":{"title":"Zwei V-M\u00e4nner im Revierkampf \u2013 Das Medienlog vom Donnerstag, 13. November 2014 - Das NSU-Prozess-Blog","robots":{"index":"index","follow":"follow","max-snippet":"max-snippet:-1","max-image-preview":"max-image-preview:large","max-video-preview":"max-video-preview:-1"},"canonical":"https:\/\/blog.zeit.de\/nsu-prozess-blog\/2014\/11\/13\/medienlog-kai-d-tino-brandt-thueringen-radikalisierung\/","og_locale":"de_DE","og_type":"article","og_title":"Zwei V-M\u00e4nner im Revierkampf \u2013 Das Medienlog vom Donnerstag, 13. November 2014 - Das NSU-Prozess-Blog","og_description":"Am Mittwoch sagte der ehemalige bayerische V-Mann Kai D. aus, der in Franken eine einflussreiche Neonazi-Organisation aufgebaut hatte. Damals pflegte er Kontakt zu Tino Brandt, dem Gr\u00fcnder des Th\u00fcringer Heimatschutzes, Wegbegleiter des NSU-Trios und ebenfalls Spitzel. Thema war die Radikalisierung der rechten Szene in Th\u00fcringen \u2013 f\u00fcr die D. seinen fr\u00fcheren Freund Brandt verantwortlich machte. [&hellip;]","og_url":"https:\/\/blog.zeit.de\/nsu-prozess-blog\/2014\/11\/13\/medienlog-kai-d-tino-brandt-thueringen-radikalisierung\/","og_site_name":"Das NSU-Prozess-Blog","article_published_time":"2014-11-13T06:52:20+00:00","article_modified_time":"2014-11-13T07:18:12+00:00","author":"Tom Sundermann","twitter_misc":{"Geschrieben von":"Tom Sundermann","Gesch\u00e4tzte Lesezeit":"2\u00a0Minuten"},"schema":{"@context":"https:\/\/schema.org","@graph":[{"@type":"WebPage","@id":"https:\/\/blog.zeit.de\/nsu-prozess-blog\/2014\/11\/13\/medienlog-kai-d-tino-brandt-thueringen-radikalisierung\/","url":"https:\/\/blog.zeit.de\/nsu-prozess-blog\/2014\/11\/13\/medienlog-kai-d-tino-brandt-thueringen-radikalisierung\/","name":"Zwei V-M\u00e4nner im Revierkampf \u2013 Das Medienlog vom Donnerstag, 13. November 2014 - Das NSU-Prozess-Blog","isPartOf":{"@id":"https:\/\/blog.zeit.de\/nsu-prozess-blog\/#website"},"datePublished":"2014-11-13T06:52:20+00:00","dateModified":"2014-11-13T07:18:12+00:00","author":{"@id":"https:\/\/blog.zeit.de\/nsu-prozess-blog\/#\/schema\/person\/553ea9bb5d1fc2ae054c589bd59380a5"},"breadcrumb":{"@id":"https:\/\/blog.zeit.de\/nsu-prozess-blog\/2014\/11\/13\/medienlog-kai-d-tino-brandt-thueringen-radikalisierung\/#breadcrumb"},"inLanguage":"de","potentialAction":[{"@type":"ReadAction","target":["https:\/\/blog.zeit.de\/nsu-prozess-blog\/2014\/11\/13\/medienlog-kai-d-tino-brandt-thueringen-radikalisierung\/"]}]},{"@type":"BreadcrumbList","@id":"https:\/\/blog.zeit.de\/nsu-prozess-blog\/2014\/11\/13\/medienlog-kai-d-tino-brandt-thueringen-radikalisierung\/#breadcrumb","itemListElement":[{"@type":"ListItem","position":1,"name":"Startseite","item":"https:\/\/blog.zeit.de\/nsu-prozess-blog\/"},{"@type":"ListItem","position":2,"name":"Zwei V-M\u00e4nner im Revierkampf \u2013 Das Medienlog vom Donnerstag, 13. November 2014"}]},{"@type":"WebSite","@id":"https:\/\/blog.zeit.de\/nsu-prozess-blog\/#website","url":"https:\/\/blog.zeit.de\/nsu-prozess-blog\/","name":"Das NSU-Prozess-Blog","description":"Alle Berichte zum Terrorverfahren in M\u00fcnchen","potentialAction":[{"@type":"SearchAction","target":{"@type":"EntryPoint","urlTemplate":"https:\/\/blog.zeit.de\/nsu-prozess-blog\/?s={search_term_string}"},"query-input":"required name=search_term_string"}],"inLanguage":"de"},{"@type":"Person","@id":"https:\/\/blog.zeit.de\/nsu-prozess-blog\/#\/schema\/person\/553ea9bb5d1fc2ae054c589bd59380a5","name":"Tom Sundermann","image":{"@type":"ImageObject","inLanguage":"de","@id":"https:\/\/blog.zeit.de\/nsu-prozess-blog\/#\/schema\/person\/image\/","url":"https:\/\/secure.gravatar.com\/avatar\/e108a3dc18766f719b2f797dc5d19093f06a1870c55b553ab6b7563f1f9a5e68?s=96&d=mm&r=g","contentUrl":"https:\/\/secure.gravatar.com\/avatar\/e108a3dc18766f719b2f797dc5d19093f06a1870c55b553ab6b7563f1f9a5e68?s=96&d=mm&r=g","caption":"Tom Sundermann"},"sameAs":["https:\/\/twitter.com\/messeticker"],"url":"https:\/\/blog.zeit.de\/nsu-prozess-blog\/author\/tsundermann\/"}]}},"jetpack_featured_media_url":"","jetpack_sharing_enabled":true,"_links":{"self":[{"href":"https:\/\/blog.zeit.de\/nsu-prozess-blog\/wp-json\/wp\/v2\/posts\/7995","targetHints":{"allow":["GET"]}}],"collection":[{"href":"https:\/\/blog.zeit.de\/nsu-prozess-blog\/wp-json\/wp\/v2\/posts"}],"about":[{"href":"https:\/\/blog.zeit.de\/nsu-prozess-blog\/wp-json\/wp\/v2\/types\/post"}],"author":[{"embeddable":true,"href":"https:\/\/blog.zeit.de\/nsu-prozess-blog\/wp-json\/wp\/v2\/users\/435"}],"replies":[{"embeddable":true,"href":"https:\/\/blog.zeit.de\/nsu-prozess-blog\/wp-json\/wp\/v2\/comments?post=7995"}],"version-history":[{"count":7,"href":"https:\/\/blog.zeit.de\/nsu-prozess-blog\/wp-json\/wp\/v2\/posts\/7995\/revisions"}],"predecessor-version":[{"id":8002,"href":"https:\/\/blog.zeit.de\/nsu-prozess-blog\/wp-json\/wp\/v2\/posts\/7995\/revisions\/8002"}],"wp:attachment":[{"href":"https:\/\/blog.zeit.de\/nsu-prozess-blog\/wp-json\/wp\/v2\/media?parent=7995"}],"wp:term":[{"taxonomy":"category","embeddable":true,"href":"https:\/\/blog.zeit.de\/nsu-prozess-blog\/wp-json\/wp\/v2\/categories?post=7995"},{"taxonomy":"post_tag","embeddable":true,"href":"https:\/\/blog.zeit.de\/nsu-prozess-blog\/wp-json\/wp\/v2\/tags?post=7995"}],"curies":[{"name":"wp","href":"https:\/\/api.w.org\/{rel}","templated":true}]}}