{"id":8013,"date":"2014-11-19T07:00:09","date_gmt":"2014-11-19T06:00:09","guid":{"rendered":"http:\/\/blog.zeit.de\/nsu-prozess-blog\/?p=8013"},"modified":"2014-11-16T12:06:08","modified_gmt":"2014-11-16T11:06:08","slug":"161-prozesstag-neonazi-kai-d-erneut-im-zeugenstand","status":"publish","type":"post","link":"https:\/\/blog.zeit.de\/nsu-prozess-blog\/2014\/11\/19\/161-prozesstag-neonazi-kai-d-erneut-im-zeugenstand\/","title":{"rendered":"161. Prozesstag \u2013 Neonazi Kai D. erneut im Zeugenstand"},"content":{"rendered":"<p>Zum zweiten Mal sagt der bayerische Rechtsextremist Kai D. im NSU-Prozess aus. Der Zeuge war in den achtziger und neunziger Jahren V-Mann f\u00fcr den Verfassungsschutz in Bayern \u2013 doch er war auch in Th\u00fcringen aktiv: Dort pflegte er Kontakt zu dem Rechtsextremisten <a href=\"https:\/\/blog.zeit.de\/nsu-prozess-blog\/2014\/09\/24\/das-wechselspiel-des-tino-brandt\/\">Tino Brandt<\/a>, dem Gr\u00fcnder des <a href=\"https:\/\/blog.zeit.de\/nsu-prozess-blog\/2014\/02\/12\/tino-brandt\/\">Th\u00fcringer Heimatschutzes<\/a> und ebenfalls V-Mann. Bei seiner <a href=\"https:\/\/blog.zeit.de\/nsu-prozess-blog\/2014\/11\/12\/nsu-prozess-kai-d-verfassungsschutz-tino-brandt\/\">ersten Aussage<\/a> schilderte er, wie sich die beiden entzweiten, als Brandt versucht habe, in D.s Heimatregion Franken Fu\u00df zu fassen. Zudem stellte er Brandt als Anf\u00fchrer dar, der seine Kameraden radikalisieren wollte \u2013 unter denen sich auch das NSU-Trio befand.<\/p>\n<p><em>Informationen aus der Verhandlung gibt es <a href=\"https:\/\/twitter.com\/zeitonline\/lists\/nsu-prozess\">via Twitter hier<\/a>. Die Berichte dar\u00fcber fassen wir morgen im <a href=\"https:\/\/blog.zeit.de\/nsu-prozess-blog\/category\/medienschau\/\">NSU-Medienlog<\/a> zusammen.<\/em><\/p>\n","protected":false},"excerpt":{"rendered":"<p>Zum zweiten Mal sagt der bayerische Rechtsextremist Kai D. im NSU-Prozess aus. Der Zeuge war in den achtziger und neunziger Jahren V-Mann f\u00fcr den Verfassungsschutz in Bayern \u2013 doch er war auch in Th\u00fcringen aktiv: Dort pflegte er Kontakt zu dem Rechtsextremisten Tino Brandt, dem Gr\u00fcnder des Th\u00fcringer Heimatschutzes und ebenfalls V-Mann. Bei seiner ersten [&hellip;]<\/p>\n","protected":false},"author":435,"featured_media":0,"comment_status":"open","ping_status":"open","sticky":false,"template":"","format":"standard","meta":{"_jetpack_memberships_contains_paid_content":false,"footnotes":""},"categories":[27532],"tags":[59,12740,12741,17899],"class_list":["post-8013","post","type-post","status-publish","format-standard","hentry","category-prozesstage","tag-bayern","tag-thuringer-heimatschutz","tag-tino-brandt","tag-v-mann"],"yoast_head":"<!-- This site is optimized with the Yoast SEO plugin v21.0 - https:\/\/yoast.com\/wordpress\/plugins\/seo\/ -->\n<title>161. Prozesstag \u2013 Neonazi Kai D. erneut im Zeugenstand - Das NSU-Prozess-Blog<\/title>\n<meta name=\"robots\" content=\"index, follow, max-snippet:-1, max-image-preview:large, max-video-preview:-1\" \/>\n<link rel=\"canonical\" href=\"https:\/\/blog.zeit.de\/nsu-prozess-blog\/2014\/11\/19\/161-prozesstag-neonazi-kai-d-erneut-im-zeugenstand\/\" \/>\n<meta property=\"og:locale\" content=\"de_DE\" \/>\n<meta property=\"og:type\" content=\"article\" \/>\n<meta property=\"og:title\" content=\"161. Prozesstag \u2013 Neonazi Kai D. erneut im Zeugenstand - Das NSU-Prozess-Blog\" \/>\n<meta property=\"og:description\" content=\"Zum zweiten Mal sagt der bayerische Rechtsextremist Kai D. im NSU-Prozess aus. Der Zeuge war in den achtziger und neunziger Jahren V-Mann f\u00fcr den Verfassungsschutz in Bayern \u2013 doch er war auch in Th\u00fcringen aktiv: Dort pflegte er Kontakt zu dem Rechtsextremisten Tino Brandt, dem Gr\u00fcnder des Th\u00fcringer Heimatschutzes und ebenfalls V-Mann. Bei seiner ersten [&hellip;]\" \/>\n<meta property=\"og:url\" content=\"https:\/\/blog.zeit.de\/nsu-prozess-blog\/2014\/11\/19\/161-prozesstag-neonazi-kai-d-erneut-im-zeugenstand\/\" \/>\n<meta property=\"og:site_name\" content=\"Das NSU-Prozess-Blog\" \/>\n<meta property=\"article:published_time\" content=\"2014-11-19T06:00:09+00:00\" \/>\n<meta property=\"article:modified_time\" content=\"2014-11-16T11:06:08+00:00\" \/>\n<meta name=\"author\" content=\"Tom Sundermann\" \/>\n<meta name=\"twitter:label1\" content=\"Geschrieben von\" \/>\n\t<meta name=\"twitter:data1\" content=\"Tom Sundermann\" \/>\n\t<meta name=\"twitter:label2\" content=\"Gesch\u00e4tzte Lesezeit\" \/>\n\t<meta name=\"twitter:data2\" content=\"1\u00a0Minute\" \/>\n<script type=\"application\/ld+json\" class=\"yoast-schema-graph\">{\"@context\":\"https:\/\/schema.org\",\"@graph\":[{\"@type\":\"WebPage\",\"@id\":\"https:\/\/blog.zeit.de\/nsu-prozess-blog\/2014\/11\/19\/161-prozesstag-neonazi-kai-d-erneut-im-zeugenstand\/\",\"url\":\"https:\/\/blog.zeit.de\/nsu-prozess-blog\/2014\/11\/19\/161-prozesstag-neonazi-kai-d-erneut-im-zeugenstand\/\",\"name\":\"161. Prozesstag \u2013 Neonazi Kai D. erneut im Zeugenstand - Das NSU-Prozess-Blog\",\"isPartOf\":{\"@id\":\"https:\/\/blog.zeit.de\/nsu-prozess-blog\/#website\"},\"datePublished\":\"2014-11-19T06:00:09+00:00\",\"dateModified\":\"2014-11-16T11:06:08+00:00\",\"author\":{\"@id\":\"https:\/\/blog.zeit.de\/nsu-prozess-blog\/#\/schema\/person\/553ea9bb5d1fc2ae054c589bd59380a5\"},\"breadcrumb\":{\"@id\":\"https:\/\/blog.zeit.de\/nsu-prozess-blog\/2014\/11\/19\/161-prozesstag-neonazi-kai-d-erneut-im-zeugenstand\/#breadcrumb\"},\"inLanguage\":\"de\",\"potentialAction\":[{\"@type\":\"ReadAction\",\"target\":[\"https:\/\/blog.zeit.de\/nsu-prozess-blog\/2014\/11\/19\/161-prozesstag-neonazi-kai-d-erneut-im-zeugenstand\/\"]}]},{\"@type\":\"BreadcrumbList\",\"@id\":\"https:\/\/blog.zeit.de\/nsu-prozess-blog\/2014\/11\/19\/161-prozesstag-neonazi-kai-d-erneut-im-zeugenstand\/#breadcrumb\",\"itemListElement\":[{\"@type\":\"ListItem\",\"position\":1,\"name\":\"Startseite\",\"item\":\"https:\/\/blog.zeit.de\/nsu-prozess-blog\/\"},{\"@type\":\"ListItem\",\"position\":2,\"name\":\"161. Prozesstag \u2013 Neonazi Kai D. erneut im Zeugenstand\"}]},{\"@type\":\"WebSite\",\"@id\":\"https:\/\/blog.zeit.de\/nsu-prozess-blog\/#website\",\"url\":\"https:\/\/blog.zeit.de\/nsu-prozess-blog\/\",\"name\":\"Das NSU-Prozess-Blog\",\"description\":\"Alle Berichte zum Terrorverfahren in M\u00fcnchen\",\"potentialAction\":[{\"@type\":\"SearchAction\",\"target\":{\"@type\":\"EntryPoint\",\"urlTemplate\":\"https:\/\/blog.zeit.de\/nsu-prozess-blog\/?s={search_term_string}\"},\"query-input\":\"required name=search_term_string\"}],\"inLanguage\":\"de\"},{\"@type\":\"Person\",\"@id\":\"https:\/\/blog.zeit.de\/nsu-prozess-blog\/#\/schema\/person\/553ea9bb5d1fc2ae054c589bd59380a5\",\"name\":\"Tom Sundermann\",\"image\":{\"@type\":\"ImageObject\",\"inLanguage\":\"de\",\"@id\":\"https:\/\/blog.zeit.de\/nsu-prozess-blog\/#\/schema\/person\/image\/\",\"url\":\"https:\/\/secure.gravatar.com\/avatar\/e108a3dc18766f719b2f797dc5d19093f06a1870c55b553ab6b7563f1f9a5e68?s=96&d=mm&r=g\",\"contentUrl\":\"https:\/\/secure.gravatar.com\/avatar\/e108a3dc18766f719b2f797dc5d19093f06a1870c55b553ab6b7563f1f9a5e68?s=96&d=mm&r=g\",\"caption\":\"Tom Sundermann\"},\"sameAs\":[\"https:\/\/twitter.com\/messeticker\"],\"url\":\"https:\/\/blog.zeit.de\/nsu-prozess-blog\/author\/tsundermann\/\"}]}<\/script>\n<!-- \/ Yoast SEO plugin. -->","yoast_head_json":{"title":"161. Prozesstag \u2013 Neonazi Kai D. erneut im Zeugenstand - Das NSU-Prozess-Blog","robots":{"index":"index","follow":"follow","max-snippet":"max-snippet:-1","max-image-preview":"max-image-preview:large","max-video-preview":"max-video-preview:-1"},"canonical":"https:\/\/blog.zeit.de\/nsu-prozess-blog\/2014\/11\/19\/161-prozesstag-neonazi-kai-d-erneut-im-zeugenstand\/","og_locale":"de_DE","og_type":"article","og_title":"161. Prozesstag \u2013 Neonazi Kai D. erneut im Zeugenstand - Das NSU-Prozess-Blog","og_description":"Zum zweiten Mal sagt der bayerische Rechtsextremist Kai D. im NSU-Prozess aus. Der Zeuge war in den achtziger und neunziger Jahren V-Mann f\u00fcr den Verfassungsschutz in Bayern \u2013 doch er war auch in Th\u00fcringen aktiv: Dort pflegte er Kontakt zu dem Rechtsextremisten Tino Brandt, dem Gr\u00fcnder des Th\u00fcringer Heimatschutzes und ebenfalls V-Mann. Bei seiner ersten [&hellip;]","og_url":"https:\/\/blog.zeit.de\/nsu-prozess-blog\/2014\/11\/19\/161-prozesstag-neonazi-kai-d-erneut-im-zeugenstand\/","og_site_name":"Das NSU-Prozess-Blog","article_published_time":"2014-11-19T06:00:09+00:00","article_modified_time":"2014-11-16T11:06:08+00:00","author":"Tom Sundermann","twitter_misc":{"Geschrieben von":"Tom Sundermann","Gesch\u00e4tzte Lesezeit":"1\u00a0Minute"},"schema":{"@context":"https:\/\/schema.org","@graph":[{"@type":"WebPage","@id":"https:\/\/blog.zeit.de\/nsu-prozess-blog\/2014\/11\/19\/161-prozesstag-neonazi-kai-d-erneut-im-zeugenstand\/","url":"https:\/\/blog.zeit.de\/nsu-prozess-blog\/2014\/11\/19\/161-prozesstag-neonazi-kai-d-erneut-im-zeugenstand\/","name":"161. Prozesstag \u2013 Neonazi Kai D. erneut im Zeugenstand - Das NSU-Prozess-Blog","isPartOf":{"@id":"https:\/\/blog.zeit.de\/nsu-prozess-blog\/#website"},"datePublished":"2014-11-19T06:00:09+00:00","dateModified":"2014-11-16T11:06:08+00:00","author":{"@id":"https:\/\/blog.zeit.de\/nsu-prozess-blog\/#\/schema\/person\/553ea9bb5d1fc2ae054c589bd59380a5"},"breadcrumb":{"@id":"https:\/\/blog.zeit.de\/nsu-prozess-blog\/2014\/11\/19\/161-prozesstag-neonazi-kai-d-erneut-im-zeugenstand\/#breadcrumb"},"inLanguage":"de","potentialAction":[{"@type":"ReadAction","target":["https:\/\/blog.zeit.de\/nsu-prozess-blog\/2014\/11\/19\/161-prozesstag-neonazi-kai-d-erneut-im-zeugenstand\/"]}]},{"@type":"BreadcrumbList","@id":"https:\/\/blog.zeit.de\/nsu-prozess-blog\/2014\/11\/19\/161-prozesstag-neonazi-kai-d-erneut-im-zeugenstand\/#breadcrumb","itemListElement":[{"@type":"ListItem","position":1,"name":"Startseite","item":"https:\/\/blog.zeit.de\/nsu-prozess-blog\/"},{"@type":"ListItem","position":2,"name":"161. Prozesstag \u2013 Neonazi Kai D. erneut im Zeugenstand"}]},{"@type":"WebSite","@id":"https:\/\/blog.zeit.de\/nsu-prozess-blog\/#website","url":"https:\/\/blog.zeit.de\/nsu-prozess-blog\/","name":"Das NSU-Prozess-Blog","description":"Alle Berichte zum Terrorverfahren in M\u00fcnchen","potentialAction":[{"@type":"SearchAction","target":{"@type":"EntryPoint","urlTemplate":"https:\/\/blog.zeit.de\/nsu-prozess-blog\/?s={search_term_string}"},"query-input":"required name=search_term_string"}],"inLanguage":"de"},{"@type":"Person","@id":"https:\/\/blog.zeit.de\/nsu-prozess-blog\/#\/schema\/person\/553ea9bb5d1fc2ae054c589bd59380a5","name":"Tom Sundermann","image":{"@type":"ImageObject","inLanguage":"de","@id":"https:\/\/blog.zeit.de\/nsu-prozess-blog\/#\/schema\/person\/image\/","url":"https:\/\/secure.gravatar.com\/avatar\/e108a3dc18766f719b2f797dc5d19093f06a1870c55b553ab6b7563f1f9a5e68?s=96&d=mm&r=g","contentUrl":"https:\/\/secure.gravatar.com\/avatar\/e108a3dc18766f719b2f797dc5d19093f06a1870c55b553ab6b7563f1f9a5e68?s=96&d=mm&r=g","caption":"Tom Sundermann"},"sameAs":["https:\/\/twitter.com\/messeticker"],"url":"https:\/\/blog.zeit.de\/nsu-prozess-blog\/author\/tsundermann\/"}]}},"jetpack_featured_media_url":"","jetpack_sharing_enabled":true,"_links":{"self":[{"href":"https:\/\/blog.zeit.de\/nsu-prozess-blog\/wp-json\/wp\/v2\/posts\/8013","targetHints":{"allow":["GET"]}}],"collection":[{"href":"https:\/\/blog.zeit.de\/nsu-prozess-blog\/wp-json\/wp\/v2\/posts"}],"about":[{"href":"https:\/\/blog.zeit.de\/nsu-prozess-blog\/wp-json\/wp\/v2\/types\/post"}],"author":[{"embeddable":true,"href":"https:\/\/blog.zeit.de\/nsu-prozess-blog\/wp-json\/wp\/v2\/users\/435"}],"replies":[{"embeddable":true,"href":"https:\/\/blog.zeit.de\/nsu-prozess-blog\/wp-json\/wp\/v2\/comments?post=8013"}],"version-history":[{"count":2,"href":"https:\/\/blog.zeit.de\/nsu-prozess-blog\/wp-json\/wp\/v2\/posts\/8013\/revisions"}],"predecessor-version":[{"id":8019,"href":"https:\/\/blog.zeit.de\/nsu-prozess-blog\/wp-json\/wp\/v2\/posts\/8013\/revisions\/8019"}],"wp:attachment":[{"href":"https:\/\/blog.zeit.de\/nsu-prozess-blog\/wp-json\/wp\/v2\/media?parent=8013"}],"wp:term":[{"taxonomy":"category","embeddable":true,"href":"https:\/\/blog.zeit.de\/nsu-prozess-blog\/wp-json\/wp\/v2\/categories?post=8013"},{"taxonomy":"post_tag","embeddable":true,"href":"https:\/\/blog.zeit.de\/nsu-prozess-blog\/wp-json\/wp\/v2\/tags?post=8013"}],"curies":[{"name":"wp","href":"https:\/\/api.w.org\/{rel}","templated":true}]}}