{"id":8020,"date":"2014-11-18T07:00:51","date_gmt":"2014-11-18T06:00:51","guid":{"rendered":"http:\/\/blog.zeit.de\/nsu-prozess-blog\/?p=8020"},"modified":"2014-11-18T12:28:18","modified_gmt":"2014-11-18T11:28:18","slug":"160-prozesstag-der-verdacht-gegen-den-jungen-uwe-boehnhardt","status":"publish","type":"post","link":"https:\/\/blog.zeit.de\/nsu-prozess-blog\/2014\/11\/18\/160-prozesstag-der-verdacht-gegen-den-jungen-uwe-boehnhardt\/","title":{"rendered":"160. Prozesstag \u2013 Der Verdacht gegen den jungen Uwe B\u00f6hnhardt"},"content":{"rendered":"<p>Das Gericht nimmt am Dienstag erneut eine Tat unter die Lupe, die <a href=\"https:\/\/blog.zeit.de\/nsu-prozess-blog\/2014\/10\/23\/medienlog-ceska-mordwaffe-nebenklage-schmuggel\/\">Uwe B\u00f6hnhardt als jungem Erwachsenen vorgeworfen wurde<\/a>: Er soll 1996 eine Puppe mit Judenstern und eine Bombenattrappe an einer Autobahnbr\u00fccke angebracht haben. F\u00fcr die Tat wurde er verurteilt, sp\u00e4ter wurde das Urteil aus Mangel an Beweisen aufgehoben. Befragt wurde damals auch Beate Zsch\u00e4pe. Der Polizist, der sie kurz nach der Tat vernahm, sagt nun als Zeuge im Prozess aus. Die Aussage, die Zsch\u00e4pe zwei Jahre vor dem Untertauchen des NSU-Trios machte, k\u00f6nnte heute Hinweise zur Ideologie von <a href=\"http:\/\/www.zeit.de\/gesellschaft\/zeitgeschehen\/2013-11\/nsu-prozess-boehnhardt-aussage-schuld\">B\u00f6hnhardt<\/a> liefern, zudem auf den Zusammenhalt der drei.<\/p>\n<p>Zudem sagt ein Beamter des Bundeskriminalamts aus, der Angaben zum Bekennervideo des NSU macht.<\/p>\n<p><em>ZEIT ONLINE berichtet aus M\u00fcnchen und fasst den Prozesstag am Abend auf diesem Blog zusammen. Informationen aus der Verhandlung gibt es <a href=\"https:\/\/twitter.com\/zeitonline\/lists\/nsu-prozess\">via Twitter hier<\/a>. Weitere Berichte stellen wir morgen im <a href=\"https:\/\/blog.zeit.de\/nsu-prozess-blog\/category\/medienschau\/\">NSU-Medienlog<\/a> zusammen.<\/em><\/p>\n","protected":false},"excerpt":{"rendered":"<p>Das Gericht nimmt am Dienstag erneut eine Tat unter die Lupe, die Uwe B\u00f6hnhardt als jungem Erwachsenen vorgeworfen wurde: Er soll 1996 eine Puppe mit Judenstern und eine Bombenattrappe an einer Autobahnbr\u00fccke angebracht haben. F\u00fcr die Tat wurde er verurteilt, sp\u00e4ter wurde das Urteil aus Mangel an Beweisen aufgehoben. Befragt wurde damals auch Beate Zsch\u00e4pe. [&hellip;]<\/p>\n","protected":false},"author":435,"featured_media":0,"comment_status":"open","ping_status":"open","sticky":false,"template":"","format":"standard","meta":{"_jetpack_memberships_contains_paid_content":false,"footnotes":""},"categories":[27532],"tags":[17793,22860],"class_list":["post-8020","post","type-post","status-publish","format-standard","hentry","category-prozesstage","tag-beate-zschape","tag-uwe-bohnhardt"],"yoast_head":"<!-- This site is optimized with the Yoast SEO plugin v21.0 - https:\/\/yoast.com\/wordpress\/plugins\/seo\/ -->\n<title>160. Prozesstag \u2013 Der Verdacht gegen den jungen Uwe B\u00f6hnhardt - Das NSU-Prozess-Blog<\/title>\n<meta name=\"robots\" content=\"index, follow, max-snippet:-1, max-image-preview:large, max-video-preview:-1\" \/>\n<link rel=\"canonical\" href=\"https:\/\/blog.zeit.de\/nsu-prozess-blog\/2014\/11\/18\/160-prozesstag-der-verdacht-gegen-den-jungen-uwe-boehnhardt\/\" \/>\n<meta property=\"og:locale\" content=\"de_DE\" \/>\n<meta property=\"og:type\" content=\"article\" \/>\n<meta property=\"og:title\" content=\"160. Prozesstag \u2013 Der Verdacht gegen den jungen Uwe B\u00f6hnhardt - Das NSU-Prozess-Blog\" \/>\n<meta property=\"og:description\" content=\"Das Gericht nimmt am Dienstag erneut eine Tat unter die Lupe, die Uwe B\u00f6hnhardt als jungem Erwachsenen vorgeworfen wurde: Er soll 1996 eine Puppe mit Judenstern und eine Bombenattrappe an einer Autobahnbr\u00fccke angebracht haben. F\u00fcr die Tat wurde er verurteilt, sp\u00e4ter wurde das Urteil aus Mangel an Beweisen aufgehoben. Befragt wurde damals auch Beate Zsch\u00e4pe. [&hellip;]\" \/>\n<meta property=\"og:url\" content=\"https:\/\/blog.zeit.de\/nsu-prozess-blog\/2014\/11\/18\/160-prozesstag-der-verdacht-gegen-den-jungen-uwe-boehnhardt\/\" \/>\n<meta property=\"og:site_name\" content=\"Das NSU-Prozess-Blog\" \/>\n<meta property=\"article:published_time\" content=\"2014-11-18T06:00:51+00:00\" \/>\n<meta property=\"article:modified_time\" content=\"2014-11-18T11:28:18+00:00\" \/>\n<meta name=\"author\" content=\"Tom Sundermann\" \/>\n<meta name=\"twitter:label1\" content=\"Geschrieben von\" \/>\n\t<meta name=\"twitter:data1\" content=\"Tom Sundermann\" \/>\n\t<meta name=\"twitter:label2\" content=\"Gesch\u00e4tzte Lesezeit\" \/>\n\t<meta name=\"twitter:data2\" content=\"1\u00a0Minute\" \/>\n<script type=\"application\/ld+json\" class=\"yoast-schema-graph\">{\"@context\":\"https:\/\/schema.org\",\"@graph\":[{\"@type\":\"WebPage\",\"@id\":\"https:\/\/blog.zeit.de\/nsu-prozess-blog\/2014\/11\/18\/160-prozesstag-der-verdacht-gegen-den-jungen-uwe-boehnhardt\/\",\"url\":\"https:\/\/blog.zeit.de\/nsu-prozess-blog\/2014\/11\/18\/160-prozesstag-der-verdacht-gegen-den-jungen-uwe-boehnhardt\/\",\"name\":\"160. Prozesstag \u2013 Der Verdacht gegen den jungen Uwe B\u00f6hnhardt - Das NSU-Prozess-Blog\",\"isPartOf\":{\"@id\":\"https:\/\/blog.zeit.de\/nsu-prozess-blog\/#website\"},\"datePublished\":\"2014-11-18T06:00:51+00:00\",\"dateModified\":\"2014-11-18T11:28:18+00:00\",\"author\":{\"@id\":\"https:\/\/blog.zeit.de\/nsu-prozess-blog\/#\/schema\/person\/553ea9bb5d1fc2ae054c589bd59380a5\"},\"breadcrumb\":{\"@id\":\"https:\/\/blog.zeit.de\/nsu-prozess-blog\/2014\/11\/18\/160-prozesstag-der-verdacht-gegen-den-jungen-uwe-boehnhardt\/#breadcrumb\"},\"inLanguage\":\"de\",\"potentialAction\":[{\"@type\":\"ReadAction\",\"target\":[\"https:\/\/blog.zeit.de\/nsu-prozess-blog\/2014\/11\/18\/160-prozesstag-der-verdacht-gegen-den-jungen-uwe-boehnhardt\/\"]}]},{\"@type\":\"BreadcrumbList\",\"@id\":\"https:\/\/blog.zeit.de\/nsu-prozess-blog\/2014\/11\/18\/160-prozesstag-der-verdacht-gegen-den-jungen-uwe-boehnhardt\/#breadcrumb\",\"itemListElement\":[{\"@type\":\"ListItem\",\"position\":1,\"name\":\"Startseite\",\"item\":\"https:\/\/blog.zeit.de\/nsu-prozess-blog\/\"},{\"@type\":\"ListItem\",\"position\":2,\"name\":\"160. Prozesstag \u2013 Der Verdacht gegen den jungen Uwe B\u00f6hnhardt\"}]},{\"@type\":\"WebSite\",\"@id\":\"https:\/\/blog.zeit.de\/nsu-prozess-blog\/#website\",\"url\":\"https:\/\/blog.zeit.de\/nsu-prozess-blog\/\",\"name\":\"Das NSU-Prozess-Blog\",\"description\":\"Alle Berichte zum Terrorverfahren in M\u00fcnchen\",\"potentialAction\":[{\"@type\":\"SearchAction\",\"target\":{\"@type\":\"EntryPoint\",\"urlTemplate\":\"https:\/\/blog.zeit.de\/nsu-prozess-blog\/?s={search_term_string}\"},\"query-input\":\"required name=search_term_string\"}],\"inLanguage\":\"de\"},{\"@type\":\"Person\",\"@id\":\"https:\/\/blog.zeit.de\/nsu-prozess-blog\/#\/schema\/person\/553ea9bb5d1fc2ae054c589bd59380a5\",\"name\":\"Tom Sundermann\",\"image\":{\"@type\":\"ImageObject\",\"inLanguage\":\"de\",\"@id\":\"https:\/\/blog.zeit.de\/nsu-prozess-blog\/#\/schema\/person\/image\/\",\"url\":\"https:\/\/secure.gravatar.com\/avatar\/e108a3dc18766f719b2f797dc5d19093f06a1870c55b553ab6b7563f1f9a5e68?s=96&d=mm&r=g\",\"contentUrl\":\"https:\/\/secure.gravatar.com\/avatar\/e108a3dc18766f719b2f797dc5d19093f06a1870c55b553ab6b7563f1f9a5e68?s=96&d=mm&r=g\",\"caption\":\"Tom Sundermann\"},\"sameAs\":[\"https:\/\/twitter.com\/messeticker\"],\"url\":\"https:\/\/blog.zeit.de\/nsu-prozess-blog\/author\/tsundermann\/\"}]}<\/script>\n<!-- \/ Yoast SEO plugin. -->","yoast_head_json":{"title":"160. Prozesstag \u2013 Der Verdacht gegen den jungen Uwe B\u00f6hnhardt - Das NSU-Prozess-Blog","robots":{"index":"index","follow":"follow","max-snippet":"max-snippet:-1","max-image-preview":"max-image-preview:large","max-video-preview":"max-video-preview:-1"},"canonical":"https:\/\/blog.zeit.de\/nsu-prozess-blog\/2014\/11\/18\/160-prozesstag-der-verdacht-gegen-den-jungen-uwe-boehnhardt\/","og_locale":"de_DE","og_type":"article","og_title":"160. Prozesstag \u2013 Der Verdacht gegen den jungen Uwe B\u00f6hnhardt - Das NSU-Prozess-Blog","og_description":"Das Gericht nimmt am Dienstag erneut eine Tat unter die Lupe, die Uwe B\u00f6hnhardt als jungem Erwachsenen vorgeworfen wurde: Er soll 1996 eine Puppe mit Judenstern und eine Bombenattrappe an einer Autobahnbr\u00fccke angebracht haben. F\u00fcr die Tat wurde er verurteilt, sp\u00e4ter wurde das Urteil aus Mangel an Beweisen aufgehoben. Befragt wurde damals auch Beate Zsch\u00e4pe. [&hellip;]","og_url":"https:\/\/blog.zeit.de\/nsu-prozess-blog\/2014\/11\/18\/160-prozesstag-der-verdacht-gegen-den-jungen-uwe-boehnhardt\/","og_site_name":"Das NSU-Prozess-Blog","article_published_time":"2014-11-18T06:00:51+00:00","article_modified_time":"2014-11-18T11:28:18+00:00","author":"Tom Sundermann","twitter_misc":{"Geschrieben von":"Tom Sundermann","Gesch\u00e4tzte Lesezeit":"1\u00a0Minute"},"schema":{"@context":"https:\/\/schema.org","@graph":[{"@type":"WebPage","@id":"https:\/\/blog.zeit.de\/nsu-prozess-blog\/2014\/11\/18\/160-prozesstag-der-verdacht-gegen-den-jungen-uwe-boehnhardt\/","url":"https:\/\/blog.zeit.de\/nsu-prozess-blog\/2014\/11\/18\/160-prozesstag-der-verdacht-gegen-den-jungen-uwe-boehnhardt\/","name":"160. Prozesstag \u2013 Der Verdacht gegen den jungen Uwe B\u00f6hnhardt - Das NSU-Prozess-Blog","isPartOf":{"@id":"https:\/\/blog.zeit.de\/nsu-prozess-blog\/#website"},"datePublished":"2014-11-18T06:00:51+00:00","dateModified":"2014-11-18T11:28:18+00:00","author":{"@id":"https:\/\/blog.zeit.de\/nsu-prozess-blog\/#\/schema\/person\/553ea9bb5d1fc2ae054c589bd59380a5"},"breadcrumb":{"@id":"https:\/\/blog.zeit.de\/nsu-prozess-blog\/2014\/11\/18\/160-prozesstag-der-verdacht-gegen-den-jungen-uwe-boehnhardt\/#breadcrumb"},"inLanguage":"de","potentialAction":[{"@type":"ReadAction","target":["https:\/\/blog.zeit.de\/nsu-prozess-blog\/2014\/11\/18\/160-prozesstag-der-verdacht-gegen-den-jungen-uwe-boehnhardt\/"]}]},{"@type":"BreadcrumbList","@id":"https:\/\/blog.zeit.de\/nsu-prozess-blog\/2014\/11\/18\/160-prozesstag-der-verdacht-gegen-den-jungen-uwe-boehnhardt\/#breadcrumb","itemListElement":[{"@type":"ListItem","position":1,"name":"Startseite","item":"https:\/\/blog.zeit.de\/nsu-prozess-blog\/"},{"@type":"ListItem","position":2,"name":"160. Prozesstag \u2013 Der Verdacht gegen den jungen Uwe B\u00f6hnhardt"}]},{"@type":"WebSite","@id":"https:\/\/blog.zeit.de\/nsu-prozess-blog\/#website","url":"https:\/\/blog.zeit.de\/nsu-prozess-blog\/","name":"Das NSU-Prozess-Blog","description":"Alle Berichte zum Terrorverfahren in M\u00fcnchen","potentialAction":[{"@type":"SearchAction","target":{"@type":"EntryPoint","urlTemplate":"https:\/\/blog.zeit.de\/nsu-prozess-blog\/?s={search_term_string}"},"query-input":"required name=search_term_string"}],"inLanguage":"de"},{"@type":"Person","@id":"https:\/\/blog.zeit.de\/nsu-prozess-blog\/#\/schema\/person\/553ea9bb5d1fc2ae054c589bd59380a5","name":"Tom Sundermann","image":{"@type":"ImageObject","inLanguage":"de","@id":"https:\/\/blog.zeit.de\/nsu-prozess-blog\/#\/schema\/person\/image\/","url":"https:\/\/secure.gravatar.com\/avatar\/e108a3dc18766f719b2f797dc5d19093f06a1870c55b553ab6b7563f1f9a5e68?s=96&d=mm&r=g","contentUrl":"https:\/\/secure.gravatar.com\/avatar\/e108a3dc18766f719b2f797dc5d19093f06a1870c55b553ab6b7563f1f9a5e68?s=96&d=mm&r=g","caption":"Tom Sundermann"},"sameAs":["https:\/\/twitter.com\/messeticker"],"url":"https:\/\/blog.zeit.de\/nsu-prozess-blog\/author\/tsundermann\/"}]}},"jetpack_featured_media_url":"","jetpack_sharing_enabled":true,"_links":{"self":[{"href":"https:\/\/blog.zeit.de\/nsu-prozess-blog\/wp-json\/wp\/v2\/posts\/8020","targetHints":{"allow":["GET"]}}],"collection":[{"href":"https:\/\/blog.zeit.de\/nsu-prozess-blog\/wp-json\/wp\/v2\/posts"}],"about":[{"href":"https:\/\/blog.zeit.de\/nsu-prozess-blog\/wp-json\/wp\/v2\/types\/post"}],"author":[{"embeddable":true,"href":"https:\/\/blog.zeit.de\/nsu-prozess-blog\/wp-json\/wp\/v2\/users\/435"}],"replies":[{"embeddable":true,"href":"https:\/\/blog.zeit.de\/nsu-prozess-blog\/wp-json\/wp\/v2\/comments?post=8020"}],"version-history":[{"count":3,"href":"https:\/\/blog.zeit.de\/nsu-prozess-blog\/wp-json\/wp\/v2\/posts\/8020\/revisions"}],"predecessor-version":[{"id":8031,"href":"https:\/\/blog.zeit.de\/nsu-prozess-blog\/wp-json\/wp\/v2\/posts\/8020\/revisions\/8031"}],"wp:attachment":[{"href":"https:\/\/blog.zeit.de\/nsu-prozess-blog\/wp-json\/wp\/v2\/media?parent=8020"}],"wp:term":[{"taxonomy":"category","embeddable":true,"href":"https:\/\/blog.zeit.de\/nsu-prozess-blog\/wp-json\/wp\/v2\/categories?post=8020"},{"taxonomy":"post_tag","embeddable":true,"href":"https:\/\/blog.zeit.de\/nsu-prozess-blog\/wp-json\/wp\/v2\/tags?post=8020"}],"curies":[{"name":"wp","href":"https:\/\/api.w.org\/{rel}","templated":true}]}}