{"id":8023,"date":"2014-11-17T09:07:00","date_gmt":"2014-11-17T08:07:00","guid":{"rendered":"http:\/\/blog.zeit.de\/nsu-prozess-blog\/?p=8023"},"modified":"2014-11-17T09:07:00","modified_gmt":"2014-11-17T08:07:00","slug":"medienlog-mehmet-turgut-beate-zschaepe-corelli","status":"publish","type":"post","link":"https:\/\/blog.zeit.de\/nsu-prozess-blog\/2014\/11\/17\/medienlog-mehmet-turgut-beate-zschaepe-corelli\/","title":{"rendered":"Gerechte Strafe f\u00fcr Beate Zsch\u00e4pe \u2013 Das Medienlog vom Montag, 17. November 2014"},"content":{"rendered":"<p>&#8222;Wenn ich Beate Zsch\u00e4pe und die anderen vor mir auf der Anklagebank sehe, kann ich die Gef\u00fchle nicht unterdr\u00fccken&#8220;, schreibt Mehmet Turgut, der Bruder des in Rostock ermordeten D\u00f6nerverk\u00e4ufers <a href=\"http:\/\/www.zeit.de\/gesellschaft\/zeitgeschehen\/2013-08\/nsu-prozess-sommerpause\">Yunus Turgut<\/a>. Auf <a href=\"http:\/\/www.zeit.de\/2014\/45\/mehmet-turgut-memo-nsu\" target=\"_blank\">ZEIT ONLINE<\/a> haben wir einen Auszug aus einem Buch ver\u00f6ffentlicht, das der Nebenkl\u00e4ger im Verfahren ver\u00f6ffentlicht hat. Darin \u00e4u\u00dfert er sich auch zur Erwartung, die er an das Urteil hat: Was eine gerechte Strafe w\u00e4re, wisse er nicht. Doch er wolle sich &#8222;nicht vorstellen, dass Beate Zsch\u00e4pe am Ende nicht als M\u00f6rderin verurteilt w\u00fcrde&#8220;.<\/p>\n<p><!--more--><\/p>\n<p><em>An jedem Werktag sichten wir f\u00fcr das NSU-Prozess-Blog die Medien und stellen wichtige Berichte, Blogs, Videos und Tweets zusammen. Wir freuen uns \u00fcber Hinweise via Twitter mit dem Hashtag #nsublog \u2013 oder per E-Mail an <a href=\"mailto:nsublog@zeit.de\">nsublog@zeit.de<\/a>.<\/em><\/p>\n<p>Der Fall des <a href=\"https:\/\/blog.zeit.de\/nsu-prozess-blog\/2014\/10\/07\/medienlog-nsu-cd-corelli-sonderermittler\/\">V-Manns &#8222;Corelli&#8220;<\/a> wird untersucht: Unter Leitung des Gr\u00fcnen-Abgeordneten Jerzey Montag setzt das Parlamentarische Kontrollgremium des Bundestags einen Ausschuss ein, der die Merkw\u00fcrdigkeiten um den im M\u00e4rz verstorbenen Rechtsextremisten aufkl\u00e4ren soll. Bis Mai 2015 werde die Untersuchungsgruppe einen Bericht vorstellen, sagte der Gremiumsvorsitzende Clemens Binninger laut einem Bericht von <a href=\"https:\/\/www.taz.de\/Rolle-des-V-Manns-Corelli\/!149487\/\" target=\"_blank\"><em>taz<\/em><\/a>-Korrespondentin Sabine am Orde. Montag rechnet demnach nicht damit, dass Zeugen vor dem Ausschuss in ihrer Aussagegenehmigung beschnitten werden. &#8222;Corelli&#8220; hatte dem Bundesamt f\u00fcr Verfassungsschutz bereits im Jahr 2005 <a href=\"https:\/\/blog.zeit.de\/nsu-prozess-blog\/2014\/10\/06\/die-verstrickungen-des-toten-v-manns\/\">eine CD mit der Aufschrift &#8222;NSU\/NSDAP&#8220; \u00fcbergeben<\/a>.<\/p>\n<p><em>Das n\u00e4chste Medienlog erscheint am Dienstag, 18. November 2014.<\/em><\/p>\n","protected":false},"excerpt":{"rendered":"<p>&#8222;Wenn ich Beate Zsch\u00e4pe und die anderen vor mir auf der Anklagebank sehe, kann ich die Gef\u00fchle nicht unterdr\u00fccken&#8220;, schreibt Mehmet Turgut, der Bruder des in Rostock ermordeten D\u00f6nerverk\u00e4ufers Yunus Turgut. Auf ZEIT ONLINE haben wir einen Auszug aus einem Buch ver\u00f6ffentlicht, das der Nebenkl\u00e4ger im Verfahren ver\u00f6ffentlicht hat. Darin \u00e4u\u00dfert er sich auch zur [&hellip;]<\/p>\n","protected":false},"author":435,"featured_media":0,"comment_status":"open","ping_status":"open","sticky":false,"template":"","format":"standard","meta":{"_jetpack_memberships_contains_paid_content":false,"footnotes":""},"categories":[27531],"tags":[27772,29550,24610,1836,27581],"class_list":["post-8023","post","type-post","status-publish","format-standard","hentry","category-medienschau","tag-bundesverfassungsschutz","tag-corelli","tag-mehmet-turgut","tag-verfassungsschutz","tag-yunus-turgut"],"yoast_head":"<!-- This site is optimized with the Yoast SEO plugin v21.0 - https:\/\/yoast.com\/wordpress\/plugins\/seo\/ -->\n<title>Gerechte Strafe f\u00fcr Beate Zsch\u00e4pe \u2013 Das Medienlog vom Montag, 17. November 2014 - Das NSU-Prozess-Blog<\/title>\n<meta name=\"robots\" content=\"index, follow, max-snippet:-1, max-image-preview:large, max-video-preview:-1\" \/>\n<link rel=\"canonical\" href=\"https:\/\/blog.zeit.de\/nsu-prozess-blog\/2014\/11\/17\/medienlog-mehmet-turgut-beate-zschaepe-corelli\/\" \/>\n<meta property=\"og:locale\" content=\"de_DE\" \/>\n<meta property=\"og:type\" content=\"article\" \/>\n<meta property=\"og:title\" content=\"Gerechte Strafe f\u00fcr Beate Zsch\u00e4pe \u2013 Das Medienlog vom Montag, 17. November 2014 - Das NSU-Prozess-Blog\" \/>\n<meta property=\"og:description\" content=\"&#8222;Wenn ich Beate Zsch\u00e4pe und die anderen vor mir auf der Anklagebank sehe, kann ich die Gef\u00fchle nicht unterdr\u00fccken&#8220;, schreibt Mehmet Turgut, der Bruder des in Rostock ermordeten D\u00f6nerverk\u00e4ufers Yunus Turgut. Auf ZEIT ONLINE haben wir einen Auszug aus einem Buch ver\u00f6ffentlicht, das der Nebenkl\u00e4ger im Verfahren ver\u00f6ffentlicht hat. Darin \u00e4u\u00dfert er sich auch zur [&hellip;]\" \/>\n<meta property=\"og:url\" content=\"https:\/\/blog.zeit.de\/nsu-prozess-blog\/2014\/11\/17\/medienlog-mehmet-turgut-beate-zschaepe-corelli\/\" \/>\n<meta property=\"og:site_name\" content=\"Das NSU-Prozess-Blog\" \/>\n<meta property=\"article:published_time\" content=\"2014-11-17T08:07:00+00:00\" \/>\n<meta name=\"author\" content=\"Tom Sundermann\" \/>\n<meta name=\"twitter:label1\" content=\"Geschrieben von\" \/>\n\t<meta name=\"twitter:data1\" content=\"Tom Sundermann\" \/>\n\t<meta name=\"twitter:label2\" content=\"Gesch\u00e4tzte Lesezeit\" \/>\n\t<meta name=\"twitter:data2\" content=\"1\u00a0Minute\" \/>\n<script type=\"application\/ld+json\" class=\"yoast-schema-graph\">{\"@context\":\"https:\/\/schema.org\",\"@graph\":[{\"@type\":\"WebPage\",\"@id\":\"https:\/\/blog.zeit.de\/nsu-prozess-blog\/2014\/11\/17\/medienlog-mehmet-turgut-beate-zschaepe-corelli\/\",\"url\":\"https:\/\/blog.zeit.de\/nsu-prozess-blog\/2014\/11\/17\/medienlog-mehmet-turgut-beate-zschaepe-corelli\/\",\"name\":\"Gerechte Strafe f\u00fcr Beate Zsch\u00e4pe \u2013 Das Medienlog vom Montag, 17. November 2014 - Das NSU-Prozess-Blog\",\"isPartOf\":{\"@id\":\"https:\/\/blog.zeit.de\/nsu-prozess-blog\/#website\"},\"datePublished\":\"2014-11-17T08:07:00+00:00\",\"dateModified\":\"2014-11-17T08:07:00+00:00\",\"author\":{\"@id\":\"https:\/\/blog.zeit.de\/nsu-prozess-blog\/#\/schema\/person\/553ea9bb5d1fc2ae054c589bd59380a5\"},\"breadcrumb\":{\"@id\":\"https:\/\/blog.zeit.de\/nsu-prozess-blog\/2014\/11\/17\/medienlog-mehmet-turgut-beate-zschaepe-corelli\/#breadcrumb\"},\"inLanguage\":\"de\",\"potentialAction\":[{\"@type\":\"ReadAction\",\"target\":[\"https:\/\/blog.zeit.de\/nsu-prozess-blog\/2014\/11\/17\/medienlog-mehmet-turgut-beate-zschaepe-corelli\/\"]}]},{\"@type\":\"BreadcrumbList\",\"@id\":\"https:\/\/blog.zeit.de\/nsu-prozess-blog\/2014\/11\/17\/medienlog-mehmet-turgut-beate-zschaepe-corelli\/#breadcrumb\",\"itemListElement\":[{\"@type\":\"ListItem\",\"position\":1,\"name\":\"Startseite\",\"item\":\"https:\/\/blog.zeit.de\/nsu-prozess-blog\/\"},{\"@type\":\"ListItem\",\"position\":2,\"name\":\"Gerechte Strafe f\u00fcr Beate Zsch\u00e4pe \u2013 Das Medienlog vom Montag, 17. November 2014\"}]},{\"@type\":\"WebSite\",\"@id\":\"https:\/\/blog.zeit.de\/nsu-prozess-blog\/#website\",\"url\":\"https:\/\/blog.zeit.de\/nsu-prozess-blog\/\",\"name\":\"Das NSU-Prozess-Blog\",\"description\":\"Alle Berichte zum Terrorverfahren in M\u00fcnchen\",\"potentialAction\":[{\"@type\":\"SearchAction\",\"target\":{\"@type\":\"EntryPoint\",\"urlTemplate\":\"https:\/\/blog.zeit.de\/nsu-prozess-blog\/?s={search_term_string}\"},\"query-input\":\"required name=search_term_string\"}],\"inLanguage\":\"de\"},{\"@type\":\"Person\",\"@id\":\"https:\/\/blog.zeit.de\/nsu-prozess-blog\/#\/schema\/person\/553ea9bb5d1fc2ae054c589bd59380a5\",\"name\":\"Tom Sundermann\",\"image\":{\"@type\":\"ImageObject\",\"inLanguage\":\"de\",\"@id\":\"https:\/\/blog.zeit.de\/nsu-prozess-blog\/#\/schema\/person\/image\/\",\"url\":\"https:\/\/secure.gravatar.com\/avatar\/e108a3dc18766f719b2f797dc5d19093f06a1870c55b553ab6b7563f1f9a5e68?s=96&d=mm&r=g\",\"contentUrl\":\"https:\/\/secure.gravatar.com\/avatar\/e108a3dc18766f719b2f797dc5d19093f06a1870c55b553ab6b7563f1f9a5e68?s=96&d=mm&r=g\",\"caption\":\"Tom Sundermann\"},\"sameAs\":[\"https:\/\/twitter.com\/messeticker\"],\"url\":\"https:\/\/blog.zeit.de\/nsu-prozess-blog\/author\/tsundermann\/\"}]}<\/script>\n<!-- \/ Yoast SEO plugin. -->","yoast_head_json":{"title":"Gerechte Strafe f\u00fcr Beate Zsch\u00e4pe \u2013 Das Medienlog vom Montag, 17. November 2014 - Das NSU-Prozess-Blog","robots":{"index":"index","follow":"follow","max-snippet":"max-snippet:-1","max-image-preview":"max-image-preview:large","max-video-preview":"max-video-preview:-1"},"canonical":"https:\/\/blog.zeit.de\/nsu-prozess-blog\/2014\/11\/17\/medienlog-mehmet-turgut-beate-zschaepe-corelli\/","og_locale":"de_DE","og_type":"article","og_title":"Gerechte Strafe f\u00fcr Beate Zsch\u00e4pe \u2013 Das Medienlog vom Montag, 17. November 2014 - Das NSU-Prozess-Blog","og_description":"&#8222;Wenn ich Beate Zsch\u00e4pe und die anderen vor mir auf der Anklagebank sehe, kann ich die Gef\u00fchle nicht unterdr\u00fccken&#8220;, schreibt Mehmet Turgut, der Bruder des in Rostock ermordeten D\u00f6nerverk\u00e4ufers Yunus Turgut. Auf ZEIT ONLINE haben wir einen Auszug aus einem Buch ver\u00f6ffentlicht, das der Nebenkl\u00e4ger im Verfahren ver\u00f6ffentlicht hat. Darin \u00e4u\u00dfert er sich auch zur [&hellip;]","og_url":"https:\/\/blog.zeit.de\/nsu-prozess-blog\/2014\/11\/17\/medienlog-mehmet-turgut-beate-zschaepe-corelli\/","og_site_name":"Das NSU-Prozess-Blog","article_published_time":"2014-11-17T08:07:00+00:00","author":"Tom Sundermann","twitter_misc":{"Geschrieben von":"Tom Sundermann","Gesch\u00e4tzte Lesezeit":"1\u00a0Minute"},"schema":{"@context":"https:\/\/schema.org","@graph":[{"@type":"WebPage","@id":"https:\/\/blog.zeit.de\/nsu-prozess-blog\/2014\/11\/17\/medienlog-mehmet-turgut-beate-zschaepe-corelli\/","url":"https:\/\/blog.zeit.de\/nsu-prozess-blog\/2014\/11\/17\/medienlog-mehmet-turgut-beate-zschaepe-corelli\/","name":"Gerechte Strafe f\u00fcr Beate Zsch\u00e4pe \u2013 Das Medienlog vom Montag, 17. November 2014 - Das NSU-Prozess-Blog","isPartOf":{"@id":"https:\/\/blog.zeit.de\/nsu-prozess-blog\/#website"},"datePublished":"2014-11-17T08:07:00+00:00","dateModified":"2014-11-17T08:07:00+00:00","author":{"@id":"https:\/\/blog.zeit.de\/nsu-prozess-blog\/#\/schema\/person\/553ea9bb5d1fc2ae054c589bd59380a5"},"breadcrumb":{"@id":"https:\/\/blog.zeit.de\/nsu-prozess-blog\/2014\/11\/17\/medienlog-mehmet-turgut-beate-zschaepe-corelli\/#breadcrumb"},"inLanguage":"de","potentialAction":[{"@type":"ReadAction","target":["https:\/\/blog.zeit.de\/nsu-prozess-blog\/2014\/11\/17\/medienlog-mehmet-turgut-beate-zschaepe-corelli\/"]}]},{"@type":"BreadcrumbList","@id":"https:\/\/blog.zeit.de\/nsu-prozess-blog\/2014\/11\/17\/medienlog-mehmet-turgut-beate-zschaepe-corelli\/#breadcrumb","itemListElement":[{"@type":"ListItem","position":1,"name":"Startseite","item":"https:\/\/blog.zeit.de\/nsu-prozess-blog\/"},{"@type":"ListItem","position":2,"name":"Gerechte Strafe f\u00fcr Beate Zsch\u00e4pe \u2013 Das Medienlog vom Montag, 17. November 2014"}]},{"@type":"WebSite","@id":"https:\/\/blog.zeit.de\/nsu-prozess-blog\/#website","url":"https:\/\/blog.zeit.de\/nsu-prozess-blog\/","name":"Das NSU-Prozess-Blog","description":"Alle Berichte zum Terrorverfahren in M\u00fcnchen","potentialAction":[{"@type":"SearchAction","target":{"@type":"EntryPoint","urlTemplate":"https:\/\/blog.zeit.de\/nsu-prozess-blog\/?s={search_term_string}"},"query-input":"required name=search_term_string"}],"inLanguage":"de"},{"@type":"Person","@id":"https:\/\/blog.zeit.de\/nsu-prozess-blog\/#\/schema\/person\/553ea9bb5d1fc2ae054c589bd59380a5","name":"Tom Sundermann","image":{"@type":"ImageObject","inLanguage":"de","@id":"https:\/\/blog.zeit.de\/nsu-prozess-blog\/#\/schema\/person\/image\/","url":"https:\/\/secure.gravatar.com\/avatar\/e108a3dc18766f719b2f797dc5d19093f06a1870c55b553ab6b7563f1f9a5e68?s=96&d=mm&r=g","contentUrl":"https:\/\/secure.gravatar.com\/avatar\/e108a3dc18766f719b2f797dc5d19093f06a1870c55b553ab6b7563f1f9a5e68?s=96&d=mm&r=g","caption":"Tom Sundermann"},"sameAs":["https:\/\/twitter.com\/messeticker"],"url":"https:\/\/blog.zeit.de\/nsu-prozess-blog\/author\/tsundermann\/"}]}},"jetpack_featured_media_url":"","jetpack_sharing_enabled":true,"_links":{"self":[{"href":"https:\/\/blog.zeit.de\/nsu-prozess-blog\/wp-json\/wp\/v2\/posts\/8023","targetHints":{"allow":["GET"]}}],"collection":[{"href":"https:\/\/blog.zeit.de\/nsu-prozess-blog\/wp-json\/wp\/v2\/posts"}],"about":[{"href":"https:\/\/blog.zeit.de\/nsu-prozess-blog\/wp-json\/wp\/v2\/types\/post"}],"author":[{"embeddable":true,"href":"https:\/\/blog.zeit.de\/nsu-prozess-blog\/wp-json\/wp\/v2\/users\/435"}],"replies":[{"embeddable":true,"href":"https:\/\/blog.zeit.de\/nsu-prozess-blog\/wp-json\/wp\/v2\/comments?post=8023"}],"version-history":[{"count":4,"href":"https:\/\/blog.zeit.de\/nsu-prozess-blog\/wp-json\/wp\/v2\/posts\/8023\/revisions"}],"predecessor-version":[{"id":8027,"href":"https:\/\/blog.zeit.de\/nsu-prozess-blog\/wp-json\/wp\/v2\/posts\/8023\/revisions\/8027"}],"wp:attachment":[{"href":"https:\/\/blog.zeit.de\/nsu-prozess-blog\/wp-json\/wp\/v2\/media?parent=8023"}],"wp:term":[{"taxonomy":"category","embeddable":true,"href":"https:\/\/blog.zeit.de\/nsu-prozess-blog\/wp-json\/wp\/v2\/categories?post=8023"},{"taxonomy":"post_tag","embeddable":true,"href":"https:\/\/blog.zeit.de\/nsu-prozess-blog\/wp-json\/wp\/v2\/tags?post=8023"}],"curies":[{"name":"wp","href":"https:\/\/api.w.org\/{rel}","templated":true}]}}