{"id":8049,"date":"2014-11-20T08:14:41","date_gmt":"2014-11-20T07:14:41","guid":{"rendered":"http:\/\/blog.zeit.de\/nsu-prozess-blog\/?p=8049"},"modified":"2014-11-20T08:44:02","modified_gmt":"2014-11-20T07:44:02","slug":"medienlog-kai-d-verfassungsschutz","status":"publish","type":"post","link":"https:\/\/blog.zeit.de\/nsu-prozess-blog\/2014\/11\/20\/medienlog-kai-d-verfassungsschutz\/","title":{"rendered":"Verfassungsschutz schleuste Neonazi-Anf\u00fchrer ein \u2013 Das Medienlog vom Donnerstag, 20. November 2014"},"content":{"rendered":"<p>Zweite Aussage des V-Manns <a href=\"https:\/\/blog.zeit.de\/nsu-prozess-blog\/2014\/11\/12\/nsu-prozess-kai-d-verfassungsschutz-tino-brandt\/\">Kai D.<\/a> im NSU-Prozess \u2013 dabei kam heraus: Der bayerische Verfassungsschutz setzte den heute 50-J\u00e4hrigen offenbar gezielt in der rechten Szene Frankens ein. Dort baute er eine Organisation rechter Kameraden auf. Zudem nahm er Kontakt zu <a href=\"https:\/\/blog.zeit.de\/nsu-prozess-blog\/2014\/09\/24\/das-wechselspiel-des-tino-brandt\/\">Tino Brandt<\/a> auf, einem Wegbegleiter des NSU-Trios. &#8222;Im Gegensatz zu Brandt scheint er nicht aus \u00dcberzeugung ein Mitglied der rechtsradikalen Szene gewesen zu sein&#8220;, schreibt Gisela Friedrichsen von <a href=\"http:\/\/www.spiegel.de\/panorama\/justiz\/nsu-prozess-frueherer-v-mann-kai-d-sagt-aus-a-1003881.html\" target=\"_blank\"><em>Spiegel Online<\/em><\/a> \u00fcber D.<\/p>\n<p><!--more--><\/p>\n<p><em>An jedem Werktag sichten wir f\u00fcr das NSU-Prozess-Blog die Medien und stellen wichtige Berichte, Blogs, Videos und Tweets zusammen. Wir freuen uns \u00fcber Hinweise via Twitter mit dem Hashtag #nsublog \u2013 oder per E-Mail an <a href=\"mailto:nsublog@zeit.de\">nsublog@zeit.de<\/a>.<\/em><\/p>\n<p>Vor seinem Einstieg in die Szene 1987 hatte D. in Berlin die linke Szene ausspioniert \u2013 gleichfalls als V-Mann. &#8222;Der bayerische Verfassungsschutz hat demnach die Th\u00fcringer Szene, aus der der NSU hervorging, nicht nur \u00fcberwacht, sondern er sa\u00df in der Person Kai D. buchst\u00e4blich mit am Tisch&#8220;, folgert Friedrichsen. M\u00f6glicherweise werde sich der Prozess bald mit Akten des bayerischen Geheimdienstes besch\u00e4ftigen.<\/p>\n<p>D. verriet nicht, ob die Spitzelt\u00e4tigkeit sein Haupterwerb war, auch weitere Fragen zu seiner Berliner Zeit lie\u00df er offen. &#8222;Damit verst\u00e4rkte er den Verdacht, dass er nicht als klassischer V-Mann angeworben wurde, sondern als eine Art verdeckter Ermittler&#8220;, urteilt Andreas F\u00f6rster in der <a href=\"http:\/\/www.berliner-zeitung.de\/politik\/nsu-prozess--ich-war-der-fuehrungskamerad-,10808018,29098166.html\" target=\"_blank\"><em>Berliner Zeitung<\/em><\/a>. Unklar sei indes, ob der Verfassungsschutz in Bayern die Erkenntnisse zu Brandts Organisation <a href=\"https:\/\/blog.zeit.de\/nsu-prozess-blog\/2014\/02\/12\/tino-brandt\/\">Th\u00fcringer Heimatschutz<\/a> an die dortigen Kollegen und das Bundesamt in K\u00f6ln weitermeldete, wie es Pflicht gewesen sei.<\/p>\n<p>D. gab vor Gericht &#8222;den beflissenen Verfassungsschutzmitarbeiter, der stets zu allem Meldung machte&#8220;, kommentiert Julius Jasper Topp von der <a href=\"http:\/\/www.thueringer-allgemeine.de\/web\/zgt\/suche\/detail\/-\/specific\/NSU-Prozess-Kai-D-wurde-nach-eigener-Aussage-vom-bayrischen-Verfassungsschutz-370756739\" target=\"_blank\"><em>Th\u00fcringer Allgemeinen<\/em><\/a>. Baute er zugleich \u2013 wom\u00f6glich mit Segnung der Beh\u00f6rde \u2013 militante Strukturen auf? Der Zeuge bestritt das vor Gericht \u2013 und habe bei seiner Aussage &#8222;nicht auf eine gro\u00dfe Portion Selbstgerechtigkeit&#8220; verzichtet.<\/p>\n<p>Frank Jansen vom <a href=\"http:\/\/www.tagesspiegel.de\/politik\/161-tag-richter-goetzl-laesst-nsu-prozess-im-krebsgang-stecken\/11004672.html\" target=\"_blank\"><em>Tagesspiegel<\/em><\/a> liest an der Befragung von D. ein Problem des Prozesses ab, das er Richter Manfred G\u00f6tzl zuschreibt: Der &#8222;fragt auch dann noch, wenn klar ist, dass ein Zeuge nur hei\u00dfe Luft abl\u00e4sst&#8220;. Sein Verhalten sei widerspr\u00fcchlich, weil er gleichzeitig hartn\u00e4ckig fragende Anw\u00e4lte der Nebenklage auf das Beschleunigungsgebot hinweise, das wegen zweier in Untersuchungshaft sitzender Angeklagter gilt. Die Folge: &#8222;So wissen die Prozessparteien manchmal nicht, welchem G\u00f6tzl sie begegnen.&#8220;<\/p>\n<p><em>Das n\u00e4chste Medienlog erscheint am Freitag, 21. November 2014.<\/em><\/p>\n","protected":false},"excerpt":{"rendered":"<p>Zweite Aussage des V-Manns Kai D. im NSU-Prozess \u2013 dabei kam heraus: Der bayerische Verfassungsschutz setzte den heute 50-J\u00e4hrigen offenbar gezielt in der rechten Szene Frankens ein. Dort baute er eine Organisation rechter Kameraden auf. Zudem nahm er Kontakt zu Tino Brandt auf, einem Wegbegleiter des NSU-Trios. &#8222;Im Gegensatz zu Brandt scheint er nicht aus [&hellip;]<\/p>\n","protected":false},"author":435,"featured_media":0,"comment_status":"open","ping_status":"open","sticky":false,"template":"","format":"standard","meta":{"_jetpack_memberships_contains_paid_content":false,"footnotes":""},"categories":[27531],"tags":[],"class_list":["post-8049","post","type-post","status-publish","format-standard","hentry","category-medienschau"],"yoast_head":"<!-- This site is optimized with the Yoast SEO plugin v21.0 - https:\/\/yoast.com\/wordpress\/plugins\/seo\/ -->\n<title>Verfassungsschutz schleuste Neonazi-Anf\u00fchrer ein \u2013 Das Medienlog vom Donnerstag, 20. November 2014 - Das NSU-Prozess-Blog<\/title>\n<meta name=\"robots\" content=\"index, follow, max-snippet:-1, max-image-preview:large, max-video-preview:-1\" \/>\n<link rel=\"canonical\" href=\"https:\/\/blog.zeit.de\/nsu-prozess-blog\/2014\/11\/20\/medienlog-kai-d-verfassungsschutz\/\" \/>\n<meta property=\"og:locale\" content=\"de_DE\" \/>\n<meta property=\"og:type\" content=\"article\" \/>\n<meta property=\"og:title\" content=\"Verfassungsschutz schleuste Neonazi-Anf\u00fchrer ein \u2013 Das Medienlog vom Donnerstag, 20. November 2014 - Das NSU-Prozess-Blog\" \/>\n<meta property=\"og:description\" content=\"Zweite Aussage des V-Manns Kai D. im NSU-Prozess \u2013 dabei kam heraus: Der bayerische Verfassungsschutz setzte den heute 50-J\u00e4hrigen offenbar gezielt in der rechten Szene Frankens ein. Dort baute er eine Organisation rechter Kameraden auf. Zudem nahm er Kontakt zu Tino Brandt auf, einem Wegbegleiter des NSU-Trios. &#8222;Im Gegensatz zu Brandt scheint er nicht aus [&hellip;]\" \/>\n<meta property=\"og:url\" content=\"https:\/\/blog.zeit.de\/nsu-prozess-blog\/2014\/11\/20\/medienlog-kai-d-verfassungsschutz\/\" \/>\n<meta property=\"og:site_name\" content=\"Das NSU-Prozess-Blog\" \/>\n<meta property=\"article:published_time\" content=\"2014-11-20T07:14:41+00:00\" \/>\n<meta property=\"article:modified_time\" content=\"2014-11-20T07:44:02+00:00\" \/>\n<meta name=\"author\" content=\"Tom Sundermann\" \/>\n<meta name=\"twitter:label1\" content=\"Geschrieben von\" \/>\n\t<meta name=\"twitter:data1\" content=\"Tom Sundermann\" \/>\n\t<meta name=\"twitter:label2\" content=\"Gesch\u00e4tzte Lesezeit\" \/>\n\t<meta name=\"twitter:data2\" content=\"2\u00a0Minuten\" \/>\n<script type=\"application\/ld+json\" class=\"yoast-schema-graph\">{\"@context\":\"https:\/\/schema.org\",\"@graph\":[{\"@type\":\"WebPage\",\"@id\":\"https:\/\/blog.zeit.de\/nsu-prozess-blog\/2014\/11\/20\/medienlog-kai-d-verfassungsschutz\/\",\"url\":\"https:\/\/blog.zeit.de\/nsu-prozess-blog\/2014\/11\/20\/medienlog-kai-d-verfassungsschutz\/\",\"name\":\"Verfassungsschutz schleuste Neonazi-Anf\u00fchrer ein \u2013 Das Medienlog vom Donnerstag, 20. November 2014 - Das NSU-Prozess-Blog\",\"isPartOf\":{\"@id\":\"https:\/\/blog.zeit.de\/nsu-prozess-blog\/#website\"},\"datePublished\":\"2014-11-20T07:14:41+00:00\",\"dateModified\":\"2014-11-20T07:44:02+00:00\",\"author\":{\"@id\":\"https:\/\/blog.zeit.de\/nsu-prozess-blog\/#\/schema\/person\/553ea9bb5d1fc2ae054c589bd59380a5\"},\"breadcrumb\":{\"@id\":\"https:\/\/blog.zeit.de\/nsu-prozess-blog\/2014\/11\/20\/medienlog-kai-d-verfassungsschutz\/#breadcrumb\"},\"inLanguage\":\"de\",\"potentialAction\":[{\"@type\":\"ReadAction\",\"target\":[\"https:\/\/blog.zeit.de\/nsu-prozess-blog\/2014\/11\/20\/medienlog-kai-d-verfassungsschutz\/\"]}]},{\"@type\":\"BreadcrumbList\",\"@id\":\"https:\/\/blog.zeit.de\/nsu-prozess-blog\/2014\/11\/20\/medienlog-kai-d-verfassungsschutz\/#breadcrumb\",\"itemListElement\":[{\"@type\":\"ListItem\",\"position\":1,\"name\":\"Startseite\",\"item\":\"https:\/\/blog.zeit.de\/nsu-prozess-blog\/\"},{\"@type\":\"ListItem\",\"position\":2,\"name\":\"Verfassungsschutz schleuste Neonazi-Anf\u00fchrer ein \u2013 Das Medienlog vom Donnerstag, 20. November 2014\"}]},{\"@type\":\"WebSite\",\"@id\":\"https:\/\/blog.zeit.de\/nsu-prozess-blog\/#website\",\"url\":\"https:\/\/blog.zeit.de\/nsu-prozess-blog\/\",\"name\":\"Das NSU-Prozess-Blog\",\"description\":\"Alle Berichte zum Terrorverfahren in M\u00fcnchen\",\"potentialAction\":[{\"@type\":\"SearchAction\",\"target\":{\"@type\":\"EntryPoint\",\"urlTemplate\":\"https:\/\/blog.zeit.de\/nsu-prozess-blog\/?s={search_term_string}\"},\"query-input\":\"required name=search_term_string\"}],\"inLanguage\":\"de\"},{\"@type\":\"Person\",\"@id\":\"https:\/\/blog.zeit.de\/nsu-prozess-blog\/#\/schema\/person\/553ea9bb5d1fc2ae054c589bd59380a5\",\"name\":\"Tom Sundermann\",\"image\":{\"@type\":\"ImageObject\",\"inLanguage\":\"de\",\"@id\":\"https:\/\/blog.zeit.de\/nsu-prozess-blog\/#\/schema\/person\/image\/\",\"url\":\"https:\/\/secure.gravatar.com\/avatar\/e108a3dc18766f719b2f797dc5d19093f06a1870c55b553ab6b7563f1f9a5e68?s=96&d=mm&r=g\",\"contentUrl\":\"https:\/\/secure.gravatar.com\/avatar\/e108a3dc18766f719b2f797dc5d19093f06a1870c55b553ab6b7563f1f9a5e68?s=96&d=mm&r=g\",\"caption\":\"Tom Sundermann\"},\"sameAs\":[\"https:\/\/twitter.com\/messeticker\"],\"url\":\"https:\/\/blog.zeit.de\/nsu-prozess-blog\/author\/tsundermann\/\"}]}<\/script>\n<!-- \/ Yoast SEO plugin. -->","yoast_head_json":{"title":"Verfassungsschutz schleuste Neonazi-Anf\u00fchrer ein \u2013 Das Medienlog vom Donnerstag, 20. November 2014 - Das NSU-Prozess-Blog","robots":{"index":"index","follow":"follow","max-snippet":"max-snippet:-1","max-image-preview":"max-image-preview:large","max-video-preview":"max-video-preview:-1"},"canonical":"https:\/\/blog.zeit.de\/nsu-prozess-blog\/2014\/11\/20\/medienlog-kai-d-verfassungsschutz\/","og_locale":"de_DE","og_type":"article","og_title":"Verfassungsschutz schleuste Neonazi-Anf\u00fchrer ein \u2013 Das Medienlog vom Donnerstag, 20. November 2014 - Das NSU-Prozess-Blog","og_description":"Zweite Aussage des V-Manns Kai D. im NSU-Prozess \u2013 dabei kam heraus: Der bayerische Verfassungsschutz setzte den heute 50-J\u00e4hrigen offenbar gezielt in der rechten Szene Frankens ein. Dort baute er eine Organisation rechter Kameraden auf. Zudem nahm er Kontakt zu Tino Brandt auf, einem Wegbegleiter des NSU-Trios. &#8222;Im Gegensatz zu Brandt scheint er nicht aus [&hellip;]","og_url":"https:\/\/blog.zeit.de\/nsu-prozess-blog\/2014\/11\/20\/medienlog-kai-d-verfassungsschutz\/","og_site_name":"Das NSU-Prozess-Blog","article_published_time":"2014-11-20T07:14:41+00:00","article_modified_time":"2014-11-20T07:44:02+00:00","author":"Tom Sundermann","twitter_misc":{"Geschrieben von":"Tom Sundermann","Gesch\u00e4tzte Lesezeit":"2\u00a0Minuten"},"schema":{"@context":"https:\/\/schema.org","@graph":[{"@type":"WebPage","@id":"https:\/\/blog.zeit.de\/nsu-prozess-blog\/2014\/11\/20\/medienlog-kai-d-verfassungsschutz\/","url":"https:\/\/blog.zeit.de\/nsu-prozess-blog\/2014\/11\/20\/medienlog-kai-d-verfassungsschutz\/","name":"Verfassungsschutz schleuste Neonazi-Anf\u00fchrer ein \u2013 Das Medienlog vom Donnerstag, 20. November 2014 - Das NSU-Prozess-Blog","isPartOf":{"@id":"https:\/\/blog.zeit.de\/nsu-prozess-blog\/#website"},"datePublished":"2014-11-20T07:14:41+00:00","dateModified":"2014-11-20T07:44:02+00:00","author":{"@id":"https:\/\/blog.zeit.de\/nsu-prozess-blog\/#\/schema\/person\/553ea9bb5d1fc2ae054c589bd59380a5"},"breadcrumb":{"@id":"https:\/\/blog.zeit.de\/nsu-prozess-blog\/2014\/11\/20\/medienlog-kai-d-verfassungsschutz\/#breadcrumb"},"inLanguage":"de","potentialAction":[{"@type":"ReadAction","target":["https:\/\/blog.zeit.de\/nsu-prozess-blog\/2014\/11\/20\/medienlog-kai-d-verfassungsschutz\/"]}]},{"@type":"BreadcrumbList","@id":"https:\/\/blog.zeit.de\/nsu-prozess-blog\/2014\/11\/20\/medienlog-kai-d-verfassungsschutz\/#breadcrumb","itemListElement":[{"@type":"ListItem","position":1,"name":"Startseite","item":"https:\/\/blog.zeit.de\/nsu-prozess-blog\/"},{"@type":"ListItem","position":2,"name":"Verfassungsschutz schleuste Neonazi-Anf\u00fchrer ein \u2013 Das Medienlog vom Donnerstag, 20. November 2014"}]},{"@type":"WebSite","@id":"https:\/\/blog.zeit.de\/nsu-prozess-blog\/#website","url":"https:\/\/blog.zeit.de\/nsu-prozess-blog\/","name":"Das NSU-Prozess-Blog","description":"Alle Berichte zum Terrorverfahren in M\u00fcnchen","potentialAction":[{"@type":"SearchAction","target":{"@type":"EntryPoint","urlTemplate":"https:\/\/blog.zeit.de\/nsu-prozess-blog\/?s={search_term_string}"},"query-input":"required name=search_term_string"}],"inLanguage":"de"},{"@type":"Person","@id":"https:\/\/blog.zeit.de\/nsu-prozess-blog\/#\/schema\/person\/553ea9bb5d1fc2ae054c589bd59380a5","name":"Tom Sundermann","image":{"@type":"ImageObject","inLanguage":"de","@id":"https:\/\/blog.zeit.de\/nsu-prozess-blog\/#\/schema\/person\/image\/","url":"https:\/\/secure.gravatar.com\/avatar\/e108a3dc18766f719b2f797dc5d19093f06a1870c55b553ab6b7563f1f9a5e68?s=96&d=mm&r=g","contentUrl":"https:\/\/secure.gravatar.com\/avatar\/e108a3dc18766f719b2f797dc5d19093f06a1870c55b553ab6b7563f1f9a5e68?s=96&d=mm&r=g","caption":"Tom Sundermann"},"sameAs":["https:\/\/twitter.com\/messeticker"],"url":"https:\/\/blog.zeit.de\/nsu-prozess-blog\/author\/tsundermann\/"}]}},"jetpack_featured_media_url":"","jetpack_sharing_enabled":true,"_links":{"self":[{"href":"https:\/\/blog.zeit.de\/nsu-prozess-blog\/wp-json\/wp\/v2\/posts\/8049","targetHints":{"allow":["GET"]}}],"collection":[{"href":"https:\/\/blog.zeit.de\/nsu-prozess-blog\/wp-json\/wp\/v2\/posts"}],"about":[{"href":"https:\/\/blog.zeit.de\/nsu-prozess-blog\/wp-json\/wp\/v2\/types\/post"}],"author":[{"embeddable":true,"href":"https:\/\/blog.zeit.de\/nsu-prozess-blog\/wp-json\/wp\/v2\/users\/435"}],"replies":[{"embeddable":true,"href":"https:\/\/blog.zeit.de\/nsu-prozess-blog\/wp-json\/wp\/v2\/comments?post=8049"}],"version-history":[{"count":6,"href":"https:\/\/blog.zeit.de\/nsu-prozess-blog\/wp-json\/wp\/v2\/posts\/8049\/revisions"}],"predecessor-version":[{"id":8055,"href":"https:\/\/blog.zeit.de\/nsu-prozess-blog\/wp-json\/wp\/v2\/posts\/8049\/revisions\/8055"}],"wp:attachment":[{"href":"https:\/\/blog.zeit.de\/nsu-prozess-blog\/wp-json\/wp\/v2\/media?parent=8049"}],"wp:term":[{"taxonomy":"category","embeddable":true,"href":"https:\/\/blog.zeit.de\/nsu-prozess-blog\/wp-json\/wp\/v2\/categories?post=8049"},{"taxonomy":"post_tag","embeddable":true,"href":"https:\/\/blog.zeit.de\/nsu-prozess-blog\/wp-json\/wp\/v2\/tags?post=8049"}],"curies":[{"name":"wp","href":"https:\/\/api.w.org\/{rel}","templated":true}]}}