{"id":8064,"date":"2014-11-26T07:00:55","date_gmt":"2014-11-26T06:00:55","guid":{"rendered":"http:\/\/blog.zeit.de\/nsu-prozess-blog\/?p=8064"},"modified":"2014-11-20T17:08:52","modified_gmt":"2014-11-20T16:08:52","slug":"164-prozesstag-mutmasslicher-nsu-helfer-ralph-h","status":"publish","type":"post","link":"https:\/\/blog.zeit.de\/nsu-prozess-blog\/2014\/11\/26\/164-prozesstag-mutmasslicher-nsu-helfer-ralph-h\/","title":{"rendered":"164. Prozesstag \u2013 Mutma\u00dflicher NSU-Helfer Ralph H."},"content":{"rendered":"<p>Der Zeuge Ralph H. erbrachte den Ermittlungen zufolge wichtige Dienste f\u00fcr das 1998 untergetauchte NSU-Trio: Ein Personalausweis von ihm wurde im <a href=\"https:\/\/blog.zeit.de\/nsu-prozess-blog\/tag\/fruehlingsstrasse\/\">Brandschutt der letzten Wohnung<\/a> des NSU in Zwickau gefunden, zudem wurde unter seiner Identit\u00e4t 1999 eine Wohnung in Chemnitz gemietet \u2013 mutma\u00dflich durch Uwe Mundlos oder Uwe B\u00f6hnhardt.<\/p>\n<p>Deshalb ist H. am Mittwoch als Zeuge nach M\u00fcnchen geladen. Im <a href=\"https:\/\/blog.zeit.de\/nsu-prozess-blog\/die-helfer\/\">Kreis m\u00f6glicher Helfer<\/a> des Trios war sein Fall bislang kaum beachtet worden. Unter seinem Namen wurden zudem Waren bei einem Versandhaus bestellt, mit dem sich Mundlos und B\u00f6hnhardt m\u00f6glicherweise f\u00fcr Anschl\u00e4ge r\u00fcsteten \u2013 unter anderen Abwehrsprays und ein Nachtsichtger\u00e4t. Geladen wurde H. auf Antrag mehrerer Nebenklage-Anw\u00e4lte.<\/p>\n<p><em>ZEIT ONLINE berichtet aus M\u00fcnchen und fasst den Prozesstag am Abend auf diesem Blog zusammen. Informationen aus der Verhandlung gibt es <a href=\"https:\/\/twitter.com\/zeitonline\/lists\/nsu-prozess\">via Twitter hier<\/a>. Weitere Berichte stellen wir morgen im <a href=\"https:\/\/blog.zeit.de\/nsu-prozess-blog\/category\/medienschau\/\">NSU-Medienlog<\/a> zusammen.<\/em><\/p>\n","protected":false},"excerpt":{"rendered":"<p>Der Zeuge Ralph H. erbrachte den Ermittlungen zufolge wichtige Dienste f\u00fcr das 1998 untergetauchte NSU-Trio: Ein Personalausweis von ihm wurde im Brandschutt der letzten Wohnung des NSU in Zwickau gefunden, zudem wurde unter seiner Identit\u00e4t 1999 eine Wohnung in Chemnitz gemietet \u2013 mutma\u00dflich durch Uwe Mundlos oder Uwe B\u00f6hnhardt. Deshalb ist H. am Mittwoch als [&hellip;]<\/p>\n","protected":false},"author":435,"featured_media":0,"comment_status":"open","ping_status":"open","sticky":false,"template":"","format":"standard","meta":{"_jetpack_memberships_contains_paid_content":false,"footnotes":""},"categories":[27532],"tags":[12745,29512,1449,27560],"class_list":["post-8064","post","type-post","status-publish","format-standard","hentry","category-prozesstage","tag-chemnitz","tag-fruehlingsstrasse","tag-unterstutzer","tag-zwickau"],"yoast_head":"<!-- This site is optimized with the Yoast SEO plugin v21.0 - https:\/\/yoast.com\/wordpress\/plugins\/seo\/ -->\n<title>164. Prozesstag \u2013 Mutma\u00dflicher NSU-Helfer Ralph H. - Das NSU-Prozess-Blog<\/title>\n<meta name=\"robots\" content=\"index, follow, max-snippet:-1, max-image-preview:large, max-video-preview:-1\" \/>\n<link rel=\"canonical\" href=\"https:\/\/blog.zeit.de\/nsu-prozess-blog\/2014\/11\/26\/164-prozesstag-mutmasslicher-nsu-helfer-ralph-h\/\" \/>\n<meta property=\"og:locale\" content=\"de_DE\" \/>\n<meta property=\"og:type\" content=\"article\" \/>\n<meta property=\"og:title\" content=\"164. Prozesstag \u2013 Mutma\u00dflicher NSU-Helfer Ralph H. - Das NSU-Prozess-Blog\" \/>\n<meta property=\"og:description\" content=\"Der Zeuge Ralph H. erbrachte den Ermittlungen zufolge wichtige Dienste f\u00fcr das 1998 untergetauchte NSU-Trio: Ein Personalausweis von ihm wurde im Brandschutt der letzten Wohnung des NSU in Zwickau gefunden, zudem wurde unter seiner Identit\u00e4t 1999 eine Wohnung in Chemnitz gemietet \u2013 mutma\u00dflich durch Uwe Mundlos oder Uwe B\u00f6hnhardt. Deshalb ist H. am Mittwoch als [&hellip;]\" \/>\n<meta property=\"og:url\" content=\"https:\/\/blog.zeit.de\/nsu-prozess-blog\/2014\/11\/26\/164-prozesstag-mutmasslicher-nsu-helfer-ralph-h\/\" \/>\n<meta property=\"og:site_name\" content=\"Das NSU-Prozess-Blog\" \/>\n<meta property=\"article:published_time\" content=\"2014-11-26T06:00:55+00:00\" \/>\n<meta property=\"article:modified_time\" content=\"2014-11-20T16:08:52+00:00\" \/>\n<meta name=\"author\" content=\"Tom Sundermann\" \/>\n<meta name=\"twitter:label1\" content=\"Geschrieben von\" \/>\n\t<meta name=\"twitter:data1\" content=\"Tom Sundermann\" \/>\n\t<meta name=\"twitter:label2\" content=\"Gesch\u00e4tzte Lesezeit\" \/>\n\t<meta name=\"twitter:data2\" content=\"1\u00a0Minute\" \/>\n<script type=\"application\/ld+json\" class=\"yoast-schema-graph\">{\"@context\":\"https:\/\/schema.org\",\"@graph\":[{\"@type\":\"WebPage\",\"@id\":\"https:\/\/blog.zeit.de\/nsu-prozess-blog\/2014\/11\/26\/164-prozesstag-mutmasslicher-nsu-helfer-ralph-h\/\",\"url\":\"https:\/\/blog.zeit.de\/nsu-prozess-blog\/2014\/11\/26\/164-prozesstag-mutmasslicher-nsu-helfer-ralph-h\/\",\"name\":\"164. Prozesstag \u2013 Mutma\u00dflicher NSU-Helfer Ralph H. - Das NSU-Prozess-Blog\",\"isPartOf\":{\"@id\":\"https:\/\/blog.zeit.de\/nsu-prozess-blog\/#website\"},\"datePublished\":\"2014-11-26T06:00:55+00:00\",\"dateModified\":\"2014-11-20T16:08:52+00:00\",\"author\":{\"@id\":\"https:\/\/blog.zeit.de\/nsu-prozess-blog\/#\/schema\/person\/553ea9bb5d1fc2ae054c589bd59380a5\"},\"breadcrumb\":{\"@id\":\"https:\/\/blog.zeit.de\/nsu-prozess-blog\/2014\/11\/26\/164-prozesstag-mutmasslicher-nsu-helfer-ralph-h\/#breadcrumb\"},\"inLanguage\":\"de\",\"potentialAction\":[{\"@type\":\"ReadAction\",\"target\":[\"https:\/\/blog.zeit.de\/nsu-prozess-blog\/2014\/11\/26\/164-prozesstag-mutmasslicher-nsu-helfer-ralph-h\/\"]}]},{\"@type\":\"BreadcrumbList\",\"@id\":\"https:\/\/blog.zeit.de\/nsu-prozess-blog\/2014\/11\/26\/164-prozesstag-mutmasslicher-nsu-helfer-ralph-h\/#breadcrumb\",\"itemListElement\":[{\"@type\":\"ListItem\",\"position\":1,\"name\":\"Startseite\",\"item\":\"https:\/\/blog.zeit.de\/nsu-prozess-blog\/\"},{\"@type\":\"ListItem\",\"position\":2,\"name\":\"164. Prozesstag \u2013 Mutma\u00dflicher NSU-Helfer Ralph H.\"}]},{\"@type\":\"WebSite\",\"@id\":\"https:\/\/blog.zeit.de\/nsu-prozess-blog\/#website\",\"url\":\"https:\/\/blog.zeit.de\/nsu-prozess-blog\/\",\"name\":\"Das NSU-Prozess-Blog\",\"description\":\"Alle Berichte zum Terrorverfahren in M\u00fcnchen\",\"potentialAction\":[{\"@type\":\"SearchAction\",\"target\":{\"@type\":\"EntryPoint\",\"urlTemplate\":\"https:\/\/blog.zeit.de\/nsu-prozess-blog\/?s={search_term_string}\"},\"query-input\":\"required name=search_term_string\"}],\"inLanguage\":\"de\"},{\"@type\":\"Person\",\"@id\":\"https:\/\/blog.zeit.de\/nsu-prozess-blog\/#\/schema\/person\/553ea9bb5d1fc2ae054c589bd59380a5\",\"name\":\"Tom Sundermann\",\"image\":{\"@type\":\"ImageObject\",\"inLanguage\":\"de\",\"@id\":\"https:\/\/blog.zeit.de\/nsu-prozess-blog\/#\/schema\/person\/image\/\",\"url\":\"https:\/\/secure.gravatar.com\/avatar\/e108a3dc18766f719b2f797dc5d19093f06a1870c55b553ab6b7563f1f9a5e68?s=96&d=mm&r=g\",\"contentUrl\":\"https:\/\/secure.gravatar.com\/avatar\/e108a3dc18766f719b2f797dc5d19093f06a1870c55b553ab6b7563f1f9a5e68?s=96&d=mm&r=g\",\"caption\":\"Tom Sundermann\"},\"sameAs\":[\"https:\/\/twitter.com\/messeticker\"],\"url\":\"https:\/\/blog.zeit.de\/nsu-prozess-blog\/author\/tsundermann\/\"}]}<\/script>\n<!-- \/ Yoast SEO plugin. -->","yoast_head_json":{"title":"164. Prozesstag \u2013 Mutma\u00dflicher NSU-Helfer Ralph H. - Das NSU-Prozess-Blog","robots":{"index":"index","follow":"follow","max-snippet":"max-snippet:-1","max-image-preview":"max-image-preview:large","max-video-preview":"max-video-preview:-1"},"canonical":"https:\/\/blog.zeit.de\/nsu-prozess-blog\/2014\/11\/26\/164-prozesstag-mutmasslicher-nsu-helfer-ralph-h\/","og_locale":"de_DE","og_type":"article","og_title":"164. Prozesstag \u2013 Mutma\u00dflicher NSU-Helfer Ralph H. - Das NSU-Prozess-Blog","og_description":"Der Zeuge Ralph H. erbrachte den Ermittlungen zufolge wichtige Dienste f\u00fcr das 1998 untergetauchte NSU-Trio: Ein Personalausweis von ihm wurde im Brandschutt der letzten Wohnung des NSU in Zwickau gefunden, zudem wurde unter seiner Identit\u00e4t 1999 eine Wohnung in Chemnitz gemietet \u2013 mutma\u00dflich durch Uwe Mundlos oder Uwe B\u00f6hnhardt. Deshalb ist H. am Mittwoch als [&hellip;]","og_url":"https:\/\/blog.zeit.de\/nsu-prozess-blog\/2014\/11\/26\/164-prozesstag-mutmasslicher-nsu-helfer-ralph-h\/","og_site_name":"Das NSU-Prozess-Blog","article_published_time":"2014-11-26T06:00:55+00:00","article_modified_time":"2014-11-20T16:08:52+00:00","author":"Tom Sundermann","twitter_misc":{"Geschrieben von":"Tom Sundermann","Gesch\u00e4tzte Lesezeit":"1\u00a0Minute"},"schema":{"@context":"https:\/\/schema.org","@graph":[{"@type":"WebPage","@id":"https:\/\/blog.zeit.de\/nsu-prozess-blog\/2014\/11\/26\/164-prozesstag-mutmasslicher-nsu-helfer-ralph-h\/","url":"https:\/\/blog.zeit.de\/nsu-prozess-blog\/2014\/11\/26\/164-prozesstag-mutmasslicher-nsu-helfer-ralph-h\/","name":"164. Prozesstag \u2013 Mutma\u00dflicher NSU-Helfer Ralph H. - Das NSU-Prozess-Blog","isPartOf":{"@id":"https:\/\/blog.zeit.de\/nsu-prozess-blog\/#website"},"datePublished":"2014-11-26T06:00:55+00:00","dateModified":"2014-11-20T16:08:52+00:00","author":{"@id":"https:\/\/blog.zeit.de\/nsu-prozess-blog\/#\/schema\/person\/553ea9bb5d1fc2ae054c589bd59380a5"},"breadcrumb":{"@id":"https:\/\/blog.zeit.de\/nsu-prozess-blog\/2014\/11\/26\/164-prozesstag-mutmasslicher-nsu-helfer-ralph-h\/#breadcrumb"},"inLanguage":"de","potentialAction":[{"@type":"ReadAction","target":["https:\/\/blog.zeit.de\/nsu-prozess-blog\/2014\/11\/26\/164-prozesstag-mutmasslicher-nsu-helfer-ralph-h\/"]}]},{"@type":"BreadcrumbList","@id":"https:\/\/blog.zeit.de\/nsu-prozess-blog\/2014\/11\/26\/164-prozesstag-mutmasslicher-nsu-helfer-ralph-h\/#breadcrumb","itemListElement":[{"@type":"ListItem","position":1,"name":"Startseite","item":"https:\/\/blog.zeit.de\/nsu-prozess-blog\/"},{"@type":"ListItem","position":2,"name":"164. Prozesstag \u2013 Mutma\u00dflicher NSU-Helfer Ralph H."}]},{"@type":"WebSite","@id":"https:\/\/blog.zeit.de\/nsu-prozess-blog\/#website","url":"https:\/\/blog.zeit.de\/nsu-prozess-blog\/","name":"Das NSU-Prozess-Blog","description":"Alle Berichte zum Terrorverfahren in M\u00fcnchen","potentialAction":[{"@type":"SearchAction","target":{"@type":"EntryPoint","urlTemplate":"https:\/\/blog.zeit.de\/nsu-prozess-blog\/?s={search_term_string}"},"query-input":"required name=search_term_string"}],"inLanguage":"de"},{"@type":"Person","@id":"https:\/\/blog.zeit.de\/nsu-prozess-blog\/#\/schema\/person\/553ea9bb5d1fc2ae054c589bd59380a5","name":"Tom Sundermann","image":{"@type":"ImageObject","inLanguage":"de","@id":"https:\/\/blog.zeit.de\/nsu-prozess-blog\/#\/schema\/person\/image\/","url":"https:\/\/secure.gravatar.com\/avatar\/e108a3dc18766f719b2f797dc5d19093f06a1870c55b553ab6b7563f1f9a5e68?s=96&d=mm&r=g","contentUrl":"https:\/\/secure.gravatar.com\/avatar\/e108a3dc18766f719b2f797dc5d19093f06a1870c55b553ab6b7563f1f9a5e68?s=96&d=mm&r=g","caption":"Tom Sundermann"},"sameAs":["https:\/\/twitter.com\/messeticker"],"url":"https:\/\/blog.zeit.de\/nsu-prozess-blog\/author\/tsundermann\/"}]}},"jetpack_featured_media_url":"","jetpack_sharing_enabled":true,"_links":{"self":[{"href":"https:\/\/blog.zeit.de\/nsu-prozess-blog\/wp-json\/wp\/v2\/posts\/8064","targetHints":{"allow":["GET"]}}],"collection":[{"href":"https:\/\/blog.zeit.de\/nsu-prozess-blog\/wp-json\/wp\/v2\/posts"}],"about":[{"href":"https:\/\/blog.zeit.de\/nsu-prozess-blog\/wp-json\/wp\/v2\/types\/post"}],"author":[{"embeddable":true,"href":"https:\/\/blog.zeit.de\/nsu-prozess-blog\/wp-json\/wp\/v2\/users\/435"}],"replies":[{"embeddable":true,"href":"https:\/\/blog.zeit.de\/nsu-prozess-blog\/wp-json\/wp\/v2\/comments?post=8064"}],"version-history":[{"count":2,"href":"https:\/\/blog.zeit.de\/nsu-prozess-blog\/wp-json\/wp\/v2\/posts\/8064\/revisions"}],"predecessor-version":[{"id":8067,"href":"https:\/\/blog.zeit.de\/nsu-prozess-blog\/wp-json\/wp\/v2\/posts\/8064\/revisions\/8067"}],"wp:attachment":[{"href":"https:\/\/blog.zeit.de\/nsu-prozess-blog\/wp-json\/wp\/v2\/media?parent=8064"}],"wp:term":[{"taxonomy":"category","embeddable":true,"href":"https:\/\/blog.zeit.de\/nsu-prozess-blog\/wp-json\/wp\/v2\/categories?post=8064"},{"taxonomy":"post_tag","embeddable":true,"href":"https:\/\/blog.zeit.de\/nsu-prozess-blog\/wp-json\/wp\/v2\/tags?post=8064"}],"curies":[{"name":"wp","href":"https:\/\/api.w.org\/{rel}","templated":true}]}}