{"id":8068,"date":"2014-11-27T07:00:04","date_gmt":"2014-11-27T06:00:04","guid":{"rendered":"http:\/\/blog.zeit.de\/nsu-prozess-blog\/?p=8068"},"modified":"2014-11-20T17:17:11","modified_gmt":"2014-11-20T16:17:11","slug":"165-prozesstag-fruehe-aussagen-von-zschaepe-und-wohlleben","status":"publish","type":"post","link":"https:\/\/blog.zeit.de\/nsu-prozess-blog\/2014\/11\/27\/165-prozesstag-fruehe-aussagen-von-zschaepe-und-wohlleben\/","title":{"rendered":"165. Prozesstag \u2013 Fr\u00fche Aussagen von Zsch\u00e4pe und Wohlleben"},"content":{"rendered":"<p>Erneut befasst sich das Gericht mit dem Fall der <a href=\"https:\/\/blog.zeit.de\/nsu-prozess-blog\/2014\/11\/18\/wie-die-kameraden-boehnhardt-deckten\/\">Bombenattrappe aus dem Jahr 1996<\/a>, die Uwe B\u00f6hnhardt an einer Autobahnbr\u00fccke nahe Jena platziert haben soll. Damals sagten auch Beate Zsch\u00e4pe und der Mitangeklagte Ralf Wohlleben bei der Polizei aus \u2013 und deckten ihren Kameraden B\u00f6hnhardt, indem sie ihm ein Alibi gaben. F\u00fcr die Tat wurde B\u00f6hnhardt verurteilt, sp\u00e4ter wurde das Urteil aus Mangel an Beweisen aufgehoben.<\/p>\n<p>Ein Polizist, der Zsch\u00e4pe und Wohlleben kurz nach der Tat vernahm, sagt nun als Zeuge im Prozess aus. Die Aussage, die Zsch\u00e4pe zwei Jahre vor dem Untertauchen des NSU-Trios machte, k\u00f6nnte heute Hinweise zur Ideologie von <a href=\"http:\/\/www.zeit.de\/gesellschaft\/zeitgeschehen\/2013-11\/nsu-prozess-boehnhardt-aussage-schuld\">B\u00f6hnhardt<\/a> liefern, zudem auf den Zusammenhalt des NSU-Trios. Zu der Tat hatte das Gericht bereits <a href=\"https:\/\/blog.zeit.de\/nsu-prozess-blog\/2014\/10\/23\/medienlog-ceska-mordwaffe-nebenklage-schmuggel\/\">mehrfach Ermittler von damals angeh\u00f6rt<\/a>.<\/p>\n<p>Zudem sagt ein Gutachter des Bundeskriminalamts aus, der f\u00fcr den Prozess ein Gutachten erstellt hat.<\/p>\n<p><em>Informationen aus der Verhandlung gibt es <a href=\"https:\/\/twitter.com\/zeitonline\/lists\/nsu-prozess\">via Twitter hier<\/a>. Die Berichte dar\u00fcber fassen wir morgen im <a href=\"https:\/\/blog.zeit.de\/nsu-prozess-blog\/category\/medienschau\/\">NSU-Medienlog<\/a> zusammen.<\/em><\/p>\n","protected":false},"excerpt":{"rendered":"<p>Erneut befasst sich das Gericht mit dem Fall der Bombenattrappe aus dem Jahr 1996, die Uwe B\u00f6hnhardt an einer Autobahnbr\u00fccke nahe Jena platziert haben soll. Damals sagten auch Beate Zsch\u00e4pe und der Mitangeklagte Ralf Wohlleben bei der Polizei aus \u2013 und deckten ihren Kameraden B\u00f6hnhardt, indem sie ihm ein Alibi gaben. F\u00fcr die Tat wurde [&hellip;]<\/p>\n","protected":false},"author":435,"featured_media":0,"comment_status":"open","ping_status":"open","sticky":false,"template":"","format":"standard","meta":{"_jetpack_memberships_contains_paid_content":false,"footnotes":""},"categories":[27532],"tags":[17793,1626,17772,22860],"class_list":["post-8068","post","type-post","status-publish","format-standard","hentry","category-prozesstage","tag-beate-zschape","tag-jena","tag-ralf-wohlleben","tag-uwe-bohnhardt"],"yoast_head":"<!-- This site is optimized with the Yoast SEO plugin v21.0 - https:\/\/yoast.com\/wordpress\/plugins\/seo\/ -->\n<title>165. Prozesstag \u2013 Fr\u00fche Aussagen von Zsch\u00e4pe und Wohlleben - Das NSU-Prozess-Blog<\/title>\n<meta name=\"robots\" content=\"index, follow, max-snippet:-1, max-image-preview:large, max-video-preview:-1\" \/>\n<link rel=\"canonical\" href=\"https:\/\/blog.zeit.de\/nsu-prozess-blog\/2014\/11\/27\/165-prozesstag-fruehe-aussagen-von-zschaepe-und-wohlleben\/\" \/>\n<meta property=\"og:locale\" content=\"de_DE\" \/>\n<meta property=\"og:type\" content=\"article\" \/>\n<meta property=\"og:title\" content=\"165. Prozesstag \u2013 Fr\u00fche Aussagen von Zsch\u00e4pe und Wohlleben - Das NSU-Prozess-Blog\" \/>\n<meta property=\"og:description\" content=\"Erneut befasst sich das Gericht mit dem Fall der Bombenattrappe aus dem Jahr 1996, die Uwe B\u00f6hnhardt an einer Autobahnbr\u00fccke nahe Jena platziert haben soll. Damals sagten auch Beate Zsch\u00e4pe und der Mitangeklagte Ralf Wohlleben bei der Polizei aus \u2013 und deckten ihren Kameraden B\u00f6hnhardt, indem sie ihm ein Alibi gaben. F\u00fcr die Tat wurde [&hellip;]\" \/>\n<meta property=\"og:url\" content=\"https:\/\/blog.zeit.de\/nsu-prozess-blog\/2014\/11\/27\/165-prozesstag-fruehe-aussagen-von-zschaepe-und-wohlleben\/\" \/>\n<meta property=\"og:site_name\" content=\"Das NSU-Prozess-Blog\" \/>\n<meta property=\"article:published_time\" content=\"2014-11-27T06:00:04+00:00\" \/>\n<meta property=\"article:modified_time\" content=\"2014-11-20T16:17:11+00:00\" \/>\n<meta name=\"author\" content=\"Tom Sundermann\" \/>\n<meta name=\"twitter:label1\" content=\"Geschrieben von\" \/>\n\t<meta name=\"twitter:data1\" content=\"Tom Sundermann\" \/>\n\t<meta name=\"twitter:label2\" content=\"Gesch\u00e4tzte Lesezeit\" \/>\n\t<meta name=\"twitter:data2\" content=\"1\u00a0Minute\" \/>\n<script type=\"application\/ld+json\" class=\"yoast-schema-graph\">{\"@context\":\"https:\/\/schema.org\",\"@graph\":[{\"@type\":\"WebPage\",\"@id\":\"https:\/\/blog.zeit.de\/nsu-prozess-blog\/2014\/11\/27\/165-prozesstag-fruehe-aussagen-von-zschaepe-und-wohlleben\/\",\"url\":\"https:\/\/blog.zeit.de\/nsu-prozess-blog\/2014\/11\/27\/165-prozesstag-fruehe-aussagen-von-zschaepe-und-wohlleben\/\",\"name\":\"165. Prozesstag \u2013 Fr\u00fche Aussagen von Zsch\u00e4pe und Wohlleben - Das NSU-Prozess-Blog\",\"isPartOf\":{\"@id\":\"https:\/\/blog.zeit.de\/nsu-prozess-blog\/#website\"},\"datePublished\":\"2014-11-27T06:00:04+00:00\",\"dateModified\":\"2014-11-20T16:17:11+00:00\",\"author\":{\"@id\":\"https:\/\/blog.zeit.de\/nsu-prozess-blog\/#\/schema\/person\/553ea9bb5d1fc2ae054c589bd59380a5\"},\"breadcrumb\":{\"@id\":\"https:\/\/blog.zeit.de\/nsu-prozess-blog\/2014\/11\/27\/165-prozesstag-fruehe-aussagen-von-zschaepe-und-wohlleben\/#breadcrumb\"},\"inLanguage\":\"de\",\"potentialAction\":[{\"@type\":\"ReadAction\",\"target\":[\"https:\/\/blog.zeit.de\/nsu-prozess-blog\/2014\/11\/27\/165-prozesstag-fruehe-aussagen-von-zschaepe-und-wohlleben\/\"]}]},{\"@type\":\"BreadcrumbList\",\"@id\":\"https:\/\/blog.zeit.de\/nsu-prozess-blog\/2014\/11\/27\/165-prozesstag-fruehe-aussagen-von-zschaepe-und-wohlleben\/#breadcrumb\",\"itemListElement\":[{\"@type\":\"ListItem\",\"position\":1,\"name\":\"Startseite\",\"item\":\"https:\/\/blog.zeit.de\/nsu-prozess-blog\/\"},{\"@type\":\"ListItem\",\"position\":2,\"name\":\"165. Prozesstag \u2013 Fr\u00fche Aussagen von Zsch\u00e4pe und Wohlleben\"}]},{\"@type\":\"WebSite\",\"@id\":\"https:\/\/blog.zeit.de\/nsu-prozess-blog\/#website\",\"url\":\"https:\/\/blog.zeit.de\/nsu-prozess-blog\/\",\"name\":\"Das NSU-Prozess-Blog\",\"description\":\"Alle Berichte zum Terrorverfahren in M\u00fcnchen\",\"potentialAction\":[{\"@type\":\"SearchAction\",\"target\":{\"@type\":\"EntryPoint\",\"urlTemplate\":\"https:\/\/blog.zeit.de\/nsu-prozess-blog\/?s={search_term_string}\"},\"query-input\":\"required name=search_term_string\"}],\"inLanguage\":\"de\"},{\"@type\":\"Person\",\"@id\":\"https:\/\/blog.zeit.de\/nsu-prozess-blog\/#\/schema\/person\/553ea9bb5d1fc2ae054c589bd59380a5\",\"name\":\"Tom Sundermann\",\"image\":{\"@type\":\"ImageObject\",\"inLanguage\":\"de\",\"@id\":\"https:\/\/blog.zeit.de\/nsu-prozess-blog\/#\/schema\/person\/image\/\",\"url\":\"https:\/\/secure.gravatar.com\/avatar\/e108a3dc18766f719b2f797dc5d19093f06a1870c55b553ab6b7563f1f9a5e68?s=96&d=mm&r=g\",\"contentUrl\":\"https:\/\/secure.gravatar.com\/avatar\/e108a3dc18766f719b2f797dc5d19093f06a1870c55b553ab6b7563f1f9a5e68?s=96&d=mm&r=g\",\"caption\":\"Tom Sundermann\"},\"sameAs\":[\"https:\/\/twitter.com\/messeticker\"],\"url\":\"https:\/\/blog.zeit.de\/nsu-prozess-blog\/author\/tsundermann\/\"}]}<\/script>\n<!-- \/ Yoast SEO plugin. -->","yoast_head_json":{"title":"165. Prozesstag \u2013 Fr\u00fche Aussagen von Zsch\u00e4pe und Wohlleben - Das NSU-Prozess-Blog","robots":{"index":"index","follow":"follow","max-snippet":"max-snippet:-1","max-image-preview":"max-image-preview:large","max-video-preview":"max-video-preview:-1"},"canonical":"https:\/\/blog.zeit.de\/nsu-prozess-blog\/2014\/11\/27\/165-prozesstag-fruehe-aussagen-von-zschaepe-und-wohlleben\/","og_locale":"de_DE","og_type":"article","og_title":"165. Prozesstag \u2013 Fr\u00fche Aussagen von Zsch\u00e4pe und Wohlleben - Das NSU-Prozess-Blog","og_description":"Erneut befasst sich das Gericht mit dem Fall der Bombenattrappe aus dem Jahr 1996, die Uwe B\u00f6hnhardt an einer Autobahnbr\u00fccke nahe Jena platziert haben soll. Damals sagten auch Beate Zsch\u00e4pe und der Mitangeklagte Ralf Wohlleben bei der Polizei aus \u2013 und deckten ihren Kameraden B\u00f6hnhardt, indem sie ihm ein Alibi gaben. F\u00fcr die Tat wurde [&hellip;]","og_url":"https:\/\/blog.zeit.de\/nsu-prozess-blog\/2014\/11\/27\/165-prozesstag-fruehe-aussagen-von-zschaepe-und-wohlleben\/","og_site_name":"Das NSU-Prozess-Blog","article_published_time":"2014-11-27T06:00:04+00:00","article_modified_time":"2014-11-20T16:17:11+00:00","author":"Tom Sundermann","twitter_misc":{"Geschrieben von":"Tom Sundermann","Gesch\u00e4tzte Lesezeit":"1\u00a0Minute"},"schema":{"@context":"https:\/\/schema.org","@graph":[{"@type":"WebPage","@id":"https:\/\/blog.zeit.de\/nsu-prozess-blog\/2014\/11\/27\/165-prozesstag-fruehe-aussagen-von-zschaepe-und-wohlleben\/","url":"https:\/\/blog.zeit.de\/nsu-prozess-blog\/2014\/11\/27\/165-prozesstag-fruehe-aussagen-von-zschaepe-und-wohlleben\/","name":"165. Prozesstag \u2013 Fr\u00fche Aussagen von Zsch\u00e4pe und Wohlleben - Das NSU-Prozess-Blog","isPartOf":{"@id":"https:\/\/blog.zeit.de\/nsu-prozess-blog\/#website"},"datePublished":"2014-11-27T06:00:04+00:00","dateModified":"2014-11-20T16:17:11+00:00","author":{"@id":"https:\/\/blog.zeit.de\/nsu-prozess-blog\/#\/schema\/person\/553ea9bb5d1fc2ae054c589bd59380a5"},"breadcrumb":{"@id":"https:\/\/blog.zeit.de\/nsu-prozess-blog\/2014\/11\/27\/165-prozesstag-fruehe-aussagen-von-zschaepe-und-wohlleben\/#breadcrumb"},"inLanguage":"de","potentialAction":[{"@type":"ReadAction","target":["https:\/\/blog.zeit.de\/nsu-prozess-blog\/2014\/11\/27\/165-prozesstag-fruehe-aussagen-von-zschaepe-und-wohlleben\/"]}]},{"@type":"BreadcrumbList","@id":"https:\/\/blog.zeit.de\/nsu-prozess-blog\/2014\/11\/27\/165-prozesstag-fruehe-aussagen-von-zschaepe-und-wohlleben\/#breadcrumb","itemListElement":[{"@type":"ListItem","position":1,"name":"Startseite","item":"https:\/\/blog.zeit.de\/nsu-prozess-blog\/"},{"@type":"ListItem","position":2,"name":"165. Prozesstag \u2013 Fr\u00fche Aussagen von Zsch\u00e4pe und Wohlleben"}]},{"@type":"WebSite","@id":"https:\/\/blog.zeit.de\/nsu-prozess-blog\/#website","url":"https:\/\/blog.zeit.de\/nsu-prozess-blog\/","name":"Das NSU-Prozess-Blog","description":"Alle Berichte zum Terrorverfahren in M\u00fcnchen","potentialAction":[{"@type":"SearchAction","target":{"@type":"EntryPoint","urlTemplate":"https:\/\/blog.zeit.de\/nsu-prozess-blog\/?s={search_term_string}"},"query-input":"required name=search_term_string"}],"inLanguage":"de"},{"@type":"Person","@id":"https:\/\/blog.zeit.de\/nsu-prozess-blog\/#\/schema\/person\/553ea9bb5d1fc2ae054c589bd59380a5","name":"Tom Sundermann","image":{"@type":"ImageObject","inLanguage":"de","@id":"https:\/\/blog.zeit.de\/nsu-prozess-blog\/#\/schema\/person\/image\/","url":"https:\/\/secure.gravatar.com\/avatar\/e108a3dc18766f719b2f797dc5d19093f06a1870c55b553ab6b7563f1f9a5e68?s=96&d=mm&r=g","contentUrl":"https:\/\/secure.gravatar.com\/avatar\/e108a3dc18766f719b2f797dc5d19093f06a1870c55b553ab6b7563f1f9a5e68?s=96&d=mm&r=g","caption":"Tom Sundermann"},"sameAs":["https:\/\/twitter.com\/messeticker"],"url":"https:\/\/blog.zeit.de\/nsu-prozess-blog\/author\/tsundermann\/"}]}},"jetpack_featured_media_url":"","jetpack_sharing_enabled":true,"_links":{"self":[{"href":"https:\/\/blog.zeit.de\/nsu-prozess-blog\/wp-json\/wp\/v2\/posts\/8068","targetHints":{"allow":["GET"]}}],"collection":[{"href":"https:\/\/blog.zeit.de\/nsu-prozess-blog\/wp-json\/wp\/v2\/posts"}],"about":[{"href":"https:\/\/blog.zeit.de\/nsu-prozess-blog\/wp-json\/wp\/v2\/types\/post"}],"author":[{"embeddable":true,"href":"https:\/\/blog.zeit.de\/nsu-prozess-blog\/wp-json\/wp\/v2\/users\/435"}],"replies":[{"embeddable":true,"href":"https:\/\/blog.zeit.de\/nsu-prozess-blog\/wp-json\/wp\/v2\/comments?post=8068"}],"version-history":[{"count":1,"href":"https:\/\/blog.zeit.de\/nsu-prozess-blog\/wp-json\/wp\/v2\/posts\/8068\/revisions"}],"predecessor-version":[{"id":8069,"href":"https:\/\/blog.zeit.de\/nsu-prozess-blog\/wp-json\/wp\/v2\/posts\/8068\/revisions\/8069"}],"wp:attachment":[{"href":"https:\/\/blog.zeit.de\/nsu-prozess-blog\/wp-json\/wp\/v2\/media?parent=8068"}],"wp:term":[{"taxonomy":"category","embeddable":true,"href":"https:\/\/blog.zeit.de\/nsu-prozess-blog\/wp-json\/wp\/v2\/categories?post=8068"},{"taxonomy":"post_tag","embeddable":true,"href":"https:\/\/blog.zeit.de\/nsu-prozess-blog\/wp-json\/wp\/v2\/tags?post=8068"}],"curies":[{"name":"wp","href":"https:\/\/api.w.org\/{rel}","templated":true}]}}