{"id":8091,"date":"2014-11-26T18:51:24","date_gmt":"2014-11-26T17:51:24","guid":{"rendered":"http:\/\/blog.zeit.de\/nsu-prozess-blog\/?p=8091"},"modified":"2014-11-26T19:33:11","modified_gmt":"2014-11-26T18:33:11","slug":"der-zeuge-mit-den-zufaellen","status":"publish","type":"post","link":"https:\/\/blog.zeit.de\/nsu-prozess-blog\/2014\/11\/26\/der-zeuge-mit-den-zufaellen\/","title":{"rendered":"Der Zeuge mit den Zuf\u00e4llen"},"content":{"rendered":"<p><strong>Den NSU-Terroristen will er nicht geholfen haben \u2013 doch der Ausweis von Ralph H. lag in deren letzter Wohnung. Nur einer von vielen Zuf\u00e4llen um einen dubiosen Zeugen.<\/strong><\/p>\n<p>Ist Ralph H. ein engagierter rechtsextremer Helfer? Oder ein gutm\u00fctiger Mitl\u00e4ufer, der sich von den Terroristen des NSU hat einspannen lassen? Der hagere Mann wirkt auff\u00e4llig harmlos \u2013 keine Insignien der rechten Szene, kein rasiertes Haupt. Im Ringelpullover setzt sich der 40-J\u00e4hrige an den Zeugentisch im M\u00fcnchner Oberlandesgericht. Doch H. hat wohl nicht ohne Grund vorgesorgt und seinen Anwalt mitgebracht, einen Szenejuristen aus Chemnitz.<\/p>\n<p>Gegen H. gibt es einen schwerwiegenden Verdacht: Aus dem Schutt des niedergebrannten Hauses in Zwickau, in dem die drei NSU-Terroristen zuletzt gewohnt hatten, fischten Polizisten seinen Personalausweis. Vieles deutet darauf hin, dass H. ein weiterer Unterst\u00fctzer war, der Beate Zsch\u00e4pe, Uwe Mundlos und Uwe B\u00f6hnhardt mit seiner Identit\u00e4t half, unerkannt im Untergrund zu leben. Nicht auszuschlie\u00dfen ist au\u00dferdem, dass er ihnen mit einer Wohnung und Ausr\u00fcstungsgegenst\u00e4nden behilflich war.<\/p>\n<p>Die drei fl\u00fcchteten 1998, nachdem Sprengstoff in Zsch\u00e4pes Garage in Jena gefunden worden war. In der Folgezeit kamen sie bei verschiedenen Kameraden aus der rechten Szene unter, bevor sie unter falschen Namen selbst Wohnungen mieteten. Die ersten Unterk\u00fcnfte vermittelte der Neonazi Thomas S., eine Gr\u00f6\u00dfe in den rechten Kreisen von Chemnitz. Auch bei Ralph H. rief er an.<\/p>\n<p>Was folgte, war eine Szene wie aus einem Thriller: S. traf H. in der Innenstadt, begleitet von zwei M\u00e4nnern, die ihre Gesichter tief in Kapuzenpullovern verbargen. Der Kumpel fragte, ob er sie f\u00fcr ein paar Tage als Untermieter aufnehmen k\u00f6nne. H. sagt, er habe abgelehnt, weil er noch bei seinen Eltern lebte. Wer die beiden waren und warum sie so dringend eine Wohnung brauchten, danach habe er nicht gefragt: &#8222;Das hat mich nicht weiter interessiert.&#8220; Wom\u00f6glich gab es auch gar keinen Grund, nachzuhaken \u2013 dass drei Rechtsextreme aus Jena gefl\u00fcchtet waren, war in weiten Teilen der Szene bekannt.<\/p>\n<p><strong>&#8222;Eine zentrale Figur&#8220;<\/strong><\/p>\n<p>\u00dcberhaupt schien H. von der dubiosen Anfrage nicht \u00fcberrascht: &#8222;Ich glaube, ich war nicht der erste, der von S. angerufen wurde.&#8220; Der sei schlie\u00dflich &#8222;eine zentrale Figur&#8220; gewesen und habe ihn nur selten getroffen. Merkw\u00fcrdig nur, dass S. offenbar so erpicht auf H.s Unterst\u00fctzung war, dass er ein halbes Jahr sp\u00e4ter schon wieder an ihn herantrat. An einem Abend in einer einschl\u00e4gigen Kneipe fragte er erneut \u2013 doch H. will wieder nein gesagt und S. an einen Kumpel verwiesen haben.<\/p>\n<p>Ob die beiden M\u00e4nner Mundlos und B\u00f6hnhardt waren, steht nicht fest. Doch zur Zeit der Wohnungsanfrage mehren sich weitere Auff\u00e4lligkeiten, die Ermittler nach dem Auffliegen des NSU im November 2011 zu H. zur\u00fcckf\u00fchrten. So beantragte er im Februar 1999 einen neuen Personalausweis. Den alten will er verloren haben, m\u00f6glicherweise nachdem er angetrunken von einem Wirtshausbesuch nach Hause ging.<\/p>\n<p>Das Dokument tauchte erst zw\u00f6lf Jahre sp\u00e4ter wieder auf \u2013 in der Zwickauer Brandruine. Richter Manfred G\u00f6tzl verzichtet darauf, H. mit dieser Tatsache zu konfrontieren. Wahrscheinlich h\u00e4tte H. eine der \u00fcblichen Ausweichfloskeln pr\u00e4sentiert, mit denen er auf die meisten Fragen antwortet: &#8222;Das kann ich nicht mehr einordnen.&#8220;<\/p>\n<p><strong>\u00dcber die Konsequenzen nicht im Klaren?<\/strong><\/p>\n<p>Unerkl\u00e4rlich ist H. angeblich auch, dass auf seinen Namen eine Wohnung in der Chemnitzer Cranachstra\u00dfe gemietet wurde. Dort zog offenbar niemand ein \u2013 doch Unbekannte nutzten die Adresse, um bei mehreren Versandh\u00e4usern Waren zu bestellen und nicht zu bezahlen. Bei einem Versand f\u00fcr Jagdzubeh\u00f6r wurden unter anderem Abwehrsprays und ein Nachtsichtger\u00e4t bestellt \u2013 sp\u00e4ter gefunden im Schutt in Zwickau. Bei demselben Unternehmen hatte er schon Jahre zuvor etwas bestellt, regul\u00e4r und ehrlich bezahlt.<\/p>\n<p>Denkbar ist somit, dass das NSU-Trio den Ausweis nutzte, um sich kostenlos einzudecken \u2013 durchaus gegen H.s Willen, der Anzeige erstattete, als Inkassoforderungen an seiner Meldeadresse eintrafen. Hatte er das Papier abgegeben, ohne sich \u00fcber die Konsequenzen im Klaren zu sein?<\/p>\n<p>M\u00f6glich ist jedenfalls, dass H. einfach nur seinen rechten Kameraden gefallen wollte. Richter G\u00f6tzl fragt ihn nach der Einstellung, die er Ende der neunziger Jahre vertrat. H. stammelt von Sonnenwendfeiern und Zusammengeh\u00f6rigkeitsgef\u00fchl in der Szene, vom &#8222;Elit\u00e4ren&#8220; in der nationalen Bewegung. Von politischen Meinungen spricht er nicht.<\/p>\n<p>Gegen Ende heizt sich die Stimmung auf, als der Nebenklageanwalt Mehmet Daimag\u00fcler H. jeden Namen der zehn mutma\u00dflichen NSU-Mordopfer vorliest und ihr Todesdatum erg\u00e4nzt. Es ist wohl der Versuch, dem Zeugen die Tragweite einer Unterst\u00fctzung von militanten Neonazis klarzumachen. Doch damit f\u00e4ngt er sich den Protest der Verteidigung ein: &#8222;Es ist eindeutig, dass diese Fragen f\u00fcr die Galerie sind&#8220;, wirft Olaf Klemke ein, der Verteidiger des Mitangeklagten Ralf Wohlleben. Daimag\u00fcler fragt zur\u00fcck, ob der Anwalt &#8222;Probleme mit der deutschen Sprache&#8220; habe. Es entbrennt ein lauter Konflikt, in dem auch G\u00f6tzl mitmischt. F\u00fcr die Prozessbeteiligten ein wenig w\u00fcrdevoller Auftritt \u2013 und f\u00fcr Ralph H. eine Gelegenheit, an seiner Version der Realit\u00e4t weiter zu feilen.<\/p>\n","protected":false},"excerpt":{"rendered":"<p>Den NSU-Terroristen will er nicht geholfen haben \u2013 doch der Ausweis von Ralph H. lag in deren letzter Wohnung. Nur einer von vielen Zuf\u00e4llen um einen dubiosen Zeugen. Ist Ralph H. ein engagierter rechtsextremer Helfer? Oder ein gutm\u00fctiger Mitl\u00e4ufer, der sich von den Terroristen des NSU hat einspannen lassen? Der hagere Mann wirkt auff\u00e4llig harmlos [&hellip;]<\/p>\n","protected":false},"author":435,"featured_media":0,"comment_status":"open","ping_status":"open","sticky":false,"template":"","format":"standard","meta":{"_jetpack_memberships_contains_paid_content":false,"footnotes":""},"categories":[27532],"tags":[],"class_list":["post-8091","post","type-post","status-publish","format-standard","hentry","category-prozesstage"],"yoast_head":"<!-- This site is optimized with the Yoast SEO plugin v21.0 - https:\/\/yoast.com\/wordpress\/plugins\/seo\/ -->\n<title>Der Zeuge mit den Zuf\u00e4llen - Das NSU-Prozess-Blog<\/title>\n<meta name=\"robots\" content=\"index, follow, max-snippet:-1, max-image-preview:large, max-video-preview:-1\" \/>\n<link rel=\"canonical\" href=\"https:\/\/blog.zeit.de\/nsu-prozess-blog\/2014\/11\/26\/der-zeuge-mit-den-zufaellen\/\" \/>\n<meta property=\"og:locale\" content=\"de_DE\" \/>\n<meta property=\"og:type\" content=\"article\" \/>\n<meta property=\"og:title\" content=\"Der Zeuge mit den Zuf\u00e4llen - Das NSU-Prozess-Blog\" \/>\n<meta property=\"og:description\" content=\"Den NSU-Terroristen will er nicht geholfen haben \u2013 doch der Ausweis von Ralph H. lag in deren letzter Wohnung. Nur einer von vielen Zuf\u00e4llen um einen dubiosen Zeugen. Ist Ralph H. ein engagierter rechtsextremer Helfer? Oder ein gutm\u00fctiger Mitl\u00e4ufer, der sich von den Terroristen des NSU hat einspannen lassen? Der hagere Mann wirkt auff\u00e4llig harmlos [&hellip;]\" \/>\n<meta property=\"og:url\" content=\"https:\/\/blog.zeit.de\/nsu-prozess-blog\/2014\/11\/26\/der-zeuge-mit-den-zufaellen\/\" \/>\n<meta property=\"og:site_name\" content=\"Das NSU-Prozess-Blog\" \/>\n<meta property=\"article:published_time\" content=\"2014-11-26T17:51:24+00:00\" \/>\n<meta property=\"article:modified_time\" content=\"2014-11-26T18:33:11+00:00\" \/>\n<meta name=\"author\" content=\"Tom Sundermann\" \/>\n<meta name=\"twitter:label1\" content=\"Geschrieben von\" \/>\n\t<meta name=\"twitter:data1\" content=\"Tom Sundermann\" \/>\n\t<meta name=\"twitter:label2\" content=\"Gesch\u00e4tzte Lesezeit\" \/>\n\t<meta name=\"twitter:data2\" content=\"4\u00a0Minuten\" \/>\n<script type=\"application\/ld+json\" class=\"yoast-schema-graph\">{\"@context\":\"https:\/\/schema.org\",\"@graph\":[{\"@type\":\"WebPage\",\"@id\":\"https:\/\/blog.zeit.de\/nsu-prozess-blog\/2014\/11\/26\/der-zeuge-mit-den-zufaellen\/\",\"url\":\"https:\/\/blog.zeit.de\/nsu-prozess-blog\/2014\/11\/26\/der-zeuge-mit-den-zufaellen\/\",\"name\":\"Der Zeuge mit den Zuf\u00e4llen - Das NSU-Prozess-Blog\",\"isPartOf\":{\"@id\":\"https:\/\/blog.zeit.de\/nsu-prozess-blog\/#website\"},\"datePublished\":\"2014-11-26T17:51:24+00:00\",\"dateModified\":\"2014-11-26T18:33:11+00:00\",\"author\":{\"@id\":\"https:\/\/blog.zeit.de\/nsu-prozess-blog\/#\/schema\/person\/553ea9bb5d1fc2ae054c589bd59380a5\"},\"breadcrumb\":{\"@id\":\"https:\/\/blog.zeit.de\/nsu-prozess-blog\/2014\/11\/26\/der-zeuge-mit-den-zufaellen\/#breadcrumb\"},\"inLanguage\":\"de\",\"potentialAction\":[{\"@type\":\"ReadAction\",\"target\":[\"https:\/\/blog.zeit.de\/nsu-prozess-blog\/2014\/11\/26\/der-zeuge-mit-den-zufaellen\/\"]}]},{\"@type\":\"BreadcrumbList\",\"@id\":\"https:\/\/blog.zeit.de\/nsu-prozess-blog\/2014\/11\/26\/der-zeuge-mit-den-zufaellen\/#breadcrumb\",\"itemListElement\":[{\"@type\":\"ListItem\",\"position\":1,\"name\":\"Startseite\",\"item\":\"https:\/\/blog.zeit.de\/nsu-prozess-blog\/\"},{\"@type\":\"ListItem\",\"position\":2,\"name\":\"Der Zeuge mit den Zuf\u00e4llen\"}]},{\"@type\":\"WebSite\",\"@id\":\"https:\/\/blog.zeit.de\/nsu-prozess-blog\/#website\",\"url\":\"https:\/\/blog.zeit.de\/nsu-prozess-blog\/\",\"name\":\"Das NSU-Prozess-Blog\",\"description\":\"Alle Berichte zum Terrorverfahren in M\u00fcnchen\",\"potentialAction\":[{\"@type\":\"SearchAction\",\"target\":{\"@type\":\"EntryPoint\",\"urlTemplate\":\"https:\/\/blog.zeit.de\/nsu-prozess-blog\/?s={search_term_string}\"},\"query-input\":\"required name=search_term_string\"}],\"inLanguage\":\"de\"},{\"@type\":\"Person\",\"@id\":\"https:\/\/blog.zeit.de\/nsu-prozess-blog\/#\/schema\/person\/553ea9bb5d1fc2ae054c589bd59380a5\",\"name\":\"Tom Sundermann\",\"image\":{\"@type\":\"ImageObject\",\"inLanguage\":\"de\",\"@id\":\"https:\/\/blog.zeit.de\/nsu-prozess-blog\/#\/schema\/person\/image\/\",\"url\":\"https:\/\/secure.gravatar.com\/avatar\/e108a3dc18766f719b2f797dc5d19093f06a1870c55b553ab6b7563f1f9a5e68?s=96&d=mm&r=g\",\"contentUrl\":\"https:\/\/secure.gravatar.com\/avatar\/e108a3dc18766f719b2f797dc5d19093f06a1870c55b553ab6b7563f1f9a5e68?s=96&d=mm&r=g\",\"caption\":\"Tom Sundermann\"},\"sameAs\":[\"https:\/\/twitter.com\/messeticker\"],\"url\":\"https:\/\/blog.zeit.de\/nsu-prozess-blog\/author\/tsundermann\/\"}]}<\/script>\n<!-- \/ Yoast SEO plugin. -->","yoast_head_json":{"title":"Der Zeuge mit den Zuf\u00e4llen - Das NSU-Prozess-Blog","robots":{"index":"index","follow":"follow","max-snippet":"max-snippet:-1","max-image-preview":"max-image-preview:large","max-video-preview":"max-video-preview:-1"},"canonical":"https:\/\/blog.zeit.de\/nsu-prozess-blog\/2014\/11\/26\/der-zeuge-mit-den-zufaellen\/","og_locale":"de_DE","og_type":"article","og_title":"Der Zeuge mit den Zuf\u00e4llen - Das NSU-Prozess-Blog","og_description":"Den NSU-Terroristen will er nicht geholfen haben \u2013 doch der Ausweis von Ralph H. lag in deren letzter Wohnung. Nur einer von vielen Zuf\u00e4llen um einen dubiosen Zeugen. Ist Ralph H. ein engagierter rechtsextremer Helfer? Oder ein gutm\u00fctiger Mitl\u00e4ufer, der sich von den Terroristen des NSU hat einspannen lassen? Der hagere Mann wirkt auff\u00e4llig harmlos [&hellip;]","og_url":"https:\/\/blog.zeit.de\/nsu-prozess-blog\/2014\/11\/26\/der-zeuge-mit-den-zufaellen\/","og_site_name":"Das NSU-Prozess-Blog","article_published_time":"2014-11-26T17:51:24+00:00","article_modified_time":"2014-11-26T18:33:11+00:00","author":"Tom Sundermann","twitter_misc":{"Geschrieben von":"Tom Sundermann","Gesch\u00e4tzte Lesezeit":"4\u00a0Minuten"},"schema":{"@context":"https:\/\/schema.org","@graph":[{"@type":"WebPage","@id":"https:\/\/blog.zeit.de\/nsu-prozess-blog\/2014\/11\/26\/der-zeuge-mit-den-zufaellen\/","url":"https:\/\/blog.zeit.de\/nsu-prozess-blog\/2014\/11\/26\/der-zeuge-mit-den-zufaellen\/","name":"Der Zeuge mit den Zuf\u00e4llen - Das NSU-Prozess-Blog","isPartOf":{"@id":"https:\/\/blog.zeit.de\/nsu-prozess-blog\/#website"},"datePublished":"2014-11-26T17:51:24+00:00","dateModified":"2014-11-26T18:33:11+00:00","author":{"@id":"https:\/\/blog.zeit.de\/nsu-prozess-blog\/#\/schema\/person\/553ea9bb5d1fc2ae054c589bd59380a5"},"breadcrumb":{"@id":"https:\/\/blog.zeit.de\/nsu-prozess-blog\/2014\/11\/26\/der-zeuge-mit-den-zufaellen\/#breadcrumb"},"inLanguage":"de","potentialAction":[{"@type":"ReadAction","target":["https:\/\/blog.zeit.de\/nsu-prozess-blog\/2014\/11\/26\/der-zeuge-mit-den-zufaellen\/"]}]},{"@type":"BreadcrumbList","@id":"https:\/\/blog.zeit.de\/nsu-prozess-blog\/2014\/11\/26\/der-zeuge-mit-den-zufaellen\/#breadcrumb","itemListElement":[{"@type":"ListItem","position":1,"name":"Startseite","item":"https:\/\/blog.zeit.de\/nsu-prozess-blog\/"},{"@type":"ListItem","position":2,"name":"Der Zeuge mit den Zuf\u00e4llen"}]},{"@type":"WebSite","@id":"https:\/\/blog.zeit.de\/nsu-prozess-blog\/#website","url":"https:\/\/blog.zeit.de\/nsu-prozess-blog\/","name":"Das NSU-Prozess-Blog","description":"Alle Berichte zum Terrorverfahren in M\u00fcnchen","potentialAction":[{"@type":"SearchAction","target":{"@type":"EntryPoint","urlTemplate":"https:\/\/blog.zeit.de\/nsu-prozess-blog\/?s={search_term_string}"},"query-input":"required name=search_term_string"}],"inLanguage":"de"},{"@type":"Person","@id":"https:\/\/blog.zeit.de\/nsu-prozess-blog\/#\/schema\/person\/553ea9bb5d1fc2ae054c589bd59380a5","name":"Tom Sundermann","image":{"@type":"ImageObject","inLanguage":"de","@id":"https:\/\/blog.zeit.de\/nsu-prozess-blog\/#\/schema\/person\/image\/","url":"https:\/\/secure.gravatar.com\/avatar\/e108a3dc18766f719b2f797dc5d19093f06a1870c55b553ab6b7563f1f9a5e68?s=96&d=mm&r=g","contentUrl":"https:\/\/secure.gravatar.com\/avatar\/e108a3dc18766f719b2f797dc5d19093f06a1870c55b553ab6b7563f1f9a5e68?s=96&d=mm&r=g","caption":"Tom Sundermann"},"sameAs":["https:\/\/twitter.com\/messeticker"],"url":"https:\/\/blog.zeit.de\/nsu-prozess-blog\/author\/tsundermann\/"}]}},"jetpack_featured_media_url":"","jetpack_sharing_enabled":true,"_links":{"self":[{"href":"https:\/\/blog.zeit.de\/nsu-prozess-blog\/wp-json\/wp\/v2\/posts\/8091","targetHints":{"allow":["GET"]}}],"collection":[{"href":"https:\/\/blog.zeit.de\/nsu-prozess-blog\/wp-json\/wp\/v2\/posts"}],"about":[{"href":"https:\/\/blog.zeit.de\/nsu-prozess-blog\/wp-json\/wp\/v2\/types\/post"}],"author":[{"embeddable":true,"href":"https:\/\/blog.zeit.de\/nsu-prozess-blog\/wp-json\/wp\/v2\/users\/435"}],"replies":[{"embeddable":true,"href":"https:\/\/blog.zeit.de\/nsu-prozess-blog\/wp-json\/wp\/v2\/comments?post=8091"}],"version-history":[{"count":11,"href":"https:\/\/blog.zeit.de\/nsu-prozess-blog\/wp-json\/wp\/v2\/posts\/8091\/revisions"}],"predecessor-version":[{"id":8102,"href":"https:\/\/blog.zeit.de\/nsu-prozess-blog\/wp-json\/wp\/v2\/posts\/8091\/revisions\/8102"}],"wp:attachment":[{"href":"https:\/\/blog.zeit.de\/nsu-prozess-blog\/wp-json\/wp\/v2\/media?parent=8091"}],"wp:term":[{"taxonomy":"category","embeddable":true,"href":"https:\/\/blog.zeit.de\/nsu-prozess-blog\/wp-json\/wp\/v2\/categories?post=8091"},{"taxonomy":"post_tag","embeddable":true,"href":"https:\/\/blog.zeit.de\/nsu-prozess-blog\/wp-json\/wp\/v2\/tags?post=8091"}],"curies":[{"name":"wp","href":"https:\/\/api.w.org\/{rel}","templated":true}]}}