{"id":810,"date":"2013-05-31T07:27:26","date_gmt":"2013-05-31T05:27:26","guid":{"rendered":"http:\/\/blog.zeit.de\/nsu-prozess-blog\/?p=810"},"modified":"2013-05-31T09:02:35","modified_gmt":"2013-05-31T07:02:35","slug":"nsu-untersuchungsausschuss-beweisaufnahme-wohlleben-schneiders-medienlog","status":"publish","type":"post","link":"https:\/\/blog.zeit.de\/nsu-prozess-blog\/2013\/05\/31\/nsu-untersuchungsausschuss-beweisaufnahme-wohlleben-schneiders-medienlog\/","title":{"rendered":"Untersuchungsausschuss erw\u00e4gt neue Beweisaufnahme &#8211; das Medienlog vom Freitag, 31. Mai 2013"},"content":{"rendered":"<p><em>An jedem Werktag fassen wir im NSU-Prozess-Blog die wichtigsten Medienberichte, Blogs, Videos und Tweets zusammen. Wir freuen uns \u00fcber Hinweise via Twitter mit dem Hashtag #nsublog \u2013 oder per E-Mail an nsublog@zeit.de.<\/em><\/p>\n<p><strong>Die umstrittenen Akten<\/strong>, die der baden-w\u00fcrttembergische Verfassungsschutz angeblich nicht schnell genug an den NSU-Untersuchungsausschuss des Bundestages lieferte, k\u00f6nnten einen <strong>Neubeginn der parlamentarischen Untersuchung bewirken<\/strong>: <em>Frankfurter Rundschau\/Berliner Zeitung<\/em> berichten, die Parlamentarier erw\u00f6gen den Wiedereinstieg in die Beweisaufnahme. Denn die Unterlagen zeigen interessante Vorg\u00e4nge um die Rechtsanw\u00e4ltin des Angeklagten Ralf Wohlleben auf.<\/p>\n<p><!--more--><\/p>\n<p>Autor Markus Decker <a href=\"http:\/\/www.fr-online.de\/neonazi-terror\/nsu-prozess-wohlleben-anwaeltin-sollte-v-frau-werden,1477338,23075520.html\" target=\"_blank\">beschreibt Nicole Schneiders<\/a> als beliebte Szene-Anw\u00e4ltin. &#8222;Sie war in ihrer Jenaer Zeit gemeinsam mit Wohlleben in der NPD aktiv, aus der sie sp\u00e4ter austrat.&#8220; Brisant ist, dass sie laut dem Bericht Verbindungsperson des baden-w\u00fcrttembergischen Verfassungsschutzes werden sollte.<\/p>\n<p>Das Angebot der Landesbeh\u00f6rde lehnte Schneiders ab\u00a0\u2013 zum Gl\u00fcck f\u00fcr die Bundesanwaltschaft: Denn der Fortgang des M\u00fcnchner Prozesses w\u00e4re akut gef\u00e4hrdet, wenn der Staat \u00fcber seine V-Person Inhalte von Gespr\u00e4chen erfahren h\u00e4tte, die Schneiders als Anw\u00e4ltin mit ihrem Mandanten f\u00fchrte. &#8222;Finger weg von Anw\u00e4lten!&#8220;, sei ein staatlicher Grundsatz, wird das Gr\u00fcnen-Ausschussmitglied Wolfgang Wieland zitiert. <em>(weitere Infos zu Schneiders\u00a0 <a href=\"http:\/\/www.swr.de\/blog\/terrorismus\/2011\/12\/15\/es-spricht-die-rechts-anwaltin\/\" target=\"_blank\">im SWR-Terrorismusblog von Holger Schmidt<\/a>)<\/em><\/p>\n<p>Die <a href=\"http:\/\/zaman-online.de\/31190\/bozdag-almanyadaki-irkci-terorun-devlet-baglantisi-da-sorusturulmali\" target=\"_blank\">t\u00fcrkische Tageszeitung <em>Zaman<\/em> berichtet<\/a> <strong>\u00fcber einen Besuch des t\u00fcrkischen Vizepremiers Bekir Bozda\u011f in Stra\u00dfburg<\/strong>, wo er \u00fcber Rassismus, den NSU-Prozess und Fehler deutscher Beh\u00f6rden sprach. Im NSU-Prozess sei wichtig, dass die genauen Umst\u00e4nde untersucht w\u00fcrden, sagte er. Zu kl\u00e4ren sei etwa, ob es Vers\u00e4umnisse oder Vorsatz gab. Seit dem Brandanschlag in Solingen vergehe kaum ein Tag ohne Angriffe auf Moscheen, NGOs oder Menschen, beklagte Bozda\u011f.<br \/>\n<code><\/p>\n<blockquote class=\"twitter-tweet\" lang=\"de\">\n<p>Irgendwie werde ich das Gef\u00fchl nicht los, das ein Gro\u00dfteil der NSU Affaire schon jetzt f\u00fcr immer im Dunkeln bleiben mu\u00df<\/p>\n<p>&mdash; Christian (@Ghostdogcs) <a href=\"https:\/\/twitter.com\/Ghostdogcs\/status\/340223729739124736\">30. Mai 2013<\/a><\/p><\/blockquote>\n<p><script async src=\"\/\/platform.twitter.com\/widgets.js\" charset=\"utf-8\"><\/script><\/code><br \/>\nDie <a href=\"http:\/\/www.jungewelt.de\/2013\/05-31\/042.php\" target=\"_blank\"><em>Junge Welt<\/em> berichtet<\/a> \u00fcber die Pr\u00e4sentation eines Films \u00fcber Uwe B\u00f6hnhardt in Jena. In der anschlie\u00dfenden Diskussion ging es um Rechtsextremismus in Ostdeutschland und die\u00a0\u2013 auch schon von dem t\u00fcrkischen Vizepremier angesprochene &#8211; <strong>m\u00f6gliche Vertuschung im Fall des NSU<\/strong>. Der Berliner Politologe Hajo Funke konstatierte, Aussagen vor den Untersuchungsaussch\u00fcssen belegten, dass Polizisten von ihren Vorgesetzten <strong>daran gehindert wurden, die Gruppe zu fassen.<\/strong><\/p>\n<p><strong>Nur am Rande:<\/strong> In Hamburg-Altona wird eine Stra\u00dfe <a href=\"http:\/\/www.altona.info\/2013\/05\/30\/altona-setzt-zeichen-und-benennt-strasse-in-gedenken-an-sueleyman-taskoeprue\/\" target=\"_blank\">nach S\u00fcleyman\u00a0Ta\u015fk\u00f6pr\u00fc benannt<\/a>, dem am 27. Juni 2001 ermordeten t\u00fcrkischen Kaufmann.<br \/>\n<em><br \/>\nEnglischsprachige Medien berichten schon seit Tagen nichts \u00fcber die NSU-Aufarbeitung. Zum n\u00e4chsten Prozesstag am Dienstag d\u00fcrfte sich das \u00e4ndern.<br \/>\n<\/em><br \/>\n<em>Das n\u00e4chste Medienlog erscheint am Montag, 3. Juni 2013<\/em><\/p>\n","protected":false},"excerpt":{"rendered":"<p>An jedem Werktag fassen wir im NSU-Prozess-Blog die wichtigsten Medienberichte, Blogs, Videos und Tweets zusammen. Wir freuen uns \u00fcber Hinweise via Twitter mit dem Hashtag #nsublog \u2013 oder per E-Mail an nsublog@zeit.de. Die umstrittenen Akten, die der baden-w\u00fcrttembergische Verfassungsschutz angeblich nicht schnell genug an den NSU-Untersuchungsausschuss des Bundestages lieferte, k\u00f6nnten einen Neubeginn der parlamentarischen Untersuchung [&hellip;]<\/p>\n","protected":false},"author":191,"featured_media":0,"comment_status":"open","ping_status":"open","sticky":false,"template":"","format":"standard","meta":{"_jetpack_memberships_contains_paid_content":false,"footnotes":""},"categories":[27531],"tags":[27533,1993,27536,17899,1836],"class_list":["post-810","post","type-post","status-publish","format-standard","hentry","category-medienschau","tag-bohnhardt","tag-hajo-funke","tag-untersuchungsausschuss","tag-v-mann","tag-verfassungsschutz"],"yoast_head":"<!-- This site is optimized with the Yoast SEO plugin v21.0 - https:\/\/yoast.com\/wordpress\/plugins\/seo\/ -->\n<title>Untersuchungsausschuss erw\u00e4gt neue Beweisaufnahme - das Medienlog vom Freitag, 31. Mai 2013 - Das NSU-Prozess-Blog<\/title>\n<meta name=\"robots\" content=\"index, follow, max-snippet:-1, max-image-preview:large, max-video-preview:-1\" \/>\n<link rel=\"canonical\" href=\"https:\/\/blog.zeit.de\/nsu-prozess-blog\/2013\/05\/31\/nsu-untersuchungsausschuss-beweisaufnahme-wohlleben-schneiders-medienlog\/\" \/>\n<meta property=\"og:locale\" content=\"de_DE\" \/>\n<meta property=\"og:type\" content=\"article\" \/>\n<meta property=\"og:title\" content=\"Untersuchungsausschuss erw\u00e4gt neue Beweisaufnahme - das Medienlog vom Freitag, 31. Mai 2013 - Das NSU-Prozess-Blog\" \/>\n<meta property=\"og:description\" content=\"An jedem Werktag fassen wir im NSU-Prozess-Blog die wichtigsten Medienberichte, Blogs, Videos und Tweets zusammen. Wir freuen uns \u00fcber Hinweise via Twitter mit dem Hashtag #nsublog \u2013 oder per E-Mail an nsublog@zeit.de. Die umstrittenen Akten, die der baden-w\u00fcrttembergische Verfassungsschutz angeblich nicht schnell genug an den NSU-Untersuchungsausschuss des Bundestages lieferte, k\u00f6nnten einen Neubeginn der parlamentarischen Untersuchung [&hellip;]\" \/>\n<meta property=\"og:url\" content=\"https:\/\/blog.zeit.de\/nsu-prozess-blog\/2013\/05\/31\/nsu-untersuchungsausschuss-beweisaufnahme-wohlleben-schneiders-medienlog\/\" \/>\n<meta property=\"og:site_name\" content=\"Das NSU-Prozess-Blog\" \/>\n<meta property=\"article:published_time\" content=\"2013-05-31T05:27:26+00:00\" \/>\n<meta property=\"article:modified_time\" content=\"2013-05-31T07:02:35+00:00\" \/>\n<meta name=\"author\" content=\"Tilman Steffen\" \/>\n<meta name=\"twitter:label1\" content=\"Geschrieben von\" \/>\n\t<meta name=\"twitter:data1\" content=\"Tilman Steffen\" \/>\n\t<meta name=\"twitter:label2\" content=\"Gesch\u00e4tzte Lesezeit\" \/>\n\t<meta name=\"twitter:data2\" content=\"2\u00a0Minuten\" \/>\n<script type=\"application\/ld+json\" class=\"yoast-schema-graph\">{\"@context\":\"https:\/\/schema.org\",\"@graph\":[{\"@type\":\"WebPage\",\"@id\":\"https:\/\/blog.zeit.de\/nsu-prozess-blog\/2013\/05\/31\/nsu-untersuchungsausschuss-beweisaufnahme-wohlleben-schneiders-medienlog\/\",\"url\":\"https:\/\/blog.zeit.de\/nsu-prozess-blog\/2013\/05\/31\/nsu-untersuchungsausschuss-beweisaufnahme-wohlleben-schneiders-medienlog\/\",\"name\":\"Untersuchungsausschuss erw\u00e4gt neue Beweisaufnahme - das Medienlog vom Freitag, 31. Mai 2013 - Das NSU-Prozess-Blog\",\"isPartOf\":{\"@id\":\"https:\/\/blog.zeit.de\/nsu-prozess-blog\/#website\"},\"datePublished\":\"2013-05-31T05:27:26+00:00\",\"dateModified\":\"2013-05-31T07:02:35+00:00\",\"author\":{\"@id\":\"https:\/\/blog.zeit.de\/nsu-prozess-blog\/#\/schema\/person\/110e2fe4d5ec4e01f71931b64f570c54\"},\"breadcrumb\":{\"@id\":\"https:\/\/blog.zeit.de\/nsu-prozess-blog\/2013\/05\/31\/nsu-untersuchungsausschuss-beweisaufnahme-wohlleben-schneiders-medienlog\/#breadcrumb\"},\"inLanguage\":\"de\",\"potentialAction\":[{\"@type\":\"ReadAction\",\"target\":[\"https:\/\/blog.zeit.de\/nsu-prozess-blog\/2013\/05\/31\/nsu-untersuchungsausschuss-beweisaufnahme-wohlleben-schneiders-medienlog\/\"]}]},{\"@type\":\"BreadcrumbList\",\"@id\":\"https:\/\/blog.zeit.de\/nsu-prozess-blog\/2013\/05\/31\/nsu-untersuchungsausschuss-beweisaufnahme-wohlleben-schneiders-medienlog\/#breadcrumb\",\"itemListElement\":[{\"@type\":\"ListItem\",\"position\":1,\"name\":\"Startseite\",\"item\":\"https:\/\/blog.zeit.de\/nsu-prozess-blog\/\"},{\"@type\":\"ListItem\",\"position\":2,\"name\":\"Untersuchungsausschuss erw\u00e4gt neue Beweisaufnahme &#8211; das Medienlog vom Freitag, 31. Mai 2013\"}]},{\"@type\":\"WebSite\",\"@id\":\"https:\/\/blog.zeit.de\/nsu-prozess-blog\/#website\",\"url\":\"https:\/\/blog.zeit.de\/nsu-prozess-blog\/\",\"name\":\"Das NSU-Prozess-Blog\",\"description\":\"Alle Berichte zum Terrorverfahren in M\u00fcnchen\",\"potentialAction\":[{\"@type\":\"SearchAction\",\"target\":{\"@type\":\"EntryPoint\",\"urlTemplate\":\"https:\/\/blog.zeit.de\/nsu-prozess-blog\/?s={search_term_string}\"},\"query-input\":\"required name=search_term_string\"}],\"inLanguage\":\"de\"},{\"@type\":\"Person\",\"@id\":\"https:\/\/blog.zeit.de\/nsu-prozess-blog\/#\/schema\/person\/110e2fe4d5ec4e01f71931b64f570c54\",\"name\":\"Tilman Steffen\",\"image\":{\"@type\":\"ImageObject\",\"inLanguage\":\"de\",\"@id\":\"https:\/\/blog.zeit.de\/nsu-prozess-blog\/#\/schema\/person\/image\/\",\"url\":\"https:\/\/secure.gravatar.com\/avatar\/8c4becdd9d412e3bd74354093718744070721ed0cb4054b7a8b7b12fa1a4b347?s=96&d=mm&r=g\",\"contentUrl\":\"https:\/\/secure.gravatar.com\/avatar\/8c4becdd9d412e3bd74354093718744070721ed0cb4054b7a8b7b12fa1a4b347?s=96&d=mm&r=g\",\"caption\":\"Tilman Steffen\"},\"description\":\"Redakteur bei ZEIT ONLINE seit 2009. Zuvor bei der Netzeitung. Nach der Journalistenschule Arbeit als Printautor und Fotograf; Redakteur und Reporter f\u00fcr epd, Beitr\u00e4ge f\u00fcr ZDF, n-tv, XXP, Mitarbeiter bei Reuters TV. \u2013 Orgelbauer, Kulturmanager, Journalist. Geboren, als Willy Brandt die deutsche Teilung anerkannte. Gro\u00df geworden in Deutschlands S\u00fcdosten \u2013 erwachsen seit dem Mauerfall. Drei Berufe gelernt, zwei Kinder gezeugt, ein Kulturzentrum gegr\u00fcndet \u2013 und dabei zum Journalisten geworden.\",\"sameAs\":[\"http:\/\/www.tilmansteffen.de\"],\"url\":\"https:\/\/blog.zeit.de\/nsu-prozess-blog\/author\/tilman-steffen\/\"}]}<\/script>\n<!-- \/ Yoast SEO plugin. -->","yoast_head_json":{"title":"Untersuchungsausschuss erw\u00e4gt neue Beweisaufnahme - das Medienlog vom Freitag, 31. Mai 2013 - Das NSU-Prozess-Blog","robots":{"index":"index","follow":"follow","max-snippet":"max-snippet:-1","max-image-preview":"max-image-preview:large","max-video-preview":"max-video-preview:-1"},"canonical":"https:\/\/blog.zeit.de\/nsu-prozess-blog\/2013\/05\/31\/nsu-untersuchungsausschuss-beweisaufnahme-wohlleben-schneiders-medienlog\/","og_locale":"de_DE","og_type":"article","og_title":"Untersuchungsausschuss erw\u00e4gt neue Beweisaufnahme - das Medienlog vom Freitag, 31. Mai 2013 - Das NSU-Prozess-Blog","og_description":"An jedem Werktag fassen wir im NSU-Prozess-Blog die wichtigsten Medienberichte, Blogs, Videos und Tweets zusammen. Wir freuen uns \u00fcber Hinweise via Twitter mit dem Hashtag #nsublog \u2013 oder per E-Mail an nsublog@zeit.de. Die umstrittenen Akten, die der baden-w\u00fcrttembergische Verfassungsschutz angeblich nicht schnell genug an den NSU-Untersuchungsausschuss des Bundestages lieferte, k\u00f6nnten einen Neubeginn der parlamentarischen Untersuchung [&hellip;]","og_url":"https:\/\/blog.zeit.de\/nsu-prozess-blog\/2013\/05\/31\/nsu-untersuchungsausschuss-beweisaufnahme-wohlleben-schneiders-medienlog\/","og_site_name":"Das NSU-Prozess-Blog","article_published_time":"2013-05-31T05:27:26+00:00","article_modified_time":"2013-05-31T07:02:35+00:00","author":"Tilman Steffen","twitter_misc":{"Geschrieben von":"Tilman Steffen","Gesch\u00e4tzte Lesezeit":"2\u00a0Minuten"},"schema":{"@context":"https:\/\/schema.org","@graph":[{"@type":"WebPage","@id":"https:\/\/blog.zeit.de\/nsu-prozess-blog\/2013\/05\/31\/nsu-untersuchungsausschuss-beweisaufnahme-wohlleben-schneiders-medienlog\/","url":"https:\/\/blog.zeit.de\/nsu-prozess-blog\/2013\/05\/31\/nsu-untersuchungsausschuss-beweisaufnahme-wohlleben-schneiders-medienlog\/","name":"Untersuchungsausschuss erw\u00e4gt neue Beweisaufnahme - das Medienlog vom Freitag, 31. Mai 2013 - Das NSU-Prozess-Blog","isPartOf":{"@id":"https:\/\/blog.zeit.de\/nsu-prozess-blog\/#website"},"datePublished":"2013-05-31T05:27:26+00:00","dateModified":"2013-05-31T07:02:35+00:00","author":{"@id":"https:\/\/blog.zeit.de\/nsu-prozess-blog\/#\/schema\/person\/110e2fe4d5ec4e01f71931b64f570c54"},"breadcrumb":{"@id":"https:\/\/blog.zeit.de\/nsu-prozess-blog\/2013\/05\/31\/nsu-untersuchungsausschuss-beweisaufnahme-wohlleben-schneiders-medienlog\/#breadcrumb"},"inLanguage":"de","potentialAction":[{"@type":"ReadAction","target":["https:\/\/blog.zeit.de\/nsu-prozess-blog\/2013\/05\/31\/nsu-untersuchungsausschuss-beweisaufnahme-wohlleben-schneiders-medienlog\/"]}]},{"@type":"BreadcrumbList","@id":"https:\/\/blog.zeit.de\/nsu-prozess-blog\/2013\/05\/31\/nsu-untersuchungsausschuss-beweisaufnahme-wohlleben-schneiders-medienlog\/#breadcrumb","itemListElement":[{"@type":"ListItem","position":1,"name":"Startseite","item":"https:\/\/blog.zeit.de\/nsu-prozess-blog\/"},{"@type":"ListItem","position":2,"name":"Untersuchungsausschuss erw\u00e4gt neue Beweisaufnahme &#8211; das Medienlog vom Freitag, 31. Mai 2013"}]},{"@type":"WebSite","@id":"https:\/\/blog.zeit.de\/nsu-prozess-blog\/#website","url":"https:\/\/blog.zeit.de\/nsu-prozess-blog\/","name":"Das NSU-Prozess-Blog","description":"Alle Berichte zum Terrorverfahren in M\u00fcnchen","potentialAction":[{"@type":"SearchAction","target":{"@type":"EntryPoint","urlTemplate":"https:\/\/blog.zeit.de\/nsu-prozess-blog\/?s={search_term_string}"},"query-input":"required name=search_term_string"}],"inLanguage":"de"},{"@type":"Person","@id":"https:\/\/blog.zeit.de\/nsu-prozess-blog\/#\/schema\/person\/110e2fe4d5ec4e01f71931b64f570c54","name":"Tilman Steffen","image":{"@type":"ImageObject","inLanguage":"de","@id":"https:\/\/blog.zeit.de\/nsu-prozess-blog\/#\/schema\/person\/image\/","url":"https:\/\/secure.gravatar.com\/avatar\/8c4becdd9d412e3bd74354093718744070721ed0cb4054b7a8b7b12fa1a4b347?s=96&d=mm&r=g","contentUrl":"https:\/\/secure.gravatar.com\/avatar\/8c4becdd9d412e3bd74354093718744070721ed0cb4054b7a8b7b12fa1a4b347?s=96&d=mm&r=g","caption":"Tilman Steffen"},"description":"Redakteur bei ZEIT ONLINE seit 2009. Zuvor bei der Netzeitung. Nach der Journalistenschule Arbeit als Printautor und Fotograf; Redakteur und Reporter f\u00fcr epd, Beitr\u00e4ge f\u00fcr ZDF, n-tv, XXP, Mitarbeiter bei Reuters TV. \u2013 Orgelbauer, Kulturmanager, Journalist. Geboren, als Willy Brandt die deutsche Teilung anerkannte. Gro\u00df geworden in Deutschlands S\u00fcdosten \u2013 erwachsen seit dem Mauerfall. Drei Berufe gelernt, zwei Kinder gezeugt, ein Kulturzentrum gegr\u00fcndet \u2013 und dabei zum Journalisten geworden.","sameAs":["http:\/\/www.tilmansteffen.de"],"url":"https:\/\/blog.zeit.de\/nsu-prozess-blog\/author\/tilman-steffen\/"}]}},"jetpack_featured_media_url":"","jetpack_sharing_enabled":true,"_links":{"self":[{"href":"https:\/\/blog.zeit.de\/nsu-prozess-blog\/wp-json\/wp\/v2\/posts\/810","targetHints":{"allow":["GET"]}}],"collection":[{"href":"https:\/\/blog.zeit.de\/nsu-prozess-blog\/wp-json\/wp\/v2\/posts"}],"about":[{"href":"https:\/\/blog.zeit.de\/nsu-prozess-blog\/wp-json\/wp\/v2\/types\/post"}],"author":[{"embeddable":true,"href":"https:\/\/blog.zeit.de\/nsu-prozess-blog\/wp-json\/wp\/v2\/users\/191"}],"replies":[{"embeddable":true,"href":"https:\/\/blog.zeit.de\/nsu-prozess-blog\/wp-json\/wp\/v2\/comments?post=810"}],"version-history":[{"count":39,"href":"https:\/\/blog.zeit.de\/nsu-prozess-blog\/wp-json\/wp\/v2\/posts\/810\/revisions"}],"predecessor-version":[{"id":850,"href":"https:\/\/blog.zeit.de\/nsu-prozess-blog\/wp-json\/wp\/v2\/posts\/810\/revisions\/850"}],"wp:attachment":[{"href":"https:\/\/blog.zeit.de\/nsu-prozess-blog\/wp-json\/wp\/v2\/media?parent=810"}],"wp:term":[{"taxonomy":"category","embeddable":true,"href":"https:\/\/blog.zeit.de\/nsu-prozess-blog\/wp-json\/wp\/v2\/categories?post=810"},{"taxonomy":"post_tag","embeddable":true,"href":"https:\/\/blog.zeit.de\/nsu-prozess-blog\/wp-json\/wp\/v2\/tags?post=810"}],"curies":[{"name":"wp","href":"https:\/\/api.w.org\/{rel}","templated":true}]}}