{"id":8103,"date":"2014-11-27T08:41:32","date_gmt":"2014-11-27T07:41:32","guid":{"rendered":"http:\/\/blog.zeit.de\/nsu-prozess-blog\/?p=8103"},"modified":"2014-11-27T09:09:59","modified_gmt":"2014-11-27T08:09:59","slug":"medienlog-ralph-h-unterstuetzer-personalausweis","status":"publish","type":"post","link":"https:\/\/blog.zeit.de\/nsu-prozess-blog\/2014\/11\/27\/medienlog-ralph-h-unterstuetzer-personalausweis\/","title":{"rendered":"Rechtsextremer Helfer oder Mitl\u00e4ufer? \u2013 Das Medienlog vom Donnerstag, 27. November 2014"},"content":{"rendered":"<p>Der Zeuge Ralph H. ist ein mutma\u00dflicher <a href=\"https:\/\/blog.zeit.de\/nsu-prozess-blog\/die-helfer\/\">Unterst\u00fctzer des NSU<\/a> \u2013 &#8222;mit einem seltsamen Verh\u00e4ltnis zur Wahrheit&#8220;, beobachtete Tanjev Schultz von der <a href=\"http:\/\/www.sueddeutsche.de\/politik\/nsu-prozess-wuensch-euch-ein-zionfreies-jahr--1.2239738\" target=\"_blank\"><em>S\u00fcddeutschen Zeitung<\/em><\/a>. Denn im Zusammenhang mit dem Zeugen geschahen seltsame Dinge, die er vor Gericht nicht erkl\u00e4ren konnte. So wurde sein Personalausweis im ausgebrannten Haus des NSU-Trios gefunden. &#8222;An einen Zufall kann man da nicht mehr glauben.&#8220;<\/p>\n<p><!--more--><\/p>\n<p><em>An jedem Werktag sichten wir f\u00fcr das NSU-Prozess-Blog die Medien und stellen wichtige Berichte, Blogs, Videos und Tweets zusammen. Wir freuen uns \u00fcber Hinweise via Twitter mit dem Hashtag #nsublog \u2013 oder per E-Mail an <a href=\"mailto:nsublog@zeit.de\">nsublog@zeit.de<\/a>.<\/em><\/p>\n<p>Unter H.s Namen wurde Ende der neunziger Jahre eine Wohnung gemietet, an die Adresse nie bezahlte Bestellungen geliefert \u2013 und zwar von einem Versandhaus, bei dem der Zeuge schon vorher Waffen zur Dekoration gekauft hatte. Zu dem Betrug kam es, nachdem H. seinen Personalausweis angeblich verloren hatte \u2013 was Bestellungen an die darin eingetragene Wohnadresse erm\u00f6glicht haben k\u00f6nnte. Zuvor hatte ihn der Zeuge <a href=\"https:\/\/blog.zeit.de\/nsu-prozess-blog\/2014\/04\/03\/medienlog-thomas-s-sprengstoff\/\">Thomas S.<\/a> gebeten, Kameraden Unterschlupf zu bieten \u2013 mutma\u00dflich dem gefl\u00fcchteten NSU-Trio.<\/p>\n<p>&#8222;Ist diese Geschichte ein weiterer Hinweis auf die enorme kriminelle Energie des NSU \u2013 und seiner Helfer?&#8220;, fragt Frank Jansen vom <a href=\"http:\/\/www.tagesspiegel.de\/politik\/nsu-prozess-164-tag-wie-die-terrorzelle-neckermann-betrogen-haben-soll\/11039400.html\" target=\"_blank\"><em>Tagesspiegel<\/em><\/a>. Aus dem Zeugen war dazu nicht viel herauszubekommen, er berief sich auf Erinnerungsl\u00fccken und wehrte Fragen ab, die er angeblich nicht einordnen konnte. So habe er &#8222;seine Rolle im braunen Skinheadmilieu&#8220; kleingeredet.<\/p>\n<p>Gisela Friedrichsen von <a href=\"http:\/\/www.spiegel.de\/panorama\/justiz\/nsu-prozess-zeuge-ralph-h-sagt-aus-a-1005214.html\" target=\"_blank\"><em>Spiegel Online<\/em><\/a> beobachtet: &#8222;H. dr\u00fcckt sich stockend und gewunden aus&#8220;, wenn er von seinem Bezug zur rechten Szene erz\u00e4hlen soll. Seine Aussage stehe f\u00fcr das Verhalten der rechten Szene, die sich auf &#8222;das Schweigen und Verschweigen und auch L\u00fcgen vor Gericht als oberste Devise&#8220; verst\u00e4ndigt habe.<\/p>\n<p>Da H. m\u00f6glicherweise seinen Personalausweis an die Kameraden abgegeben hatte, fragen wir auf <a href=\"https:\/\/blog.zeit.de\/nsu-prozess-blog\/2014\/11\/26\/der-zeuge-mit-den-zufaellen\/\" target=\"_blank\">ZEIT ONLINE<\/a>: &#8222;Ist Ralph H. ein engagierter rechtsextremer Helfer? Oder ein gutm\u00fctiger Mitl\u00e4ufer, der sich von den Terroristen des NSU hat einspannen lassen?&#8220; Falls es sich nur um einen Gefallen handelte, habe der Zeuge die Folgen seiner Handlung eventuell nicht \u00fcberblicken k\u00f6nnen \u2013 den sp\u00e4teren Terroristen erm\u00f6glichte er damit den Versandhausbetrug.<\/p>\n<p>Am Nachmittag kam es zu einem Streit zwischen Nebenklageanw\u00e4lten, Verteidigern und Gericht, als der Opferbeistand Mehmet Daimag\u00fcler dem Zeugen die Namen der mutma\u00dflichen NSU-Opfer vorhielt. Dabei wurde es im Gerichtssaal laut. Tim A\u00dfman vom <a href=\"http:\/\/www.br.de\/nachrichten\/nsu-prozess\/141126-tagebuch-gerichtsreporter-100.html\" target=\"_blank\"><em>Bayerischen Rundfunk<\/em><\/a> beobachtet: &#8222;Nach mehr als 18 Monaten zerrt das Verfahren offenbar sehr an den Nerven einiger Beteiligter.&#8220;<\/p>\n<p><strong>Weitere Berichte<\/strong><\/p>\n<p>Felix Huesmann vom Magazin <a href=\"http:\/\/www.vice.com\/de\/read\/der-nsu-war-nur-die-spitze-des-rechten-terror-netzwerks-818\" target=\"_blank\"><em>Vice<\/em><\/a> beleuchtet in einem Artikel die Rolle des militanten Netzwerks <a href=\"http:\/\/de.wikipedia.org\/wiki\/Combat_18\" target=\"_blank\">Combat 18<\/a> f\u00fcr den NSU-Komplex. Die Organisation war mit einer Gruppe in Dortmund aktiv, wo 2006 der Kioskbetreiber <a href=\"http:\/\/www.zeit.de\/gesellschaft\/zeitgeschehen\/2013-09\/nsu-prozesstag-zeugin-dortmund\">Mehmet Kubasik<\/a> erschossen wurde.<\/p>\n<p>Mysteri\u00f6se Anrufe, verschwundene Fotos, vernichtete Akten: Mit den unbeantworteten Fragen zum NSU besch\u00e4ftigt sich eine neue Serie des <a href=\"http:\/\/www.stern.de\/politik\/deutschland\/stern-serie-zum-nsu-terror-2154624.html\" target=\"_blank\"><em>Stern<\/em><\/a>. Autor Nicolas B\u00fcchse schildert im ersten Teil mehrere Szenen aus der Zeit der Zwickauer Terrorgruppe.<\/p>\n<p>Uwe Mundlos: Die Entwicklung des NSU-Mitglieds zeichnet ein Artikel von Mira Erdmann auf der Seite <a href=\"http:\/\/www.netz-gegen-nazis.de\/artikel\/uwe-mundlos-radikalisierung-eines-nsu-terroristen-9849\" target=\"_blank\"><em>Netz gegen Nazis<\/em><\/a> nach. Im Zentrum steht die Frage, warum aus einem Jugendlichen aus geordneten Verh\u00e4ltnissen ein Terrorist werden konnte.<\/p>\n<p><em>Das n\u00e4chste Medienlog erscheint am Freitag, 28. November 2014.<\/em><\/p>\n","protected":false},"excerpt":{"rendered":"<p>Der Zeuge Ralph H. ist ein mutma\u00dflicher Unterst\u00fctzer des NSU \u2013 &#8222;mit einem seltsamen Verh\u00e4ltnis zur Wahrheit&#8220;, beobachtete Tanjev Schultz von der S\u00fcddeutschen Zeitung. Denn im Zusammenhang mit dem Zeugen geschahen seltsame Dinge, die er vor Gericht nicht erkl\u00e4ren konnte. So wurde sein Personalausweis im ausgebrannten Haus des NSU-Trios gefunden. &#8222;An einen Zufall kann man [&hellip;]<\/p>\n","protected":false},"author":435,"featured_media":0,"comment_status":"open","ping_status":"open","sticky":false,"template":"","format":"standard","meta":{"_jetpack_memberships_contains_paid_content":false,"footnotes":""},"categories":[27531],"tags":[27573,6371,1538,29431,29426,27593,29508,27134,1449,27560],"class_list":["post-8103","post","type-post","status-publish","format-standard","hentry","category-medienschau","tag-brand","tag-combat-18","tag-dortmund","tag-mehmet-kubasik","tag-nebenklage","tag-nebenklager","tag-thomas-s","tag-untergrund","tag-unterstutzer","tag-zwickau"],"yoast_head":"<!-- This site is optimized with the Yoast SEO plugin v21.0 - https:\/\/yoast.com\/wordpress\/plugins\/seo\/ -->\n<title>Rechtsextremer Helfer oder Mitl\u00e4ufer? \u2013 Das Medienlog vom Donnerstag, 27. November 2014 - Das NSU-Prozess-Blog<\/title>\n<meta name=\"robots\" content=\"index, follow, max-snippet:-1, max-image-preview:large, max-video-preview:-1\" \/>\n<link rel=\"canonical\" href=\"https:\/\/blog.zeit.de\/nsu-prozess-blog\/2014\/11\/27\/medienlog-ralph-h-unterstuetzer-personalausweis\/\" \/>\n<meta property=\"og:locale\" content=\"de_DE\" \/>\n<meta property=\"og:type\" content=\"article\" \/>\n<meta property=\"og:title\" content=\"Rechtsextremer Helfer oder Mitl\u00e4ufer? \u2013 Das Medienlog vom Donnerstag, 27. November 2014 - Das NSU-Prozess-Blog\" \/>\n<meta property=\"og:description\" content=\"Der Zeuge Ralph H. ist ein mutma\u00dflicher Unterst\u00fctzer des NSU \u2013 &#8222;mit einem seltsamen Verh\u00e4ltnis zur Wahrheit&#8220;, beobachtete Tanjev Schultz von der S\u00fcddeutschen Zeitung. Denn im Zusammenhang mit dem Zeugen geschahen seltsame Dinge, die er vor Gericht nicht erkl\u00e4ren konnte. So wurde sein Personalausweis im ausgebrannten Haus des NSU-Trios gefunden. &#8222;An einen Zufall kann man [&hellip;]\" \/>\n<meta property=\"og:url\" content=\"https:\/\/blog.zeit.de\/nsu-prozess-blog\/2014\/11\/27\/medienlog-ralph-h-unterstuetzer-personalausweis\/\" \/>\n<meta property=\"og:site_name\" content=\"Das NSU-Prozess-Blog\" \/>\n<meta property=\"article:published_time\" content=\"2014-11-27T07:41:32+00:00\" \/>\n<meta property=\"article:modified_time\" content=\"2014-11-27T08:09:59+00:00\" \/>\n<meta name=\"author\" content=\"Tom Sundermann\" \/>\n<meta name=\"twitter:label1\" content=\"Geschrieben von\" \/>\n\t<meta name=\"twitter:data1\" content=\"Tom Sundermann\" \/>\n\t<meta name=\"twitter:label2\" content=\"Gesch\u00e4tzte Lesezeit\" \/>\n\t<meta name=\"twitter:data2\" content=\"3\u00a0Minuten\" \/>\n<script type=\"application\/ld+json\" class=\"yoast-schema-graph\">{\"@context\":\"https:\/\/schema.org\",\"@graph\":[{\"@type\":\"WebPage\",\"@id\":\"https:\/\/blog.zeit.de\/nsu-prozess-blog\/2014\/11\/27\/medienlog-ralph-h-unterstuetzer-personalausweis\/\",\"url\":\"https:\/\/blog.zeit.de\/nsu-prozess-blog\/2014\/11\/27\/medienlog-ralph-h-unterstuetzer-personalausweis\/\",\"name\":\"Rechtsextremer Helfer oder Mitl\u00e4ufer? \u2013 Das Medienlog vom Donnerstag, 27. November 2014 - Das NSU-Prozess-Blog\",\"isPartOf\":{\"@id\":\"https:\/\/blog.zeit.de\/nsu-prozess-blog\/#website\"},\"datePublished\":\"2014-11-27T07:41:32+00:00\",\"dateModified\":\"2014-11-27T08:09:59+00:00\",\"author\":{\"@id\":\"https:\/\/blog.zeit.de\/nsu-prozess-blog\/#\/schema\/person\/553ea9bb5d1fc2ae054c589bd59380a5\"},\"breadcrumb\":{\"@id\":\"https:\/\/blog.zeit.de\/nsu-prozess-blog\/2014\/11\/27\/medienlog-ralph-h-unterstuetzer-personalausweis\/#breadcrumb\"},\"inLanguage\":\"de\",\"potentialAction\":[{\"@type\":\"ReadAction\",\"target\":[\"https:\/\/blog.zeit.de\/nsu-prozess-blog\/2014\/11\/27\/medienlog-ralph-h-unterstuetzer-personalausweis\/\"]}]},{\"@type\":\"BreadcrumbList\",\"@id\":\"https:\/\/blog.zeit.de\/nsu-prozess-blog\/2014\/11\/27\/medienlog-ralph-h-unterstuetzer-personalausweis\/#breadcrumb\",\"itemListElement\":[{\"@type\":\"ListItem\",\"position\":1,\"name\":\"Startseite\",\"item\":\"https:\/\/blog.zeit.de\/nsu-prozess-blog\/\"},{\"@type\":\"ListItem\",\"position\":2,\"name\":\"Rechtsextremer Helfer oder Mitl\u00e4ufer? \u2013 Das Medienlog vom Donnerstag, 27. November 2014\"}]},{\"@type\":\"WebSite\",\"@id\":\"https:\/\/blog.zeit.de\/nsu-prozess-blog\/#website\",\"url\":\"https:\/\/blog.zeit.de\/nsu-prozess-blog\/\",\"name\":\"Das NSU-Prozess-Blog\",\"description\":\"Alle Berichte zum Terrorverfahren in M\u00fcnchen\",\"potentialAction\":[{\"@type\":\"SearchAction\",\"target\":{\"@type\":\"EntryPoint\",\"urlTemplate\":\"https:\/\/blog.zeit.de\/nsu-prozess-blog\/?s={search_term_string}\"},\"query-input\":\"required name=search_term_string\"}],\"inLanguage\":\"de\"},{\"@type\":\"Person\",\"@id\":\"https:\/\/blog.zeit.de\/nsu-prozess-blog\/#\/schema\/person\/553ea9bb5d1fc2ae054c589bd59380a5\",\"name\":\"Tom Sundermann\",\"image\":{\"@type\":\"ImageObject\",\"inLanguage\":\"de\",\"@id\":\"https:\/\/blog.zeit.de\/nsu-prozess-blog\/#\/schema\/person\/image\/\",\"url\":\"https:\/\/secure.gravatar.com\/avatar\/e108a3dc18766f719b2f797dc5d19093f06a1870c55b553ab6b7563f1f9a5e68?s=96&d=mm&r=g\",\"contentUrl\":\"https:\/\/secure.gravatar.com\/avatar\/e108a3dc18766f719b2f797dc5d19093f06a1870c55b553ab6b7563f1f9a5e68?s=96&d=mm&r=g\",\"caption\":\"Tom Sundermann\"},\"sameAs\":[\"https:\/\/twitter.com\/messeticker\"],\"url\":\"https:\/\/blog.zeit.de\/nsu-prozess-blog\/author\/tsundermann\/\"}]}<\/script>\n<!-- \/ Yoast SEO plugin. -->","yoast_head_json":{"title":"Rechtsextremer Helfer oder Mitl\u00e4ufer? \u2013 Das Medienlog vom Donnerstag, 27. November 2014 - Das NSU-Prozess-Blog","robots":{"index":"index","follow":"follow","max-snippet":"max-snippet:-1","max-image-preview":"max-image-preview:large","max-video-preview":"max-video-preview:-1"},"canonical":"https:\/\/blog.zeit.de\/nsu-prozess-blog\/2014\/11\/27\/medienlog-ralph-h-unterstuetzer-personalausweis\/","og_locale":"de_DE","og_type":"article","og_title":"Rechtsextremer Helfer oder Mitl\u00e4ufer? \u2013 Das Medienlog vom Donnerstag, 27. November 2014 - Das NSU-Prozess-Blog","og_description":"Der Zeuge Ralph H. ist ein mutma\u00dflicher Unterst\u00fctzer des NSU \u2013 &#8222;mit einem seltsamen Verh\u00e4ltnis zur Wahrheit&#8220;, beobachtete Tanjev Schultz von der S\u00fcddeutschen Zeitung. Denn im Zusammenhang mit dem Zeugen geschahen seltsame Dinge, die er vor Gericht nicht erkl\u00e4ren konnte. So wurde sein Personalausweis im ausgebrannten Haus des NSU-Trios gefunden. &#8222;An einen Zufall kann man [&hellip;]","og_url":"https:\/\/blog.zeit.de\/nsu-prozess-blog\/2014\/11\/27\/medienlog-ralph-h-unterstuetzer-personalausweis\/","og_site_name":"Das NSU-Prozess-Blog","article_published_time":"2014-11-27T07:41:32+00:00","article_modified_time":"2014-11-27T08:09:59+00:00","author":"Tom Sundermann","twitter_misc":{"Geschrieben von":"Tom Sundermann","Gesch\u00e4tzte Lesezeit":"3\u00a0Minuten"},"schema":{"@context":"https:\/\/schema.org","@graph":[{"@type":"WebPage","@id":"https:\/\/blog.zeit.de\/nsu-prozess-blog\/2014\/11\/27\/medienlog-ralph-h-unterstuetzer-personalausweis\/","url":"https:\/\/blog.zeit.de\/nsu-prozess-blog\/2014\/11\/27\/medienlog-ralph-h-unterstuetzer-personalausweis\/","name":"Rechtsextremer Helfer oder Mitl\u00e4ufer? \u2013 Das Medienlog vom Donnerstag, 27. November 2014 - Das NSU-Prozess-Blog","isPartOf":{"@id":"https:\/\/blog.zeit.de\/nsu-prozess-blog\/#website"},"datePublished":"2014-11-27T07:41:32+00:00","dateModified":"2014-11-27T08:09:59+00:00","author":{"@id":"https:\/\/blog.zeit.de\/nsu-prozess-blog\/#\/schema\/person\/553ea9bb5d1fc2ae054c589bd59380a5"},"breadcrumb":{"@id":"https:\/\/blog.zeit.de\/nsu-prozess-blog\/2014\/11\/27\/medienlog-ralph-h-unterstuetzer-personalausweis\/#breadcrumb"},"inLanguage":"de","potentialAction":[{"@type":"ReadAction","target":["https:\/\/blog.zeit.de\/nsu-prozess-blog\/2014\/11\/27\/medienlog-ralph-h-unterstuetzer-personalausweis\/"]}]},{"@type":"BreadcrumbList","@id":"https:\/\/blog.zeit.de\/nsu-prozess-blog\/2014\/11\/27\/medienlog-ralph-h-unterstuetzer-personalausweis\/#breadcrumb","itemListElement":[{"@type":"ListItem","position":1,"name":"Startseite","item":"https:\/\/blog.zeit.de\/nsu-prozess-blog\/"},{"@type":"ListItem","position":2,"name":"Rechtsextremer Helfer oder Mitl\u00e4ufer? \u2013 Das Medienlog vom Donnerstag, 27. November 2014"}]},{"@type":"WebSite","@id":"https:\/\/blog.zeit.de\/nsu-prozess-blog\/#website","url":"https:\/\/blog.zeit.de\/nsu-prozess-blog\/","name":"Das NSU-Prozess-Blog","description":"Alle Berichte zum Terrorverfahren in M\u00fcnchen","potentialAction":[{"@type":"SearchAction","target":{"@type":"EntryPoint","urlTemplate":"https:\/\/blog.zeit.de\/nsu-prozess-blog\/?s={search_term_string}"},"query-input":"required name=search_term_string"}],"inLanguage":"de"},{"@type":"Person","@id":"https:\/\/blog.zeit.de\/nsu-prozess-blog\/#\/schema\/person\/553ea9bb5d1fc2ae054c589bd59380a5","name":"Tom Sundermann","image":{"@type":"ImageObject","inLanguage":"de","@id":"https:\/\/blog.zeit.de\/nsu-prozess-blog\/#\/schema\/person\/image\/","url":"https:\/\/secure.gravatar.com\/avatar\/e108a3dc18766f719b2f797dc5d19093f06a1870c55b553ab6b7563f1f9a5e68?s=96&d=mm&r=g","contentUrl":"https:\/\/secure.gravatar.com\/avatar\/e108a3dc18766f719b2f797dc5d19093f06a1870c55b553ab6b7563f1f9a5e68?s=96&d=mm&r=g","caption":"Tom Sundermann"},"sameAs":["https:\/\/twitter.com\/messeticker"],"url":"https:\/\/blog.zeit.de\/nsu-prozess-blog\/author\/tsundermann\/"}]}},"jetpack_featured_media_url":"","jetpack_sharing_enabled":true,"_links":{"self":[{"href":"https:\/\/blog.zeit.de\/nsu-prozess-blog\/wp-json\/wp\/v2\/posts\/8103","targetHints":{"allow":["GET"]}}],"collection":[{"href":"https:\/\/blog.zeit.de\/nsu-prozess-blog\/wp-json\/wp\/v2\/posts"}],"about":[{"href":"https:\/\/blog.zeit.de\/nsu-prozess-blog\/wp-json\/wp\/v2\/types\/post"}],"author":[{"embeddable":true,"href":"https:\/\/blog.zeit.de\/nsu-prozess-blog\/wp-json\/wp\/v2\/users\/435"}],"replies":[{"embeddable":true,"href":"https:\/\/blog.zeit.de\/nsu-prozess-blog\/wp-json\/wp\/v2\/comments?post=8103"}],"version-history":[{"count":10,"href":"https:\/\/blog.zeit.de\/nsu-prozess-blog\/wp-json\/wp\/v2\/posts\/8103\/revisions"}],"predecessor-version":[{"id":8113,"href":"https:\/\/blog.zeit.de\/nsu-prozess-blog\/wp-json\/wp\/v2\/posts\/8103\/revisions\/8113"}],"wp:attachment":[{"href":"https:\/\/blog.zeit.de\/nsu-prozess-blog\/wp-json\/wp\/v2\/media?parent=8103"}],"wp:term":[{"taxonomy":"category","embeddable":true,"href":"https:\/\/blog.zeit.de\/nsu-prozess-blog\/wp-json\/wp\/v2\/categories?post=8103"},{"taxonomy":"post_tag","embeddable":true,"href":"https:\/\/blog.zeit.de\/nsu-prozess-blog\/wp-json\/wp\/v2\/tags?post=8103"}],"curies":[{"name":"wp","href":"https:\/\/api.w.org\/{rel}","templated":true}]}}