{"id":8164,"date":"2014-12-04T19:03:14","date_gmt":"2014-12-04T18:03:14","guid":{"rendered":"http:\/\/blog.zeit.de\/nsu-prozess-blog\/?p=8164"},"modified":"2014-12-05T09:29:58","modified_gmt":"2014-12-05T08:29:58","slug":"neue-prozesstage-bis-2016-angesetzt-das-medienlog-vom-freitag-5-dezember-2014","status":"publish","type":"post","link":"https:\/\/blog.zeit.de\/nsu-prozess-blog\/2014\/12\/04\/neue-prozesstage-bis-2016-angesetzt-das-medienlog-vom-freitag-5-dezember-2014\/","title":{"rendered":"Neue Prozesstage bis 2016 angesetzt \u2013 Das Medienlog vom Freitag, 5. Dezember 2014"},"content":{"rendered":"<p>Eine neue Verl\u00e4ngerungsrunde im NSU-Prozess: Der Vorsitzende Richter Manfred G\u00f6tzl hat Verhandlungstage bis Mitte Januar 2016 angesetzt. Das bedeutet nicht zwangsl\u00e4ufig, dass noch ein ganzes Jahr lang Zeugen geh\u00f6rt werden, weil die Termine unter Vorbehalt eingetragen sind. Aufgrund der zahlreichen Zeugen, die durch Antr\u00e4ge von Nebenklageanw\u00e4lten geladen werden, ist diese Planung jedoch nicht unrealistisch. &#8222;Das derzeit wohl wichtigste Strafverfahren in Deutschland kommt nur im Schritttempo voran&#8220;, kommentiert Per Hinrichs in der <a href=\"http:\/\/www.welt.de\/politik\/deutschland\/article135020232\/NSU-Prozess-wird-bis-ins-Jahr-2016-verlaengert.html\" target=\"_blank\"><em>Welt<\/em><\/a>.<\/p>\n<p>Detailliertere Termininformationen liefert Holger Schmidt im <a href=\"http:\/\/www.swr.de\/blog\/terrorismus\/2014\/12\/04\/nsu-prozess-urteil-am-12-januar-2016\/\" target=\"_blank\">Terrorismus-Blog des <em>SWR<\/em><\/a>.<\/p>\n<p><em>An jedem Werktag sichten wir f\u00fcr das NSU-Prozess-Blog die Medien und stellen wichtige Berichte, Blogs, Videos und Tweets zusammen. Wir freuen uns \u00fcber Hinweise via Twitter mit dem Hashtag #nsublog \u2013 oder per E-Mail an <a href=\"mailto:nsublog@zeit.de\">nsublog@zeit.de<\/a>.<\/em><\/p>\n<p><em>Das n\u00e4chste Medienlog erscheint am Montag, 8. Dezember 2014.<\/em><\/p>\n","protected":false},"excerpt":{"rendered":"<p>Eine neue Verl\u00e4ngerungsrunde im NSU-Prozess: Der Vorsitzende Richter Manfred G\u00f6tzl hat Verhandlungstage bis Mitte Januar 2016 angesetzt. Das bedeutet nicht zwangsl\u00e4ufig, dass noch ein ganzes Jahr lang Zeugen geh\u00f6rt werden, weil die Termine unter Vorbehalt eingetragen sind. Aufgrund der zahlreichen Zeugen, die durch Antr\u00e4ge von Nebenklageanw\u00e4lten geladen werden, ist diese Planung jedoch nicht unrealistisch. &#8222;Das [&hellip;]<\/p>\n","protected":false},"author":435,"featured_media":0,"comment_status":"open","ping_status":"open","sticky":false,"template":"","format":"standard","meta":{"_jetpack_memberships_contains_paid_content":false,"footnotes":""},"categories":[27531],"tags":[27559,8660],"class_list":["post-8164","post","type-post","status-publish","format-standard","hentry","category-medienschau","tag-manfred-gotzl","tag-termine"],"yoast_head":"<!-- This site is optimized with the Yoast SEO plugin v21.0 - https:\/\/yoast.com\/wordpress\/plugins\/seo\/ -->\n<title>Neue Prozesstage bis 2016 angesetzt \u2013 Das Medienlog vom Freitag, 5. Dezember 2014 - Das NSU-Prozess-Blog<\/title>\n<meta name=\"robots\" content=\"index, follow, max-snippet:-1, max-image-preview:large, max-video-preview:-1\" \/>\n<link rel=\"canonical\" href=\"https:\/\/blog.zeit.de\/nsu-prozess-blog\/2014\/12\/04\/neue-prozesstage-bis-2016-angesetzt-das-medienlog-vom-freitag-5-dezember-2014\/\" \/>\n<meta property=\"og:locale\" content=\"de_DE\" \/>\n<meta property=\"og:type\" content=\"article\" \/>\n<meta property=\"og:title\" content=\"Neue Prozesstage bis 2016 angesetzt \u2013 Das Medienlog vom Freitag, 5. Dezember 2014 - Das NSU-Prozess-Blog\" \/>\n<meta property=\"og:description\" content=\"Eine neue Verl\u00e4ngerungsrunde im NSU-Prozess: Der Vorsitzende Richter Manfred G\u00f6tzl hat Verhandlungstage bis Mitte Januar 2016 angesetzt. Das bedeutet nicht zwangsl\u00e4ufig, dass noch ein ganzes Jahr lang Zeugen geh\u00f6rt werden, weil die Termine unter Vorbehalt eingetragen sind. Aufgrund der zahlreichen Zeugen, die durch Antr\u00e4ge von Nebenklageanw\u00e4lten geladen werden, ist diese Planung jedoch nicht unrealistisch. &#8222;Das [&hellip;]\" \/>\n<meta property=\"og:url\" content=\"https:\/\/blog.zeit.de\/nsu-prozess-blog\/2014\/12\/04\/neue-prozesstage-bis-2016-angesetzt-das-medienlog-vom-freitag-5-dezember-2014\/\" \/>\n<meta property=\"og:site_name\" content=\"Das NSU-Prozess-Blog\" \/>\n<meta property=\"article:published_time\" content=\"2014-12-04T18:03:14+00:00\" \/>\n<meta property=\"article:modified_time\" content=\"2014-12-05T08:29:58+00:00\" \/>\n<meta name=\"author\" content=\"Tom Sundermann\" \/>\n<meta name=\"twitter:label1\" content=\"Geschrieben von\" \/>\n\t<meta name=\"twitter:data1\" content=\"Tom Sundermann\" \/>\n\t<meta name=\"twitter:label2\" content=\"Gesch\u00e4tzte Lesezeit\" \/>\n\t<meta name=\"twitter:data2\" content=\"1\u00a0Minute\" \/>\n<script type=\"application\/ld+json\" class=\"yoast-schema-graph\">{\"@context\":\"https:\/\/schema.org\",\"@graph\":[{\"@type\":\"WebPage\",\"@id\":\"https:\/\/blog.zeit.de\/nsu-prozess-blog\/2014\/12\/04\/neue-prozesstage-bis-2016-angesetzt-das-medienlog-vom-freitag-5-dezember-2014\/\",\"url\":\"https:\/\/blog.zeit.de\/nsu-prozess-blog\/2014\/12\/04\/neue-prozesstage-bis-2016-angesetzt-das-medienlog-vom-freitag-5-dezember-2014\/\",\"name\":\"Neue Prozesstage bis 2016 angesetzt \u2013 Das Medienlog vom Freitag, 5. Dezember 2014 - Das NSU-Prozess-Blog\",\"isPartOf\":{\"@id\":\"https:\/\/blog.zeit.de\/nsu-prozess-blog\/#website\"},\"datePublished\":\"2014-12-04T18:03:14+00:00\",\"dateModified\":\"2014-12-05T08:29:58+00:00\",\"author\":{\"@id\":\"https:\/\/blog.zeit.de\/nsu-prozess-blog\/#\/schema\/person\/553ea9bb5d1fc2ae054c589bd59380a5\"},\"breadcrumb\":{\"@id\":\"https:\/\/blog.zeit.de\/nsu-prozess-blog\/2014\/12\/04\/neue-prozesstage-bis-2016-angesetzt-das-medienlog-vom-freitag-5-dezember-2014\/#breadcrumb\"},\"inLanguage\":\"de\",\"potentialAction\":[{\"@type\":\"ReadAction\",\"target\":[\"https:\/\/blog.zeit.de\/nsu-prozess-blog\/2014\/12\/04\/neue-prozesstage-bis-2016-angesetzt-das-medienlog-vom-freitag-5-dezember-2014\/\"]}]},{\"@type\":\"BreadcrumbList\",\"@id\":\"https:\/\/blog.zeit.de\/nsu-prozess-blog\/2014\/12\/04\/neue-prozesstage-bis-2016-angesetzt-das-medienlog-vom-freitag-5-dezember-2014\/#breadcrumb\",\"itemListElement\":[{\"@type\":\"ListItem\",\"position\":1,\"name\":\"Startseite\",\"item\":\"https:\/\/blog.zeit.de\/nsu-prozess-blog\/\"},{\"@type\":\"ListItem\",\"position\":2,\"name\":\"Neue Prozesstage bis 2016 angesetzt \u2013 Das Medienlog vom Freitag, 5. Dezember 2014\"}]},{\"@type\":\"WebSite\",\"@id\":\"https:\/\/blog.zeit.de\/nsu-prozess-blog\/#website\",\"url\":\"https:\/\/blog.zeit.de\/nsu-prozess-blog\/\",\"name\":\"Das NSU-Prozess-Blog\",\"description\":\"Alle Berichte zum Terrorverfahren in M\u00fcnchen\",\"potentialAction\":[{\"@type\":\"SearchAction\",\"target\":{\"@type\":\"EntryPoint\",\"urlTemplate\":\"https:\/\/blog.zeit.de\/nsu-prozess-blog\/?s={search_term_string}\"},\"query-input\":\"required name=search_term_string\"}],\"inLanguage\":\"de\"},{\"@type\":\"Person\",\"@id\":\"https:\/\/blog.zeit.de\/nsu-prozess-blog\/#\/schema\/person\/553ea9bb5d1fc2ae054c589bd59380a5\",\"name\":\"Tom Sundermann\",\"image\":{\"@type\":\"ImageObject\",\"inLanguage\":\"de\",\"@id\":\"https:\/\/blog.zeit.de\/nsu-prozess-blog\/#\/schema\/person\/image\/\",\"url\":\"https:\/\/secure.gravatar.com\/avatar\/e108a3dc18766f719b2f797dc5d19093f06a1870c55b553ab6b7563f1f9a5e68?s=96&d=mm&r=g\",\"contentUrl\":\"https:\/\/secure.gravatar.com\/avatar\/e108a3dc18766f719b2f797dc5d19093f06a1870c55b553ab6b7563f1f9a5e68?s=96&d=mm&r=g\",\"caption\":\"Tom Sundermann\"},\"sameAs\":[\"https:\/\/twitter.com\/messeticker\"],\"url\":\"https:\/\/blog.zeit.de\/nsu-prozess-blog\/author\/tsundermann\/\"}]}<\/script>\n<!-- \/ Yoast SEO plugin. -->","yoast_head_json":{"title":"Neue Prozesstage bis 2016 angesetzt \u2013 Das Medienlog vom Freitag, 5. Dezember 2014 - Das NSU-Prozess-Blog","robots":{"index":"index","follow":"follow","max-snippet":"max-snippet:-1","max-image-preview":"max-image-preview:large","max-video-preview":"max-video-preview:-1"},"canonical":"https:\/\/blog.zeit.de\/nsu-prozess-blog\/2014\/12\/04\/neue-prozesstage-bis-2016-angesetzt-das-medienlog-vom-freitag-5-dezember-2014\/","og_locale":"de_DE","og_type":"article","og_title":"Neue Prozesstage bis 2016 angesetzt \u2013 Das Medienlog vom Freitag, 5. Dezember 2014 - Das NSU-Prozess-Blog","og_description":"Eine neue Verl\u00e4ngerungsrunde im NSU-Prozess: Der Vorsitzende Richter Manfred G\u00f6tzl hat Verhandlungstage bis Mitte Januar 2016 angesetzt. Das bedeutet nicht zwangsl\u00e4ufig, dass noch ein ganzes Jahr lang Zeugen geh\u00f6rt werden, weil die Termine unter Vorbehalt eingetragen sind. Aufgrund der zahlreichen Zeugen, die durch Antr\u00e4ge von Nebenklageanw\u00e4lten geladen werden, ist diese Planung jedoch nicht unrealistisch. &#8222;Das [&hellip;]","og_url":"https:\/\/blog.zeit.de\/nsu-prozess-blog\/2014\/12\/04\/neue-prozesstage-bis-2016-angesetzt-das-medienlog-vom-freitag-5-dezember-2014\/","og_site_name":"Das NSU-Prozess-Blog","article_published_time":"2014-12-04T18:03:14+00:00","article_modified_time":"2014-12-05T08:29:58+00:00","author":"Tom Sundermann","twitter_misc":{"Geschrieben von":"Tom Sundermann","Gesch\u00e4tzte Lesezeit":"1\u00a0Minute"},"schema":{"@context":"https:\/\/schema.org","@graph":[{"@type":"WebPage","@id":"https:\/\/blog.zeit.de\/nsu-prozess-blog\/2014\/12\/04\/neue-prozesstage-bis-2016-angesetzt-das-medienlog-vom-freitag-5-dezember-2014\/","url":"https:\/\/blog.zeit.de\/nsu-prozess-blog\/2014\/12\/04\/neue-prozesstage-bis-2016-angesetzt-das-medienlog-vom-freitag-5-dezember-2014\/","name":"Neue Prozesstage bis 2016 angesetzt \u2013 Das Medienlog vom Freitag, 5. Dezember 2014 - Das NSU-Prozess-Blog","isPartOf":{"@id":"https:\/\/blog.zeit.de\/nsu-prozess-blog\/#website"},"datePublished":"2014-12-04T18:03:14+00:00","dateModified":"2014-12-05T08:29:58+00:00","author":{"@id":"https:\/\/blog.zeit.de\/nsu-prozess-blog\/#\/schema\/person\/553ea9bb5d1fc2ae054c589bd59380a5"},"breadcrumb":{"@id":"https:\/\/blog.zeit.de\/nsu-prozess-blog\/2014\/12\/04\/neue-prozesstage-bis-2016-angesetzt-das-medienlog-vom-freitag-5-dezember-2014\/#breadcrumb"},"inLanguage":"de","potentialAction":[{"@type":"ReadAction","target":["https:\/\/blog.zeit.de\/nsu-prozess-blog\/2014\/12\/04\/neue-prozesstage-bis-2016-angesetzt-das-medienlog-vom-freitag-5-dezember-2014\/"]}]},{"@type":"BreadcrumbList","@id":"https:\/\/blog.zeit.de\/nsu-prozess-blog\/2014\/12\/04\/neue-prozesstage-bis-2016-angesetzt-das-medienlog-vom-freitag-5-dezember-2014\/#breadcrumb","itemListElement":[{"@type":"ListItem","position":1,"name":"Startseite","item":"https:\/\/blog.zeit.de\/nsu-prozess-blog\/"},{"@type":"ListItem","position":2,"name":"Neue Prozesstage bis 2016 angesetzt \u2013 Das Medienlog vom Freitag, 5. Dezember 2014"}]},{"@type":"WebSite","@id":"https:\/\/blog.zeit.de\/nsu-prozess-blog\/#website","url":"https:\/\/blog.zeit.de\/nsu-prozess-blog\/","name":"Das NSU-Prozess-Blog","description":"Alle Berichte zum Terrorverfahren in M\u00fcnchen","potentialAction":[{"@type":"SearchAction","target":{"@type":"EntryPoint","urlTemplate":"https:\/\/blog.zeit.de\/nsu-prozess-blog\/?s={search_term_string}"},"query-input":"required name=search_term_string"}],"inLanguage":"de"},{"@type":"Person","@id":"https:\/\/blog.zeit.de\/nsu-prozess-blog\/#\/schema\/person\/553ea9bb5d1fc2ae054c589bd59380a5","name":"Tom Sundermann","image":{"@type":"ImageObject","inLanguage":"de","@id":"https:\/\/blog.zeit.de\/nsu-prozess-blog\/#\/schema\/person\/image\/","url":"https:\/\/secure.gravatar.com\/avatar\/e108a3dc18766f719b2f797dc5d19093f06a1870c55b553ab6b7563f1f9a5e68?s=96&d=mm&r=g","contentUrl":"https:\/\/secure.gravatar.com\/avatar\/e108a3dc18766f719b2f797dc5d19093f06a1870c55b553ab6b7563f1f9a5e68?s=96&d=mm&r=g","caption":"Tom Sundermann"},"sameAs":["https:\/\/twitter.com\/messeticker"],"url":"https:\/\/blog.zeit.de\/nsu-prozess-blog\/author\/tsundermann\/"}]}},"jetpack_featured_media_url":"","jetpack_sharing_enabled":true,"_links":{"self":[{"href":"https:\/\/blog.zeit.de\/nsu-prozess-blog\/wp-json\/wp\/v2\/posts\/8164","targetHints":{"allow":["GET"]}}],"collection":[{"href":"https:\/\/blog.zeit.de\/nsu-prozess-blog\/wp-json\/wp\/v2\/posts"}],"about":[{"href":"https:\/\/blog.zeit.de\/nsu-prozess-blog\/wp-json\/wp\/v2\/types\/post"}],"author":[{"embeddable":true,"href":"https:\/\/blog.zeit.de\/nsu-prozess-blog\/wp-json\/wp\/v2\/users\/435"}],"replies":[{"embeddable":true,"href":"https:\/\/blog.zeit.de\/nsu-prozess-blog\/wp-json\/wp\/v2\/comments?post=8164"}],"version-history":[{"count":3,"href":"https:\/\/blog.zeit.de\/nsu-prozess-blog\/wp-json\/wp\/v2\/posts\/8164\/revisions"}],"predecessor-version":[{"id":8168,"href":"https:\/\/blog.zeit.de\/nsu-prozess-blog\/wp-json\/wp\/v2\/posts\/8164\/revisions\/8168"}],"wp:attachment":[{"href":"https:\/\/blog.zeit.de\/nsu-prozess-blog\/wp-json\/wp\/v2\/media?parent=8164"}],"wp:term":[{"taxonomy":"category","embeddable":true,"href":"https:\/\/blog.zeit.de\/nsu-prozess-blog\/wp-json\/wp\/v2\/categories?post=8164"},{"taxonomy":"post_tag","embeddable":true,"href":"https:\/\/blog.zeit.de\/nsu-prozess-blog\/wp-json\/wp\/v2\/tags?post=8164"}],"curies":[{"name":"wp","href":"https:\/\/api.w.org\/{rel}","templated":true}]}}