{"id":8179,"date":"2014-12-07T18:05:55","date_gmt":"2014-12-07T17:05:55","guid":{"rendered":"http:\/\/blog.zeit.de\/nsu-prozess-blog\/?p=8179"},"modified":"2014-12-08T09:28:35","modified_gmt":"2014-12-08T08:28:35","slug":"medienlog-nsu-prozess-bundespolitik-bosbach-range-ralph-h-falschaussage","status":"publish","type":"post","link":"https:\/\/blog.zeit.de\/nsu-prozess-blog\/2014\/12\/07\/medienlog-nsu-prozess-bundespolitik-bosbach-range-ralph-h-falschaussage\/","title":{"rendered":"Der NSU-Prozess und die Bundespolitik \u2013 Das Medienlog vom Montag, 8. Dezember 2014"},"content":{"rendered":"<p>Was beim NSU-Prozess in M\u00fcnchen passiert, beeinflusst auch das Geschehen im politischen Berlin: Im <a href=\"http:\/\/www.neues-deutschland.de\/artikel\/954722.nicht-originell-aber-erprobt-der-olg-trick.html\" target=\"_blank\"><em>Neuen Deutschland<\/em><\/a> berichtet Ren\u00e9 Heilig von einem Fall, in dem eine Entscheidung von Richter Manfred G\u00f6tzl offenbar die Ermittlungen im Innenausschuss des Bundestags bremste. Demnach hatte der Gremiumsvorsitzende Wolfgang Bosbach Ende November Generalbundesanwalt Harald Range zu einem Gespr\u00e4ch geladen und einen Fragenkatalog beigef\u00fcgt.<\/p>\n<p>An diesem Punkt ging das Justizministerium dazwischen: Die Befragung sei nicht m\u00f6glich, weil G\u00f6tzl die Einsicht in die Prozessakten untersagt habe. Der Autor h\u00e4lt das f\u00fcr eine Verschleierungstaktik der Anklagebeh\u00f6rde: &#8222;Nun (&#8230;) wird das nur sich selbst verantwortliche M\u00fcnchner Oberlandesgericht in Stellung gebracht.&#8220;<\/p>\n<p><!--more--><\/p>\n<p><em>An jedem Werktag sichten wir f\u00fcr das NSU-Prozess-Blog die Medien und stellen wichtige Berichte, Blogs, Videos und Tweets zusammen. Wir freuen uns \u00fcber Hinweise via Twitter mit dem Hashtag #nsublog \u2013 oder per E-Mail an <a href=\"mailto:nsublog@zeit.de\">nsublog@zeit.de<\/a>.<\/em><\/p>\n<p>Die Aussage des mutma\u00dflichen NSU-Unterst\u00fctzers <a href=\"https:\/\/blog.zeit.de\/nsu-prozess-blog\/2014\/11\/26\/der-zeuge-mit-den-zufaellen\/\">Ralph H.<\/a> k\u00f6nnte f\u00fcr den Zeugen ein Nachspiel haben: Nebenkl\u00e4ger werfen ihm vor, bei seinem Termin vor dem Oberlandesgericht M\u00fcnchen gelogen zu haben und fordern Ermittlungen gegen ihn, wie die Nachrichtenagentur <a href=\"http:\/\/www.welt.de\/regionales\/bayern\/article135066758\/Nebenklaeger-im-NSU-Prozess-werfen-Zeugen-Falschaussage-vor.html\" target=\"_blank\">dpa<\/a> berichtet. H. hatte angegeben, das Trio aus Beate Zsch\u00e4pe, Uwe Mundlos und Uwe B\u00f6hnhardt nicht zu kennen. Dagegen spricht jedoch, dass ein alter Personalausweis von ihm im <a href=\"https:\/\/blog.zeit.de\/nsu-prozess-blog\/tag\/fruehlingsstrasse\/\">Brandschutt der letzten Wohnung<\/a> des NSU in Zwickau gefunden wurde. Die Bundesanwaltschaft teilte mit, dass auf eine Falschaussage in der Regel erst nach dem Urteilsspruch geschlossen werden k\u00f6nne.<\/p>\n<p>Eine <a href=\"https:\/\/blog.zeit.de\/nsu-prozess-blog\/2014\/11\/28\/medienlog-befangenheitsantrag-zschaepe-protokoll-corelli\/\">Auswertung des Bundeskriminalamts hat nicht ergeben<\/a>, dass Zsch\u00e4pe Mitautorin des sogenannten <a href=\"https:\/\/blog.zeit.de\/nsu-prozess-blog\/2013\/06\/13\/carsten-s-brief-zschape\/\">NSU-Briefs<\/a> sein muss, in dem die Terrorzelle um das Jahr 2002 in der Szene Gewalttaten ank\u00fcndigte. Wie G\u00f6ran Schattauer im <a href=\"http:\/\/www.focus.de\/politik\/deutschland\/nazi-terror\/report-musste-an-dich-denken_id_4294308.html\" target=\"_blank\"><em>Focus<\/em><\/a> nachzeichnet, verglichen die Ermittler daf\u00fcr 29 Schriftst\u00fccke aus Zsch\u00e4pes Feder mit dem Manifest, darunter auch ein Brief an einen Dortmunder Neonazi. Dabei stellten sie zwar \u00fcbereinstimmende Fehler fest \u2013 etwa die durchgehend falsch geschriebene Konjunktion &#8222;das&#8220; statt &#8222;dass&#8220;. Dies l\u00e4sst laut BKA-Gutachten jedoch nicht sicher auf eine Miturheberschaft schlie\u00dfen.<\/p>\n<p><em>Das n\u00e4chste Medienlog erscheint am Dienstag, 9. Dezember 2014.<\/em><\/p>\n","protected":false},"excerpt":{"rendered":"<p>Was beim NSU-Prozess in M\u00fcnchen passiert, beeinflusst auch das Geschehen im politischen Berlin: Im Neuen Deutschland berichtet Ren\u00e9 Heilig von einem Fall, in dem eine Entscheidung von Richter Manfred G\u00f6tzl offenbar die Ermittlungen im Innenausschuss des Bundestags bremste. Demnach hatte der Gremiumsvorsitzende Wolfgang Bosbach Ende November Generalbundesanwalt Harald Range zu einem Gespr\u00e4ch geladen und einen [&hellip;]<\/p>\n","protected":false},"author":435,"featured_media":0,"comment_status":"open","ping_status":"open","sticky":false,"template":"","format":"standard","meta":{"_jetpack_memberships_contains_paid_content":false,"footnotes":""},"categories":[27531],"tags":[17793,27562,29495,33568,29469,27593,1449],"class_list":["post-8179","post","type-post","status-publish","format-standard","hentry","category-medienschau","tag-beate-zschape","tag-bka","tag-bundesanwaltschaft","tag-falschaussage","tag-harald-range","tag-nebenklager","tag-unterstutzer"],"yoast_head":"<!-- This site is optimized with the Yoast SEO plugin v21.0 - https:\/\/yoast.com\/wordpress\/plugins\/seo\/ -->\n<title>Der NSU-Prozess und die Bundespolitik \u2013 Das Medienlog vom Montag, 8. Dezember 2014 - Das NSU-Prozess-Blog<\/title>\n<meta name=\"robots\" content=\"index, follow, max-snippet:-1, max-image-preview:large, max-video-preview:-1\" \/>\n<link rel=\"canonical\" href=\"https:\/\/blog.zeit.de\/nsu-prozess-blog\/2014\/12\/07\/medienlog-nsu-prozess-bundespolitik-bosbach-range-ralph-h-falschaussage\/\" \/>\n<meta property=\"og:locale\" content=\"de_DE\" \/>\n<meta property=\"og:type\" content=\"article\" \/>\n<meta property=\"og:title\" content=\"Der NSU-Prozess und die Bundespolitik \u2013 Das Medienlog vom Montag, 8. Dezember 2014 - Das NSU-Prozess-Blog\" \/>\n<meta property=\"og:description\" content=\"Was beim NSU-Prozess in M\u00fcnchen passiert, beeinflusst auch das Geschehen im politischen Berlin: Im Neuen Deutschland berichtet Ren\u00e9 Heilig von einem Fall, in dem eine Entscheidung von Richter Manfred G\u00f6tzl offenbar die Ermittlungen im Innenausschuss des Bundestags bremste. Demnach hatte der Gremiumsvorsitzende Wolfgang Bosbach Ende November Generalbundesanwalt Harald Range zu einem Gespr\u00e4ch geladen und einen [&hellip;]\" \/>\n<meta property=\"og:url\" content=\"https:\/\/blog.zeit.de\/nsu-prozess-blog\/2014\/12\/07\/medienlog-nsu-prozess-bundespolitik-bosbach-range-ralph-h-falschaussage\/\" \/>\n<meta property=\"og:site_name\" content=\"Das NSU-Prozess-Blog\" \/>\n<meta property=\"article:published_time\" content=\"2014-12-07T17:05:55+00:00\" \/>\n<meta property=\"article:modified_time\" content=\"2014-12-08T08:28:35+00:00\" \/>\n<meta name=\"author\" content=\"Tom Sundermann\" \/>\n<meta name=\"twitter:label1\" content=\"Geschrieben von\" \/>\n\t<meta name=\"twitter:data1\" content=\"Tom Sundermann\" \/>\n\t<meta name=\"twitter:label2\" content=\"Gesch\u00e4tzte Lesezeit\" \/>\n\t<meta name=\"twitter:data2\" content=\"2\u00a0Minuten\" \/>\n<script type=\"application\/ld+json\" class=\"yoast-schema-graph\">{\"@context\":\"https:\/\/schema.org\",\"@graph\":[{\"@type\":\"WebPage\",\"@id\":\"https:\/\/blog.zeit.de\/nsu-prozess-blog\/2014\/12\/07\/medienlog-nsu-prozess-bundespolitik-bosbach-range-ralph-h-falschaussage\/\",\"url\":\"https:\/\/blog.zeit.de\/nsu-prozess-blog\/2014\/12\/07\/medienlog-nsu-prozess-bundespolitik-bosbach-range-ralph-h-falschaussage\/\",\"name\":\"Der NSU-Prozess und die Bundespolitik \u2013 Das Medienlog vom Montag, 8. Dezember 2014 - Das NSU-Prozess-Blog\",\"isPartOf\":{\"@id\":\"https:\/\/blog.zeit.de\/nsu-prozess-blog\/#website\"},\"datePublished\":\"2014-12-07T17:05:55+00:00\",\"dateModified\":\"2014-12-08T08:28:35+00:00\",\"author\":{\"@id\":\"https:\/\/blog.zeit.de\/nsu-prozess-blog\/#\/schema\/person\/553ea9bb5d1fc2ae054c589bd59380a5\"},\"breadcrumb\":{\"@id\":\"https:\/\/blog.zeit.de\/nsu-prozess-blog\/2014\/12\/07\/medienlog-nsu-prozess-bundespolitik-bosbach-range-ralph-h-falschaussage\/#breadcrumb\"},\"inLanguage\":\"de\",\"potentialAction\":[{\"@type\":\"ReadAction\",\"target\":[\"https:\/\/blog.zeit.de\/nsu-prozess-blog\/2014\/12\/07\/medienlog-nsu-prozess-bundespolitik-bosbach-range-ralph-h-falschaussage\/\"]}]},{\"@type\":\"BreadcrumbList\",\"@id\":\"https:\/\/blog.zeit.de\/nsu-prozess-blog\/2014\/12\/07\/medienlog-nsu-prozess-bundespolitik-bosbach-range-ralph-h-falschaussage\/#breadcrumb\",\"itemListElement\":[{\"@type\":\"ListItem\",\"position\":1,\"name\":\"Startseite\",\"item\":\"https:\/\/blog.zeit.de\/nsu-prozess-blog\/\"},{\"@type\":\"ListItem\",\"position\":2,\"name\":\"Der NSU-Prozess und die Bundespolitik \u2013 Das Medienlog vom Montag, 8. Dezember 2014\"}]},{\"@type\":\"WebSite\",\"@id\":\"https:\/\/blog.zeit.de\/nsu-prozess-blog\/#website\",\"url\":\"https:\/\/blog.zeit.de\/nsu-prozess-blog\/\",\"name\":\"Das NSU-Prozess-Blog\",\"description\":\"Alle Berichte zum Terrorverfahren in M\u00fcnchen\",\"potentialAction\":[{\"@type\":\"SearchAction\",\"target\":{\"@type\":\"EntryPoint\",\"urlTemplate\":\"https:\/\/blog.zeit.de\/nsu-prozess-blog\/?s={search_term_string}\"},\"query-input\":\"required name=search_term_string\"}],\"inLanguage\":\"de\"},{\"@type\":\"Person\",\"@id\":\"https:\/\/blog.zeit.de\/nsu-prozess-blog\/#\/schema\/person\/553ea9bb5d1fc2ae054c589bd59380a5\",\"name\":\"Tom Sundermann\",\"image\":{\"@type\":\"ImageObject\",\"inLanguage\":\"de\",\"@id\":\"https:\/\/blog.zeit.de\/nsu-prozess-blog\/#\/schema\/person\/image\/\",\"url\":\"https:\/\/secure.gravatar.com\/avatar\/e108a3dc18766f719b2f797dc5d19093f06a1870c55b553ab6b7563f1f9a5e68?s=96&d=mm&r=g\",\"contentUrl\":\"https:\/\/secure.gravatar.com\/avatar\/e108a3dc18766f719b2f797dc5d19093f06a1870c55b553ab6b7563f1f9a5e68?s=96&d=mm&r=g\",\"caption\":\"Tom Sundermann\"},\"sameAs\":[\"https:\/\/twitter.com\/messeticker\"],\"url\":\"https:\/\/blog.zeit.de\/nsu-prozess-blog\/author\/tsundermann\/\"}]}<\/script>\n<!-- \/ Yoast SEO plugin. -->","yoast_head_json":{"title":"Der NSU-Prozess und die Bundespolitik \u2013 Das Medienlog vom Montag, 8. Dezember 2014 - Das NSU-Prozess-Blog","robots":{"index":"index","follow":"follow","max-snippet":"max-snippet:-1","max-image-preview":"max-image-preview:large","max-video-preview":"max-video-preview:-1"},"canonical":"https:\/\/blog.zeit.de\/nsu-prozess-blog\/2014\/12\/07\/medienlog-nsu-prozess-bundespolitik-bosbach-range-ralph-h-falschaussage\/","og_locale":"de_DE","og_type":"article","og_title":"Der NSU-Prozess und die Bundespolitik \u2013 Das Medienlog vom Montag, 8. Dezember 2014 - Das NSU-Prozess-Blog","og_description":"Was beim NSU-Prozess in M\u00fcnchen passiert, beeinflusst auch das Geschehen im politischen Berlin: Im Neuen Deutschland berichtet Ren\u00e9 Heilig von einem Fall, in dem eine Entscheidung von Richter Manfred G\u00f6tzl offenbar die Ermittlungen im Innenausschuss des Bundestags bremste. Demnach hatte der Gremiumsvorsitzende Wolfgang Bosbach Ende November Generalbundesanwalt Harald Range zu einem Gespr\u00e4ch geladen und einen [&hellip;]","og_url":"https:\/\/blog.zeit.de\/nsu-prozess-blog\/2014\/12\/07\/medienlog-nsu-prozess-bundespolitik-bosbach-range-ralph-h-falschaussage\/","og_site_name":"Das NSU-Prozess-Blog","article_published_time":"2014-12-07T17:05:55+00:00","article_modified_time":"2014-12-08T08:28:35+00:00","author":"Tom Sundermann","twitter_misc":{"Geschrieben von":"Tom Sundermann","Gesch\u00e4tzte Lesezeit":"2\u00a0Minuten"},"schema":{"@context":"https:\/\/schema.org","@graph":[{"@type":"WebPage","@id":"https:\/\/blog.zeit.de\/nsu-prozess-blog\/2014\/12\/07\/medienlog-nsu-prozess-bundespolitik-bosbach-range-ralph-h-falschaussage\/","url":"https:\/\/blog.zeit.de\/nsu-prozess-blog\/2014\/12\/07\/medienlog-nsu-prozess-bundespolitik-bosbach-range-ralph-h-falschaussage\/","name":"Der NSU-Prozess und die Bundespolitik \u2013 Das Medienlog vom Montag, 8. Dezember 2014 - Das NSU-Prozess-Blog","isPartOf":{"@id":"https:\/\/blog.zeit.de\/nsu-prozess-blog\/#website"},"datePublished":"2014-12-07T17:05:55+00:00","dateModified":"2014-12-08T08:28:35+00:00","author":{"@id":"https:\/\/blog.zeit.de\/nsu-prozess-blog\/#\/schema\/person\/553ea9bb5d1fc2ae054c589bd59380a5"},"breadcrumb":{"@id":"https:\/\/blog.zeit.de\/nsu-prozess-blog\/2014\/12\/07\/medienlog-nsu-prozess-bundespolitik-bosbach-range-ralph-h-falschaussage\/#breadcrumb"},"inLanguage":"de","potentialAction":[{"@type":"ReadAction","target":["https:\/\/blog.zeit.de\/nsu-prozess-blog\/2014\/12\/07\/medienlog-nsu-prozess-bundespolitik-bosbach-range-ralph-h-falschaussage\/"]}]},{"@type":"BreadcrumbList","@id":"https:\/\/blog.zeit.de\/nsu-prozess-blog\/2014\/12\/07\/medienlog-nsu-prozess-bundespolitik-bosbach-range-ralph-h-falschaussage\/#breadcrumb","itemListElement":[{"@type":"ListItem","position":1,"name":"Startseite","item":"https:\/\/blog.zeit.de\/nsu-prozess-blog\/"},{"@type":"ListItem","position":2,"name":"Der NSU-Prozess und die Bundespolitik \u2013 Das Medienlog vom Montag, 8. Dezember 2014"}]},{"@type":"WebSite","@id":"https:\/\/blog.zeit.de\/nsu-prozess-blog\/#website","url":"https:\/\/blog.zeit.de\/nsu-prozess-blog\/","name":"Das NSU-Prozess-Blog","description":"Alle Berichte zum Terrorverfahren in M\u00fcnchen","potentialAction":[{"@type":"SearchAction","target":{"@type":"EntryPoint","urlTemplate":"https:\/\/blog.zeit.de\/nsu-prozess-blog\/?s={search_term_string}"},"query-input":"required name=search_term_string"}],"inLanguage":"de"},{"@type":"Person","@id":"https:\/\/blog.zeit.de\/nsu-prozess-blog\/#\/schema\/person\/553ea9bb5d1fc2ae054c589bd59380a5","name":"Tom Sundermann","image":{"@type":"ImageObject","inLanguage":"de","@id":"https:\/\/blog.zeit.de\/nsu-prozess-blog\/#\/schema\/person\/image\/","url":"https:\/\/secure.gravatar.com\/avatar\/e108a3dc18766f719b2f797dc5d19093f06a1870c55b553ab6b7563f1f9a5e68?s=96&d=mm&r=g","contentUrl":"https:\/\/secure.gravatar.com\/avatar\/e108a3dc18766f719b2f797dc5d19093f06a1870c55b553ab6b7563f1f9a5e68?s=96&d=mm&r=g","caption":"Tom Sundermann"},"sameAs":["https:\/\/twitter.com\/messeticker"],"url":"https:\/\/blog.zeit.de\/nsu-prozess-blog\/author\/tsundermann\/"}]}},"jetpack_featured_media_url":"","jetpack_sharing_enabled":true,"_links":{"self":[{"href":"https:\/\/blog.zeit.de\/nsu-prozess-blog\/wp-json\/wp\/v2\/posts\/8179","targetHints":{"allow":["GET"]}}],"collection":[{"href":"https:\/\/blog.zeit.de\/nsu-prozess-blog\/wp-json\/wp\/v2\/posts"}],"about":[{"href":"https:\/\/blog.zeit.de\/nsu-prozess-blog\/wp-json\/wp\/v2\/types\/post"}],"author":[{"embeddable":true,"href":"https:\/\/blog.zeit.de\/nsu-prozess-blog\/wp-json\/wp\/v2\/users\/435"}],"replies":[{"embeddable":true,"href":"https:\/\/blog.zeit.de\/nsu-prozess-blog\/wp-json\/wp\/v2\/comments?post=8179"}],"version-history":[{"count":9,"href":"https:\/\/blog.zeit.de\/nsu-prozess-blog\/wp-json\/wp\/v2\/posts\/8179\/revisions"}],"predecessor-version":[{"id":8187,"href":"https:\/\/blog.zeit.de\/nsu-prozess-blog\/wp-json\/wp\/v2\/posts\/8179\/revisions\/8187"}],"wp:attachment":[{"href":"https:\/\/blog.zeit.de\/nsu-prozess-blog\/wp-json\/wp\/v2\/media?parent=8179"}],"wp:term":[{"taxonomy":"category","embeddable":true,"href":"https:\/\/blog.zeit.de\/nsu-prozess-blog\/wp-json\/wp\/v2\/categories?post=8179"},{"taxonomy":"post_tag","embeddable":true,"href":"https:\/\/blog.zeit.de\/nsu-prozess-blog\/wp-json\/wp\/v2\/tags?post=8179"}],"curies":[{"name":"wp","href":"https:\/\/api.w.org\/{rel}","templated":true}]}}