{"id":8212,"date":"2014-12-17T07:00:41","date_gmt":"2014-12-17T06:00:41","guid":{"rendered":"http:\/\/blog.zeit.de\/nsu-prozess-blog\/?p=8212"},"modified":"2014-12-16T21:08:59","modified_gmt":"2014-12-16T20:08:59","slug":"172-prozesstag-der-taschenlampenanschlag-von-nuernberg","status":"publish","type":"post","link":"https:\/\/blog.zeit.de\/nsu-prozess-blog\/2014\/12\/17\/172-prozesstag-der-taschenlampenanschlag-von-nuernberg\/","title":{"rendered":"172. Prozesstag \u2013 Der Taschenlampenanschlag von N\u00fcrnberg"},"content":{"rendered":"<p>Es ist ein weiteres r\u00e4tselhaftes Puzzlest\u00fcck im NSU-Komplex: Ver\u00fcbten Uwe Mundlos und Uwe B\u00f6hnhardt 1999 einen Anschlag auf eine Kneipe? Darauf hatte der Mitangeklagte Carsten S. zu Beginn des Prozesses <a href=\"http:\/\/www.zeit.de\/gesellschaft\/zeitgeschehen\/2013-06\/nsu-prozess-carsten-s-anschlag\">einen Hinweis gegeben<\/a>. Prozesbeteiligte bringen die Aussage in Zusammenhang mit einer Tat, bei der ein Putzmann im Juni 1999 unwissentlich eine als Taschenlampe getarnte Rohrbombe auf der Toilette einer Gastst\u00e4tte gez\u00fcndet hatte. Am Mittwoch sagt dazu ein Polizist des M\u00fcnchner Polizeipr\u00e4sidiums aus, der den Vorfall damals untersucht hatte.<\/p>\n<p>S. hatte ausgesagt, dass Mundlos und B\u00f6hnhardt ihm zugeraunt h\u00e4tten, sie h\u00e4tten in N\u00fcrnberg &#8222;eine Taschenlampe hingestellt&#8220;. Er habe sich darauf keinen Reim machen k\u00f6nnen. Das Opfer wurde bei der Tat schwer verletzt. Die Tat gilt bis heute als unaufgekl\u00e4rt, auch durch die Ermittlungen der Staatsanwaltschaft wurde sie vor S.&#8216; Aussage nicht in Zusammenhang mit dem NSU gebracht.<\/p>\n<p>Bei der Sitzung handelt es sich um den letzten Gerichtstermin vor der Weihnachtspause. Der Prozess wird am 12. Januar 2015 fortgesetzt.<\/p>\n<p><em>ZEIT ONLINE berichtet aus M\u00fcnchen und fasst den Prozesstag am Abend auf diesem Blog zusammen. Informationen aus der Verhandlung gibt es <a href=\"https:\/\/twitter.com\/zeitonline\/lists\/nsu-prozess\">via Twitter hier<\/a>. Weitere Berichte stellen wir morgen im <a href=\"https:\/\/blog.zeit.de\/nsu-prozess-blog\/category\/medienschau\/\">NSU-Medienlog<\/a> zusammen.<\/em><\/p>\n","protected":false},"excerpt":{"rendered":"<p>Es ist ein weiteres r\u00e4tselhaftes Puzzlest\u00fcck im NSU-Komplex: Ver\u00fcbten Uwe Mundlos und Uwe B\u00f6hnhardt 1999 einen Anschlag auf eine Kneipe? Darauf hatte der Mitangeklagte Carsten S. zu Beginn des Prozesses einen Hinweis gegeben. Prozesbeteiligte bringen die Aussage in Zusammenhang mit einer Tat, bei der ein Putzmann im Juni 1999 unwissentlich eine als Taschenlampe getarnte Rohrbombe [&hellip;]<\/p>\n","protected":false},"author":435,"featured_media":0,"comment_status":"open","ping_status":"open","sticky":false,"template":"","format":"standard","meta":{"_jetpack_memberships_contains_paid_content":false,"footnotes":""},"categories":[27532],"tags":[26571,698,33570,22860,22859],"class_list":["post-8212","post","type-post","status-publish","format-standard","hentry","category-prozesstage","tag-bombe","tag-nurnberg","tag-taschenlampen-anschlag","tag-uwe-bohnhardt","tag-uwe-mundlos"],"yoast_head":"<!-- This site is optimized with the Yoast SEO plugin v21.0 - https:\/\/yoast.com\/wordpress\/plugins\/seo\/ -->\n<title>172. Prozesstag \u2013 Der Taschenlampenanschlag von N\u00fcrnberg - Das NSU-Prozess-Blog<\/title>\n<meta name=\"robots\" content=\"index, follow, max-snippet:-1, max-image-preview:large, max-video-preview:-1\" \/>\n<link rel=\"canonical\" href=\"https:\/\/blog.zeit.de\/nsu-prozess-blog\/2014\/12\/17\/172-prozesstag-der-taschenlampenanschlag-von-nuernberg\/\" \/>\n<meta property=\"og:locale\" content=\"de_DE\" \/>\n<meta property=\"og:type\" content=\"article\" \/>\n<meta property=\"og:title\" content=\"172. Prozesstag \u2013 Der Taschenlampenanschlag von N\u00fcrnberg - Das NSU-Prozess-Blog\" \/>\n<meta property=\"og:description\" content=\"Es ist ein weiteres r\u00e4tselhaftes Puzzlest\u00fcck im NSU-Komplex: Ver\u00fcbten Uwe Mundlos und Uwe B\u00f6hnhardt 1999 einen Anschlag auf eine Kneipe? Darauf hatte der Mitangeklagte Carsten S. zu Beginn des Prozesses einen Hinweis gegeben. Prozesbeteiligte bringen die Aussage in Zusammenhang mit einer Tat, bei der ein Putzmann im Juni 1999 unwissentlich eine als Taschenlampe getarnte Rohrbombe [&hellip;]\" \/>\n<meta property=\"og:url\" content=\"https:\/\/blog.zeit.de\/nsu-prozess-blog\/2014\/12\/17\/172-prozesstag-der-taschenlampenanschlag-von-nuernberg\/\" \/>\n<meta property=\"og:site_name\" content=\"Das NSU-Prozess-Blog\" \/>\n<meta property=\"article:published_time\" content=\"2014-12-17T06:00:41+00:00\" \/>\n<meta property=\"article:modified_time\" content=\"2014-12-16T20:08:59+00:00\" \/>\n<meta name=\"author\" content=\"Tom Sundermann\" \/>\n<meta name=\"twitter:label1\" content=\"Geschrieben von\" \/>\n\t<meta name=\"twitter:data1\" content=\"Tom Sundermann\" \/>\n\t<meta name=\"twitter:label2\" content=\"Gesch\u00e4tzte Lesezeit\" \/>\n\t<meta name=\"twitter:data2\" content=\"1\u00a0Minute\" \/>\n<script type=\"application\/ld+json\" class=\"yoast-schema-graph\">{\"@context\":\"https:\/\/schema.org\",\"@graph\":[{\"@type\":\"WebPage\",\"@id\":\"https:\/\/blog.zeit.de\/nsu-prozess-blog\/2014\/12\/17\/172-prozesstag-der-taschenlampenanschlag-von-nuernberg\/\",\"url\":\"https:\/\/blog.zeit.de\/nsu-prozess-blog\/2014\/12\/17\/172-prozesstag-der-taschenlampenanschlag-von-nuernberg\/\",\"name\":\"172. Prozesstag \u2013 Der Taschenlampenanschlag von N\u00fcrnberg - Das NSU-Prozess-Blog\",\"isPartOf\":{\"@id\":\"https:\/\/blog.zeit.de\/nsu-prozess-blog\/#website\"},\"datePublished\":\"2014-12-17T06:00:41+00:00\",\"dateModified\":\"2014-12-16T20:08:59+00:00\",\"author\":{\"@id\":\"https:\/\/blog.zeit.de\/nsu-prozess-blog\/#\/schema\/person\/553ea9bb5d1fc2ae054c589bd59380a5\"},\"breadcrumb\":{\"@id\":\"https:\/\/blog.zeit.de\/nsu-prozess-blog\/2014\/12\/17\/172-prozesstag-der-taschenlampenanschlag-von-nuernberg\/#breadcrumb\"},\"inLanguage\":\"de\",\"potentialAction\":[{\"@type\":\"ReadAction\",\"target\":[\"https:\/\/blog.zeit.de\/nsu-prozess-blog\/2014\/12\/17\/172-prozesstag-der-taschenlampenanschlag-von-nuernberg\/\"]}]},{\"@type\":\"BreadcrumbList\",\"@id\":\"https:\/\/blog.zeit.de\/nsu-prozess-blog\/2014\/12\/17\/172-prozesstag-der-taschenlampenanschlag-von-nuernberg\/#breadcrumb\",\"itemListElement\":[{\"@type\":\"ListItem\",\"position\":1,\"name\":\"Startseite\",\"item\":\"https:\/\/blog.zeit.de\/nsu-prozess-blog\/\"},{\"@type\":\"ListItem\",\"position\":2,\"name\":\"172. Prozesstag \u2013 Der Taschenlampenanschlag von N\u00fcrnberg\"}]},{\"@type\":\"WebSite\",\"@id\":\"https:\/\/blog.zeit.de\/nsu-prozess-blog\/#website\",\"url\":\"https:\/\/blog.zeit.de\/nsu-prozess-blog\/\",\"name\":\"Das NSU-Prozess-Blog\",\"description\":\"Alle Berichte zum Terrorverfahren in M\u00fcnchen\",\"potentialAction\":[{\"@type\":\"SearchAction\",\"target\":{\"@type\":\"EntryPoint\",\"urlTemplate\":\"https:\/\/blog.zeit.de\/nsu-prozess-blog\/?s={search_term_string}\"},\"query-input\":\"required name=search_term_string\"}],\"inLanguage\":\"de\"},{\"@type\":\"Person\",\"@id\":\"https:\/\/blog.zeit.de\/nsu-prozess-blog\/#\/schema\/person\/553ea9bb5d1fc2ae054c589bd59380a5\",\"name\":\"Tom Sundermann\",\"image\":{\"@type\":\"ImageObject\",\"inLanguage\":\"de\",\"@id\":\"https:\/\/blog.zeit.de\/nsu-prozess-blog\/#\/schema\/person\/image\/\",\"url\":\"https:\/\/secure.gravatar.com\/avatar\/e108a3dc18766f719b2f797dc5d19093f06a1870c55b553ab6b7563f1f9a5e68?s=96&d=mm&r=g\",\"contentUrl\":\"https:\/\/secure.gravatar.com\/avatar\/e108a3dc18766f719b2f797dc5d19093f06a1870c55b553ab6b7563f1f9a5e68?s=96&d=mm&r=g\",\"caption\":\"Tom Sundermann\"},\"sameAs\":[\"https:\/\/twitter.com\/messeticker\"],\"url\":\"https:\/\/blog.zeit.de\/nsu-prozess-blog\/author\/tsundermann\/\"}]}<\/script>\n<!-- \/ Yoast SEO plugin. -->","yoast_head_json":{"title":"172. Prozesstag \u2013 Der Taschenlampenanschlag von N\u00fcrnberg - Das NSU-Prozess-Blog","robots":{"index":"index","follow":"follow","max-snippet":"max-snippet:-1","max-image-preview":"max-image-preview:large","max-video-preview":"max-video-preview:-1"},"canonical":"https:\/\/blog.zeit.de\/nsu-prozess-blog\/2014\/12\/17\/172-prozesstag-der-taschenlampenanschlag-von-nuernberg\/","og_locale":"de_DE","og_type":"article","og_title":"172. Prozesstag \u2013 Der Taschenlampenanschlag von N\u00fcrnberg - Das NSU-Prozess-Blog","og_description":"Es ist ein weiteres r\u00e4tselhaftes Puzzlest\u00fcck im NSU-Komplex: Ver\u00fcbten Uwe Mundlos und Uwe B\u00f6hnhardt 1999 einen Anschlag auf eine Kneipe? Darauf hatte der Mitangeklagte Carsten S. zu Beginn des Prozesses einen Hinweis gegeben. Prozesbeteiligte bringen die Aussage in Zusammenhang mit einer Tat, bei der ein Putzmann im Juni 1999 unwissentlich eine als Taschenlampe getarnte Rohrbombe [&hellip;]","og_url":"https:\/\/blog.zeit.de\/nsu-prozess-blog\/2014\/12\/17\/172-prozesstag-der-taschenlampenanschlag-von-nuernberg\/","og_site_name":"Das NSU-Prozess-Blog","article_published_time":"2014-12-17T06:00:41+00:00","article_modified_time":"2014-12-16T20:08:59+00:00","author":"Tom Sundermann","twitter_misc":{"Geschrieben von":"Tom Sundermann","Gesch\u00e4tzte Lesezeit":"1\u00a0Minute"},"schema":{"@context":"https:\/\/schema.org","@graph":[{"@type":"WebPage","@id":"https:\/\/blog.zeit.de\/nsu-prozess-blog\/2014\/12\/17\/172-prozesstag-der-taschenlampenanschlag-von-nuernberg\/","url":"https:\/\/blog.zeit.de\/nsu-prozess-blog\/2014\/12\/17\/172-prozesstag-der-taschenlampenanschlag-von-nuernberg\/","name":"172. Prozesstag \u2013 Der Taschenlampenanschlag von N\u00fcrnberg - Das NSU-Prozess-Blog","isPartOf":{"@id":"https:\/\/blog.zeit.de\/nsu-prozess-blog\/#website"},"datePublished":"2014-12-17T06:00:41+00:00","dateModified":"2014-12-16T20:08:59+00:00","author":{"@id":"https:\/\/blog.zeit.de\/nsu-prozess-blog\/#\/schema\/person\/553ea9bb5d1fc2ae054c589bd59380a5"},"breadcrumb":{"@id":"https:\/\/blog.zeit.de\/nsu-prozess-blog\/2014\/12\/17\/172-prozesstag-der-taschenlampenanschlag-von-nuernberg\/#breadcrumb"},"inLanguage":"de","potentialAction":[{"@type":"ReadAction","target":["https:\/\/blog.zeit.de\/nsu-prozess-blog\/2014\/12\/17\/172-prozesstag-der-taschenlampenanschlag-von-nuernberg\/"]}]},{"@type":"BreadcrumbList","@id":"https:\/\/blog.zeit.de\/nsu-prozess-blog\/2014\/12\/17\/172-prozesstag-der-taschenlampenanschlag-von-nuernberg\/#breadcrumb","itemListElement":[{"@type":"ListItem","position":1,"name":"Startseite","item":"https:\/\/blog.zeit.de\/nsu-prozess-blog\/"},{"@type":"ListItem","position":2,"name":"172. Prozesstag \u2013 Der Taschenlampenanschlag von N\u00fcrnberg"}]},{"@type":"WebSite","@id":"https:\/\/blog.zeit.de\/nsu-prozess-blog\/#website","url":"https:\/\/blog.zeit.de\/nsu-prozess-blog\/","name":"Das NSU-Prozess-Blog","description":"Alle Berichte zum Terrorverfahren in M\u00fcnchen","potentialAction":[{"@type":"SearchAction","target":{"@type":"EntryPoint","urlTemplate":"https:\/\/blog.zeit.de\/nsu-prozess-blog\/?s={search_term_string}"},"query-input":"required name=search_term_string"}],"inLanguage":"de"},{"@type":"Person","@id":"https:\/\/blog.zeit.de\/nsu-prozess-blog\/#\/schema\/person\/553ea9bb5d1fc2ae054c589bd59380a5","name":"Tom Sundermann","image":{"@type":"ImageObject","inLanguage":"de","@id":"https:\/\/blog.zeit.de\/nsu-prozess-blog\/#\/schema\/person\/image\/","url":"https:\/\/secure.gravatar.com\/avatar\/e108a3dc18766f719b2f797dc5d19093f06a1870c55b553ab6b7563f1f9a5e68?s=96&d=mm&r=g","contentUrl":"https:\/\/secure.gravatar.com\/avatar\/e108a3dc18766f719b2f797dc5d19093f06a1870c55b553ab6b7563f1f9a5e68?s=96&d=mm&r=g","caption":"Tom Sundermann"},"sameAs":["https:\/\/twitter.com\/messeticker"],"url":"https:\/\/blog.zeit.de\/nsu-prozess-blog\/author\/tsundermann\/"}]}},"jetpack_featured_media_url":"","jetpack_sharing_enabled":true,"_links":{"self":[{"href":"https:\/\/blog.zeit.de\/nsu-prozess-blog\/wp-json\/wp\/v2\/posts\/8212","targetHints":{"allow":["GET"]}}],"collection":[{"href":"https:\/\/blog.zeit.de\/nsu-prozess-blog\/wp-json\/wp\/v2\/posts"}],"about":[{"href":"https:\/\/blog.zeit.de\/nsu-prozess-blog\/wp-json\/wp\/v2\/types\/post"}],"author":[{"embeddable":true,"href":"https:\/\/blog.zeit.de\/nsu-prozess-blog\/wp-json\/wp\/v2\/users\/435"}],"replies":[{"embeddable":true,"href":"https:\/\/blog.zeit.de\/nsu-prozess-blog\/wp-json\/wp\/v2\/comments?post=8212"}],"version-history":[{"count":2,"href":"https:\/\/blog.zeit.de\/nsu-prozess-blog\/wp-json\/wp\/v2\/posts\/8212\/revisions"}],"predecessor-version":[{"id":8245,"href":"https:\/\/blog.zeit.de\/nsu-prozess-blog\/wp-json\/wp\/v2\/posts\/8212\/revisions\/8245"}],"wp:attachment":[{"href":"https:\/\/blog.zeit.de\/nsu-prozess-blog\/wp-json\/wp\/v2\/media?parent=8212"}],"wp:term":[{"taxonomy":"category","embeddable":true,"href":"https:\/\/blog.zeit.de\/nsu-prozess-blog\/wp-json\/wp\/v2\/categories?post=8212"},{"taxonomy":"post_tag","embeddable":true,"href":"https:\/\/blog.zeit.de\/nsu-prozess-blog\/wp-json\/wp\/v2\/tags?post=8212"}],"curies":[{"name":"wp","href":"https:\/\/api.w.org\/{rel}","templated":true}]}}