{"id":8234,"date":"2014-12-15T09:22:52","date_gmt":"2014-12-15T08:22:52","guid":{"rendered":"http:\/\/blog.zeit.de\/nsu-prozess-blog\/?p=8234"},"modified":"2014-12-15T09:22:52","modified_gmt":"2014-12-15T08:22:52","slug":"medienlog-zschape-untersuchungshaft","status":"publish","type":"post","link":"https:\/\/blog.zeit.de\/nsu-prozess-blog\/2014\/12\/15\/medienlog-zschape-untersuchungshaft\/","title":{"rendered":"Zsch\u00e4pe bekommt eine Zellengenossin \u2013 Das Medienlog vom Montag, 15. Dezember 2014"},"content":{"rendered":"<p>Die Hauptangeklagte im NSU-Prozess, Beate Zsch\u00e4pe, muss nicht l\u00e4nger in einer Einzelzelle sitzen: Sie darf zusammen mit einer anderen Gefangenen einen Haftraum bewohnen, entschied das M\u00fcnchner Oberlandesgericht nach Informationen des <a href=\"http:\/\/www.focus.de\/politik\/deutschland\/nazi-terror\/nach-focus-informationen-hafterleichterungen-fuer-nazi-braut-beate-zschaepe-kommt-aus-der-einzelzelle_id_4344570.html\" target=\"_blank\"><em>Focus<\/em><\/a> bereits Anfang November. Zsch\u00e4pe, die im Gef\u00e4ngnis Stadelheim in Untersuchungshaft sitzt, hatte demnach Ende Oktober beantragt, ihre Zelle teilen zu d\u00fcrfen. Als Grund hatte sie angef\u00fchrt, dass die Einzelunterbringung f\u00fcr sie zu einer &#8222;zunehmenden Belastung&#8220; werde.<\/p>\n<p><em>An jedem Werktag sichten wir f\u00fcr das NSU-Prozess-Blog die Medien und stellen wichtige Berichte, Blogs, Videos und Tweets zusammen. Wir freuen uns \u00fcber Hinweise via Twitter mit dem Hashtag #nsublog \u2013 oder per E-Mail an <a href=\"mailto:nsublog@zeit.de\">nsublog@zeit.de<\/a>.<\/em><\/p>\n<p><em>Das n\u00e4chste Medienlog erscheint am Dienstag, 16. Dezember 2014.<\/em><\/p>\n","protected":false},"excerpt":{"rendered":"<p>Die Hauptangeklagte im NSU-Prozess, Beate Zsch\u00e4pe, muss nicht l\u00e4nger in einer Einzelzelle sitzen: Sie darf zusammen mit einer anderen Gefangenen einen Haftraum bewohnen, entschied das M\u00fcnchner Oberlandesgericht nach Informationen des Focus bereits Anfang November. Zsch\u00e4pe, die im Gef\u00e4ngnis Stadelheim in Untersuchungshaft sitzt, hatte demnach Ende Oktober beantragt, ihre Zelle teilen zu d\u00fcrfen. Als Grund hatte [&hellip;]<\/p>\n","protected":false},"author":435,"featured_media":0,"comment_status":"open","ping_status":"open","sticky":false,"template":"","format":"standard","meta":{"_jetpack_memberships_contains_paid_content":false,"footnotes":""},"categories":[27531],"tags":[17793,29545],"class_list":["post-8234","post","type-post","status-publish","format-standard","hentry","category-medienschau","tag-beate-zschape","tag-untersuchungshaft"],"yoast_head":"<!-- This site is optimized with the Yoast SEO plugin v21.0 - https:\/\/yoast.com\/wordpress\/plugins\/seo\/ -->\n<title>Zsch\u00e4pe bekommt eine Zellengenossin \u2013 Das Medienlog vom Montag, 15. Dezember 2014 - Das NSU-Prozess-Blog<\/title>\n<meta name=\"robots\" content=\"index, follow, max-snippet:-1, max-image-preview:large, max-video-preview:-1\" \/>\n<link rel=\"canonical\" href=\"https:\/\/blog.zeit.de\/nsu-prozess-blog\/2014\/12\/15\/medienlog-zschape-untersuchungshaft\/\" \/>\n<meta property=\"og:locale\" content=\"de_DE\" \/>\n<meta property=\"og:type\" content=\"article\" \/>\n<meta property=\"og:title\" content=\"Zsch\u00e4pe bekommt eine Zellengenossin \u2013 Das Medienlog vom Montag, 15. Dezember 2014 - Das NSU-Prozess-Blog\" \/>\n<meta property=\"og:description\" content=\"Die Hauptangeklagte im NSU-Prozess, Beate Zsch\u00e4pe, muss nicht l\u00e4nger in einer Einzelzelle sitzen: Sie darf zusammen mit einer anderen Gefangenen einen Haftraum bewohnen, entschied das M\u00fcnchner Oberlandesgericht nach Informationen des Focus bereits Anfang November. Zsch\u00e4pe, die im Gef\u00e4ngnis Stadelheim in Untersuchungshaft sitzt, hatte demnach Ende Oktober beantragt, ihre Zelle teilen zu d\u00fcrfen. Als Grund hatte [&hellip;]\" \/>\n<meta property=\"og:url\" content=\"https:\/\/blog.zeit.de\/nsu-prozess-blog\/2014\/12\/15\/medienlog-zschape-untersuchungshaft\/\" \/>\n<meta property=\"og:site_name\" content=\"Das NSU-Prozess-Blog\" \/>\n<meta property=\"article:published_time\" content=\"2014-12-15T08:22:52+00:00\" \/>\n<meta name=\"author\" content=\"Tom Sundermann\" \/>\n<meta name=\"twitter:label1\" content=\"Geschrieben von\" \/>\n\t<meta name=\"twitter:data1\" content=\"Tom Sundermann\" \/>\n\t<meta name=\"twitter:label2\" content=\"Gesch\u00e4tzte Lesezeit\" \/>\n\t<meta name=\"twitter:data2\" content=\"1\u00a0Minute\" \/>\n<script type=\"application\/ld+json\" class=\"yoast-schema-graph\">{\"@context\":\"https:\/\/schema.org\",\"@graph\":[{\"@type\":\"WebPage\",\"@id\":\"https:\/\/blog.zeit.de\/nsu-prozess-blog\/2014\/12\/15\/medienlog-zschape-untersuchungshaft\/\",\"url\":\"https:\/\/blog.zeit.de\/nsu-prozess-blog\/2014\/12\/15\/medienlog-zschape-untersuchungshaft\/\",\"name\":\"Zsch\u00e4pe bekommt eine Zellengenossin \u2013 Das Medienlog vom Montag, 15. Dezember 2014 - Das NSU-Prozess-Blog\",\"isPartOf\":{\"@id\":\"https:\/\/blog.zeit.de\/nsu-prozess-blog\/#website\"},\"datePublished\":\"2014-12-15T08:22:52+00:00\",\"dateModified\":\"2014-12-15T08:22:52+00:00\",\"author\":{\"@id\":\"https:\/\/blog.zeit.de\/nsu-prozess-blog\/#\/schema\/person\/553ea9bb5d1fc2ae054c589bd59380a5\"},\"breadcrumb\":{\"@id\":\"https:\/\/blog.zeit.de\/nsu-prozess-blog\/2014\/12\/15\/medienlog-zschape-untersuchungshaft\/#breadcrumb\"},\"inLanguage\":\"de\",\"potentialAction\":[{\"@type\":\"ReadAction\",\"target\":[\"https:\/\/blog.zeit.de\/nsu-prozess-blog\/2014\/12\/15\/medienlog-zschape-untersuchungshaft\/\"]}]},{\"@type\":\"BreadcrumbList\",\"@id\":\"https:\/\/blog.zeit.de\/nsu-prozess-blog\/2014\/12\/15\/medienlog-zschape-untersuchungshaft\/#breadcrumb\",\"itemListElement\":[{\"@type\":\"ListItem\",\"position\":1,\"name\":\"Startseite\",\"item\":\"https:\/\/blog.zeit.de\/nsu-prozess-blog\/\"},{\"@type\":\"ListItem\",\"position\":2,\"name\":\"Zsch\u00e4pe bekommt eine Zellengenossin \u2013 Das Medienlog vom Montag, 15. Dezember 2014\"}]},{\"@type\":\"WebSite\",\"@id\":\"https:\/\/blog.zeit.de\/nsu-prozess-blog\/#website\",\"url\":\"https:\/\/blog.zeit.de\/nsu-prozess-blog\/\",\"name\":\"Das NSU-Prozess-Blog\",\"description\":\"Alle Berichte zum Terrorverfahren in M\u00fcnchen\",\"potentialAction\":[{\"@type\":\"SearchAction\",\"target\":{\"@type\":\"EntryPoint\",\"urlTemplate\":\"https:\/\/blog.zeit.de\/nsu-prozess-blog\/?s={search_term_string}\"},\"query-input\":\"required name=search_term_string\"}],\"inLanguage\":\"de\"},{\"@type\":\"Person\",\"@id\":\"https:\/\/blog.zeit.de\/nsu-prozess-blog\/#\/schema\/person\/553ea9bb5d1fc2ae054c589bd59380a5\",\"name\":\"Tom Sundermann\",\"image\":{\"@type\":\"ImageObject\",\"inLanguage\":\"de\",\"@id\":\"https:\/\/blog.zeit.de\/nsu-prozess-blog\/#\/schema\/person\/image\/\",\"url\":\"https:\/\/secure.gravatar.com\/avatar\/e108a3dc18766f719b2f797dc5d19093f06a1870c55b553ab6b7563f1f9a5e68?s=96&d=mm&r=g\",\"contentUrl\":\"https:\/\/secure.gravatar.com\/avatar\/e108a3dc18766f719b2f797dc5d19093f06a1870c55b553ab6b7563f1f9a5e68?s=96&d=mm&r=g\",\"caption\":\"Tom Sundermann\"},\"sameAs\":[\"https:\/\/twitter.com\/messeticker\"],\"url\":\"https:\/\/blog.zeit.de\/nsu-prozess-blog\/author\/tsundermann\/\"}]}<\/script>\n<!-- \/ Yoast SEO plugin. -->","yoast_head_json":{"title":"Zsch\u00e4pe bekommt eine Zellengenossin \u2013 Das Medienlog vom Montag, 15. Dezember 2014 - Das NSU-Prozess-Blog","robots":{"index":"index","follow":"follow","max-snippet":"max-snippet:-1","max-image-preview":"max-image-preview:large","max-video-preview":"max-video-preview:-1"},"canonical":"https:\/\/blog.zeit.de\/nsu-prozess-blog\/2014\/12\/15\/medienlog-zschape-untersuchungshaft\/","og_locale":"de_DE","og_type":"article","og_title":"Zsch\u00e4pe bekommt eine Zellengenossin \u2013 Das Medienlog vom Montag, 15. Dezember 2014 - Das NSU-Prozess-Blog","og_description":"Die Hauptangeklagte im NSU-Prozess, Beate Zsch\u00e4pe, muss nicht l\u00e4nger in einer Einzelzelle sitzen: Sie darf zusammen mit einer anderen Gefangenen einen Haftraum bewohnen, entschied das M\u00fcnchner Oberlandesgericht nach Informationen des Focus bereits Anfang November. Zsch\u00e4pe, die im Gef\u00e4ngnis Stadelheim in Untersuchungshaft sitzt, hatte demnach Ende Oktober beantragt, ihre Zelle teilen zu d\u00fcrfen. Als Grund hatte [&hellip;]","og_url":"https:\/\/blog.zeit.de\/nsu-prozess-blog\/2014\/12\/15\/medienlog-zschape-untersuchungshaft\/","og_site_name":"Das NSU-Prozess-Blog","article_published_time":"2014-12-15T08:22:52+00:00","author":"Tom Sundermann","twitter_misc":{"Geschrieben von":"Tom Sundermann","Gesch\u00e4tzte Lesezeit":"1\u00a0Minute"},"schema":{"@context":"https:\/\/schema.org","@graph":[{"@type":"WebPage","@id":"https:\/\/blog.zeit.de\/nsu-prozess-blog\/2014\/12\/15\/medienlog-zschape-untersuchungshaft\/","url":"https:\/\/blog.zeit.de\/nsu-prozess-blog\/2014\/12\/15\/medienlog-zschape-untersuchungshaft\/","name":"Zsch\u00e4pe bekommt eine Zellengenossin \u2013 Das Medienlog vom Montag, 15. Dezember 2014 - Das NSU-Prozess-Blog","isPartOf":{"@id":"https:\/\/blog.zeit.de\/nsu-prozess-blog\/#website"},"datePublished":"2014-12-15T08:22:52+00:00","dateModified":"2014-12-15T08:22:52+00:00","author":{"@id":"https:\/\/blog.zeit.de\/nsu-prozess-blog\/#\/schema\/person\/553ea9bb5d1fc2ae054c589bd59380a5"},"breadcrumb":{"@id":"https:\/\/blog.zeit.de\/nsu-prozess-blog\/2014\/12\/15\/medienlog-zschape-untersuchungshaft\/#breadcrumb"},"inLanguage":"de","potentialAction":[{"@type":"ReadAction","target":["https:\/\/blog.zeit.de\/nsu-prozess-blog\/2014\/12\/15\/medienlog-zschape-untersuchungshaft\/"]}]},{"@type":"BreadcrumbList","@id":"https:\/\/blog.zeit.de\/nsu-prozess-blog\/2014\/12\/15\/medienlog-zschape-untersuchungshaft\/#breadcrumb","itemListElement":[{"@type":"ListItem","position":1,"name":"Startseite","item":"https:\/\/blog.zeit.de\/nsu-prozess-blog\/"},{"@type":"ListItem","position":2,"name":"Zsch\u00e4pe bekommt eine Zellengenossin \u2013 Das Medienlog vom Montag, 15. Dezember 2014"}]},{"@type":"WebSite","@id":"https:\/\/blog.zeit.de\/nsu-prozess-blog\/#website","url":"https:\/\/blog.zeit.de\/nsu-prozess-blog\/","name":"Das NSU-Prozess-Blog","description":"Alle Berichte zum Terrorverfahren in M\u00fcnchen","potentialAction":[{"@type":"SearchAction","target":{"@type":"EntryPoint","urlTemplate":"https:\/\/blog.zeit.de\/nsu-prozess-blog\/?s={search_term_string}"},"query-input":"required name=search_term_string"}],"inLanguage":"de"},{"@type":"Person","@id":"https:\/\/blog.zeit.de\/nsu-prozess-blog\/#\/schema\/person\/553ea9bb5d1fc2ae054c589bd59380a5","name":"Tom Sundermann","image":{"@type":"ImageObject","inLanguage":"de","@id":"https:\/\/blog.zeit.de\/nsu-prozess-blog\/#\/schema\/person\/image\/","url":"https:\/\/secure.gravatar.com\/avatar\/e108a3dc18766f719b2f797dc5d19093f06a1870c55b553ab6b7563f1f9a5e68?s=96&d=mm&r=g","contentUrl":"https:\/\/secure.gravatar.com\/avatar\/e108a3dc18766f719b2f797dc5d19093f06a1870c55b553ab6b7563f1f9a5e68?s=96&d=mm&r=g","caption":"Tom Sundermann"},"sameAs":["https:\/\/twitter.com\/messeticker"],"url":"https:\/\/blog.zeit.de\/nsu-prozess-blog\/author\/tsundermann\/"}]}},"jetpack_featured_media_url":"","jetpack_sharing_enabled":true,"_links":{"self":[{"href":"https:\/\/blog.zeit.de\/nsu-prozess-blog\/wp-json\/wp\/v2\/posts\/8234","targetHints":{"allow":["GET"]}}],"collection":[{"href":"https:\/\/blog.zeit.de\/nsu-prozess-blog\/wp-json\/wp\/v2\/posts"}],"about":[{"href":"https:\/\/blog.zeit.de\/nsu-prozess-blog\/wp-json\/wp\/v2\/types\/post"}],"author":[{"embeddable":true,"href":"https:\/\/blog.zeit.de\/nsu-prozess-blog\/wp-json\/wp\/v2\/users\/435"}],"replies":[{"embeddable":true,"href":"https:\/\/blog.zeit.de\/nsu-prozess-blog\/wp-json\/wp\/v2\/comments?post=8234"}],"version-history":[{"count":1,"href":"https:\/\/blog.zeit.de\/nsu-prozess-blog\/wp-json\/wp\/v2\/posts\/8234\/revisions"}],"predecessor-version":[{"id":8235,"href":"https:\/\/blog.zeit.de\/nsu-prozess-blog\/wp-json\/wp\/v2\/posts\/8234\/revisions\/8235"}],"wp:attachment":[{"href":"https:\/\/blog.zeit.de\/nsu-prozess-blog\/wp-json\/wp\/v2\/media?parent=8234"}],"wp:term":[{"taxonomy":"category","embeddable":true,"href":"https:\/\/blog.zeit.de\/nsu-prozess-blog\/wp-json\/wp\/v2\/categories?post=8234"},{"taxonomy":"post_tag","embeddable":true,"href":"https:\/\/blog.zeit.de\/nsu-prozess-blog\/wp-json\/wp\/v2\/tags?post=8234"}],"curies":[{"name":"wp","href":"https:\/\/api.w.org\/{rel}","templated":true}]}}