{"id":8284,"date":"2014-12-29T07:51:54","date_gmt":"2014-12-29T06:51:54","guid":{"rendered":"http:\/\/blog.zeit.de\/nsu-prozess-blog\/?p=8284"},"modified":"2014-12-30T10:07:22","modified_gmt":"2014-12-30T09:07:22","slug":"medienlog-bilanz-2014-nebenklage-unterstuetzer","status":"publish","type":"post","link":"https:\/\/blog.zeit.de\/nsu-prozess-blog\/2014\/12\/29\/medienlog-bilanz-2014-nebenklage-unterstuetzer\/","title":{"rendered":"Ern\u00fcchterung am Jahresende \u2013 Das Medienlog vom Montag, 29. Dezember 2014"},"content":{"rendered":"<p>Mit 2014 geht ein Jahr zu Ende, in dem von Januar bis Dezember im NSU-Prozess verhandelt wurde. Hat das Verfahren in dieser Zeit Aufkl\u00e4rung f\u00fcr die <a href=\"https:\/\/blog.zeit.de\/nsu-prozess-blog\/2014\/03\/17\/nebenklager-mussen-um-akten-kampfen-das-medienlog-vom-montag-17-marz-2014\/\">zahlreichen Nebenkl\u00e4ger<\/a> gebracht? &#8222;Die bisherige Verhandlung hat viele, die von den NSU-Morden betroffen sind, ern\u00fcchtert&#8220;, bilanziert Andreas Speit in der <a href=\"http:\/\/www.taz.de\/!151880\/\" target=\"_blank\"><em>taz<\/em><\/a>. Nicht gekl\u00e4rt ist etwa, ob zum NSU weitere Mitglieder geh\u00f6rten, die mehr taten, als das bislang bekannte Trio aus Beate Zsch\u00e4pe, Uwe B\u00f6hnhardt und Uwe Mundlos mit Gef\u00e4lligkeiten zu unterst\u00fctzen. Richter Manfred G\u00f6tzl folgte demnach lange der Version der Anklage, &#8222;dass das Trio nahezu isoliert agierte&#8220;. Zuletzt habe er jedoch nach <a href=\"https:\/\/blog.zeit.de\/nsu-prozess-blog\/2014\/11\/04\/steckt-hinter-dem-nsu-eine-groessere-struktur\/\">gr\u00f6\u00dferen Strukturen<\/a> gefragt.<\/p>\n<p><em>An jedem Werktag sichten wir f\u00fcr das NSU-Prozess-Blog die Medien und stellen wichtige Berichte, Blogs, Videos und Tweets zusammen. Wir freuen uns \u00fcber Hinweise via Twitter mit dem Hashtag #nsublog \u2013 oder per E-Mail an <a href=\"mailto:nsublog@zeit.de\">nsublog@zeit.de<\/a>.<\/em><\/p>\n<p><em>Das n\u00e4chste Medienlog erscheint am Dienstag, 30. Dezember 2014.<\/em><\/p>\n","protected":false},"excerpt":{"rendered":"<p>Mit 2014 geht ein Jahr zu Ende, in dem von Januar bis Dezember im NSU-Prozess verhandelt wurde. Hat das Verfahren in dieser Zeit Aufkl\u00e4rung f\u00fcr die zahlreichen Nebenkl\u00e4ger gebracht? &#8222;Die bisherige Verhandlung hat viele, die von den NSU-Morden betroffen sind, ern\u00fcchtert&#8220;, bilanziert Andreas Speit in der taz. Nicht gekl\u00e4rt ist etwa, ob zum NSU weitere [&hellip;]<\/p>\n","protected":false},"author":435,"featured_media":0,"comment_status":"open","ping_status":"open","sticky":false,"template":"","format":"standard","meta":{"_jetpack_memberships_contains_paid_content":false,"footnotes":""},"categories":[27531],"tags":[27559,29426,1449],"class_list":["post-8284","post","type-post","status-publish","format-standard","hentry","category-medienschau","tag-manfred-gotzl","tag-nebenklage","tag-unterstutzer"],"yoast_head":"<!-- This site is optimized with the Yoast SEO plugin v21.0 - https:\/\/yoast.com\/wordpress\/plugins\/seo\/ -->\n<title>Ern\u00fcchterung am Jahresende \u2013 Das Medienlog vom Montag, 29. Dezember 2014 - Das NSU-Prozess-Blog<\/title>\n<meta name=\"robots\" content=\"index, follow, max-snippet:-1, max-image-preview:large, max-video-preview:-1\" \/>\n<link rel=\"canonical\" href=\"https:\/\/blog.zeit.de\/nsu-prozess-blog\/2014\/12\/29\/medienlog-bilanz-2014-nebenklage-unterstuetzer\/\" \/>\n<meta property=\"og:locale\" content=\"de_DE\" \/>\n<meta property=\"og:type\" content=\"article\" \/>\n<meta property=\"og:title\" content=\"Ern\u00fcchterung am Jahresende \u2013 Das Medienlog vom Montag, 29. Dezember 2014 - Das NSU-Prozess-Blog\" \/>\n<meta property=\"og:description\" content=\"Mit 2014 geht ein Jahr zu Ende, in dem von Januar bis Dezember im NSU-Prozess verhandelt wurde. Hat das Verfahren in dieser Zeit Aufkl\u00e4rung f\u00fcr die zahlreichen Nebenkl\u00e4ger gebracht? &#8222;Die bisherige Verhandlung hat viele, die von den NSU-Morden betroffen sind, ern\u00fcchtert&#8220;, bilanziert Andreas Speit in der taz. Nicht gekl\u00e4rt ist etwa, ob zum NSU weitere [&hellip;]\" \/>\n<meta property=\"og:url\" content=\"https:\/\/blog.zeit.de\/nsu-prozess-blog\/2014\/12\/29\/medienlog-bilanz-2014-nebenklage-unterstuetzer\/\" \/>\n<meta property=\"og:site_name\" content=\"Das NSU-Prozess-Blog\" \/>\n<meta property=\"article:published_time\" content=\"2014-12-29T06:51:54+00:00\" \/>\n<meta property=\"article:modified_time\" content=\"2014-12-30T09:07:22+00:00\" \/>\n<meta name=\"author\" content=\"Tom Sundermann\" \/>\n<meta name=\"twitter:label1\" content=\"Geschrieben von\" \/>\n\t<meta name=\"twitter:data1\" content=\"Tom Sundermann\" \/>\n\t<meta name=\"twitter:label2\" content=\"Gesch\u00e4tzte Lesezeit\" \/>\n\t<meta name=\"twitter:data2\" content=\"1\u00a0Minute\" \/>\n<script type=\"application\/ld+json\" class=\"yoast-schema-graph\">{\"@context\":\"https:\/\/schema.org\",\"@graph\":[{\"@type\":\"WebPage\",\"@id\":\"https:\/\/blog.zeit.de\/nsu-prozess-blog\/2014\/12\/29\/medienlog-bilanz-2014-nebenklage-unterstuetzer\/\",\"url\":\"https:\/\/blog.zeit.de\/nsu-prozess-blog\/2014\/12\/29\/medienlog-bilanz-2014-nebenklage-unterstuetzer\/\",\"name\":\"Ern\u00fcchterung am Jahresende \u2013 Das Medienlog vom Montag, 29. Dezember 2014 - Das NSU-Prozess-Blog\",\"isPartOf\":{\"@id\":\"https:\/\/blog.zeit.de\/nsu-prozess-blog\/#website\"},\"datePublished\":\"2014-12-29T06:51:54+00:00\",\"dateModified\":\"2014-12-30T09:07:22+00:00\",\"author\":{\"@id\":\"https:\/\/blog.zeit.de\/nsu-prozess-blog\/#\/schema\/person\/553ea9bb5d1fc2ae054c589bd59380a5\"},\"breadcrumb\":{\"@id\":\"https:\/\/blog.zeit.de\/nsu-prozess-blog\/2014\/12\/29\/medienlog-bilanz-2014-nebenklage-unterstuetzer\/#breadcrumb\"},\"inLanguage\":\"de\",\"potentialAction\":[{\"@type\":\"ReadAction\",\"target\":[\"https:\/\/blog.zeit.de\/nsu-prozess-blog\/2014\/12\/29\/medienlog-bilanz-2014-nebenklage-unterstuetzer\/\"]}]},{\"@type\":\"BreadcrumbList\",\"@id\":\"https:\/\/blog.zeit.de\/nsu-prozess-blog\/2014\/12\/29\/medienlog-bilanz-2014-nebenklage-unterstuetzer\/#breadcrumb\",\"itemListElement\":[{\"@type\":\"ListItem\",\"position\":1,\"name\":\"Startseite\",\"item\":\"https:\/\/blog.zeit.de\/nsu-prozess-blog\/\"},{\"@type\":\"ListItem\",\"position\":2,\"name\":\"Ern\u00fcchterung am Jahresende \u2013 Das Medienlog vom Montag, 29. Dezember 2014\"}]},{\"@type\":\"WebSite\",\"@id\":\"https:\/\/blog.zeit.de\/nsu-prozess-blog\/#website\",\"url\":\"https:\/\/blog.zeit.de\/nsu-prozess-blog\/\",\"name\":\"Das NSU-Prozess-Blog\",\"description\":\"Alle Berichte zum Terrorverfahren in M\u00fcnchen\",\"potentialAction\":[{\"@type\":\"SearchAction\",\"target\":{\"@type\":\"EntryPoint\",\"urlTemplate\":\"https:\/\/blog.zeit.de\/nsu-prozess-blog\/?s={search_term_string}\"},\"query-input\":\"required name=search_term_string\"}],\"inLanguage\":\"de\"},{\"@type\":\"Person\",\"@id\":\"https:\/\/blog.zeit.de\/nsu-prozess-blog\/#\/schema\/person\/553ea9bb5d1fc2ae054c589bd59380a5\",\"name\":\"Tom Sundermann\",\"image\":{\"@type\":\"ImageObject\",\"inLanguage\":\"de\",\"@id\":\"https:\/\/blog.zeit.de\/nsu-prozess-blog\/#\/schema\/person\/image\/\",\"url\":\"https:\/\/secure.gravatar.com\/avatar\/e108a3dc18766f719b2f797dc5d19093f06a1870c55b553ab6b7563f1f9a5e68?s=96&d=mm&r=g\",\"contentUrl\":\"https:\/\/secure.gravatar.com\/avatar\/e108a3dc18766f719b2f797dc5d19093f06a1870c55b553ab6b7563f1f9a5e68?s=96&d=mm&r=g\",\"caption\":\"Tom Sundermann\"},\"sameAs\":[\"https:\/\/twitter.com\/messeticker\"],\"url\":\"https:\/\/blog.zeit.de\/nsu-prozess-blog\/author\/tsundermann\/\"}]}<\/script>\n<!-- \/ Yoast SEO plugin. -->","yoast_head_json":{"title":"Ern\u00fcchterung am Jahresende \u2013 Das Medienlog vom Montag, 29. Dezember 2014 - Das NSU-Prozess-Blog","robots":{"index":"index","follow":"follow","max-snippet":"max-snippet:-1","max-image-preview":"max-image-preview:large","max-video-preview":"max-video-preview:-1"},"canonical":"https:\/\/blog.zeit.de\/nsu-prozess-blog\/2014\/12\/29\/medienlog-bilanz-2014-nebenklage-unterstuetzer\/","og_locale":"de_DE","og_type":"article","og_title":"Ern\u00fcchterung am Jahresende \u2013 Das Medienlog vom Montag, 29. Dezember 2014 - Das NSU-Prozess-Blog","og_description":"Mit 2014 geht ein Jahr zu Ende, in dem von Januar bis Dezember im NSU-Prozess verhandelt wurde. Hat das Verfahren in dieser Zeit Aufkl\u00e4rung f\u00fcr die zahlreichen Nebenkl\u00e4ger gebracht? &#8222;Die bisherige Verhandlung hat viele, die von den NSU-Morden betroffen sind, ern\u00fcchtert&#8220;, bilanziert Andreas Speit in der taz. Nicht gekl\u00e4rt ist etwa, ob zum NSU weitere [&hellip;]","og_url":"https:\/\/blog.zeit.de\/nsu-prozess-blog\/2014\/12\/29\/medienlog-bilanz-2014-nebenklage-unterstuetzer\/","og_site_name":"Das NSU-Prozess-Blog","article_published_time":"2014-12-29T06:51:54+00:00","article_modified_time":"2014-12-30T09:07:22+00:00","author":"Tom Sundermann","twitter_misc":{"Geschrieben von":"Tom Sundermann","Gesch\u00e4tzte Lesezeit":"1\u00a0Minute"},"schema":{"@context":"https:\/\/schema.org","@graph":[{"@type":"WebPage","@id":"https:\/\/blog.zeit.de\/nsu-prozess-blog\/2014\/12\/29\/medienlog-bilanz-2014-nebenklage-unterstuetzer\/","url":"https:\/\/blog.zeit.de\/nsu-prozess-blog\/2014\/12\/29\/medienlog-bilanz-2014-nebenklage-unterstuetzer\/","name":"Ern\u00fcchterung am Jahresende \u2013 Das Medienlog vom Montag, 29. Dezember 2014 - Das NSU-Prozess-Blog","isPartOf":{"@id":"https:\/\/blog.zeit.de\/nsu-prozess-blog\/#website"},"datePublished":"2014-12-29T06:51:54+00:00","dateModified":"2014-12-30T09:07:22+00:00","author":{"@id":"https:\/\/blog.zeit.de\/nsu-prozess-blog\/#\/schema\/person\/553ea9bb5d1fc2ae054c589bd59380a5"},"breadcrumb":{"@id":"https:\/\/blog.zeit.de\/nsu-prozess-blog\/2014\/12\/29\/medienlog-bilanz-2014-nebenklage-unterstuetzer\/#breadcrumb"},"inLanguage":"de","potentialAction":[{"@type":"ReadAction","target":["https:\/\/blog.zeit.de\/nsu-prozess-blog\/2014\/12\/29\/medienlog-bilanz-2014-nebenklage-unterstuetzer\/"]}]},{"@type":"BreadcrumbList","@id":"https:\/\/blog.zeit.de\/nsu-prozess-blog\/2014\/12\/29\/medienlog-bilanz-2014-nebenklage-unterstuetzer\/#breadcrumb","itemListElement":[{"@type":"ListItem","position":1,"name":"Startseite","item":"https:\/\/blog.zeit.de\/nsu-prozess-blog\/"},{"@type":"ListItem","position":2,"name":"Ern\u00fcchterung am Jahresende \u2013 Das Medienlog vom Montag, 29. Dezember 2014"}]},{"@type":"WebSite","@id":"https:\/\/blog.zeit.de\/nsu-prozess-blog\/#website","url":"https:\/\/blog.zeit.de\/nsu-prozess-blog\/","name":"Das NSU-Prozess-Blog","description":"Alle Berichte zum Terrorverfahren in M\u00fcnchen","potentialAction":[{"@type":"SearchAction","target":{"@type":"EntryPoint","urlTemplate":"https:\/\/blog.zeit.de\/nsu-prozess-blog\/?s={search_term_string}"},"query-input":"required name=search_term_string"}],"inLanguage":"de"},{"@type":"Person","@id":"https:\/\/blog.zeit.de\/nsu-prozess-blog\/#\/schema\/person\/553ea9bb5d1fc2ae054c589bd59380a5","name":"Tom Sundermann","image":{"@type":"ImageObject","inLanguage":"de","@id":"https:\/\/blog.zeit.de\/nsu-prozess-blog\/#\/schema\/person\/image\/","url":"https:\/\/secure.gravatar.com\/avatar\/e108a3dc18766f719b2f797dc5d19093f06a1870c55b553ab6b7563f1f9a5e68?s=96&d=mm&r=g","contentUrl":"https:\/\/secure.gravatar.com\/avatar\/e108a3dc18766f719b2f797dc5d19093f06a1870c55b553ab6b7563f1f9a5e68?s=96&d=mm&r=g","caption":"Tom Sundermann"},"sameAs":["https:\/\/twitter.com\/messeticker"],"url":"https:\/\/blog.zeit.de\/nsu-prozess-blog\/author\/tsundermann\/"}]}},"jetpack_featured_media_url":"","jetpack_sharing_enabled":true,"_links":{"self":[{"href":"https:\/\/blog.zeit.de\/nsu-prozess-blog\/wp-json\/wp\/v2\/posts\/8284","targetHints":{"allow":["GET"]}}],"collection":[{"href":"https:\/\/blog.zeit.de\/nsu-prozess-blog\/wp-json\/wp\/v2\/posts"}],"about":[{"href":"https:\/\/blog.zeit.de\/nsu-prozess-blog\/wp-json\/wp\/v2\/types\/post"}],"author":[{"embeddable":true,"href":"https:\/\/blog.zeit.de\/nsu-prozess-blog\/wp-json\/wp\/v2\/users\/435"}],"replies":[{"embeddable":true,"href":"https:\/\/blog.zeit.de\/nsu-prozess-blog\/wp-json\/wp\/v2\/comments?post=8284"}],"version-history":[{"count":3,"href":"https:\/\/blog.zeit.de\/nsu-prozess-blog\/wp-json\/wp\/v2\/posts\/8284\/revisions"}],"predecessor-version":[{"id":8287,"href":"https:\/\/blog.zeit.de\/nsu-prozess-blog\/wp-json\/wp\/v2\/posts\/8284\/revisions\/8287"}],"wp:attachment":[{"href":"https:\/\/blog.zeit.de\/nsu-prozess-blog\/wp-json\/wp\/v2\/media?parent=8284"}],"wp:term":[{"taxonomy":"category","embeddable":true,"href":"https:\/\/blog.zeit.de\/nsu-prozess-blog\/wp-json\/wp\/v2\/categories?post=8284"},{"taxonomy":"post_tag","embeddable":true,"href":"https:\/\/blog.zeit.de\/nsu-prozess-blog\/wp-json\/wp\/v2\/tags?post=8284"}],"curies":[{"name":"wp","href":"https:\/\/api.w.org\/{rel}","templated":true}]}}