{"id":8297,"date":"2014-12-31T09:17:36","date_gmt":"2014-12-31T08:17:36","guid":{"rendered":"http:\/\/blog.zeit.de\/nsu-prozess-blog\/?p=8297"},"modified":"2014-12-31T11:23:43","modified_gmt":"2014-12-31T10:23:43","slug":"medienlog-ralf-wohlleben-demonstration","status":"publish","type":"post","link":"https:\/\/blog.zeit.de\/nsu-prozess-blog\/2014\/12\/31\/medienlog-ralf-wohlleben-demonstration\/","title":{"rendered":"Rechtsextreme fordern Freilassung von Wohlleben \u2013 Das Medienlog vom Mittwoch, 31. Dezember 2014"},"content":{"rendered":"<p>Immer wieder protestieren Aktivistengruppen vor dem Strafjustizzentrum in M\u00fcnchen, wo der NSU-Prozess stattfindet. Im M\u00e4rz sollen dort auch Rechtsextreme eine Kundgebung abhalten, wie der <a href=\"http:\/\/www.bnr.de\/artikel\/aktuelle-meldungen\/die-rechte-solidarisiert-sich-mit-wohlleben\" target=\"_blank\"><em>Blick nach Rechts<\/em><\/a> berichtet. Das Motto des Aufmarsches soll demnach &#8222;Schluss mit dem &#8218;NSU&#8216;-Schauprozess \u2013 Freiheit f\u00fcr Ralf Wohlleben!&#8220; lauten. Wohlleben ist als Unterst\u00fctzer des extremistischen Trios angeklagt und sitzt in Untersuchungshaft.<\/p>\n<p>Hinter der Aktion steht der M\u00fcnchner Kreisverband der extremistischen Partei &#8222;Die Rechte&#8220;. Wohlleben erh\u00e4lt aus rechten Kreisen weiterhin Unterst\u00fctzung, etwa durch Besucher, die ihn von der Trib\u00fcne aus gr\u00fc\u00dfen. Kameraden verkauften auch T-Shirts, auf denen seine Freilassung gefordert wurde. Im Sommer <a href=\"https:\/\/blog.zeit.de\/nsu-prozess-blog\/2014\/07\/04\/medienlog-wohlleben-befangenheitsantrag\/\">scheiterten seine Anw\u00e4lte mit dem Antrag<\/a>, ihren Mandanten aus der Haft zu entlassen.<\/p>\n<p><em>An jedem Werktag sichten wir f\u00fcr das NSU-Prozess-Blog die Medien und stellen wichtige Berichte, Blogs, Videos und Tweets zusammen. Wir freuen uns \u00fcber Hinweise via Twitter mit dem Hashtag #nsublog \u2013 oder per E-Mail an <a href=\"mailto:nsublog@zeit.de\">nsublog@zeit.de<\/a>.<\/em><\/p>\n<p><em>Das n\u00e4chste Medienlog erscheint am Freitag, 2. Januar 2015.<\/em><\/p>\n","protected":false},"excerpt":{"rendered":"<p>Immer wieder protestieren Aktivistengruppen vor dem Strafjustizzentrum in M\u00fcnchen, wo der NSU-Prozess stattfindet. Im M\u00e4rz sollen dort auch Rechtsextreme eine Kundgebung abhalten, wie der Blick nach Rechts berichtet. Das Motto des Aufmarsches soll demnach &#8222;Schluss mit dem &#8218;NSU&#8216;-Schauprozess \u2013 Freiheit f\u00fcr Ralf Wohlleben!&#8220; lauten. Wohlleben ist als Unterst\u00fctzer des extremistischen Trios angeklagt und sitzt in [&hellip;]<\/p>\n","protected":false},"author":435,"featured_media":0,"comment_status":"open","ping_status":"open","sticky":false,"template":"","format":"standard","meta":{"_jetpack_memberships_contains_paid_content":false,"footnotes":""},"categories":[27531],"tags":[984,17772,29545],"class_list":["post-8297","post","type-post","status-publish","format-standard","hentry","category-medienschau","tag-demonstration","tag-ralf-wohlleben","tag-untersuchungshaft"],"yoast_head":"<!-- This site is optimized with the Yoast SEO plugin v21.0 - https:\/\/yoast.com\/wordpress\/plugins\/seo\/ -->\n<title>Rechtsextreme fordern Freilassung von Wohlleben \u2013 Das Medienlog vom Mittwoch, 31. Dezember 2014 - Das NSU-Prozess-Blog<\/title>\n<meta name=\"robots\" content=\"index, follow, max-snippet:-1, max-image-preview:large, max-video-preview:-1\" \/>\n<link rel=\"canonical\" href=\"https:\/\/blog.zeit.de\/nsu-prozess-blog\/2014\/12\/31\/medienlog-ralf-wohlleben-demonstration\/\" \/>\n<meta property=\"og:locale\" content=\"de_DE\" \/>\n<meta property=\"og:type\" content=\"article\" \/>\n<meta property=\"og:title\" content=\"Rechtsextreme fordern Freilassung von Wohlleben \u2013 Das Medienlog vom Mittwoch, 31. Dezember 2014 - Das NSU-Prozess-Blog\" \/>\n<meta property=\"og:description\" content=\"Immer wieder protestieren Aktivistengruppen vor dem Strafjustizzentrum in M\u00fcnchen, wo der NSU-Prozess stattfindet. Im M\u00e4rz sollen dort auch Rechtsextreme eine Kundgebung abhalten, wie der Blick nach Rechts berichtet. Das Motto des Aufmarsches soll demnach &#8222;Schluss mit dem &#8218;NSU&#8216;-Schauprozess \u2013 Freiheit f\u00fcr Ralf Wohlleben!&#8220; lauten. Wohlleben ist als Unterst\u00fctzer des extremistischen Trios angeklagt und sitzt in [&hellip;]\" \/>\n<meta property=\"og:url\" content=\"https:\/\/blog.zeit.de\/nsu-prozess-blog\/2014\/12\/31\/medienlog-ralf-wohlleben-demonstration\/\" \/>\n<meta property=\"og:site_name\" content=\"Das NSU-Prozess-Blog\" \/>\n<meta property=\"article:published_time\" content=\"2014-12-31T08:17:36+00:00\" \/>\n<meta property=\"article:modified_time\" content=\"2014-12-31T10:23:43+00:00\" \/>\n<meta name=\"author\" content=\"Tom Sundermann\" \/>\n<meta name=\"twitter:label1\" content=\"Geschrieben von\" \/>\n\t<meta name=\"twitter:data1\" content=\"Tom Sundermann\" \/>\n\t<meta name=\"twitter:label2\" content=\"Gesch\u00e4tzte Lesezeit\" \/>\n\t<meta name=\"twitter:data2\" content=\"1\u00a0Minute\" \/>\n<script type=\"application\/ld+json\" class=\"yoast-schema-graph\">{\"@context\":\"https:\/\/schema.org\",\"@graph\":[{\"@type\":\"WebPage\",\"@id\":\"https:\/\/blog.zeit.de\/nsu-prozess-blog\/2014\/12\/31\/medienlog-ralf-wohlleben-demonstration\/\",\"url\":\"https:\/\/blog.zeit.de\/nsu-prozess-blog\/2014\/12\/31\/medienlog-ralf-wohlleben-demonstration\/\",\"name\":\"Rechtsextreme fordern Freilassung von Wohlleben \u2013 Das Medienlog vom Mittwoch, 31. Dezember 2014 - Das NSU-Prozess-Blog\",\"isPartOf\":{\"@id\":\"https:\/\/blog.zeit.de\/nsu-prozess-blog\/#website\"},\"datePublished\":\"2014-12-31T08:17:36+00:00\",\"dateModified\":\"2014-12-31T10:23:43+00:00\",\"author\":{\"@id\":\"https:\/\/blog.zeit.de\/nsu-prozess-blog\/#\/schema\/person\/553ea9bb5d1fc2ae054c589bd59380a5\"},\"breadcrumb\":{\"@id\":\"https:\/\/blog.zeit.de\/nsu-prozess-blog\/2014\/12\/31\/medienlog-ralf-wohlleben-demonstration\/#breadcrumb\"},\"inLanguage\":\"de\",\"potentialAction\":[{\"@type\":\"ReadAction\",\"target\":[\"https:\/\/blog.zeit.de\/nsu-prozess-blog\/2014\/12\/31\/medienlog-ralf-wohlleben-demonstration\/\"]}]},{\"@type\":\"BreadcrumbList\",\"@id\":\"https:\/\/blog.zeit.de\/nsu-prozess-blog\/2014\/12\/31\/medienlog-ralf-wohlleben-demonstration\/#breadcrumb\",\"itemListElement\":[{\"@type\":\"ListItem\",\"position\":1,\"name\":\"Startseite\",\"item\":\"https:\/\/blog.zeit.de\/nsu-prozess-blog\/\"},{\"@type\":\"ListItem\",\"position\":2,\"name\":\"Rechtsextreme fordern Freilassung von Wohlleben \u2013 Das Medienlog vom Mittwoch, 31. Dezember 2014\"}]},{\"@type\":\"WebSite\",\"@id\":\"https:\/\/blog.zeit.de\/nsu-prozess-blog\/#website\",\"url\":\"https:\/\/blog.zeit.de\/nsu-prozess-blog\/\",\"name\":\"Das NSU-Prozess-Blog\",\"description\":\"Alle Berichte zum Terrorverfahren in M\u00fcnchen\",\"potentialAction\":[{\"@type\":\"SearchAction\",\"target\":{\"@type\":\"EntryPoint\",\"urlTemplate\":\"https:\/\/blog.zeit.de\/nsu-prozess-blog\/?s={search_term_string}\"},\"query-input\":\"required name=search_term_string\"}],\"inLanguage\":\"de\"},{\"@type\":\"Person\",\"@id\":\"https:\/\/blog.zeit.de\/nsu-prozess-blog\/#\/schema\/person\/553ea9bb5d1fc2ae054c589bd59380a5\",\"name\":\"Tom Sundermann\",\"image\":{\"@type\":\"ImageObject\",\"inLanguage\":\"de\",\"@id\":\"https:\/\/blog.zeit.de\/nsu-prozess-blog\/#\/schema\/person\/image\/\",\"url\":\"https:\/\/secure.gravatar.com\/avatar\/e108a3dc18766f719b2f797dc5d19093f06a1870c55b553ab6b7563f1f9a5e68?s=96&d=mm&r=g\",\"contentUrl\":\"https:\/\/secure.gravatar.com\/avatar\/e108a3dc18766f719b2f797dc5d19093f06a1870c55b553ab6b7563f1f9a5e68?s=96&d=mm&r=g\",\"caption\":\"Tom Sundermann\"},\"sameAs\":[\"https:\/\/twitter.com\/messeticker\"],\"url\":\"https:\/\/blog.zeit.de\/nsu-prozess-blog\/author\/tsundermann\/\"}]}<\/script>\n<!-- \/ Yoast SEO plugin. -->","yoast_head_json":{"title":"Rechtsextreme fordern Freilassung von Wohlleben \u2013 Das Medienlog vom Mittwoch, 31. Dezember 2014 - Das NSU-Prozess-Blog","robots":{"index":"index","follow":"follow","max-snippet":"max-snippet:-1","max-image-preview":"max-image-preview:large","max-video-preview":"max-video-preview:-1"},"canonical":"https:\/\/blog.zeit.de\/nsu-prozess-blog\/2014\/12\/31\/medienlog-ralf-wohlleben-demonstration\/","og_locale":"de_DE","og_type":"article","og_title":"Rechtsextreme fordern Freilassung von Wohlleben \u2013 Das Medienlog vom Mittwoch, 31. Dezember 2014 - Das NSU-Prozess-Blog","og_description":"Immer wieder protestieren Aktivistengruppen vor dem Strafjustizzentrum in M\u00fcnchen, wo der NSU-Prozess stattfindet. Im M\u00e4rz sollen dort auch Rechtsextreme eine Kundgebung abhalten, wie der Blick nach Rechts berichtet. Das Motto des Aufmarsches soll demnach &#8222;Schluss mit dem &#8218;NSU&#8216;-Schauprozess \u2013 Freiheit f\u00fcr Ralf Wohlleben!&#8220; lauten. Wohlleben ist als Unterst\u00fctzer des extremistischen Trios angeklagt und sitzt in [&hellip;]","og_url":"https:\/\/blog.zeit.de\/nsu-prozess-blog\/2014\/12\/31\/medienlog-ralf-wohlleben-demonstration\/","og_site_name":"Das NSU-Prozess-Blog","article_published_time":"2014-12-31T08:17:36+00:00","article_modified_time":"2014-12-31T10:23:43+00:00","author":"Tom Sundermann","twitter_misc":{"Geschrieben von":"Tom Sundermann","Gesch\u00e4tzte Lesezeit":"1\u00a0Minute"},"schema":{"@context":"https:\/\/schema.org","@graph":[{"@type":"WebPage","@id":"https:\/\/blog.zeit.de\/nsu-prozess-blog\/2014\/12\/31\/medienlog-ralf-wohlleben-demonstration\/","url":"https:\/\/blog.zeit.de\/nsu-prozess-blog\/2014\/12\/31\/medienlog-ralf-wohlleben-demonstration\/","name":"Rechtsextreme fordern Freilassung von Wohlleben \u2013 Das Medienlog vom Mittwoch, 31. Dezember 2014 - Das NSU-Prozess-Blog","isPartOf":{"@id":"https:\/\/blog.zeit.de\/nsu-prozess-blog\/#website"},"datePublished":"2014-12-31T08:17:36+00:00","dateModified":"2014-12-31T10:23:43+00:00","author":{"@id":"https:\/\/blog.zeit.de\/nsu-prozess-blog\/#\/schema\/person\/553ea9bb5d1fc2ae054c589bd59380a5"},"breadcrumb":{"@id":"https:\/\/blog.zeit.de\/nsu-prozess-blog\/2014\/12\/31\/medienlog-ralf-wohlleben-demonstration\/#breadcrumb"},"inLanguage":"de","potentialAction":[{"@type":"ReadAction","target":["https:\/\/blog.zeit.de\/nsu-prozess-blog\/2014\/12\/31\/medienlog-ralf-wohlleben-demonstration\/"]}]},{"@type":"BreadcrumbList","@id":"https:\/\/blog.zeit.de\/nsu-prozess-blog\/2014\/12\/31\/medienlog-ralf-wohlleben-demonstration\/#breadcrumb","itemListElement":[{"@type":"ListItem","position":1,"name":"Startseite","item":"https:\/\/blog.zeit.de\/nsu-prozess-blog\/"},{"@type":"ListItem","position":2,"name":"Rechtsextreme fordern Freilassung von Wohlleben \u2013 Das Medienlog vom Mittwoch, 31. Dezember 2014"}]},{"@type":"WebSite","@id":"https:\/\/blog.zeit.de\/nsu-prozess-blog\/#website","url":"https:\/\/blog.zeit.de\/nsu-prozess-blog\/","name":"Das NSU-Prozess-Blog","description":"Alle Berichte zum Terrorverfahren in M\u00fcnchen","potentialAction":[{"@type":"SearchAction","target":{"@type":"EntryPoint","urlTemplate":"https:\/\/blog.zeit.de\/nsu-prozess-blog\/?s={search_term_string}"},"query-input":"required name=search_term_string"}],"inLanguage":"de"},{"@type":"Person","@id":"https:\/\/blog.zeit.de\/nsu-prozess-blog\/#\/schema\/person\/553ea9bb5d1fc2ae054c589bd59380a5","name":"Tom Sundermann","image":{"@type":"ImageObject","inLanguage":"de","@id":"https:\/\/blog.zeit.de\/nsu-prozess-blog\/#\/schema\/person\/image\/","url":"https:\/\/secure.gravatar.com\/avatar\/e108a3dc18766f719b2f797dc5d19093f06a1870c55b553ab6b7563f1f9a5e68?s=96&d=mm&r=g","contentUrl":"https:\/\/secure.gravatar.com\/avatar\/e108a3dc18766f719b2f797dc5d19093f06a1870c55b553ab6b7563f1f9a5e68?s=96&d=mm&r=g","caption":"Tom Sundermann"},"sameAs":["https:\/\/twitter.com\/messeticker"],"url":"https:\/\/blog.zeit.de\/nsu-prozess-blog\/author\/tsundermann\/"}]}},"jetpack_featured_media_url":"","jetpack_sharing_enabled":true,"_links":{"self":[{"href":"https:\/\/blog.zeit.de\/nsu-prozess-blog\/wp-json\/wp\/v2\/posts\/8297","targetHints":{"allow":["GET"]}}],"collection":[{"href":"https:\/\/blog.zeit.de\/nsu-prozess-blog\/wp-json\/wp\/v2\/posts"}],"about":[{"href":"https:\/\/blog.zeit.de\/nsu-prozess-blog\/wp-json\/wp\/v2\/types\/post"}],"author":[{"embeddable":true,"href":"https:\/\/blog.zeit.de\/nsu-prozess-blog\/wp-json\/wp\/v2\/users\/435"}],"replies":[{"embeddable":true,"href":"https:\/\/blog.zeit.de\/nsu-prozess-blog\/wp-json\/wp\/v2\/comments?post=8297"}],"version-history":[{"count":2,"href":"https:\/\/blog.zeit.de\/nsu-prozess-blog\/wp-json\/wp\/v2\/posts\/8297\/revisions"}],"predecessor-version":[{"id":8299,"href":"https:\/\/blog.zeit.de\/nsu-prozess-blog\/wp-json\/wp\/v2\/posts\/8297\/revisions\/8299"}],"wp:attachment":[{"href":"https:\/\/blog.zeit.de\/nsu-prozess-blog\/wp-json\/wp\/v2\/media?parent=8297"}],"wp:term":[{"taxonomy":"category","embeddable":true,"href":"https:\/\/blog.zeit.de\/nsu-prozess-blog\/wp-json\/wp\/v2\/categories?post=8297"},{"taxonomy":"post_tag","embeddable":true,"href":"https:\/\/blog.zeit.de\/nsu-prozess-blog\/wp-json\/wp\/v2\/tags?post=8297"}],"curies":[{"name":"wp","href":"https:\/\/api.w.org\/{rel}","templated":true}]}}