{"id":8307,"date":"2015-01-05T08:02:05","date_gmt":"2015-01-05T07:02:05","guid":{"rendered":"http:\/\/blog.zeit.de\/nsu-prozess-blog\/?p=8307"},"modified":"2015-01-05T08:15:36","modified_gmt":"2015-01-05T07:15:36","slug":"medienlog-verfassungsschutz-fahndung-brand","status":"publish","type":"post","link":"https:\/\/blog.zeit.de\/nsu-prozess-blog\/2015\/01\/05\/medienlog-verfassungsschutz-fahndung-brand\/","title":{"rendered":"Erkenntnisse, die beunruhigen \u2013 Das Medienlog vom Montag, 5. Januar 2015"},"content":{"rendered":"<p>Noch immer l\u00fcgen und schweigen rechtsextreme Zeugen vor Gericht, noch immer ist die Verwicklung des <a href=\"https:\/\/blog.zeit.de\/nsu-prozess-blog\/2014\/12\/03\/medienlog-piatto-michael-p-v-mann\/\">Verfassungsschutzes<\/a> in den NSU-Komplex nicht zufriedenstellend aufgekl\u00e4rt. Stattdessen habe das vergangene Jahr neue Fragen aufgeworfen, meint Wiebke Ramm in einem Jahresr\u00fcckblick f\u00fcr die <a href=\"http:\/\/www.sz-online.de\/nachrichten\/ganz-normal-3006252.html\" target=\"_blank\"><em>S\u00e4chsische Zeitung<\/em><\/a>: &#8222;Der NSU-Prozess ist voller beunruhigender Erkenntnisse. Zu bef\u00fcrchten ist, dass es noch mehr werden.&#8220; Eine davon: Das radikale Trio konnte sich immer wieder der Fahndung entziehen. &#8222;Die Aussagen von Verfassungssch\u00fctzern im NSU-Prozess geben eine Ahnung davon, warum.&#8220; Geheimdienstler waren demnach nah dran an den Rechtsextremen, gingen aber vielen Hinweisen nicht nach.<\/p>\n<p><!--more--><\/p>\n<p><em>An jedem Werktag sichten wir f\u00fcr das NSU-Prozess-Blog die Medien und stellen wichtige Berichte, Blogs, Videos und Tweets zusammen. Wir freuen uns \u00fcber Hinweise via Twitter mit dem Hashtag #nsublog \u2013 oder per E-Mail an <a href=\"mailto:nsublog@zeit.de\">nsublog@zeit.de<\/a>.<\/em><\/p>\n<p>In einem <a href=\"http:\/\/www.daserste.de\/information\/politik-weltgeschehen\/mittagsmagazin\/videos\/nsu-ausblick-was-2015-passiert-100.html\" target=\"_blank\">Ausblick auf das aktuelle Prozessjahr<\/a> im <em>ARD<\/em>&#8211;<em>Mittagsmagazin<\/em> sch\u00e4tzt BR-Reporter Tim A\u00dfmann die Anklagepunkte gegen die Hauptangeklagte Beate Zsch\u00e4pe als best\u00e4tigt ein: &#8222;Die Indizien sprechen hier auch weiter gegen sie.&#8220; Dies gelte f\u00fcr die Mitt\u00e4terschaft bei den zehn Morden, die dem NSU zugerechnet werden. Auch beim Vorwurf der <a href=\"http:\/\/www.zeit.de\/politik\/deutschland\/2013-12\/nsu-zschaepe-brand\">Brandstiftung<\/a> in der Zwickauer Fr\u00fchlingsstra\u00dfe von 2011 sei sie &#8222;schwer belastet&#8220;.<\/p>\n<p>Am Rande des NSU-Prozesses geht es auch um die <a href=\"http:\/\/www.zeit.de\/politik\/deutschland\/2013-09\/nsu-prozess-zschaepe-anwalt-stahl-honorar\">Honorare f\u00fcr die Verteidiger<\/a>: Darf Zsch\u00e4pes Anwalt Wolfgang Heer einen Gerichtstag in Rechnung stellen, der erst kurz zuvor abgesagt wurde? Er darf nicht, wie der Jurist Detlef Burhoff auf seinem <a href=\"http:\/\/blog.burhoff.de\/2015\/01\/das-nsu-verfahren-schreibt-auch-gebuehrengeschichte-oder-ein-bitterer-beschluss-des-olg-muenchen\/\" target=\"_blank\">Blog berichtet<\/a>.<\/p>\n<p><em>Das n\u00e4chste Medienlog erscheint am Dienstag, 6. Januar 2015.<\/em><\/p>\n","protected":false},"excerpt":{"rendered":"<p>Noch immer l\u00fcgen und schweigen rechtsextreme Zeugen vor Gericht, noch immer ist die Verwicklung des Verfassungsschutzes in den NSU-Komplex nicht zufriedenstellend aufgekl\u00e4rt. Stattdessen habe das vergangene Jahr neue Fragen aufgeworfen, meint Wiebke Ramm in einem Jahresr\u00fcckblick f\u00fcr die S\u00e4chsische Zeitung: &#8222;Der NSU-Prozess ist voller beunruhigender Erkenntnisse. Zu bef\u00fcrchten ist, dass es noch mehr werden.&#8220; Eine [&hellip;]<\/p>\n","protected":false},"author":435,"featured_media":0,"comment_status":"open","ping_status":"open","sticky":false,"template":"","format":"standard","meta":{"_jetpack_memberships_contains_paid_content":false,"footnotes":""},"categories":[27531],"tags":[27573,29512,1836],"class_list":["post-8307","post","type-post","status-publish","format-standard","hentry","category-medienschau","tag-brand","tag-fruehlingsstrasse","tag-verfassungsschutz"],"yoast_head":"<!-- This site is optimized with the Yoast SEO plugin v21.0 - https:\/\/yoast.com\/wordpress\/plugins\/seo\/ -->\n<title>Erkenntnisse, die beunruhigen \u2013 Das Medienlog vom Montag, 5. Januar 2015 - Das NSU-Prozess-Blog<\/title>\n<meta name=\"robots\" content=\"index, follow, max-snippet:-1, max-image-preview:large, max-video-preview:-1\" \/>\n<link rel=\"canonical\" href=\"https:\/\/blog.zeit.de\/nsu-prozess-blog\/2015\/01\/05\/medienlog-verfassungsschutz-fahndung-brand\/\" \/>\n<meta property=\"og:locale\" content=\"de_DE\" \/>\n<meta property=\"og:type\" content=\"article\" \/>\n<meta property=\"og:title\" content=\"Erkenntnisse, die beunruhigen \u2013 Das Medienlog vom Montag, 5. Januar 2015 - Das NSU-Prozess-Blog\" \/>\n<meta property=\"og:description\" content=\"Noch immer l\u00fcgen und schweigen rechtsextreme Zeugen vor Gericht, noch immer ist die Verwicklung des Verfassungsschutzes in den NSU-Komplex nicht zufriedenstellend aufgekl\u00e4rt. Stattdessen habe das vergangene Jahr neue Fragen aufgeworfen, meint Wiebke Ramm in einem Jahresr\u00fcckblick f\u00fcr die S\u00e4chsische Zeitung: &#8222;Der NSU-Prozess ist voller beunruhigender Erkenntnisse. Zu bef\u00fcrchten ist, dass es noch mehr werden.&#8220; Eine [&hellip;]\" \/>\n<meta property=\"og:url\" content=\"https:\/\/blog.zeit.de\/nsu-prozess-blog\/2015\/01\/05\/medienlog-verfassungsschutz-fahndung-brand\/\" \/>\n<meta property=\"og:site_name\" content=\"Das NSU-Prozess-Blog\" \/>\n<meta property=\"article:published_time\" content=\"2015-01-05T07:02:05+00:00\" \/>\n<meta property=\"article:modified_time\" content=\"2015-01-05T07:15:36+00:00\" \/>\n<meta name=\"author\" content=\"Tom Sundermann\" \/>\n<meta name=\"twitter:label1\" content=\"Geschrieben von\" \/>\n\t<meta name=\"twitter:data1\" content=\"Tom Sundermann\" \/>\n\t<meta name=\"twitter:label2\" content=\"Gesch\u00e4tzte Lesezeit\" \/>\n\t<meta name=\"twitter:data2\" content=\"1\u00a0Minute\" \/>\n<script type=\"application\/ld+json\" class=\"yoast-schema-graph\">{\"@context\":\"https:\/\/schema.org\",\"@graph\":[{\"@type\":\"WebPage\",\"@id\":\"https:\/\/blog.zeit.de\/nsu-prozess-blog\/2015\/01\/05\/medienlog-verfassungsschutz-fahndung-brand\/\",\"url\":\"https:\/\/blog.zeit.de\/nsu-prozess-blog\/2015\/01\/05\/medienlog-verfassungsschutz-fahndung-brand\/\",\"name\":\"Erkenntnisse, die beunruhigen \u2013 Das Medienlog vom Montag, 5. Januar 2015 - Das NSU-Prozess-Blog\",\"isPartOf\":{\"@id\":\"https:\/\/blog.zeit.de\/nsu-prozess-blog\/#website\"},\"datePublished\":\"2015-01-05T07:02:05+00:00\",\"dateModified\":\"2015-01-05T07:15:36+00:00\",\"author\":{\"@id\":\"https:\/\/blog.zeit.de\/nsu-prozess-blog\/#\/schema\/person\/553ea9bb5d1fc2ae054c589bd59380a5\"},\"breadcrumb\":{\"@id\":\"https:\/\/blog.zeit.de\/nsu-prozess-blog\/2015\/01\/05\/medienlog-verfassungsschutz-fahndung-brand\/#breadcrumb\"},\"inLanguage\":\"de\",\"potentialAction\":[{\"@type\":\"ReadAction\",\"target\":[\"https:\/\/blog.zeit.de\/nsu-prozess-blog\/2015\/01\/05\/medienlog-verfassungsschutz-fahndung-brand\/\"]}]},{\"@type\":\"BreadcrumbList\",\"@id\":\"https:\/\/blog.zeit.de\/nsu-prozess-blog\/2015\/01\/05\/medienlog-verfassungsschutz-fahndung-brand\/#breadcrumb\",\"itemListElement\":[{\"@type\":\"ListItem\",\"position\":1,\"name\":\"Startseite\",\"item\":\"https:\/\/blog.zeit.de\/nsu-prozess-blog\/\"},{\"@type\":\"ListItem\",\"position\":2,\"name\":\"Erkenntnisse, die beunruhigen \u2013 Das Medienlog vom Montag, 5. Januar 2015\"}]},{\"@type\":\"WebSite\",\"@id\":\"https:\/\/blog.zeit.de\/nsu-prozess-blog\/#website\",\"url\":\"https:\/\/blog.zeit.de\/nsu-prozess-blog\/\",\"name\":\"Das NSU-Prozess-Blog\",\"description\":\"Alle Berichte zum Terrorverfahren in M\u00fcnchen\",\"potentialAction\":[{\"@type\":\"SearchAction\",\"target\":{\"@type\":\"EntryPoint\",\"urlTemplate\":\"https:\/\/blog.zeit.de\/nsu-prozess-blog\/?s={search_term_string}\"},\"query-input\":\"required name=search_term_string\"}],\"inLanguage\":\"de\"},{\"@type\":\"Person\",\"@id\":\"https:\/\/blog.zeit.de\/nsu-prozess-blog\/#\/schema\/person\/553ea9bb5d1fc2ae054c589bd59380a5\",\"name\":\"Tom Sundermann\",\"image\":{\"@type\":\"ImageObject\",\"inLanguage\":\"de\",\"@id\":\"https:\/\/blog.zeit.de\/nsu-prozess-blog\/#\/schema\/person\/image\/\",\"url\":\"https:\/\/secure.gravatar.com\/avatar\/e108a3dc18766f719b2f797dc5d19093f06a1870c55b553ab6b7563f1f9a5e68?s=96&d=mm&r=g\",\"contentUrl\":\"https:\/\/secure.gravatar.com\/avatar\/e108a3dc18766f719b2f797dc5d19093f06a1870c55b553ab6b7563f1f9a5e68?s=96&d=mm&r=g\",\"caption\":\"Tom Sundermann\"},\"sameAs\":[\"https:\/\/twitter.com\/messeticker\"],\"url\":\"https:\/\/blog.zeit.de\/nsu-prozess-blog\/author\/tsundermann\/\"}]}<\/script>\n<!-- \/ Yoast SEO plugin. -->","yoast_head_json":{"title":"Erkenntnisse, die beunruhigen \u2013 Das Medienlog vom Montag, 5. Januar 2015 - Das NSU-Prozess-Blog","robots":{"index":"index","follow":"follow","max-snippet":"max-snippet:-1","max-image-preview":"max-image-preview:large","max-video-preview":"max-video-preview:-1"},"canonical":"https:\/\/blog.zeit.de\/nsu-prozess-blog\/2015\/01\/05\/medienlog-verfassungsschutz-fahndung-brand\/","og_locale":"de_DE","og_type":"article","og_title":"Erkenntnisse, die beunruhigen \u2013 Das Medienlog vom Montag, 5. Januar 2015 - Das NSU-Prozess-Blog","og_description":"Noch immer l\u00fcgen und schweigen rechtsextreme Zeugen vor Gericht, noch immer ist die Verwicklung des Verfassungsschutzes in den NSU-Komplex nicht zufriedenstellend aufgekl\u00e4rt. Stattdessen habe das vergangene Jahr neue Fragen aufgeworfen, meint Wiebke Ramm in einem Jahresr\u00fcckblick f\u00fcr die S\u00e4chsische Zeitung: &#8222;Der NSU-Prozess ist voller beunruhigender Erkenntnisse. Zu bef\u00fcrchten ist, dass es noch mehr werden.&#8220; Eine [&hellip;]","og_url":"https:\/\/blog.zeit.de\/nsu-prozess-blog\/2015\/01\/05\/medienlog-verfassungsschutz-fahndung-brand\/","og_site_name":"Das NSU-Prozess-Blog","article_published_time":"2015-01-05T07:02:05+00:00","article_modified_time":"2015-01-05T07:15:36+00:00","author":"Tom Sundermann","twitter_misc":{"Geschrieben von":"Tom Sundermann","Gesch\u00e4tzte Lesezeit":"1\u00a0Minute"},"schema":{"@context":"https:\/\/schema.org","@graph":[{"@type":"WebPage","@id":"https:\/\/blog.zeit.de\/nsu-prozess-blog\/2015\/01\/05\/medienlog-verfassungsschutz-fahndung-brand\/","url":"https:\/\/blog.zeit.de\/nsu-prozess-blog\/2015\/01\/05\/medienlog-verfassungsschutz-fahndung-brand\/","name":"Erkenntnisse, die beunruhigen \u2013 Das Medienlog vom Montag, 5. Januar 2015 - Das NSU-Prozess-Blog","isPartOf":{"@id":"https:\/\/blog.zeit.de\/nsu-prozess-blog\/#website"},"datePublished":"2015-01-05T07:02:05+00:00","dateModified":"2015-01-05T07:15:36+00:00","author":{"@id":"https:\/\/blog.zeit.de\/nsu-prozess-blog\/#\/schema\/person\/553ea9bb5d1fc2ae054c589bd59380a5"},"breadcrumb":{"@id":"https:\/\/blog.zeit.de\/nsu-prozess-blog\/2015\/01\/05\/medienlog-verfassungsschutz-fahndung-brand\/#breadcrumb"},"inLanguage":"de","potentialAction":[{"@type":"ReadAction","target":["https:\/\/blog.zeit.de\/nsu-prozess-blog\/2015\/01\/05\/medienlog-verfassungsschutz-fahndung-brand\/"]}]},{"@type":"BreadcrumbList","@id":"https:\/\/blog.zeit.de\/nsu-prozess-blog\/2015\/01\/05\/medienlog-verfassungsschutz-fahndung-brand\/#breadcrumb","itemListElement":[{"@type":"ListItem","position":1,"name":"Startseite","item":"https:\/\/blog.zeit.de\/nsu-prozess-blog\/"},{"@type":"ListItem","position":2,"name":"Erkenntnisse, die beunruhigen \u2013 Das Medienlog vom Montag, 5. Januar 2015"}]},{"@type":"WebSite","@id":"https:\/\/blog.zeit.de\/nsu-prozess-blog\/#website","url":"https:\/\/blog.zeit.de\/nsu-prozess-blog\/","name":"Das NSU-Prozess-Blog","description":"Alle Berichte zum Terrorverfahren in M\u00fcnchen","potentialAction":[{"@type":"SearchAction","target":{"@type":"EntryPoint","urlTemplate":"https:\/\/blog.zeit.de\/nsu-prozess-blog\/?s={search_term_string}"},"query-input":"required name=search_term_string"}],"inLanguage":"de"},{"@type":"Person","@id":"https:\/\/blog.zeit.de\/nsu-prozess-blog\/#\/schema\/person\/553ea9bb5d1fc2ae054c589bd59380a5","name":"Tom Sundermann","image":{"@type":"ImageObject","inLanguage":"de","@id":"https:\/\/blog.zeit.de\/nsu-prozess-blog\/#\/schema\/person\/image\/","url":"https:\/\/secure.gravatar.com\/avatar\/e108a3dc18766f719b2f797dc5d19093f06a1870c55b553ab6b7563f1f9a5e68?s=96&d=mm&r=g","contentUrl":"https:\/\/secure.gravatar.com\/avatar\/e108a3dc18766f719b2f797dc5d19093f06a1870c55b553ab6b7563f1f9a5e68?s=96&d=mm&r=g","caption":"Tom Sundermann"},"sameAs":["https:\/\/twitter.com\/messeticker"],"url":"https:\/\/blog.zeit.de\/nsu-prozess-blog\/author\/tsundermann\/"}]}},"jetpack_featured_media_url":"","jetpack_sharing_enabled":true,"_links":{"self":[{"href":"https:\/\/blog.zeit.de\/nsu-prozess-blog\/wp-json\/wp\/v2\/posts\/8307","targetHints":{"allow":["GET"]}}],"collection":[{"href":"https:\/\/blog.zeit.de\/nsu-prozess-blog\/wp-json\/wp\/v2\/posts"}],"about":[{"href":"https:\/\/blog.zeit.de\/nsu-prozess-blog\/wp-json\/wp\/v2\/types\/post"}],"author":[{"embeddable":true,"href":"https:\/\/blog.zeit.de\/nsu-prozess-blog\/wp-json\/wp\/v2\/users\/435"}],"replies":[{"embeddable":true,"href":"https:\/\/blog.zeit.de\/nsu-prozess-blog\/wp-json\/wp\/v2\/comments?post=8307"}],"version-history":[{"count":9,"href":"https:\/\/blog.zeit.de\/nsu-prozess-blog\/wp-json\/wp\/v2\/posts\/8307\/revisions"}],"predecessor-version":[{"id":8317,"href":"https:\/\/blog.zeit.de\/nsu-prozess-blog\/wp-json\/wp\/v2\/posts\/8307\/revisions\/8317"}],"wp:attachment":[{"href":"https:\/\/blog.zeit.de\/nsu-prozess-blog\/wp-json\/wp\/v2\/media?parent=8307"}],"wp:term":[{"taxonomy":"category","embeddable":true,"href":"https:\/\/blog.zeit.de\/nsu-prozess-blog\/wp-json\/wp\/v2\/categories?post=8307"},{"taxonomy":"post_tag","embeddable":true,"href":"https:\/\/blog.zeit.de\/nsu-prozess-blog\/wp-json\/wp\/v2\/tags?post=8307"}],"curies":[{"name":"wp","href":"https:\/\/api.w.org\/{rel}","templated":true}]}}