{"id":8340,"date":"2015-01-13T07:00:00","date_gmt":"2015-01-13T06:00:00","guid":{"rendered":"http:\/\/blog.zeit.de\/nsu-prozess-blog\/?p=8340"},"modified":"2015-01-13T21:28:09","modified_gmt":"2015-01-13T20:28:09","slug":"172-prozesstag-v-mann-platte-erneut-im-zeugenstand","status":"publish","type":"post","link":"https:\/\/blog.zeit.de\/nsu-prozess-blog\/2015\/01\/13\/172-prozesstag-v-mann-platte-erneut-im-zeugenstand\/","title":{"rendered":"174. Prozesstag \u2013 V-Mann Piatto erneut im Zeugenstand"},"content":{"rendered":"<p>Zum zweiten Mal sagt der ehemalige V-Mann Carsten Sz. alias Piatto am Dienstag im NSU-Prozess aus. Er hatte 1998 Hinweise auf Kontaktleute des kurz zuvor untergetauchten Trios aus Beate Zsch\u00e4pe, Uwe Mundlos und Uwe B\u00f6hnhardt gegeben, als er <a href=\"https:\/\/blog.zeit.de\/nsu-prozess-blog\/2014\/11\/04\/rechtsextrem-und-gewalttaetig-der-liebling-des-verfassungsschutzes\/\">f\u00fcr den Brandenburger Verfassungsschutz spionierte<\/a>.<\/p>\n<p>Die Beh\u00f6rde hatte sich zuvor gegen Sz.s Vernehmung ausgesprochen. Bei <a href=\"https:\/\/blog.zeit.de\/nsu-prozess-blog\/2014\/12\/04\/medienlog-piatto-aussage-v-mann-blood-and-honour\/\">seiner ersten Vernehmung<\/a> erschien der Rechtsextreme mit einer Per\u00fccke. Offen sprach er dennoch nicht \u00fcber seine Erkenntnisse aus der rechten Szene. Insbesondere konnte er sich an die Meldung an den Geheimdienst angeblich nicht mehr erinnern.<\/p>\n<p>Sz. ist ein verurteilter Gewaltt\u00e4ter: 1994 wurde er festgenommen, nachdem er sich an einem versuchten Mord an einem Asylbewerber beteiligt hatte. Noch aus der Untersuchungshaft nahm er Kontakt zum Verfassungsschutz auf und wurde V-Mann. Sein Quellenf\u00fchrer zeigte sich begeistert \u00fcber die Informationen, die Piatto bis zu seiner Enttarnung im Jahr 2000 lieferte. Die Beh\u00f6rde gab ihm auch ein Handy, auf dem eine verd\u00e4chtige SMS eines Mitglieds der militanten Organisation <a href=\"https:\/\/blog.zeit.de\/nsu-prozess-blog\/tag\/blood-honour\/\">Blood &#038; Honour<\/a> einging. Inhalt war der Text <a href=\"https:\/\/blog.zeit.de\/nsu-prozess-blog\/2014\/10\/15\/der-zeuge-mit-dem-bums\/\">\u201cHallo, was ist mit dem Bums\u201d<\/a> \u2013 die Nachricht werten Ermittler heute als Hinweis auf eine Waffenlieferung an den NSU.<\/p>\n<p><em>Update:<\/em> Ursp\u00fcnglich sollte Sz. auch am Mittwoch geh\u00f6rt werden. Die Befragung endete jedoch bereits am Dienstag.<\/p>\n<p><em>Informationen aus der Verhandlung gibt es <a href=\"https:\/\/twitter.com\/zeitonline\/lists\/nsu-prozess\">via Twitter hier<\/a>. Die Berichte dar\u00fcber fassen wir morgen im <a href=\"https:\/\/blog.zeit.de\/nsu-prozess-blog\/category\/medienschau\/\">NSU-Medienlog<\/a> zusammen.<\/em><\/p>\n","protected":false},"excerpt":{"rendered":"<p>Zum zweiten Mal sagt der ehemalige V-Mann Carsten Sz. alias Piatto am Dienstag im NSU-Prozess aus. Er hatte 1998 Hinweise auf Kontaktleute des kurz zuvor untergetauchten Trios aus Beate Zsch\u00e4pe, Uwe Mundlos und Uwe B\u00f6hnhardt gegeben, als er f\u00fcr den Brandenburger Verfassungsschutz spionierte. Die Beh\u00f6rde hatte sich zuvor gegen Sz.s Vernehmung ausgesprochen. Bei seiner ersten [&hellip;]<\/p>\n","protected":false},"author":435,"featured_media":0,"comment_status":"open","ping_status":"open","sticky":false,"template":"","format":"standard","meta":{"_jetpack_memberships_contains_paid_content":false,"footnotes":""},"categories":[27532],"tags":[1451,29554,17899,1836],"class_list":["post-8340","post","type-post","status-publish","format-standard","hentry","category-prozesstage","tag-brandenburg","tag-piatto","tag-v-mann","tag-verfassungsschutz"],"yoast_head":"<!-- This site is optimized with the Yoast SEO plugin v21.0 - https:\/\/yoast.com\/wordpress\/plugins\/seo\/ -->\n<title>174. Prozesstag \u2013 V-Mann Piatto erneut im Zeugenstand - Das NSU-Prozess-Blog<\/title>\n<meta name=\"robots\" content=\"index, follow, max-snippet:-1, max-image-preview:large, max-video-preview:-1\" \/>\n<link rel=\"canonical\" href=\"https:\/\/blog.zeit.de\/nsu-prozess-blog\/2015\/01\/13\/172-prozesstag-v-mann-platte-erneut-im-zeugenstand\/\" \/>\n<meta property=\"og:locale\" content=\"de_DE\" \/>\n<meta property=\"og:type\" content=\"article\" \/>\n<meta property=\"og:title\" content=\"174. Prozesstag \u2013 V-Mann Piatto erneut im Zeugenstand - Das NSU-Prozess-Blog\" \/>\n<meta property=\"og:description\" content=\"Zum zweiten Mal sagt der ehemalige V-Mann Carsten Sz. alias Piatto am Dienstag im NSU-Prozess aus. Er hatte 1998 Hinweise auf Kontaktleute des kurz zuvor untergetauchten Trios aus Beate Zsch\u00e4pe, Uwe Mundlos und Uwe B\u00f6hnhardt gegeben, als er f\u00fcr den Brandenburger Verfassungsschutz spionierte. Die Beh\u00f6rde hatte sich zuvor gegen Sz.s Vernehmung ausgesprochen. Bei seiner ersten [&hellip;]\" \/>\n<meta property=\"og:url\" content=\"https:\/\/blog.zeit.de\/nsu-prozess-blog\/2015\/01\/13\/172-prozesstag-v-mann-platte-erneut-im-zeugenstand\/\" \/>\n<meta property=\"og:site_name\" content=\"Das NSU-Prozess-Blog\" \/>\n<meta property=\"article:published_time\" content=\"2015-01-13T06:00:00+00:00\" \/>\n<meta property=\"article:modified_time\" content=\"2015-01-13T20:28:09+00:00\" \/>\n<meta name=\"author\" content=\"Tom Sundermann\" \/>\n<meta name=\"twitter:label1\" content=\"Geschrieben von\" \/>\n\t<meta name=\"twitter:data1\" content=\"Tom Sundermann\" \/>\n\t<meta name=\"twitter:label2\" content=\"Gesch\u00e4tzte Lesezeit\" \/>\n\t<meta name=\"twitter:data2\" content=\"1\u00a0Minute\" \/>\n<script type=\"application\/ld+json\" class=\"yoast-schema-graph\">{\"@context\":\"https:\/\/schema.org\",\"@graph\":[{\"@type\":\"WebPage\",\"@id\":\"https:\/\/blog.zeit.de\/nsu-prozess-blog\/2015\/01\/13\/172-prozesstag-v-mann-platte-erneut-im-zeugenstand\/\",\"url\":\"https:\/\/blog.zeit.de\/nsu-prozess-blog\/2015\/01\/13\/172-prozesstag-v-mann-platte-erneut-im-zeugenstand\/\",\"name\":\"174. Prozesstag \u2013 V-Mann Piatto erneut im Zeugenstand - Das NSU-Prozess-Blog\",\"isPartOf\":{\"@id\":\"https:\/\/blog.zeit.de\/nsu-prozess-blog\/#website\"},\"datePublished\":\"2015-01-13T06:00:00+00:00\",\"dateModified\":\"2015-01-13T20:28:09+00:00\",\"author\":{\"@id\":\"https:\/\/blog.zeit.de\/nsu-prozess-blog\/#\/schema\/person\/553ea9bb5d1fc2ae054c589bd59380a5\"},\"breadcrumb\":{\"@id\":\"https:\/\/blog.zeit.de\/nsu-prozess-blog\/2015\/01\/13\/172-prozesstag-v-mann-platte-erneut-im-zeugenstand\/#breadcrumb\"},\"inLanguage\":\"de\",\"potentialAction\":[{\"@type\":\"ReadAction\",\"target\":[\"https:\/\/blog.zeit.de\/nsu-prozess-blog\/2015\/01\/13\/172-prozesstag-v-mann-platte-erneut-im-zeugenstand\/\"]}]},{\"@type\":\"BreadcrumbList\",\"@id\":\"https:\/\/blog.zeit.de\/nsu-prozess-blog\/2015\/01\/13\/172-prozesstag-v-mann-platte-erneut-im-zeugenstand\/#breadcrumb\",\"itemListElement\":[{\"@type\":\"ListItem\",\"position\":1,\"name\":\"Startseite\",\"item\":\"https:\/\/blog.zeit.de\/nsu-prozess-blog\/\"},{\"@type\":\"ListItem\",\"position\":2,\"name\":\"174. Prozesstag \u2013 V-Mann Piatto erneut im Zeugenstand\"}]},{\"@type\":\"WebSite\",\"@id\":\"https:\/\/blog.zeit.de\/nsu-prozess-blog\/#website\",\"url\":\"https:\/\/blog.zeit.de\/nsu-prozess-blog\/\",\"name\":\"Das NSU-Prozess-Blog\",\"description\":\"Alle Berichte zum Terrorverfahren in M\u00fcnchen\",\"potentialAction\":[{\"@type\":\"SearchAction\",\"target\":{\"@type\":\"EntryPoint\",\"urlTemplate\":\"https:\/\/blog.zeit.de\/nsu-prozess-blog\/?s={search_term_string}\"},\"query-input\":\"required name=search_term_string\"}],\"inLanguage\":\"de\"},{\"@type\":\"Person\",\"@id\":\"https:\/\/blog.zeit.de\/nsu-prozess-blog\/#\/schema\/person\/553ea9bb5d1fc2ae054c589bd59380a5\",\"name\":\"Tom Sundermann\",\"image\":{\"@type\":\"ImageObject\",\"inLanguage\":\"de\",\"@id\":\"https:\/\/blog.zeit.de\/nsu-prozess-blog\/#\/schema\/person\/image\/\",\"url\":\"https:\/\/secure.gravatar.com\/avatar\/e108a3dc18766f719b2f797dc5d19093f06a1870c55b553ab6b7563f1f9a5e68?s=96&d=mm&r=g\",\"contentUrl\":\"https:\/\/secure.gravatar.com\/avatar\/e108a3dc18766f719b2f797dc5d19093f06a1870c55b553ab6b7563f1f9a5e68?s=96&d=mm&r=g\",\"caption\":\"Tom Sundermann\"},\"sameAs\":[\"https:\/\/twitter.com\/messeticker\"],\"url\":\"https:\/\/blog.zeit.de\/nsu-prozess-blog\/author\/tsundermann\/\"}]}<\/script>\n<!-- \/ Yoast SEO plugin. -->","yoast_head_json":{"title":"174. Prozesstag \u2013 V-Mann Piatto erneut im Zeugenstand - Das NSU-Prozess-Blog","robots":{"index":"index","follow":"follow","max-snippet":"max-snippet:-1","max-image-preview":"max-image-preview:large","max-video-preview":"max-video-preview:-1"},"canonical":"https:\/\/blog.zeit.de\/nsu-prozess-blog\/2015\/01\/13\/172-prozesstag-v-mann-platte-erneut-im-zeugenstand\/","og_locale":"de_DE","og_type":"article","og_title":"174. Prozesstag \u2013 V-Mann Piatto erneut im Zeugenstand - Das NSU-Prozess-Blog","og_description":"Zum zweiten Mal sagt der ehemalige V-Mann Carsten Sz. alias Piatto am Dienstag im NSU-Prozess aus. Er hatte 1998 Hinweise auf Kontaktleute des kurz zuvor untergetauchten Trios aus Beate Zsch\u00e4pe, Uwe Mundlos und Uwe B\u00f6hnhardt gegeben, als er f\u00fcr den Brandenburger Verfassungsschutz spionierte. Die Beh\u00f6rde hatte sich zuvor gegen Sz.s Vernehmung ausgesprochen. Bei seiner ersten [&hellip;]","og_url":"https:\/\/blog.zeit.de\/nsu-prozess-blog\/2015\/01\/13\/172-prozesstag-v-mann-platte-erneut-im-zeugenstand\/","og_site_name":"Das NSU-Prozess-Blog","article_published_time":"2015-01-13T06:00:00+00:00","article_modified_time":"2015-01-13T20:28:09+00:00","author":"Tom Sundermann","twitter_misc":{"Geschrieben von":"Tom Sundermann","Gesch\u00e4tzte Lesezeit":"1\u00a0Minute"},"schema":{"@context":"https:\/\/schema.org","@graph":[{"@type":"WebPage","@id":"https:\/\/blog.zeit.de\/nsu-prozess-blog\/2015\/01\/13\/172-prozesstag-v-mann-platte-erneut-im-zeugenstand\/","url":"https:\/\/blog.zeit.de\/nsu-prozess-blog\/2015\/01\/13\/172-prozesstag-v-mann-platte-erneut-im-zeugenstand\/","name":"174. Prozesstag \u2013 V-Mann Piatto erneut im Zeugenstand - Das NSU-Prozess-Blog","isPartOf":{"@id":"https:\/\/blog.zeit.de\/nsu-prozess-blog\/#website"},"datePublished":"2015-01-13T06:00:00+00:00","dateModified":"2015-01-13T20:28:09+00:00","author":{"@id":"https:\/\/blog.zeit.de\/nsu-prozess-blog\/#\/schema\/person\/553ea9bb5d1fc2ae054c589bd59380a5"},"breadcrumb":{"@id":"https:\/\/blog.zeit.de\/nsu-prozess-blog\/2015\/01\/13\/172-prozesstag-v-mann-platte-erneut-im-zeugenstand\/#breadcrumb"},"inLanguage":"de","potentialAction":[{"@type":"ReadAction","target":["https:\/\/blog.zeit.de\/nsu-prozess-blog\/2015\/01\/13\/172-prozesstag-v-mann-platte-erneut-im-zeugenstand\/"]}]},{"@type":"BreadcrumbList","@id":"https:\/\/blog.zeit.de\/nsu-prozess-blog\/2015\/01\/13\/172-prozesstag-v-mann-platte-erneut-im-zeugenstand\/#breadcrumb","itemListElement":[{"@type":"ListItem","position":1,"name":"Startseite","item":"https:\/\/blog.zeit.de\/nsu-prozess-blog\/"},{"@type":"ListItem","position":2,"name":"174. Prozesstag \u2013 V-Mann Piatto erneut im Zeugenstand"}]},{"@type":"WebSite","@id":"https:\/\/blog.zeit.de\/nsu-prozess-blog\/#website","url":"https:\/\/blog.zeit.de\/nsu-prozess-blog\/","name":"Das NSU-Prozess-Blog","description":"Alle Berichte zum Terrorverfahren in M\u00fcnchen","potentialAction":[{"@type":"SearchAction","target":{"@type":"EntryPoint","urlTemplate":"https:\/\/blog.zeit.de\/nsu-prozess-blog\/?s={search_term_string}"},"query-input":"required name=search_term_string"}],"inLanguage":"de"},{"@type":"Person","@id":"https:\/\/blog.zeit.de\/nsu-prozess-blog\/#\/schema\/person\/553ea9bb5d1fc2ae054c589bd59380a5","name":"Tom Sundermann","image":{"@type":"ImageObject","inLanguage":"de","@id":"https:\/\/blog.zeit.de\/nsu-prozess-blog\/#\/schema\/person\/image\/","url":"https:\/\/secure.gravatar.com\/avatar\/e108a3dc18766f719b2f797dc5d19093f06a1870c55b553ab6b7563f1f9a5e68?s=96&d=mm&r=g","contentUrl":"https:\/\/secure.gravatar.com\/avatar\/e108a3dc18766f719b2f797dc5d19093f06a1870c55b553ab6b7563f1f9a5e68?s=96&d=mm&r=g","caption":"Tom Sundermann"},"sameAs":["https:\/\/twitter.com\/messeticker"],"url":"https:\/\/blog.zeit.de\/nsu-prozess-blog\/author\/tsundermann\/"}]}},"jetpack_featured_media_url":"","jetpack_sharing_enabled":true,"_links":{"self":[{"href":"https:\/\/blog.zeit.de\/nsu-prozess-blog\/wp-json\/wp\/v2\/posts\/8340","targetHints":{"allow":["GET"]}}],"collection":[{"href":"https:\/\/blog.zeit.de\/nsu-prozess-blog\/wp-json\/wp\/v2\/posts"}],"about":[{"href":"https:\/\/blog.zeit.de\/nsu-prozess-blog\/wp-json\/wp\/v2\/types\/post"}],"author":[{"embeddable":true,"href":"https:\/\/blog.zeit.de\/nsu-prozess-blog\/wp-json\/wp\/v2\/users\/435"}],"replies":[{"embeddable":true,"href":"https:\/\/blog.zeit.de\/nsu-prozess-blog\/wp-json\/wp\/v2\/comments?post=8340"}],"version-history":[{"count":7,"href":"https:\/\/blog.zeit.de\/nsu-prozess-blog\/wp-json\/wp\/v2\/posts\/8340\/revisions"}],"predecessor-version":[{"id":8373,"href":"https:\/\/blog.zeit.de\/nsu-prozess-blog\/wp-json\/wp\/v2\/posts\/8340\/revisions\/8373"}],"wp:attachment":[{"href":"https:\/\/blog.zeit.de\/nsu-prozess-blog\/wp-json\/wp\/v2\/media?parent=8340"}],"wp:term":[{"taxonomy":"category","embeddable":true,"href":"https:\/\/blog.zeit.de\/nsu-prozess-blog\/wp-json\/wp\/v2\/categories?post=8340"},{"taxonomy":"post_tag","embeddable":true,"href":"https:\/\/blog.zeit.de\/nsu-prozess-blog\/wp-json\/wp\/v2\/tags?post=8340"}],"curies":[{"name":"wp","href":"https:\/\/api.w.org\/{rel}","templated":true}]}}