{"id":8457,"date":"2015-01-27T07:00:58","date_gmt":"2015-01-27T06:00:58","guid":{"rendered":"http:\/\/blog.zeit.de\/nsu-prozess-blog\/?p=8457"},"modified":"2015-01-27T17:19:17","modified_gmt":"2015-01-27T16:19:17","slug":"178-prozesstag-elf-opfer-des-keupstrassen-anschlags","status":"publish","type":"post","link":"https:\/\/blog.zeit.de\/nsu-prozess-blog\/2015\/01\/27\/178-prozesstag-elf-opfer-des-keupstrassen-anschlags\/","title":{"rendered":"178. Prozesstag \u2013 Elf Opfer des Keupstra\u00dfen-Anschlags"},"content":{"rendered":"<p>Die Marathonvernehmungen von Opfern des <a href=\"https:\/\/blog.zeit.de\/nsu-prozess-blog\/2015\/01\/23\/medienlog-keupstrasse-bombe-gutachten\/\">Anschlags auf der K\u00f6lner Keupstra\u00dfe<\/a> vom 9. Juni 2004 gehen in die zweite Woche. Am Dienstag sind elf Zeugen geladen, die durch die Explosion einer <a href=\"https:\/\/blog.zeit.de\/nsu-prozess-blog\/2015\/01\/22\/die-toedliche-kraft-der-nagelbombe\/\">mit N\u00e4geln gespickten Schwarzpulverbombe<\/a> verletzt worden. Betroffene, die in der vergangenen Woche ausgesagt hatten, berichteten von langwierigen Sp\u00e4tfolgen \u2013 sowohl k\u00f6rperliche Gebrechen als auch psychische Leiden.<\/p>\n<p><em>ZEIT ONLINE berichtet aus M\u00fcnchen und fasst den Prozesstag am Abend auf diesem Blog zusammen. Informationen aus der Verhandlung gibt es <a href=\"https:\/\/twitter.com\/zeitonline\/lists\/nsu-prozess\">via Twitter hier<\/a>. Weitere Berichte stellen wir morgen im <a href=\"https:\/\/blog.zeit.de\/nsu-prozess-blog\/category\/medienschau\/\">NSU-Medienlog<\/a> zusammen.<\/em><\/p>\n","protected":false},"excerpt":{"rendered":"<p>Die Marathonvernehmungen von Opfern des Anschlags auf der K\u00f6lner Keupstra\u00dfe vom 9. Juni 2004 gehen in die zweite Woche. Am Dienstag sind elf Zeugen geladen, die durch die Explosion einer mit N\u00e4geln gespickten Schwarzpulverbombe verletzt worden. Betroffene, die in der vergangenen Woche ausgesagt hatten, berichteten von langwierigen Sp\u00e4tfolgen \u2013 sowohl k\u00f6rperliche Gebrechen als auch psychische [&hellip;]<\/p>\n","protected":false},"author":435,"featured_media":0,"comment_status":"open","ping_status":"open","sticky":false,"template":"","format":"standard","meta":{"_jetpack_memberships_contains_paid_content":false,"footnotes":""},"categories":[27532],"tags":[1474,26571,27576,24914],"class_list":["post-8457","post","type-post","status-publish","format-standard","hentry","category-prozesstage","tag-anschlag","tag-bombe","tag-keupstrase","tag-koln"],"yoast_head":"<!-- This site is optimized with the Yoast SEO plugin v21.0 - https:\/\/yoast.com\/wordpress\/plugins\/seo\/ -->\n<title>178. Prozesstag \u2013 Elf Opfer des Keupstra\u00dfen-Anschlags - Das NSU-Prozess-Blog<\/title>\n<meta name=\"robots\" content=\"index, follow, max-snippet:-1, max-image-preview:large, max-video-preview:-1\" \/>\n<link rel=\"canonical\" href=\"https:\/\/blog.zeit.de\/nsu-prozess-blog\/2015\/01\/27\/178-prozesstag-elf-opfer-des-keupstrassen-anschlags\/\" \/>\n<meta property=\"og:locale\" content=\"de_DE\" \/>\n<meta property=\"og:type\" content=\"article\" \/>\n<meta property=\"og:title\" content=\"178. Prozesstag \u2013 Elf Opfer des Keupstra\u00dfen-Anschlags - Das NSU-Prozess-Blog\" \/>\n<meta property=\"og:description\" content=\"Die Marathonvernehmungen von Opfern des Anschlags auf der K\u00f6lner Keupstra\u00dfe vom 9. Juni 2004 gehen in die zweite Woche. Am Dienstag sind elf Zeugen geladen, die durch die Explosion einer mit N\u00e4geln gespickten Schwarzpulverbombe verletzt worden. Betroffene, die in der vergangenen Woche ausgesagt hatten, berichteten von langwierigen Sp\u00e4tfolgen \u2013 sowohl k\u00f6rperliche Gebrechen als auch psychische [&hellip;]\" \/>\n<meta property=\"og:url\" content=\"https:\/\/blog.zeit.de\/nsu-prozess-blog\/2015\/01\/27\/178-prozesstag-elf-opfer-des-keupstrassen-anschlags\/\" \/>\n<meta property=\"og:site_name\" content=\"Das NSU-Prozess-Blog\" \/>\n<meta property=\"article:published_time\" content=\"2015-01-27T06:00:58+00:00\" \/>\n<meta property=\"article:modified_time\" content=\"2015-01-27T16:19:17+00:00\" \/>\n<meta name=\"author\" content=\"Tom Sundermann\" \/>\n<meta name=\"twitter:label1\" content=\"Geschrieben von\" \/>\n\t<meta name=\"twitter:data1\" content=\"Tom Sundermann\" \/>\n<script type=\"application\/ld+json\" class=\"yoast-schema-graph\">{\"@context\":\"https:\/\/schema.org\",\"@graph\":[{\"@type\":\"WebPage\",\"@id\":\"https:\/\/blog.zeit.de\/nsu-prozess-blog\/2015\/01\/27\/178-prozesstag-elf-opfer-des-keupstrassen-anschlags\/\",\"url\":\"https:\/\/blog.zeit.de\/nsu-prozess-blog\/2015\/01\/27\/178-prozesstag-elf-opfer-des-keupstrassen-anschlags\/\",\"name\":\"178. Prozesstag \u2013 Elf Opfer des Keupstra\u00dfen-Anschlags - Das NSU-Prozess-Blog\",\"isPartOf\":{\"@id\":\"https:\/\/blog.zeit.de\/nsu-prozess-blog\/#website\"},\"datePublished\":\"2015-01-27T06:00:58+00:00\",\"dateModified\":\"2015-01-27T16:19:17+00:00\",\"author\":{\"@id\":\"https:\/\/blog.zeit.de\/nsu-prozess-blog\/#\/schema\/person\/553ea9bb5d1fc2ae054c589bd59380a5\"},\"breadcrumb\":{\"@id\":\"https:\/\/blog.zeit.de\/nsu-prozess-blog\/2015\/01\/27\/178-prozesstag-elf-opfer-des-keupstrassen-anschlags\/#breadcrumb\"},\"inLanguage\":\"de\",\"potentialAction\":[{\"@type\":\"ReadAction\",\"target\":[\"https:\/\/blog.zeit.de\/nsu-prozess-blog\/2015\/01\/27\/178-prozesstag-elf-opfer-des-keupstrassen-anschlags\/\"]}]},{\"@type\":\"BreadcrumbList\",\"@id\":\"https:\/\/blog.zeit.de\/nsu-prozess-blog\/2015\/01\/27\/178-prozesstag-elf-opfer-des-keupstrassen-anschlags\/#breadcrumb\",\"itemListElement\":[{\"@type\":\"ListItem\",\"position\":1,\"name\":\"Startseite\",\"item\":\"https:\/\/blog.zeit.de\/nsu-prozess-blog\/\"},{\"@type\":\"ListItem\",\"position\":2,\"name\":\"178. Prozesstag \u2013 Elf Opfer des Keupstra\u00dfen-Anschlags\"}]},{\"@type\":\"WebSite\",\"@id\":\"https:\/\/blog.zeit.de\/nsu-prozess-blog\/#website\",\"url\":\"https:\/\/blog.zeit.de\/nsu-prozess-blog\/\",\"name\":\"Das NSU-Prozess-Blog\",\"description\":\"Alle Berichte zum Terrorverfahren in M\u00fcnchen\",\"potentialAction\":[{\"@type\":\"SearchAction\",\"target\":{\"@type\":\"EntryPoint\",\"urlTemplate\":\"https:\/\/blog.zeit.de\/nsu-prozess-blog\/?s={search_term_string}\"},\"query-input\":\"required name=search_term_string\"}],\"inLanguage\":\"de\"},{\"@type\":\"Person\",\"@id\":\"https:\/\/blog.zeit.de\/nsu-prozess-blog\/#\/schema\/person\/553ea9bb5d1fc2ae054c589bd59380a5\",\"name\":\"Tom Sundermann\",\"image\":{\"@type\":\"ImageObject\",\"inLanguage\":\"de\",\"@id\":\"https:\/\/blog.zeit.de\/nsu-prozess-blog\/#\/schema\/person\/image\/\",\"url\":\"https:\/\/secure.gravatar.com\/avatar\/e108a3dc18766f719b2f797dc5d19093f06a1870c55b553ab6b7563f1f9a5e68?s=96&d=mm&r=g\",\"contentUrl\":\"https:\/\/secure.gravatar.com\/avatar\/e108a3dc18766f719b2f797dc5d19093f06a1870c55b553ab6b7563f1f9a5e68?s=96&d=mm&r=g\",\"caption\":\"Tom Sundermann\"},\"sameAs\":[\"https:\/\/twitter.com\/messeticker\"],\"url\":\"https:\/\/blog.zeit.de\/nsu-prozess-blog\/author\/tsundermann\/\"}]}<\/script>\n<!-- \/ Yoast SEO plugin. -->","yoast_head_json":{"title":"178. Prozesstag \u2013 Elf Opfer des Keupstra\u00dfen-Anschlags - Das NSU-Prozess-Blog","robots":{"index":"index","follow":"follow","max-snippet":"max-snippet:-1","max-image-preview":"max-image-preview:large","max-video-preview":"max-video-preview:-1"},"canonical":"https:\/\/blog.zeit.de\/nsu-prozess-blog\/2015\/01\/27\/178-prozesstag-elf-opfer-des-keupstrassen-anschlags\/","og_locale":"de_DE","og_type":"article","og_title":"178. Prozesstag \u2013 Elf Opfer des Keupstra\u00dfen-Anschlags - Das NSU-Prozess-Blog","og_description":"Die Marathonvernehmungen von Opfern des Anschlags auf der K\u00f6lner Keupstra\u00dfe vom 9. Juni 2004 gehen in die zweite Woche. Am Dienstag sind elf Zeugen geladen, die durch die Explosion einer mit N\u00e4geln gespickten Schwarzpulverbombe verletzt worden. Betroffene, die in der vergangenen Woche ausgesagt hatten, berichteten von langwierigen Sp\u00e4tfolgen \u2013 sowohl k\u00f6rperliche Gebrechen als auch psychische [&hellip;]","og_url":"https:\/\/blog.zeit.de\/nsu-prozess-blog\/2015\/01\/27\/178-prozesstag-elf-opfer-des-keupstrassen-anschlags\/","og_site_name":"Das NSU-Prozess-Blog","article_published_time":"2015-01-27T06:00:58+00:00","article_modified_time":"2015-01-27T16:19:17+00:00","author":"Tom Sundermann","twitter_misc":{"Geschrieben von":"Tom Sundermann"},"schema":{"@context":"https:\/\/schema.org","@graph":[{"@type":"WebPage","@id":"https:\/\/blog.zeit.de\/nsu-prozess-blog\/2015\/01\/27\/178-prozesstag-elf-opfer-des-keupstrassen-anschlags\/","url":"https:\/\/blog.zeit.de\/nsu-prozess-blog\/2015\/01\/27\/178-prozesstag-elf-opfer-des-keupstrassen-anschlags\/","name":"178. Prozesstag \u2013 Elf Opfer des Keupstra\u00dfen-Anschlags - Das NSU-Prozess-Blog","isPartOf":{"@id":"https:\/\/blog.zeit.de\/nsu-prozess-blog\/#website"},"datePublished":"2015-01-27T06:00:58+00:00","dateModified":"2015-01-27T16:19:17+00:00","author":{"@id":"https:\/\/blog.zeit.de\/nsu-prozess-blog\/#\/schema\/person\/553ea9bb5d1fc2ae054c589bd59380a5"},"breadcrumb":{"@id":"https:\/\/blog.zeit.de\/nsu-prozess-blog\/2015\/01\/27\/178-prozesstag-elf-opfer-des-keupstrassen-anschlags\/#breadcrumb"},"inLanguage":"de","potentialAction":[{"@type":"ReadAction","target":["https:\/\/blog.zeit.de\/nsu-prozess-blog\/2015\/01\/27\/178-prozesstag-elf-opfer-des-keupstrassen-anschlags\/"]}]},{"@type":"BreadcrumbList","@id":"https:\/\/blog.zeit.de\/nsu-prozess-blog\/2015\/01\/27\/178-prozesstag-elf-opfer-des-keupstrassen-anschlags\/#breadcrumb","itemListElement":[{"@type":"ListItem","position":1,"name":"Startseite","item":"https:\/\/blog.zeit.de\/nsu-prozess-blog\/"},{"@type":"ListItem","position":2,"name":"178. Prozesstag \u2013 Elf Opfer des Keupstra\u00dfen-Anschlags"}]},{"@type":"WebSite","@id":"https:\/\/blog.zeit.de\/nsu-prozess-blog\/#website","url":"https:\/\/blog.zeit.de\/nsu-prozess-blog\/","name":"Das NSU-Prozess-Blog","description":"Alle Berichte zum Terrorverfahren in M\u00fcnchen","potentialAction":[{"@type":"SearchAction","target":{"@type":"EntryPoint","urlTemplate":"https:\/\/blog.zeit.de\/nsu-prozess-blog\/?s={search_term_string}"},"query-input":"required name=search_term_string"}],"inLanguage":"de"},{"@type":"Person","@id":"https:\/\/blog.zeit.de\/nsu-prozess-blog\/#\/schema\/person\/553ea9bb5d1fc2ae054c589bd59380a5","name":"Tom Sundermann","image":{"@type":"ImageObject","inLanguage":"de","@id":"https:\/\/blog.zeit.de\/nsu-prozess-blog\/#\/schema\/person\/image\/","url":"https:\/\/secure.gravatar.com\/avatar\/e108a3dc18766f719b2f797dc5d19093f06a1870c55b553ab6b7563f1f9a5e68?s=96&d=mm&r=g","contentUrl":"https:\/\/secure.gravatar.com\/avatar\/e108a3dc18766f719b2f797dc5d19093f06a1870c55b553ab6b7563f1f9a5e68?s=96&d=mm&r=g","caption":"Tom Sundermann"},"sameAs":["https:\/\/twitter.com\/messeticker"],"url":"https:\/\/blog.zeit.de\/nsu-prozess-blog\/author\/tsundermann\/"}]}},"jetpack_featured_media_url":"","jetpack_sharing_enabled":true,"_links":{"self":[{"href":"https:\/\/blog.zeit.de\/nsu-prozess-blog\/wp-json\/wp\/v2\/posts\/8457","targetHints":{"allow":["GET"]}}],"collection":[{"href":"https:\/\/blog.zeit.de\/nsu-prozess-blog\/wp-json\/wp\/v2\/posts"}],"about":[{"href":"https:\/\/blog.zeit.de\/nsu-prozess-blog\/wp-json\/wp\/v2\/types\/post"}],"author":[{"embeddable":true,"href":"https:\/\/blog.zeit.de\/nsu-prozess-blog\/wp-json\/wp\/v2\/users\/435"}],"replies":[{"embeddable":true,"href":"https:\/\/blog.zeit.de\/nsu-prozess-blog\/wp-json\/wp\/v2\/comments?post=8457"}],"version-history":[{"count":2,"href":"https:\/\/blog.zeit.de\/nsu-prozess-blog\/wp-json\/wp\/v2\/posts\/8457\/revisions"}],"predecessor-version":[{"id":8473,"href":"https:\/\/blog.zeit.de\/nsu-prozess-blog\/wp-json\/wp\/v2\/posts\/8457\/revisions\/8473"}],"wp:attachment":[{"href":"https:\/\/blog.zeit.de\/nsu-prozess-blog\/wp-json\/wp\/v2\/media?parent=8457"}],"wp:term":[{"taxonomy":"category","embeddable":true,"href":"https:\/\/blog.zeit.de\/nsu-prozess-blog\/wp-json\/wp\/v2\/categories?post=8457"},{"taxonomy":"post_tag","embeddable":true,"href":"https:\/\/blog.zeit.de\/nsu-prozess-blog\/wp-json\/wp\/v2\/tags?post=8457"}],"curies":[{"name":"wp","href":"https:\/\/api.w.org\/{rel}","templated":true}]}}