{"id":8499,"date":"2015-01-29T19:42:18","date_gmt":"2015-01-29T18:42:18","guid":{"rendered":"http:\/\/blog.zeit.de\/nsu-prozess-blog\/?p=8499"},"modified":"2015-01-29T19:58:08","modified_gmt":"2015-01-29T18:58:08","slug":"wer-ist-hier-das-opfer","status":"publish","type":"post","link":"https:\/\/blog.zeit.de\/nsu-prozess-blog\/2015\/01\/29\/wer-ist-hier-das-opfer\/","title":{"rendered":"Wer ist hier das Opfer?"},"content":{"rendered":"<p><strong>Im NSU-Prozess steht die Arbeit der Opfervertreter im Zwielicht: Hat ein Anwalt versucht, einen Zeugen mit falschen Angaben zur Nebenklage im Terrorverfahren zu dr\u00e4ngen? <\/strong><\/p>\n<p>Franz Peter S. erlebte den Bombenanschlag in der K\u00f6lner Keupstra\u00dfe am 9. Juni 2004 in seinem Auto. Die Explosion dr\u00fcckte das Dach des Wagens ein, mit dem der technische Angestellte gerade auf den Garagenhof gegen\u00fcber gefahren war. Den Knall, erz\u00e4hlt S. im k\u00f6lschen Singsang, \u00fcberstand er unverletzt. Von Sp\u00e4tfolgen wei\u00df er nichts zu berichten. Auch seine Schwiegermutter, die im ersten Stock des Hauses wohnte, trug keine Blessuren davon.<\/p>\n<p>Das klang vor fast zwei Jahren, als das M\u00fcnchner Oberlandesgericht im Mai 2013 vom Fall des Herrn S. erfuhr, noch ungleich dramatischer: Der Zeuge sei\u00a0 \u201eposttraumatisch belastet\u201c, er leide bis heute unter Angstzust\u00e4nden, auch seine Frau sei betroffen. So hie\u00df es in einem Schreiben des Frankfurter Anwalts Ferhat Tikbas, der Familie S. als seine Mandanten f\u00fcr die Nebenklage des NSU-Prozesses anmeldete. Er vertritt vier Gesch\u00e4digte im Verfahren, darunter Hinterbliebene des Mordopfers Abdurrahim \u00d6z\u00fcdo\u011fru, der 2001 in N\u00fcrnberg starb. An diesem Tag ist er nicht im Gericht.<\/p>\n<p>Damit h\u00e4tte sich Franz Peter S., der heute als Zeuge im Verfahren aussagt, in die Riege der fast 90 Nebenkl\u00e4ger einreihen k\u00f6nnen. Diese Menschen, Gesch\u00e4digte und Hinterbliebene von Mordopfern, begleiten den Prozess, wenn auch meist nicht pers\u00f6nlich, sondern \u00fcber ihre Anw\u00e4lte. Sie k\u00f6nnen Antr\u00e4ge stellen und Zeugen befragen. F\u00fcr viele Betroffene ist die Nebenklage ein wichtiges Instrument der Aufarbeitung \u2013 denn ihnen geht es um die Hintergr\u00fcnde der Taten, die sie einen Angeh\u00f6rigen oder ein St\u00fcck ihrer Lebensqualit\u00e4t gekostet haben.<\/p>\n<p>Das k\u00f6nnte Franz Peter S. allerdings nicht von sich behaupten. Richter Manfred G\u00f6tzl fragt den Zeugen, ob er Anwalt Tikbas mit seiner Vertretung beauftragt habe. \u201eNein, dieser Anwalt ist an uns herangetreten\u201c, antwortet der Zeuge. Das habe seine Familie jedoch \u201evon vornherein abgelehnt\u201c. Vielmehr habe Tikbas immer wieder angerufen und versucht, ihn zur Nebenklage zu dr\u00e4ngen. Doch eine Vollmacht habe er dem Juristen nie gegeben. Der meldete sich trotzdem beim Gericht, nahm den Antrag jedoch zur\u00fcck, nachdem S. sich beschwert hatte.<\/p>\n<p>Bekannt ist, dass Anw\u00e4lte nach dem Auffliegen des NSU im November 2011 aggressiv unter Bewohnern der Keupstra\u00dfe um Mandate warben. In der Nebenklage winken f\u00fcr die Anw\u00e4lte schlie\u00dflich ein aus der Staatskasse bezahltes Honorar und mit dem \u00fcber Jahre dauernden Prozess ein langfristiges Engagement. Im besten Fall k\u00f6nnen sie auch ein Schmerzensgeld f\u00fcr ihre Mandanten erstreiten.<\/p>\n<p>Doch muss die Institution der Nebenklage auch f\u00fcr Menschen offen sein, die nur am Rande mit einer der brutalen NSU-Taten zu tun hatten? Nat\u00fcrlich gibt es keine richtigen und falschen Opfer. Es macht aber sehr wohl einen Unterschied, ob ein Schaden in der Kfz-Werkstatt oder im Krankenhaus behoben werden muss.<\/p>\n<p>Und es macht auch einen Unterschied, ob ein Nebenkl\u00e4ger erst durch einen Anwalt zur Teilnahme am Prozess gedr\u00e4ngt wird. Wie wirkt das auf die Opfer, die in diesem Prozess um ihre Rehabilitierung nach Verd\u00e4chtigungen durch die Polizei k\u00e4mpfen? Was denken die Anw\u00e4lte, die unter gro\u00dfen M\u00fchen die Strukturen hinter dem NSU aufdecken? Kollegen der Nebenklage halten sich f\u00fcrs Erste bedeckt.<\/p>\n<p>Dabei d\u00fcrfte auch ihnen klar sein, dass durch zweifelhafte Mandate die Nebenklage entwertet wird \u2013 und dass die Verteidiger nach einem Schuldspruch versuchen k\u00f6nnten, das Urteil anzugreifen, weil aus gesetzlicher Sicht Unbeteiligte daran mitgemischt haben.<\/p>\n<p>Anwalt Tikbas kann sich die Behauptungen nicht erkl\u00e4ren. Ihm fehlten die Worte, sagt er gegen\u00fcber ZEIT ONLINE. Demnach habe er keineswegs versucht, ein Mandat an sich zu rei\u00dfen: Familie S. habe sich bei ihm gemeldet und darum gebeten, als Nebenkl\u00e4ger im Prozess vertreten zu werden. Tikbas hatte bereits zuvor Mandate aus der Keupstra\u00dfe angenommen. Dabei habe ihm Franz Peter S. auch von Symptomen wie der Belastungsst\u00f6rung erz\u00e4hlt. Andernfalls, argumentiert der Anwalt, h\u00e4tte er dem Gericht ja nicht so detailliert die Folgen f\u00fcr den Mandanten schildern k\u00f6nnen.<\/p>\n<p>Dass der keine Vollmacht unterschrieb, bestreitet auch der Jurist nicht. S. habe schlicht seine Meinung ge\u00e4ndert und das Dokument nicht mehr unterzeichnen wollen. Daraufhin habe er den Antrag an das Gericht zur\u00fcckgenommen. Formaljuristisch lief offenbar alles nach Vorschrift.<\/p>\n<p>Wer recht hat, ist nicht mehr zu kl\u00e4ren. Im Raum bleibt die Frage: Sitzen im NSU-Prozess Zeugen, die keineswegs so stark an den Folgen des Anschlags leiden wie behauptet? Die Verteidiger d\u00fcrften gro\u00dfes Interesse haben, darauf eine Antwort zu finden.<\/p>\n<p>Au\u00dferdem besch\u00e4ftigte sich der Staatsschutzsenat am Donnerstag mit dem Video, das Beate Zsch\u00e4pe auf ihrer Flucht aus Zwickau am 4. November 2011 an mehr als ein Dutzend Empf\u00e4nger verschickt haben soll. Auf der DVD werden die zehn Morde und die beiden Bombenanschl\u00e4ge dargestellt, die heute dem NSU zugeschrieben werden. Allerdings sind weder Beate Zsch\u00e4pe noch ihre Komplizen Uwe Mundlos und Uwe B\u00f6hnhardt darauf zu sehen.<\/p>\n<p>Eine Ermittlerin des Bundeskriminalamts lieferte nun Hinweise, die darauf deuten, dass das NSU-Trio den Film selbst hergestellt hat. Auf einer CD aus dem Schutt der niedergebrannten Zwickauer Wohnung der drei fanden sie Dokumente, die Zsch\u00e4pe, Mundlos und B\u00f6hnhardt offenbar in ihrer Freizeit angelegt hatten \u2013 darunter Vereinbarungen f\u00fcr eine Wette, in der es darum ging, wer am meisten Gewicht verlieren kann. Der Verlierer musste demnach nicht nur die Wohnung putzen, sondern auch 200 Videoclips schneiden. Die Bundesanwaltschaft wertet die Formulierung als Bezug auf den Schnitt des Bekennervideos.<\/p>\n","protected":false},"excerpt":{"rendered":"<p>Im NSU-Prozess steht die Arbeit der Opfervertreter im Zwielicht: Hat ein Anwalt versucht, einen Zeugen mit falschen Angaben zur Nebenklage im Terrorverfahren zu dr\u00e4ngen? Franz Peter S. erlebte den Bombenanschlag in der K\u00f6lner Keupstra\u00dfe am 9. Juni 2004 in seinem Auto. Die Explosion dr\u00fcckte das Dach des Wagens ein, mit dem der technische Angestellte gerade [&hellip;]<\/p>\n","protected":false},"author":435,"featured_media":0,"comment_status":"open","ping_status":"open","sticky":false,"template":"","format":"standard","meta":{"_jetpack_memberships_contains_paid_content":false,"footnotes":""},"categories":[27532],"tags":[],"class_list":["post-8499","post","type-post","status-publish","format-standard","hentry","category-prozesstage"],"yoast_head":"<!-- This site is optimized with the Yoast SEO plugin v21.0 - https:\/\/yoast.com\/wordpress\/plugins\/seo\/ -->\n<title>Wer ist hier das Opfer? - Das NSU-Prozess-Blog<\/title>\n<meta name=\"robots\" content=\"index, follow, max-snippet:-1, max-image-preview:large, max-video-preview:-1\" \/>\n<link rel=\"canonical\" href=\"https:\/\/blog.zeit.de\/nsu-prozess-blog\/2015\/01\/29\/wer-ist-hier-das-opfer\/\" \/>\n<meta property=\"og:locale\" content=\"de_DE\" \/>\n<meta property=\"og:type\" content=\"article\" \/>\n<meta property=\"og:title\" content=\"Wer ist hier das Opfer? - Das NSU-Prozess-Blog\" \/>\n<meta property=\"og:description\" content=\"Im NSU-Prozess steht die Arbeit der Opfervertreter im Zwielicht: Hat ein Anwalt versucht, einen Zeugen mit falschen Angaben zur Nebenklage im Terrorverfahren zu dr\u00e4ngen? Franz Peter S. erlebte den Bombenanschlag in der K\u00f6lner Keupstra\u00dfe am 9. Juni 2004 in seinem Auto. Die Explosion dr\u00fcckte das Dach des Wagens ein, mit dem der technische Angestellte gerade [&hellip;]\" \/>\n<meta property=\"og:url\" content=\"https:\/\/blog.zeit.de\/nsu-prozess-blog\/2015\/01\/29\/wer-ist-hier-das-opfer\/\" \/>\n<meta property=\"og:site_name\" content=\"Das NSU-Prozess-Blog\" \/>\n<meta property=\"article:published_time\" content=\"2015-01-29T18:42:18+00:00\" \/>\n<meta property=\"article:modified_time\" content=\"2015-01-29T18:58:08+00:00\" \/>\n<meta name=\"author\" content=\"Tom Sundermann\" \/>\n<meta name=\"twitter:label1\" content=\"Geschrieben von\" \/>\n\t<meta name=\"twitter:data1\" content=\"Tom Sundermann\" \/>\n\t<meta name=\"twitter:label2\" content=\"Gesch\u00e4tzte Lesezeit\" \/>\n\t<meta name=\"twitter:data2\" content=\"5\u00a0Minuten\" \/>\n<script type=\"application\/ld+json\" class=\"yoast-schema-graph\">{\"@context\":\"https:\/\/schema.org\",\"@graph\":[{\"@type\":\"WebPage\",\"@id\":\"https:\/\/blog.zeit.de\/nsu-prozess-blog\/2015\/01\/29\/wer-ist-hier-das-opfer\/\",\"url\":\"https:\/\/blog.zeit.de\/nsu-prozess-blog\/2015\/01\/29\/wer-ist-hier-das-opfer\/\",\"name\":\"Wer ist hier das Opfer? - Das NSU-Prozess-Blog\",\"isPartOf\":{\"@id\":\"https:\/\/blog.zeit.de\/nsu-prozess-blog\/#website\"},\"datePublished\":\"2015-01-29T18:42:18+00:00\",\"dateModified\":\"2015-01-29T18:58:08+00:00\",\"author\":{\"@id\":\"https:\/\/blog.zeit.de\/nsu-prozess-blog\/#\/schema\/person\/553ea9bb5d1fc2ae054c589bd59380a5\"},\"breadcrumb\":{\"@id\":\"https:\/\/blog.zeit.de\/nsu-prozess-blog\/2015\/01\/29\/wer-ist-hier-das-opfer\/#breadcrumb\"},\"inLanguage\":\"de\",\"potentialAction\":[{\"@type\":\"ReadAction\",\"target\":[\"https:\/\/blog.zeit.de\/nsu-prozess-blog\/2015\/01\/29\/wer-ist-hier-das-opfer\/\"]}]},{\"@type\":\"BreadcrumbList\",\"@id\":\"https:\/\/blog.zeit.de\/nsu-prozess-blog\/2015\/01\/29\/wer-ist-hier-das-opfer\/#breadcrumb\",\"itemListElement\":[{\"@type\":\"ListItem\",\"position\":1,\"name\":\"Startseite\",\"item\":\"https:\/\/blog.zeit.de\/nsu-prozess-blog\/\"},{\"@type\":\"ListItem\",\"position\":2,\"name\":\"Wer ist hier das Opfer?\"}]},{\"@type\":\"WebSite\",\"@id\":\"https:\/\/blog.zeit.de\/nsu-prozess-blog\/#website\",\"url\":\"https:\/\/blog.zeit.de\/nsu-prozess-blog\/\",\"name\":\"Das NSU-Prozess-Blog\",\"description\":\"Alle Berichte zum Terrorverfahren in M\u00fcnchen\",\"potentialAction\":[{\"@type\":\"SearchAction\",\"target\":{\"@type\":\"EntryPoint\",\"urlTemplate\":\"https:\/\/blog.zeit.de\/nsu-prozess-blog\/?s={search_term_string}\"},\"query-input\":\"required name=search_term_string\"}],\"inLanguage\":\"de\"},{\"@type\":\"Person\",\"@id\":\"https:\/\/blog.zeit.de\/nsu-prozess-blog\/#\/schema\/person\/553ea9bb5d1fc2ae054c589bd59380a5\",\"name\":\"Tom Sundermann\",\"image\":{\"@type\":\"ImageObject\",\"inLanguage\":\"de\",\"@id\":\"https:\/\/blog.zeit.de\/nsu-prozess-blog\/#\/schema\/person\/image\/\",\"url\":\"https:\/\/secure.gravatar.com\/avatar\/e108a3dc18766f719b2f797dc5d19093f06a1870c55b553ab6b7563f1f9a5e68?s=96&d=mm&r=g\",\"contentUrl\":\"https:\/\/secure.gravatar.com\/avatar\/e108a3dc18766f719b2f797dc5d19093f06a1870c55b553ab6b7563f1f9a5e68?s=96&d=mm&r=g\",\"caption\":\"Tom Sundermann\"},\"sameAs\":[\"https:\/\/twitter.com\/messeticker\"],\"url\":\"https:\/\/blog.zeit.de\/nsu-prozess-blog\/author\/tsundermann\/\"}]}<\/script>\n<!-- \/ Yoast SEO plugin. -->","yoast_head_json":{"title":"Wer ist hier das Opfer? - Das NSU-Prozess-Blog","robots":{"index":"index","follow":"follow","max-snippet":"max-snippet:-1","max-image-preview":"max-image-preview:large","max-video-preview":"max-video-preview:-1"},"canonical":"https:\/\/blog.zeit.de\/nsu-prozess-blog\/2015\/01\/29\/wer-ist-hier-das-opfer\/","og_locale":"de_DE","og_type":"article","og_title":"Wer ist hier das Opfer? - Das NSU-Prozess-Blog","og_description":"Im NSU-Prozess steht die Arbeit der Opfervertreter im Zwielicht: Hat ein Anwalt versucht, einen Zeugen mit falschen Angaben zur Nebenklage im Terrorverfahren zu dr\u00e4ngen? Franz Peter S. erlebte den Bombenanschlag in der K\u00f6lner Keupstra\u00dfe am 9. Juni 2004 in seinem Auto. Die Explosion dr\u00fcckte das Dach des Wagens ein, mit dem der technische Angestellte gerade [&hellip;]","og_url":"https:\/\/blog.zeit.de\/nsu-prozess-blog\/2015\/01\/29\/wer-ist-hier-das-opfer\/","og_site_name":"Das NSU-Prozess-Blog","article_published_time":"2015-01-29T18:42:18+00:00","article_modified_time":"2015-01-29T18:58:08+00:00","author":"Tom Sundermann","twitter_misc":{"Geschrieben von":"Tom Sundermann","Gesch\u00e4tzte Lesezeit":"5\u00a0Minuten"},"schema":{"@context":"https:\/\/schema.org","@graph":[{"@type":"WebPage","@id":"https:\/\/blog.zeit.de\/nsu-prozess-blog\/2015\/01\/29\/wer-ist-hier-das-opfer\/","url":"https:\/\/blog.zeit.de\/nsu-prozess-blog\/2015\/01\/29\/wer-ist-hier-das-opfer\/","name":"Wer ist hier das Opfer? - Das NSU-Prozess-Blog","isPartOf":{"@id":"https:\/\/blog.zeit.de\/nsu-prozess-blog\/#website"},"datePublished":"2015-01-29T18:42:18+00:00","dateModified":"2015-01-29T18:58:08+00:00","author":{"@id":"https:\/\/blog.zeit.de\/nsu-prozess-blog\/#\/schema\/person\/553ea9bb5d1fc2ae054c589bd59380a5"},"breadcrumb":{"@id":"https:\/\/blog.zeit.de\/nsu-prozess-blog\/2015\/01\/29\/wer-ist-hier-das-opfer\/#breadcrumb"},"inLanguage":"de","potentialAction":[{"@type":"ReadAction","target":["https:\/\/blog.zeit.de\/nsu-prozess-blog\/2015\/01\/29\/wer-ist-hier-das-opfer\/"]}]},{"@type":"BreadcrumbList","@id":"https:\/\/blog.zeit.de\/nsu-prozess-blog\/2015\/01\/29\/wer-ist-hier-das-opfer\/#breadcrumb","itemListElement":[{"@type":"ListItem","position":1,"name":"Startseite","item":"https:\/\/blog.zeit.de\/nsu-prozess-blog\/"},{"@type":"ListItem","position":2,"name":"Wer ist hier das Opfer?"}]},{"@type":"WebSite","@id":"https:\/\/blog.zeit.de\/nsu-prozess-blog\/#website","url":"https:\/\/blog.zeit.de\/nsu-prozess-blog\/","name":"Das NSU-Prozess-Blog","description":"Alle Berichte zum Terrorverfahren in M\u00fcnchen","potentialAction":[{"@type":"SearchAction","target":{"@type":"EntryPoint","urlTemplate":"https:\/\/blog.zeit.de\/nsu-prozess-blog\/?s={search_term_string}"},"query-input":"required name=search_term_string"}],"inLanguage":"de"},{"@type":"Person","@id":"https:\/\/blog.zeit.de\/nsu-prozess-blog\/#\/schema\/person\/553ea9bb5d1fc2ae054c589bd59380a5","name":"Tom Sundermann","image":{"@type":"ImageObject","inLanguage":"de","@id":"https:\/\/blog.zeit.de\/nsu-prozess-blog\/#\/schema\/person\/image\/","url":"https:\/\/secure.gravatar.com\/avatar\/e108a3dc18766f719b2f797dc5d19093f06a1870c55b553ab6b7563f1f9a5e68?s=96&d=mm&r=g","contentUrl":"https:\/\/secure.gravatar.com\/avatar\/e108a3dc18766f719b2f797dc5d19093f06a1870c55b553ab6b7563f1f9a5e68?s=96&d=mm&r=g","caption":"Tom Sundermann"},"sameAs":["https:\/\/twitter.com\/messeticker"],"url":"https:\/\/blog.zeit.de\/nsu-prozess-blog\/author\/tsundermann\/"}]}},"jetpack_featured_media_url":"","jetpack_sharing_enabled":true,"_links":{"self":[{"href":"https:\/\/blog.zeit.de\/nsu-prozess-blog\/wp-json\/wp\/v2\/posts\/8499","targetHints":{"allow":["GET"]}}],"collection":[{"href":"https:\/\/blog.zeit.de\/nsu-prozess-blog\/wp-json\/wp\/v2\/posts"}],"about":[{"href":"https:\/\/blog.zeit.de\/nsu-prozess-blog\/wp-json\/wp\/v2\/types\/post"}],"author":[{"embeddable":true,"href":"https:\/\/blog.zeit.de\/nsu-prozess-blog\/wp-json\/wp\/v2\/users\/435"}],"replies":[{"embeddable":true,"href":"https:\/\/blog.zeit.de\/nsu-prozess-blog\/wp-json\/wp\/v2\/comments?post=8499"}],"version-history":[{"count":5,"href":"https:\/\/blog.zeit.de\/nsu-prozess-blog\/wp-json\/wp\/v2\/posts\/8499\/revisions"}],"predecessor-version":[{"id":8507,"href":"https:\/\/blog.zeit.de\/nsu-prozess-blog\/wp-json\/wp\/v2\/posts\/8499\/revisions\/8507"}],"wp:attachment":[{"href":"https:\/\/blog.zeit.de\/nsu-prozess-blog\/wp-json\/wp\/v2\/media?parent=8499"}],"wp:term":[{"taxonomy":"category","embeddable":true,"href":"https:\/\/blog.zeit.de\/nsu-prozess-blog\/wp-json\/wp\/v2\/categories?post=8499"},{"taxonomy":"post_tag","embeddable":true,"href":"https:\/\/blog.zeit.de\/nsu-prozess-blog\/wp-json\/wp\/v2\/tags?post=8499"}],"curies":[{"name":"wp","href":"https:\/\/api.w.org\/{rel}","templated":true}]}}