{"id":8524,"date":"2015-02-03T08:29:37","date_gmt":"2015-02-03T07:29:37","guid":{"rendered":"http:\/\/blog.zeit.de\/nsu-prozess-blog\/?p=8524"},"modified":"2015-02-03T09:00:27","modified_gmt":"2015-02-03T08:00:27","slug":"medienlog-corelli-innenausschuss-nrw-cd","status":"publish","type":"post","link":"https:\/\/blog.zeit.de\/nsu-prozess-blog\/2015\/02\/03\/medienlog-corelli-innenausschuss-nrw-cd\/","title":{"rendered":"Geheimniskr\u00e4merei im Fall &#8222;Corelli&#8220;? \u2013 Das Medienlog vom Dienstag, 3. Februar 2015"},"content":{"rendered":"<p>Neue Wirren im Fall um den 2014 verstorbenen V-Mann <a href=\"https:\/\/blog.zeit.de\/nsu-prozess-blog\/2014\/10\/06\/die-verstrickungen-des-toten-v-manns\/\">&#8222;Corelli&#8220;<\/a>: In einer au\u00dferplanm\u00e4\u00dfigen Sitzung nahm sich der Innenausschuss des Bundestags erneut des Informanten an, der <a href=\"https:\/\/blog.zeit.de\/nsu-prozess-blog\/2014\/10\/02\/medienlog-verfassungsschutz-cd-nsu-2005\/\">bereits im Jahr 2005<\/a> eine CD mit der Aufschrift &#8222;NSDAP\/NSU&#8220; an den Bundesverfassungsschutz geliefert hatte. Weil der <a href=\"https:\/\/blog.zeit.de\/nsu-prozess-blog\/2014\/04\/14\/medienlog-v-mann-corelli-tot\/\">Todesfall weiter mysteri\u00f6s erscheint<\/a>, wollte das Gremium ein medizinisches Gutachten dazu einsehen. Dabei gab es bislang Probleme: NRW-Justizminister Thomas Kutschaty gab die Unterlagen nicht frei, wie das WDR-Magazin <em>Westpol<\/em> <a href=\"http:\/\/www1.wdr.de\/themen\/archiv\/sp_amrechtenrand\/terrorvonrechts\/v-mann-corelli-100.html\" target=\"_blank\">berichtet<\/a>.<\/p>\n<p><!--more--><\/p>\n<p><em>An jedem Werktag sichten wir f\u00fcr das NSU-Prozess-Blog die Medien und stellen wichtige Berichte, Blogs, Videos und Tweets zusammen. Wir freuen uns \u00fcber Hinweise via Twitter mit dem Hashtag #nsublog \u2013 oder per E-Mail an <a href=\"mailto:nsublog@zeit.de\">nsublog@zeit.de<\/a>.<\/em><\/p>\n<p>Dem Bericht zufolge verwies Kutschaty darauf, dass die Generalstaatsanwaltschaft Hamm die Akten nicht \u00fcbersenden wolle. Doch im Herbst 2014 hatte ein Paderborner Staatsanwalt dem Innenausschuss die Freigabe der Papiere angek\u00fcndigt, die Hammer Beh\u00f6rde sei dazu bereit gewesen. &#8222;Hat Kutschaty jetzt also f\u00fcr eine andere juristische Bewertung gesorgt?&#8220;, fragt das Magazin. Nun lasse der Minister weder den Staatsanwalt noch den Sachverst\u00e4ndigen aussagen.<\/p>\n<p><em>Das n\u00e4chste Medienlog erscheint am Mittwoch, 4. Februar 2015.<\/em><\/p>\n","protected":false},"excerpt":{"rendered":"<p>Neue Wirren im Fall um den 2014 verstorbenen V-Mann &#8222;Corelli&#8220;: In einer au\u00dferplanm\u00e4\u00dfigen Sitzung nahm sich der Innenausschuss des Bundestags erneut des Informanten an, der bereits im Jahr 2005 eine CD mit der Aufschrift &#8222;NSDAP\/NSU&#8220; an den Bundesverfassungsschutz geliefert hatte. Weil der Todesfall weiter mysteri\u00f6s erscheint, wollte das Gremium ein medizinisches Gutachten dazu einsehen. Dabei [&hellip;]<\/p>\n","protected":false},"author":435,"featured_media":0,"comment_status":"open","ping_status":"open","sticky":false,"template":"","format":"standard","meta":{"_jetpack_memberships_contains_paid_content":false,"footnotes":""},"categories":[27531],"tags":[27772,29550,17899,1836],"class_list":["post-8524","post","type-post","status-publish","format-standard","hentry","category-medienschau","tag-bundesverfassungsschutz","tag-corelli","tag-v-mann","tag-verfassungsschutz"],"yoast_head":"<!-- This site is optimized with the Yoast SEO plugin v21.0 - https:\/\/yoast.com\/wordpress\/plugins\/seo\/ -->\n<title>Geheimniskr\u00e4merei im Fall &quot;Corelli&quot;? \u2013 Das Medienlog vom Dienstag, 3. Februar 2015 - Das NSU-Prozess-Blog<\/title>\n<meta name=\"robots\" content=\"index, follow, max-snippet:-1, max-image-preview:large, max-video-preview:-1\" \/>\n<link rel=\"canonical\" href=\"https:\/\/blog.zeit.de\/nsu-prozess-blog\/2015\/02\/03\/medienlog-corelli-innenausschuss-nrw-cd\/\" \/>\n<meta property=\"og:locale\" content=\"de_DE\" \/>\n<meta property=\"og:type\" content=\"article\" \/>\n<meta property=\"og:title\" content=\"Geheimniskr\u00e4merei im Fall &quot;Corelli&quot;? \u2013 Das Medienlog vom Dienstag, 3. Februar 2015 - Das NSU-Prozess-Blog\" \/>\n<meta property=\"og:description\" content=\"Neue Wirren im Fall um den 2014 verstorbenen V-Mann &#8222;Corelli&#8220;: In einer au\u00dferplanm\u00e4\u00dfigen Sitzung nahm sich der Innenausschuss des Bundestags erneut des Informanten an, der bereits im Jahr 2005 eine CD mit der Aufschrift &#8222;NSDAP\/NSU&#8220; an den Bundesverfassungsschutz geliefert hatte. Weil der Todesfall weiter mysteri\u00f6s erscheint, wollte das Gremium ein medizinisches Gutachten dazu einsehen. Dabei [&hellip;]\" \/>\n<meta property=\"og:url\" content=\"https:\/\/blog.zeit.de\/nsu-prozess-blog\/2015\/02\/03\/medienlog-corelli-innenausschuss-nrw-cd\/\" \/>\n<meta property=\"og:site_name\" content=\"Das NSU-Prozess-Blog\" \/>\n<meta property=\"article:published_time\" content=\"2015-02-03T07:29:37+00:00\" \/>\n<meta property=\"article:modified_time\" content=\"2015-02-03T08:00:27+00:00\" \/>\n<meta name=\"author\" content=\"Tom Sundermann\" \/>\n<meta name=\"twitter:label1\" content=\"Geschrieben von\" \/>\n\t<meta name=\"twitter:data1\" content=\"Tom Sundermann\" \/>\n\t<meta name=\"twitter:label2\" content=\"Gesch\u00e4tzte Lesezeit\" \/>\n\t<meta name=\"twitter:data2\" content=\"1\u00a0Minute\" \/>\n<script type=\"application\/ld+json\" class=\"yoast-schema-graph\">{\"@context\":\"https:\/\/schema.org\",\"@graph\":[{\"@type\":\"WebPage\",\"@id\":\"https:\/\/blog.zeit.de\/nsu-prozess-blog\/2015\/02\/03\/medienlog-corelli-innenausschuss-nrw-cd\/\",\"url\":\"https:\/\/blog.zeit.de\/nsu-prozess-blog\/2015\/02\/03\/medienlog-corelli-innenausschuss-nrw-cd\/\",\"name\":\"Geheimniskr\u00e4merei im Fall \\\"Corelli\\\"? \u2013 Das Medienlog vom Dienstag, 3. Februar 2015 - Das NSU-Prozess-Blog\",\"isPartOf\":{\"@id\":\"https:\/\/blog.zeit.de\/nsu-prozess-blog\/#website\"},\"datePublished\":\"2015-02-03T07:29:37+00:00\",\"dateModified\":\"2015-02-03T08:00:27+00:00\",\"author\":{\"@id\":\"https:\/\/blog.zeit.de\/nsu-prozess-blog\/#\/schema\/person\/553ea9bb5d1fc2ae054c589bd59380a5\"},\"breadcrumb\":{\"@id\":\"https:\/\/blog.zeit.de\/nsu-prozess-blog\/2015\/02\/03\/medienlog-corelli-innenausschuss-nrw-cd\/#breadcrumb\"},\"inLanguage\":\"de\",\"potentialAction\":[{\"@type\":\"ReadAction\",\"target\":[\"https:\/\/blog.zeit.de\/nsu-prozess-blog\/2015\/02\/03\/medienlog-corelli-innenausschuss-nrw-cd\/\"]}]},{\"@type\":\"BreadcrumbList\",\"@id\":\"https:\/\/blog.zeit.de\/nsu-prozess-blog\/2015\/02\/03\/medienlog-corelli-innenausschuss-nrw-cd\/#breadcrumb\",\"itemListElement\":[{\"@type\":\"ListItem\",\"position\":1,\"name\":\"Startseite\",\"item\":\"https:\/\/blog.zeit.de\/nsu-prozess-blog\/\"},{\"@type\":\"ListItem\",\"position\":2,\"name\":\"Geheimniskr\u00e4merei im Fall &#8222;Corelli&#8220;? \u2013 Das Medienlog vom Dienstag, 3. Februar 2015\"}]},{\"@type\":\"WebSite\",\"@id\":\"https:\/\/blog.zeit.de\/nsu-prozess-blog\/#website\",\"url\":\"https:\/\/blog.zeit.de\/nsu-prozess-blog\/\",\"name\":\"Das NSU-Prozess-Blog\",\"description\":\"Alle Berichte zum Terrorverfahren in M\u00fcnchen\",\"potentialAction\":[{\"@type\":\"SearchAction\",\"target\":{\"@type\":\"EntryPoint\",\"urlTemplate\":\"https:\/\/blog.zeit.de\/nsu-prozess-blog\/?s={search_term_string}\"},\"query-input\":\"required name=search_term_string\"}],\"inLanguage\":\"de\"},{\"@type\":\"Person\",\"@id\":\"https:\/\/blog.zeit.de\/nsu-prozess-blog\/#\/schema\/person\/553ea9bb5d1fc2ae054c589bd59380a5\",\"name\":\"Tom Sundermann\",\"image\":{\"@type\":\"ImageObject\",\"inLanguage\":\"de\",\"@id\":\"https:\/\/blog.zeit.de\/nsu-prozess-blog\/#\/schema\/person\/image\/\",\"url\":\"https:\/\/secure.gravatar.com\/avatar\/e108a3dc18766f719b2f797dc5d19093f06a1870c55b553ab6b7563f1f9a5e68?s=96&d=mm&r=g\",\"contentUrl\":\"https:\/\/secure.gravatar.com\/avatar\/e108a3dc18766f719b2f797dc5d19093f06a1870c55b553ab6b7563f1f9a5e68?s=96&d=mm&r=g\",\"caption\":\"Tom Sundermann\"},\"sameAs\":[\"https:\/\/twitter.com\/messeticker\"],\"url\":\"https:\/\/blog.zeit.de\/nsu-prozess-blog\/author\/tsundermann\/\"}]}<\/script>\n<!-- \/ Yoast SEO plugin. -->","yoast_head_json":{"title":"Geheimniskr\u00e4merei im Fall \"Corelli\"? \u2013 Das Medienlog vom Dienstag, 3. Februar 2015 - Das NSU-Prozess-Blog","robots":{"index":"index","follow":"follow","max-snippet":"max-snippet:-1","max-image-preview":"max-image-preview:large","max-video-preview":"max-video-preview:-1"},"canonical":"https:\/\/blog.zeit.de\/nsu-prozess-blog\/2015\/02\/03\/medienlog-corelli-innenausschuss-nrw-cd\/","og_locale":"de_DE","og_type":"article","og_title":"Geheimniskr\u00e4merei im Fall \"Corelli\"? \u2013 Das Medienlog vom Dienstag, 3. Februar 2015 - Das NSU-Prozess-Blog","og_description":"Neue Wirren im Fall um den 2014 verstorbenen V-Mann &#8222;Corelli&#8220;: In einer au\u00dferplanm\u00e4\u00dfigen Sitzung nahm sich der Innenausschuss des Bundestags erneut des Informanten an, der bereits im Jahr 2005 eine CD mit der Aufschrift &#8222;NSDAP\/NSU&#8220; an den Bundesverfassungsschutz geliefert hatte. Weil der Todesfall weiter mysteri\u00f6s erscheint, wollte das Gremium ein medizinisches Gutachten dazu einsehen. Dabei [&hellip;]","og_url":"https:\/\/blog.zeit.de\/nsu-prozess-blog\/2015\/02\/03\/medienlog-corelli-innenausschuss-nrw-cd\/","og_site_name":"Das NSU-Prozess-Blog","article_published_time":"2015-02-03T07:29:37+00:00","article_modified_time":"2015-02-03T08:00:27+00:00","author":"Tom Sundermann","twitter_misc":{"Geschrieben von":"Tom Sundermann","Gesch\u00e4tzte Lesezeit":"1\u00a0Minute"},"schema":{"@context":"https:\/\/schema.org","@graph":[{"@type":"WebPage","@id":"https:\/\/blog.zeit.de\/nsu-prozess-blog\/2015\/02\/03\/medienlog-corelli-innenausschuss-nrw-cd\/","url":"https:\/\/blog.zeit.de\/nsu-prozess-blog\/2015\/02\/03\/medienlog-corelli-innenausschuss-nrw-cd\/","name":"Geheimniskr\u00e4merei im Fall \"Corelli\"? \u2013 Das Medienlog vom Dienstag, 3. Februar 2015 - Das NSU-Prozess-Blog","isPartOf":{"@id":"https:\/\/blog.zeit.de\/nsu-prozess-blog\/#website"},"datePublished":"2015-02-03T07:29:37+00:00","dateModified":"2015-02-03T08:00:27+00:00","author":{"@id":"https:\/\/blog.zeit.de\/nsu-prozess-blog\/#\/schema\/person\/553ea9bb5d1fc2ae054c589bd59380a5"},"breadcrumb":{"@id":"https:\/\/blog.zeit.de\/nsu-prozess-blog\/2015\/02\/03\/medienlog-corelli-innenausschuss-nrw-cd\/#breadcrumb"},"inLanguage":"de","potentialAction":[{"@type":"ReadAction","target":["https:\/\/blog.zeit.de\/nsu-prozess-blog\/2015\/02\/03\/medienlog-corelli-innenausschuss-nrw-cd\/"]}]},{"@type":"BreadcrumbList","@id":"https:\/\/blog.zeit.de\/nsu-prozess-blog\/2015\/02\/03\/medienlog-corelli-innenausschuss-nrw-cd\/#breadcrumb","itemListElement":[{"@type":"ListItem","position":1,"name":"Startseite","item":"https:\/\/blog.zeit.de\/nsu-prozess-blog\/"},{"@type":"ListItem","position":2,"name":"Geheimniskr\u00e4merei im Fall &#8222;Corelli&#8220;? \u2013 Das Medienlog vom Dienstag, 3. Februar 2015"}]},{"@type":"WebSite","@id":"https:\/\/blog.zeit.de\/nsu-prozess-blog\/#website","url":"https:\/\/blog.zeit.de\/nsu-prozess-blog\/","name":"Das NSU-Prozess-Blog","description":"Alle Berichte zum Terrorverfahren in M\u00fcnchen","potentialAction":[{"@type":"SearchAction","target":{"@type":"EntryPoint","urlTemplate":"https:\/\/blog.zeit.de\/nsu-prozess-blog\/?s={search_term_string}"},"query-input":"required name=search_term_string"}],"inLanguage":"de"},{"@type":"Person","@id":"https:\/\/blog.zeit.de\/nsu-prozess-blog\/#\/schema\/person\/553ea9bb5d1fc2ae054c589bd59380a5","name":"Tom Sundermann","image":{"@type":"ImageObject","inLanguage":"de","@id":"https:\/\/blog.zeit.de\/nsu-prozess-blog\/#\/schema\/person\/image\/","url":"https:\/\/secure.gravatar.com\/avatar\/e108a3dc18766f719b2f797dc5d19093f06a1870c55b553ab6b7563f1f9a5e68?s=96&d=mm&r=g","contentUrl":"https:\/\/secure.gravatar.com\/avatar\/e108a3dc18766f719b2f797dc5d19093f06a1870c55b553ab6b7563f1f9a5e68?s=96&d=mm&r=g","caption":"Tom Sundermann"},"sameAs":["https:\/\/twitter.com\/messeticker"],"url":"https:\/\/blog.zeit.de\/nsu-prozess-blog\/author\/tsundermann\/"}]}},"jetpack_featured_media_url":"","jetpack_sharing_enabled":true,"_links":{"self":[{"href":"https:\/\/blog.zeit.de\/nsu-prozess-blog\/wp-json\/wp\/v2\/posts\/8524","targetHints":{"allow":["GET"]}}],"collection":[{"href":"https:\/\/blog.zeit.de\/nsu-prozess-blog\/wp-json\/wp\/v2\/posts"}],"about":[{"href":"https:\/\/blog.zeit.de\/nsu-prozess-blog\/wp-json\/wp\/v2\/types\/post"}],"author":[{"embeddable":true,"href":"https:\/\/blog.zeit.de\/nsu-prozess-blog\/wp-json\/wp\/v2\/users\/435"}],"replies":[{"embeddable":true,"href":"https:\/\/blog.zeit.de\/nsu-prozess-blog\/wp-json\/wp\/v2\/comments?post=8524"}],"version-history":[{"count":6,"href":"https:\/\/blog.zeit.de\/nsu-prozess-blog\/wp-json\/wp\/v2\/posts\/8524\/revisions"}],"predecessor-version":[{"id":8530,"href":"https:\/\/blog.zeit.de\/nsu-prozess-blog\/wp-json\/wp\/v2\/posts\/8524\/revisions\/8530"}],"wp:attachment":[{"href":"https:\/\/blog.zeit.de\/nsu-prozess-blog\/wp-json\/wp\/v2\/media?parent=8524"}],"wp:term":[{"taxonomy":"category","embeddable":true,"href":"https:\/\/blog.zeit.de\/nsu-prozess-blog\/wp-json\/wp\/v2\/categories?post=8524"},{"taxonomy":"post_tag","embeddable":true,"href":"https:\/\/blog.zeit.de\/nsu-prozess-blog\/wp-json\/wp\/v2\/tags?post=8524"}],"curies":[{"name":"wp","href":"https:\/\/api.w.org\/{rel}","templated":true}]}}