{"id":8605,"date":"2015-02-12T11:04:46","date_gmt":"2015-02-12T10:04:46","guid":{"rendered":"http:\/\/blog.zeit.de\/nsu-prozess-blog\/?p=8605"},"modified":"2015-02-12T11:13:28","modified_gmt":"2015-02-12T10:13:28","slug":"skinhead-schlaegt-schrille-toene-an-das-medienlog-vom-donnerstag-12-februar-2015","status":"publish","type":"post","link":"https:\/\/blog.zeit.de\/nsu-prozess-blog\/2015\/02\/12\/skinhead-schlaegt-schrille-toene-an-das-medienlog-vom-donnerstag-12-februar-2015\/","title":{"rendered":"Skinhead schl\u00e4gt schrille T\u00f6ne an \u2013 Das Medienlog vom Donnerstag, 12. Februar 2015"},"content":{"rendered":"<p>Der denkw\u00fcrdige Auftritt des Neonazis <a href=\"https:\/\/blog.zeit.de\/nsu-prozess-blog\/tag\/bernd-t\/\">Bernd T.<\/a> beherrschte den 185. Tag im NSU-Prozess: Der hessische Skinhead hatte offenbar f\u00e4lschlicherweise behauptet, Details zum Aufenthalt von Uwe Mundlos und Uwe B\u00f6hnhardt in Kassel vor dem <a href=\"http:\/\/www.zeit.de\/gesellschaft\/zeitgeschehen\/2013-10\/ismail-yozgat-nsu-prozess-antworten-kassel-verfassungschutz\">Mord an Halit Yozgat<\/a> zu kennen. Davon hatte er sich erfolglos eine fr\u00fchere Entlassung aus dem Gef\u00e4ngnis versprochen. Nun wollte er von seinen Insiderinformationen nichts mehr wissen. &#8222;Unter den meist dreist verstockten Zeugen aus der rechten Szene (&#8230;) ist Bernd T. die schrillste Figur&#8220;, beobachtet Frank Jansen vom <a href=\"http:\/\/www.tagesspiegel.de\/politik\/nsu-prozess-185-tag-auftritt-sturm-18-anfuehrers\/11358354.html\" target=\"_blank\"><em>Tagesspiegel<\/em><\/a>.<br \/>\n<!--more--><\/p>\n<p><em>An jedem Werktag sichten wir f\u00fcr das NSU-Prozess-Blog die Medien und stellen wichtige Berichte, Blogs, Videos und Tweets zusammen. Wir freuen uns \u00fcber Hinweise via Twitter mit dem Hashtag #nsublog \u2013 oder per E-Mail an <a href=\"mailto:nsublog@zeit.de\">nsublog@zeit.de<\/a>.<\/em><\/p>\n<p>Kurz nach dem Auffliegen des NSU im November 2011 bot der damals inhaftierte Zeuge sein angebliches Wissen dem Verfassungsschutz an, es folgte eine Vernehmung durch das Bundeskriminalamt. Die Beamten stuften T.s Informationen bald als vermutliche L\u00fcgen ein. Dennoch war T. nun im Prozess geladen, wo er stundenlang mit seinen Behauptungen konfrontiert wurde. &#8222;Trotz seines markigen Tons wirkt der Glatzkopf unsicher&#8220;, merkt Jansen an.<\/p>\n<p>Warum hatte ihn das Gericht als potenziellen Hinweisgeber \u00fcberhaupt in Erw\u00e4gung gezogen? Wom\u00f6glich lag es an den Angaben, &#8222;die sich m\u00f6glicherweise partiell mit Aufschneiderei erkl\u00e4ren lassen, aber auch nicht komplett erlogen erscheinen&#8220;, schreibt Gisela Friedrichsen von <a href=\"http:\/\/www.spiegel.de\/panorama\/justiz\/nsu-prozess-rechter-zeuge-bernd-t-zum-mord-an-halit-yozgat-a-1017985.html\" target=\"_blank\"><em>Spiegel Online<\/em><\/a>. Seine vorigen Angaben deklarierte T. nun als &#8222;Spa\u00df&#8220; \u2013 m\u00f6glicherweise auch, um in der Szene nicht als Verr\u00e4ter dazustehen. Richter Manfred G\u00f6tzl habe sich vom Lavieren des Zeugen indes nicht provozieren lassen.<\/p>\n<p>&#8222;T. tritt nassforsch, manchmal aggressiv auf und versucht den fragenden Richter in Widerspr\u00fcche zu verwickeln&#8220;, berichtet Thomas Stier von der hessischen <a href=\"http:\/\/www.hna.de\/kassel\/stadt-kassel\/bernd-weiss-nichts-beate-zschaepe-gaehnt-4723773.html\" target=\"_blank\"><em>HNA<\/em><\/a>. Dazu kommen angebliche Erinnerungsl\u00fccken und permanentes Abstreiten. So sei die Vernehmung &#8222;ein z\u00e4hes St\u00fcck Arbeit&#8220; geworden. Das hatten die BKA-Beamten eigentlich schon vorweggenommen: &#8222;Vielleicht waren die Ermittler auch deshalb so misstrauisch, weil die Polizei w\u00e4hrend der NSU-Serie mit zehn Morden oft genug falschen Spuren gefolgt war&#8220;, merken wir bei <a href=\"https:\/\/blog.zeit.de\/nsu-prozess-blog\/2015\/02\/11\/die-luegen-des-neonazis\/\">ZEIT ONLINE<\/a> an.<\/p>\n<p>Auch um den <a href=\"https:\/\/blog.zeit.de\/nsu-prozess-blog\/2015\/02\/11\/medienlog-nebenklage-keupstrasse-bundesanwaltschaft\/\">Nagelbombenanschlag in der K\u00f6lner Keupstra\u00dfe von 2004<\/a> ging es am Mittwoch. Dazu sagten der Sprengstoffgutachter R\u00fcdiger M\u00f6lle und der Rechtsmediziner Oliver Peschl aus \u2013 sie gaben Einsch\u00e4tzungen zum Gef\u00e4hrdungspotenzial des Sprengsatzes ab, durch die 22 Menschen verletzt wurden. Die Expertise &#8222;verdeutlicht die extrem zerst\u00f6rerische Wirkung&#8220; der Explosion, bilanziert Harald Biskup im <a href=\"http:\/\/www.ksta.de\/politik\/nagelbomben-anschlag-im-nsu-prozess-unvergleichliche-zerstoerungskraft,15187246,29829238.html\" target=\"_blank\"><em>K\u00f6lner Stadtanzeiger<\/em><\/a>. Das Fazit: Zumindest f\u00fcr die zw\u00f6lf Menschen im Friseursalon, vor dem die Bombe detonierte, bestand aktue Lebensgefahr. Doch auch in weiterer Entfernung auf der Stra\u00dfe waren lebensbedrohliche Verletzungen m\u00f6glich.<\/p>\n<p><em>Das n\u00e4chste Medienlog erscheint am Freitag, 13. Februar 2015.<\/em><\/p>\n","protected":false},"excerpt":{"rendered":"<p>Der denkw\u00fcrdige Auftritt des Neonazis Bernd T. beherrschte den 185. Tag im NSU-Prozess: Der hessische Skinhead hatte offenbar f\u00e4lschlicherweise behauptet, Details zum Aufenthalt von Uwe Mundlos und Uwe B\u00f6hnhardt in Kassel vor dem Mord an Halit Yozgat zu kennen. Davon hatte er sich erfolglos eine fr\u00fchere Entlassung aus dem Gef\u00e4ngnis versprochen. Nun wollte er von [&hellip;]<\/p>\n","protected":false},"author":435,"featured_media":0,"comment_status":"open","ping_status":"open","sticky":false,"template":"","format":"standard","meta":{"_jetpack_memberships_contains_paid_content":false,"footnotes":""},"categories":[27531],"tags":[1474,33574,26571,1105,29435,18863,27576,24914,33581],"class_list":["post-8605","post","type-post","status-publish","format-standard","hentry","category-medienschau","tag-anschlag","tag-bernd-t","tag-bombe","tag-gutachten","tag-halit-yozgat","tag-kassel","tag-keupstrase","tag-koln","tag-skinhead"],"yoast_head":"<!-- This site is optimized with the Yoast SEO plugin v21.0 - https:\/\/yoast.com\/wordpress\/plugins\/seo\/ -->\n<title>Skinhead schl\u00e4gt schrille T\u00f6ne an \u2013 Das Medienlog vom Donnerstag, 12. Februar 2015 - Das NSU-Prozess-Blog<\/title>\n<meta name=\"robots\" content=\"index, follow, max-snippet:-1, max-image-preview:large, max-video-preview:-1\" \/>\n<link rel=\"canonical\" href=\"https:\/\/blog.zeit.de\/nsu-prozess-blog\/2015\/02\/12\/skinhead-schlaegt-schrille-toene-an-das-medienlog-vom-donnerstag-12-februar-2015\/\" \/>\n<meta property=\"og:locale\" content=\"de_DE\" \/>\n<meta property=\"og:type\" content=\"article\" \/>\n<meta property=\"og:title\" content=\"Skinhead schl\u00e4gt schrille T\u00f6ne an \u2013 Das Medienlog vom Donnerstag, 12. Februar 2015 - Das NSU-Prozess-Blog\" \/>\n<meta property=\"og:description\" content=\"Der denkw\u00fcrdige Auftritt des Neonazis Bernd T. beherrschte den 185. Tag im NSU-Prozess: Der hessische Skinhead hatte offenbar f\u00e4lschlicherweise behauptet, Details zum Aufenthalt von Uwe Mundlos und Uwe B\u00f6hnhardt in Kassel vor dem Mord an Halit Yozgat zu kennen. Davon hatte er sich erfolglos eine fr\u00fchere Entlassung aus dem Gef\u00e4ngnis versprochen. Nun wollte er von [&hellip;]\" \/>\n<meta property=\"og:url\" content=\"https:\/\/blog.zeit.de\/nsu-prozess-blog\/2015\/02\/12\/skinhead-schlaegt-schrille-toene-an-das-medienlog-vom-donnerstag-12-februar-2015\/\" \/>\n<meta property=\"og:site_name\" content=\"Das NSU-Prozess-Blog\" \/>\n<meta property=\"article:published_time\" content=\"2015-02-12T10:04:46+00:00\" \/>\n<meta property=\"article:modified_time\" content=\"2015-02-12T10:13:28+00:00\" \/>\n<meta name=\"author\" content=\"Tom Sundermann\" \/>\n<meta name=\"twitter:label1\" content=\"Geschrieben von\" \/>\n\t<meta name=\"twitter:data1\" content=\"Tom Sundermann\" \/>\n\t<meta name=\"twitter:label2\" content=\"Gesch\u00e4tzte Lesezeit\" \/>\n\t<meta name=\"twitter:data2\" content=\"2\u00a0Minuten\" \/>\n<script type=\"application\/ld+json\" class=\"yoast-schema-graph\">{\"@context\":\"https:\/\/schema.org\",\"@graph\":[{\"@type\":\"WebPage\",\"@id\":\"https:\/\/blog.zeit.de\/nsu-prozess-blog\/2015\/02\/12\/skinhead-schlaegt-schrille-toene-an-das-medienlog-vom-donnerstag-12-februar-2015\/\",\"url\":\"https:\/\/blog.zeit.de\/nsu-prozess-blog\/2015\/02\/12\/skinhead-schlaegt-schrille-toene-an-das-medienlog-vom-donnerstag-12-februar-2015\/\",\"name\":\"Skinhead schl\u00e4gt schrille T\u00f6ne an \u2013 Das Medienlog vom Donnerstag, 12. Februar 2015 - Das NSU-Prozess-Blog\",\"isPartOf\":{\"@id\":\"https:\/\/blog.zeit.de\/nsu-prozess-blog\/#website\"},\"datePublished\":\"2015-02-12T10:04:46+00:00\",\"dateModified\":\"2015-02-12T10:13:28+00:00\",\"author\":{\"@id\":\"https:\/\/blog.zeit.de\/nsu-prozess-blog\/#\/schema\/person\/553ea9bb5d1fc2ae054c589bd59380a5\"},\"breadcrumb\":{\"@id\":\"https:\/\/blog.zeit.de\/nsu-prozess-blog\/2015\/02\/12\/skinhead-schlaegt-schrille-toene-an-das-medienlog-vom-donnerstag-12-februar-2015\/#breadcrumb\"},\"inLanguage\":\"de\",\"potentialAction\":[{\"@type\":\"ReadAction\",\"target\":[\"https:\/\/blog.zeit.de\/nsu-prozess-blog\/2015\/02\/12\/skinhead-schlaegt-schrille-toene-an-das-medienlog-vom-donnerstag-12-februar-2015\/\"]}]},{\"@type\":\"BreadcrumbList\",\"@id\":\"https:\/\/blog.zeit.de\/nsu-prozess-blog\/2015\/02\/12\/skinhead-schlaegt-schrille-toene-an-das-medienlog-vom-donnerstag-12-februar-2015\/#breadcrumb\",\"itemListElement\":[{\"@type\":\"ListItem\",\"position\":1,\"name\":\"Startseite\",\"item\":\"https:\/\/blog.zeit.de\/nsu-prozess-blog\/\"},{\"@type\":\"ListItem\",\"position\":2,\"name\":\"Skinhead schl\u00e4gt schrille T\u00f6ne an \u2013 Das Medienlog vom Donnerstag, 12. Februar 2015\"}]},{\"@type\":\"WebSite\",\"@id\":\"https:\/\/blog.zeit.de\/nsu-prozess-blog\/#website\",\"url\":\"https:\/\/blog.zeit.de\/nsu-prozess-blog\/\",\"name\":\"Das NSU-Prozess-Blog\",\"description\":\"Alle Berichte zum Terrorverfahren in M\u00fcnchen\",\"potentialAction\":[{\"@type\":\"SearchAction\",\"target\":{\"@type\":\"EntryPoint\",\"urlTemplate\":\"https:\/\/blog.zeit.de\/nsu-prozess-blog\/?s={search_term_string}\"},\"query-input\":\"required name=search_term_string\"}],\"inLanguage\":\"de\"},{\"@type\":\"Person\",\"@id\":\"https:\/\/blog.zeit.de\/nsu-prozess-blog\/#\/schema\/person\/553ea9bb5d1fc2ae054c589bd59380a5\",\"name\":\"Tom Sundermann\",\"image\":{\"@type\":\"ImageObject\",\"inLanguage\":\"de\",\"@id\":\"https:\/\/blog.zeit.de\/nsu-prozess-blog\/#\/schema\/person\/image\/\",\"url\":\"https:\/\/secure.gravatar.com\/avatar\/e108a3dc18766f719b2f797dc5d19093f06a1870c55b553ab6b7563f1f9a5e68?s=96&d=mm&r=g\",\"contentUrl\":\"https:\/\/secure.gravatar.com\/avatar\/e108a3dc18766f719b2f797dc5d19093f06a1870c55b553ab6b7563f1f9a5e68?s=96&d=mm&r=g\",\"caption\":\"Tom Sundermann\"},\"sameAs\":[\"https:\/\/twitter.com\/messeticker\"],\"url\":\"https:\/\/blog.zeit.de\/nsu-prozess-blog\/author\/tsundermann\/\"}]}<\/script>\n<!-- \/ Yoast SEO plugin. -->","yoast_head_json":{"title":"Skinhead schl\u00e4gt schrille T\u00f6ne an \u2013 Das Medienlog vom Donnerstag, 12. Februar 2015 - Das NSU-Prozess-Blog","robots":{"index":"index","follow":"follow","max-snippet":"max-snippet:-1","max-image-preview":"max-image-preview:large","max-video-preview":"max-video-preview:-1"},"canonical":"https:\/\/blog.zeit.de\/nsu-prozess-blog\/2015\/02\/12\/skinhead-schlaegt-schrille-toene-an-das-medienlog-vom-donnerstag-12-februar-2015\/","og_locale":"de_DE","og_type":"article","og_title":"Skinhead schl\u00e4gt schrille T\u00f6ne an \u2013 Das Medienlog vom Donnerstag, 12. Februar 2015 - Das NSU-Prozess-Blog","og_description":"Der denkw\u00fcrdige Auftritt des Neonazis Bernd T. beherrschte den 185. Tag im NSU-Prozess: Der hessische Skinhead hatte offenbar f\u00e4lschlicherweise behauptet, Details zum Aufenthalt von Uwe Mundlos und Uwe B\u00f6hnhardt in Kassel vor dem Mord an Halit Yozgat zu kennen. Davon hatte er sich erfolglos eine fr\u00fchere Entlassung aus dem Gef\u00e4ngnis versprochen. Nun wollte er von [&hellip;]","og_url":"https:\/\/blog.zeit.de\/nsu-prozess-blog\/2015\/02\/12\/skinhead-schlaegt-schrille-toene-an-das-medienlog-vom-donnerstag-12-februar-2015\/","og_site_name":"Das NSU-Prozess-Blog","article_published_time":"2015-02-12T10:04:46+00:00","article_modified_time":"2015-02-12T10:13:28+00:00","author":"Tom Sundermann","twitter_misc":{"Geschrieben von":"Tom Sundermann","Gesch\u00e4tzte Lesezeit":"2\u00a0Minuten"},"schema":{"@context":"https:\/\/schema.org","@graph":[{"@type":"WebPage","@id":"https:\/\/blog.zeit.de\/nsu-prozess-blog\/2015\/02\/12\/skinhead-schlaegt-schrille-toene-an-das-medienlog-vom-donnerstag-12-februar-2015\/","url":"https:\/\/blog.zeit.de\/nsu-prozess-blog\/2015\/02\/12\/skinhead-schlaegt-schrille-toene-an-das-medienlog-vom-donnerstag-12-februar-2015\/","name":"Skinhead schl\u00e4gt schrille T\u00f6ne an \u2013 Das Medienlog vom Donnerstag, 12. Februar 2015 - Das NSU-Prozess-Blog","isPartOf":{"@id":"https:\/\/blog.zeit.de\/nsu-prozess-blog\/#website"},"datePublished":"2015-02-12T10:04:46+00:00","dateModified":"2015-02-12T10:13:28+00:00","author":{"@id":"https:\/\/blog.zeit.de\/nsu-prozess-blog\/#\/schema\/person\/553ea9bb5d1fc2ae054c589bd59380a5"},"breadcrumb":{"@id":"https:\/\/blog.zeit.de\/nsu-prozess-blog\/2015\/02\/12\/skinhead-schlaegt-schrille-toene-an-das-medienlog-vom-donnerstag-12-februar-2015\/#breadcrumb"},"inLanguage":"de","potentialAction":[{"@type":"ReadAction","target":["https:\/\/blog.zeit.de\/nsu-prozess-blog\/2015\/02\/12\/skinhead-schlaegt-schrille-toene-an-das-medienlog-vom-donnerstag-12-februar-2015\/"]}]},{"@type":"BreadcrumbList","@id":"https:\/\/blog.zeit.de\/nsu-prozess-blog\/2015\/02\/12\/skinhead-schlaegt-schrille-toene-an-das-medienlog-vom-donnerstag-12-februar-2015\/#breadcrumb","itemListElement":[{"@type":"ListItem","position":1,"name":"Startseite","item":"https:\/\/blog.zeit.de\/nsu-prozess-blog\/"},{"@type":"ListItem","position":2,"name":"Skinhead schl\u00e4gt schrille T\u00f6ne an \u2013 Das Medienlog vom Donnerstag, 12. Februar 2015"}]},{"@type":"WebSite","@id":"https:\/\/blog.zeit.de\/nsu-prozess-blog\/#website","url":"https:\/\/blog.zeit.de\/nsu-prozess-blog\/","name":"Das NSU-Prozess-Blog","description":"Alle Berichte zum Terrorverfahren in M\u00fcnchen","potentialAction":[{"@type":"SearchAction","target":{"@type":"EntryPoint","urlTemplate":"https:\/\/blog.zeit.de\/nsu-prozess-blog\/?s={search_term_string}"},"query-input":"required name=search_term_string"}],"inLanguage":"de"},{"@type":"Person","@id":"https:\/\/blog.zeit.de\/nsu-prozess-blog\/#\/schema\/person\/553ea9bb5d1fc2ae054c589bd59380a5","name":"Tom Sundermann","image":{"@type":"ImageObject","inLanguage":"de","@id":"https:\/\/blog.zeit.de\/nsu-prozess-blog\/#\/schema\/person\/image\/","url":"https:\/\/secure.gravatar.com\/avatar\/e108a3dc18766f719b2f797dc5d19093f06a1870c55b553ab6b7563f1f9a5e68?s=96&d=mm&r=g","contentUrl":"https:\/\/secure.gravatar.com\/avatar\/e108a3dc18766f719b2f797dc5d19093f06a1870c55b553ab6b7563f1f9a5e68?s=96&d=mm&r=g","caption":"Tom Sundermann"},"sameAs":["https:\/\/twitter.com\/messeticker"],"url":"https:\/\/blog.zeit.de\/nsu-prozess-blog\/author\/tsundermann\/"}]}},"jetpack_featured_media_url":"","jetpack_sharing_enabled":true,"_links":{"self":[{"href":"https:\/\/blog.zeit.de\/nsu-prozess-blog\/wp-json\/wp\/v2\/posts\/8605","targetHints":{"allow":["GET"]}}],"collection":[{"href":"https:\/\/blog.zeit.de\/nsu-prozess-blog\/wp-json\/wp\/v2\/posts"}],"about":[{"href":"https:\/\/blog.zeit.de\/nsu-prozess-blog\/wp-json\/wp\/v2\/types\/post"}],"author":[{"embeddable":true,"href":"https:\/\/blog.zeit.de\/nsu-prozess-blog\/wp-json\/wp\/v2\/users\/435"}],"replies":[{"embeddable":true,"href":"https:\/\/blog.zeit.de\/nsu-prozess-blog\/wp-json\/wp\/v2\/comments?post=8605"}],"version-history":[{"count":8,"href":"https:\/\/blog.zeit.de\/nsu-prozess-blog\/wp-json\/wp\/v2\/posts\/8605\/revisions"}],"predecessor-version":[{"id":8615,"href":"https:\/\/blog.zeit.de\/nsu-prozess-blog\/wp-json\/wp\/v2\/posts\/8605\/revisions\/8615"}],"wp:attachment":[{"href":"https:\/\/blog.zeit.de\/nsu-prozess-blog\/wp-json\/wp\/v2\/media?parent=8605"}],"wp:term":[{"taxonomy":"category","embeddable":true,"href":"https:\/\/blog.zeit.de\/nsu-prozess-blog\/wp-json\/wp\/v2\/categories?post=8605"},{"taxonomy":"post_tag","embeddable":true,"href":"https:\/\/blog.zeit.de\/nsu-prozess-blog\/wp-json\/wp\/v2\/tags?post=8605"}],"curies":[{"name":"wp","href":"https:\/\/api.w.org\/{rel}","templated":true}]}}