{"id":8629,"date":"2015-02-19T09:03:54","date_gmt":"2015-02-19T08:03:54","guid":{"rendered":"http:\/\/blog.zeit.de\/nsu-prozess-blog\/?p=8629"},"modified":"2015-02-19T09:18:13","modified_gmt":"2015-02-19T08:18:13","slug":"die-hohen-kosten-der-gerechtigkeit-das-medienlog-vom-donnerstag-19-februar-2015-2","status":"publish","type":"post","link":"https:\/\/blog.zeit.de\/nsu-prozess-blog\/2015\/02\/19\/die-hohen-kosten-der-gerechtigkeit-das-medienlog-vom-donnerstag-19-februar-2015-2\/","title":{"rendered":"Die hohen Kosten der Gerechtigkeit \u2013 Das Medienlog vom Donnerstag, 19. Februar 2015"},"content":{"rendered":"<p>Das NSU-Verfahren sprengt alle Dimensionen \u2013 auch in finanzieller Hinsicht: Jeder Prozesstag habe bislang 150.000 Euro, die Verhandlung insgesamt 30 Millionen Euro gekostet, teilte der Pr\u00e4sident des Oberlandesgerichts M\u00fcnchen, Karl Huber, mit. Gerichtssprecherin Andrea Titz sagte der Nachrichtenagentur <a href=\"http:\/\/www.shz.de\/nachrichten\/deutschland-welt\/politik\/nsu-prozess-kostete-bislang-knapp-30-millionen-euro-id8991766.html\"><em>dpa<\/em><\/a>, damit k\u00f6nnte es der teuerste Prozess aller Zeiten in Bayern werden. Ein hoher Kostenfaktor sind laut Huber die zahlreichen Anw\u00e4lte der <a href=\"https:\/\/blog.zeit.de\/nsu-prozess-blog\/2015\/02\/05\/kein-opfer-ohne-narben\/\">Nebenkl\u00e4ger<\/a>. Er forderte, ihre Zahl vom Gesetzgeber beschr\u00e4nken zu lassen.<\/p>\n<p><em>An jedem Werktag sichten wir f\u00fcr das NSU-Prozess-Blog die Medien und stellen wichtige Berichte, Blogs, Videos und Tweets zusammen. Wir freuen uns \u00fcber Hinweise via Twitter mit dem Hashtag #nsublog \u2013 oder per E-Mail an <a href=\"mailto:nsublog@zeit.de\">nsublog@zeit.de<\/a>.<\/em><\/p>\n<p><em>Das n\u00e4chste Medienlog erscheint am Freitag, 20. Februar 2015.<\/em><\/p>\n","protected":false},"excerpt":{"rendered":"<p>Das NSU-Verfahren sprengt alle Dimensionen \u2013 auch in finanzieller Hinsicht: Jeder Prozesstag habe bislang 150.000 Euro, die Verhandlung insgesamt 30 Millionen Euro gekostet, teilte der Pr\u00e4sident des Oberlandesgerichts M\u00fcnchen, Karl Huber, mit. Gerichtssprecherin Andrea Titz sagte der Nachrichtenagentur dpa, damit k\u00f6nnte es der teuerste Prozess aller Zeiten in Bayern werden. Ein hoher Kostenfaktor sind laut [&hellip;]<\/p>\n","protected":false},"author":435,"featured_media":0,"comment_status":"open","ping_status":"open","sticky":false,"template":"","format":"standard","meta":{"_jetpack_memberships_contains_paid_content":false,"footnotes":""},"categories":[27531],"tags":[27590,33584,29426,29425],"class_list":["post-8629","post","type-post","status-publish","format-standard","hentry","category-medienschau","tag-andrea-titz","tag-karl-huber","tag-nebenklage","tag-prozesskosten"],"yoast_head":"<!-- This site is optimized with the Yoast SEO plugin v21.0 - https:\/\/yoast.com\/wordpress\/plugins\/seo\/ -->\n<title>Die hohen Kosten der Gerechtigkeit \u2013 Das Medienlog vom Donnerstag, 19. Februar 2015 - Das NSU-Prozess-Blog<\/title>\n<meta name=\"robots\" content=\"index, follow, max-snippet:-1, max-image-preview:large, max-video-preview:-1\" \/>\n<link rel=\"canonical\" href=\"https:\/\/blog.zeit.de\/nsu-prozess-blog\/2015\/02\/19\/die-hohen-kosten-der-gerechtigkeit-das-medienlog-vom-donnerstag-19-februar-2015-2\/\" \/>\n<meta property=\"og:locale\" content=\"de_DE\" \/>\n<meta property=\"og:type\" content=\"article\" \/>\n<meta property=\"og:title\" content=\"Die hohen Kosten der Gerechtigkeit \u2013 Das Medienlog vom Donnerstag, 19. Februar 2015 - Das NSU-Prozess-Blog\" \/>\n<meta property=\"og:description\" content=\"Das NSU-Verfahren sprengt alle Dimensionen \u2013 auch in finanzieller Hinsicht: Jeder Prozesstag habe bislang 150.000 Euro, die Verhandlung insgesamt 30 Millionen Euro gekostet, teilte der Pr\u00e4sident des Oberlandesgerichts M\u00fcnchen, Karl Huber, mit. Gerichtssprecherin Andrea Titz sagte der Nachrichtenagentur dpa, damit k\u00f6nnte es der teuerste Prozess aller Zeiten in Bayern werden. Ein hoher Kostenfaktor sind laut [&hellip;]\" \/>\n<meta property=\"og:url\" content=\"https:\/\/blog.zeit.de\/nsu-prozess-blog\/2015\/02\/19\/die-hohen-kosten-der-gerechtigkeit-das-medienlog-vom-donnerstag-19-februar-2015-2\/\" \/>\n<meta property=\"og:site_name\" content=\"Das NSU-Prozess-Blog\" \/>\n<meta property=\"article:published_time\" content=\"2015-02-19T08:03:54+00:00\" \/>\n<meta property=\"article:modified_time\" content=\"2015-02-19T08:18:13+00:00\" \/>\n<meta name=\"author\" content=\"Tom Sundermann\" \/>\n<meta name=\"twitter:label1\" content=\"Geschrieben von\" \/>\n\t<meta name=\"twitter:data1\" content=\"Tom Sundermann\" \/>\n\t<meta name=\"twitter:label2\" content=\"Gesch\u00e4tzte Lesezeit\" \/>\n\t<meta name=\"twitter:data2\" content=\"1\u00a0Minute\" \/>\n<script type=\"application\/ld+json\" class=\"yoast-schema-graph\">{\"@context\":\"https:\/\/schema.org\",\"@graph\":[{\"@type\":\"WebPage\",\"@id\":\"https:\/\/blog.zeit.de\/nsu-prozess-blog\/2015\/02\/19\/die-hohen-kosten-der-gerechtigkeit-das-medienlog-vom-donnerstag-19-februar-2015-2\/\",\"url\":\"https:\/\/blog.zeit.de\/nsu-prozess-blog\/2015\/02\/19\/die-hohen-kosten-der-gerechtigkeit-das-medienlog-vom-donnerstag-19-februar-2015-2\/\",\"name\":\"Die hohen Kosten der Gerechtigkeit \u2013 Das Medienlog vom Donnerstag, 19. Februar 2015 - Das NSU-Prozess-Blog\",\"isPartOf\":{\"@id\":\"https:\/\/blog.zeit.de\/nsu-prozess-blog\/#website\"},\"datePublished\":\"2015-02-19T08:03:54+00:00\",\"dateModified\":\"2015-02-19T08:18:13+00:00\",\"author\":{\"@id\":\"https:\/\/blog.zeit.de\/nsu-prozess-blog\/#\/schema\/person\/553ea9bb5d1fc2ae054c589bd59380a5\"},\"breadcrumb\":{\"@id\":\"https:\/\/blog.zeit.de\/nsu-prozess-blog\/2015\/02\/19\/die-hohen-kosten-der-gerechtigkeit-das-medienlog-vom-donnerstag-19-februar-2015-2\/#breadcrumb\"},\"inLanguage\":\"de\",\"potentialAction\":[{\"@type\":\"ReadAction\",\"target\":[\"https:\/\/blog.zeit.de\/nsu-prozess-blog\/2015\/02\/19\/die-hohen-kosten-der-gerechtigkeit-das-medienlog-vom-donnerstag-19-februar-2015-2\/\"]}]},{\"@type\":\"BreadcrumbList\",\"@id\":\"https:\/\/blog.zeit.de\/nsu-prozess-blog\/2015\/02\/19\/die-hohen-kosten-der-gerechtigkeit-das-medienlog-vom-donnerstag-19-februar-2015-2\/#breadcrumb\",\"itemListElement\":[{\"@type\":\"ListItem\",\"position\":1,\"name\":\"Startseite\",\"item\":\"https:\/\/blog.zeit.de\/nsu-prozess-blog\/\"},{\"@type\":\"ListItem\",\"position\":2,\"name\":\"Die hohen Kosten der Gerechtigkeit \u2013 Das Medienlog vom Donnerstag, 19. Februar 2015\"}]},{\"@type\":\"WebSite\",\"@id\":\"https:\/\/blog.zeit.de\/nsu-prozess-blog\/#website\",\"url\":\"https:\/\/blog.zeit.de\/nsu-prozess-blog\/\",\"name\":\"Das NSU-Prozess-Blog\",\"description\":\"Alle Berichte zum Terrorverfahren in M\u00fcnchen\",\"potentialAction\":[{\"@type\":\"SearchAction\",\"target\":{\"@type\":\"EntryPoint\",\"urlTemplate\":\"https:\/\/blog.zeit.de\/nsu-prozess-blog\/?s={search_term_string}\"},\"query-input\":\"required name=search_term_string\"}],\"inLanguage\":\"de\"},{\"@type\":\"Person\",\"@id\":\"https:\/\/blog.zeit.de\/nsu-prozess-blog\/#\/schema\/person\/553ea9bb5d1fc2ae054c589bd59380a5\",\"name\":\"Tom Sundermann\",\"image\":{\"@type\":\"ImageObject\",\"inLanguage\":\"de\",\"@id\":\"https:\/\/blog.zeit.de\/nsu-prozess-blog\/#\/schema\/person\/image\/\",\"url\":\"https:\/\/secure.gravatar.com\/avatar\/e108a3dc18766f719b2f797dc5d19093f06a1870c55b553ab6b7563f1f9a5e68?s=96&d=mm&r=g\",\"contentUrl\":\"https:\/\/secure.gravatar.com\/avatar\/e108a3dc18766f719b2f797dc5d19093f06a1870c55b553ab6b7563f1f9a5e68?s=96&d=mm&r=g\",\"caption\":\"Tom Sundermann\"},\"sameAs\":[\"https:\/\/twitter.com\/messeticker\"],\"url\":\"https:\/\/blog.zeit.de\/nsu-prozess-blog\/author\/tsundermann\/\"}]}<\/script>\n<!-- \/ Yoast SEO plugin. -->","yoast_head_json":{"title":"Die hohen Kosten der Gerechtigkeit \u2013 Das Medienlog vom Donnerstag, 19. Februar 2015 - Das NSU-Prozess-Blog","robots":{"index":"index","follow":"follow","max-snippet":"max-snippet:-1","max-image-preview":"max-image-preview:large","max-video-preview":"max-video-preview:-1"},"canonical":"https:\/\/blog.zeit.de\/nsu-prozess-blog\/2015\/02\/19\/die-hohen-kosten-der-gerechtigkeit-das-medienlog-vom-donnerstag-19-februar-2015-2\/","og_locale":"de_DE","og_type":"article","og_title":"Die hohen Kosten der Gerechtigkeit \u2013 Das Medienlog vom Donnerstag, 19. Februar 2015 - Das NSU-Prozess-Blog","og_description":"Das NSU-Verfahren sprengt alle Dimensionen \u2013 auch in finanzieller Hinsicht: Jeder Prozesstag habe bislang 150.000 Euro, die Verhandlung insgesamt 30 Millionen Euro gekostet, teilte der Pr\u00e4sident des Oberlandesgerichts M\u00fcnchen, Karl Huber, mit. Gerichtssprecherin Andrea Titz sagte der Nachrichtenagentur dpa, damit k\u00f6nnte es der teuerste Prozess aller Zeiten in Bayern werden. Ein hoher Kostenfaktor sind laut [&hellip;]","og_url":"https:\/\/blog.zeit.de\/nsu-prozess-blog\/2015\/02\/19\/die-hohen-kosten-der-gerechtigkeit-das-medienlog-vom-donnerstag-19-februar-2015-2\/","og_site_name":"Das NSU-Prozess-Blog","article_published_time":"2015-02-19T08:03:54+00:00","article_modified_time":"2015-02-19T08:18:13+00:00","author":"Tom Sundermann","twitter_misc":{"Geschrieben von":"Tom Sundermann","Gesch\u00e4tzte Lesezeit":"1\u00a0Minute"},"schema":{"@context":"https:\/\/schema.org","@graph":[{"@type":"WebPage","@id":"https:\/\/blog.zeit.de\/nsu-prozess-blog\/2015\/02\/19\/die-hohen-kosten-der-gerechtigkeit-das-medienlog-vom-donnerstag-19-februar-2015-2\/","url":"https:\/\/blog.zeit.de\/nsu-prozess-blog\/2015\/02\/19\/die-hohen-kosten-der-gerechtigkeit-das-medienlog-vom-donnerstag-19-februar-2015-2\/","name":"Die hohen Kosten der Gerechtigkeit \u2013 Das Medienlog vom Donnerstag, 19. Februar 2015 - Das NSU-Prozess-Blog","isPartOf":{"@id":"https:\/\/blog.zeit.de\/nsu-prozess-blog\/#website"},"datePublished":"2015-02-19T08:03:54+00:00","dateModified":"2015-02-19T08:18:13+00:00","author":{"@id":"https:\/\/blog.zeit.de\/nsu-prozess-blog\/#\/schema\/person\/553ea9bb5d1fc2ae054c589bd59380a5"},"breadcrumb":{"@id":"https:\/\/blog.zeit.de\/nsu-prozess-blog\/2015\/02\/19\/die-hohen-kosten-der-gerechtigkeit-das-medienlog-vom-donnerstag-19-februar-2015-2\/#breadcrumb"},"inLanguage":"de","potentialAction":[{"@type":"ReadAction","target":["https:\/\/blog.zeit.de\/nsu-prozess-blog\/2015\/02\/19\/die-hohen-kosten-der-gerechtigkeit-das-medienlog-vom-donnerstag-19-februar-2015-2\/"]}]},{"@type":"BreadcrumbList","@id":"https:\/\/blog.zeit.de\/nsu-prozess-blog\/2015\/02\/19\/die-hohen-kosten-der-gerechtigkeit-das-medienlog-vom-donnerstag-19-februar-2015-2\/#breadcrumb","itemListElement":[{"@type":"ListItem","position":1,"name":"Startseite","item":"https:\/\/blog.zeit.de\/nsu-prozess-blog\/"},{"@type":"ListItem","position":2,"name":"Die hohen Kosten der Gerechtigkeit \u2013 Das Medienlog vom Donnerstag, 19. Februar 2015"}]},{"@type":"WebSite","@id":"https:\/\/blog.zeit.de\/nsu-prozess-blog\/#website","url":"https:\/\/blog.zeit.de\/nsu-prozess-blog\/","name":"Das NSU-Prozess-Blog","description":"Alle Berichte zum Terrorverfahren in M\u00fcnchen","potentialAction":[{"@type":"SearchAction","target":{"@type":"EntryPoint","urlTemplate":"https:\/\/blog.zeit.de\/nsu-prozess-blog\/?s={search_term_string}"},"query-input":"required name=search_term_string"}],"inLanguage":"de"},{"@type":"Person","@id":"https:\/\/blog.zeit.de\/nsu-prozess-blog\/#\/schema\/person\/553ea9bb5d1fc2ae054c589bd59380a5","name":"Tom Sundermann","image":{"@type":"ImageObject","inLanguage":"de","@id":"https:\/\/blog.zeit.de\/nsu-prozess-blog\/#\/schema\/person\/image\/","url":"https:\/\/secure.gravatar.com\/avatar\/e108a3dc18766f719b2f797dc5d19093f06a1870c55b553ab6b7563f1f9a5e68?s=96&d=mm&r=g","contentUrl":"https:\/\/secure.gravatar.com\/avatar\/e108a3dc18766f719b2f797dc5d19093f06a1870c55b553ab6b7563f1f9a5e68?s=96&d=mm&r=g","caption":"Tom Sundermann"},"sameAs":["https:\/\/twitter.com\/messeticker"],"url":"https:\/\/blog.zeit.de\/nsu-prozess-blog\/author\/tsundermann\/"}]}},"jetpack_featured_media_url":"","jetpack_sharing_enabled":true,"_links":{"self":[{"href":"https:\/\/blog.zeit.de\/nsu-prozess-blog\/wp-json\/wp\/v2\/posts\/8629","targetHints":{"allow":["GET"]}}],"collection":[{"href":"https:\/\/blog.zeit.de\/nsu-prozess-blog\/wp-json\/wp\/v2\/posts"}],"about":[{"href":"https:\/\/blog.zeit.de\/nsu-prozess-blog\/wp-json\/wp\/v2\/types\/post"}],"author":[{"embeddable":true,"href":"https:\/\/blog.zeit.de\/nsu-prozess-blog\/wp-json\/wp\/v2\/users\/435"}],"replies":[{"embeddable":true,"href":"https:\/\/blog.zeit.de\/nsu-prozess-blog\/wp-json\/wp\/v2\/comments?post=8629"}],"version-history":[{"count":4,"href":"https:\/\/blog.zeit.de\/nsu-prozess-blog\/wp-json\/wp\/v2\/posts\/8629\/revisions"}],"predecessor-version":[{"id":8633,"href":"https:\/\/blog.zeit.de\/nsu-prozess-blog\/wp-json\/wp\/v2\/posts\/8629\/revisions\/8633"}],"wp:attachment":[{"href":"https:\/\/blog.zeit.de\/nsu-prozess-blog\/wp-json\/wp\/v2\/media?parent=8629"}],"wp:term":[{"taxonomy":"category","embeddable":true,"href":"https:\/\/blog.zeit.de\/nsu-prozess-blog\/wp-json\/wp\/v2\/categories?post=8629"},{"taxonomy":"post_tag","embeddable":true,"href":"https:\/\/blog.zeit.de\/nsu-prozess-blog\/wp-json\/wp\/v2\/tags?post=8629"}],"curies":[{"name":"wp","href":"https:\/\/api.w.org\/{rel}","templated":true}]}}