{"id":8637,"date":"2015-02-24T07:00:12","date_gmt":"2015-02-24T06:00:12","guid":{"rendered":"http:\/\/blog.zeit.de\/nsu-prozess-blog\/?p=8637"},"modified":"2015-03-03T11:11:49","modified_gmt":"2015-03-03T10:11:49","slug":"186-prozesstag-sachsens-oberster-verfassungsschuetzer-im-zeugenstand","status":"publish","type":"post","link":"https:\/\/blog.zeit.de\/nsu-prozess-blog\/2015\/02\/24\/186-prozesstag-sachsens-oberster-verfassungsschuetzer-im-zeugenstand\/","title":{"rendered":"186. Prozesstag \u2013 Sachsens oberster Verfassungssch\u00fctzer im Zeugenstand"},"content":{"rendered":"<p><em>Update: Die Hauptangeklagte Beate Zsch\u00e4pe erkrankte w\u00e4hrend der Sitzung, der Zeuge Meyer-Plath wird daher an einem sp\u00e4teren Termin geh\u00f6rt.<\/em><\/p>\n<p>Neue Erkenntnisse zur Verstrickung des Geheimdienstes in den NSU-Komplex soll der 186. Verhandlungstag bringen: Geladen ist der Pr\u00e4sident des s\u00e4chsischen Verfassungsschutzes, Gordian Meyer-Plath. Befragt wird der 46-J\u00e4hrige allerdings nicht in seiner Funktion als Beh\u00f6rdenleiter denn wegen einer fr\u00fcheren T\u00e4tigkeit: F\u00fcr den Brandenburger Verfassungsschutz hatte er <a href=\"https:\/\/blog.zeit.de\/nsu-prozess-blog\/2014\/11\/04\/rechtsextrem-und-gewalttaetig-der-liebling-des-verfassungsschutzes\/\">den V-Mann &#8222;Piatto&#8220; betreut<\/a>. Der Rechtsextreme, der b\u00fcrgerlich Carsten Sz. hei\u00dft, <a href=\"https:\/\/blog.zeit.de\/nsu-prozess-blog\/2014\/12\/03\/ein-spion-mit-schlechtem-gewissen\/\">lieferte 1998 eine Information<\/a>, die m\u00f6glicherweise zur Ergreifung des gerade untergetauchten Trios aus Beate Zsch\u00e4pe, Uwe Mundlos und Uwe B\u00f6hnhardt h\u00e4tte f\u00fchren k\u00f6nnen: Demnach sollte ein Anh\u00e4nger der radikalen Organisation Blood &#038; Honour <a href=\"https:\/\/blog.zeit.de\/nsu-prozess-blog\/2014\/10\/15\/der-zeuge-mit-dem-bums\/\">dem Trio eine Waffe beschaffen<\/a>. Fahnder gingen dem Hinweis jedoch nicht nach.<\/p>\n<p>Meyer-Plath hatte bereits im Untersuchungsausschuss des Bundestags ausgesagt. Die Verpflichtung eines V-Manns wie Sz., der damals wegen versuchten Mords in Haft sa\u00df, bezeichnete er im Nachhinein als Fehler. Bemerkenswert sei jedoch die Qualit\u00e4t von &#8222;Piattos&#8220; Hinweisen gewesen: So seien Publikationen aus der rechten Szene &#8222;plastikt\u00fctenweise&#8220; auf seinem Schreibtisch gelandet.<\/p>\n<p>Weiterhin sind zwei Frauen geladen, die in der <a href=\"https:\/\/blog.zeit.de\/nsu-prozess-blog\/2014\/02\/04\/medienlog-zwickau-nachbarin-aussage\/\">Zwickauer Polenzstra\u00dfe<\/a> jahrelang als Nachbarn des rechtsextremen Trios gelebt hatten.<\/p>\n<p><em>Informationen aus der Verhandlung gibt es <a href=\"https:\/\/twitter.com\/zeitonline\/lists\/nsu-prozess\">via Twitter hier<\/a>. Die Berichte dar\u00fcber fassen wir morgen im <a href=\"https:\/\/blog.zeit.de\/nsu-prozess-blog\/category\/medienschau\/\">NSU-Medienlog<\/a> zusammen.<\/em><\/p>\n","protected":false},"excerpt":{"rendered":"<p>Update: Die Hauptangeklagte Beate Zsch\u00e4pe erkrankte w\u00e4hrend der Sitzung, der Zeuge Meyer-Plath wird daher an einem sp\u00e4teren Termin geh\u00f6rt. Neue Erkenntnisse zur Verstrickung des Geheimdienstes in den NSU-Komplex soll der 186. Verhandlungstag bringen: Geladen ist der Pr\u00e4sident des s\u00e4chsischen Verfassungsschutzes, Gordian Meyer-Plath. Befragt wird der 46-J\u00e4hrige allerdings nicht in seiner Funktion als Beh\u00f6rdenleiter denn wegen [&hellip;]<\/p>\n","protected":false},"author":435,"featured_media":0,"comment_status":"open","ping_status":"open","sticky":false,"template":"","format":"standard","meta":{"_jetpack_memberships_contains_paid_content":false,"footnotes":""},"categories":[27532],"tags":[1451,29497,29554,33585,1456,17899,1836,27560],"class_list":["post-8637","post","type-post","status-publish","format-standard","hentry","category-prozesstage","tag-brandenburg","tag-nachbar","tag-piatto","tag-polenzstrasse","tag-sachsen","tag-v-mann","tag-verfassungsschutz","tag-zwickau"],"yoast_head":"<!-- This site is optimized with the Yoast SEO plugin v21.0 - https:\/\/yoast.com\/wordpress\/plugins\/seo\/ -->\n<title>186. Prozesstag \u2013 Sachsens oberster Verfassungssch\u00fctzer im Zeugenstand - Das NSU-Prozess-Blog<\/title>\n<meta name=\"robots\" content=\"index, follow, max-snippet:-1, max-image-preview:large, max-video-preview:-1\" \/>\n<link rel=\"canonical\" href=\"https:\/\/blog.zeit.de\/nsu-prozess-blog\/2015\/02\/24\/186-prozesstag-sachsens-oberster-verfassungsschuetzer-im-zeugenstand\/\" \/>\n<meta property=\"og:locale\" content=\"de_DE\" \/>\n<meta property=\"og:type\" content=\"article\" \/>\n<meta property=\"og:title\" content=\"186. Prozesstag \u2013 Sachsens oberster Verfassungssch\u00fctzer im Zeugenstand - Das NSU-Prozess-Blog\" \/>\n<meta property=\"og:description\" content=\"Update: Die Hauptangeklagte Beate Zsch\u00e4pe erkrankte w\u00e4hrend der Sitzung, der Zeuge Meyer-Plath wird daher an einem sp\u00e4teren Termin geh\u00f6rt. Neue Erkenntnisse zur Verstrickung des Geheimdienstes in den NSU-Komplex soll der 186. Verhandlungstag bringen: Geladen ist der Pr\u00e4sident des s\u00e4chsischen Verfassungsschutzes, Gordian Meyer-Plath. Befragt wird der 46-J\u00e4hrige allerdings nicht in seiner Funktion als Beh\u00f6rdenleiter denn wegen [&hellip;]\" \/>\n<meta property=\"og:url\" content=\"https:\/\/blog.zeit.de\/nsu-prozess-blog\/2015\/02\/24\/186-prozesstag-sachsens-oberster-verfassungsschuetzer-im-zeugenstand\/\" \/>\n<meta property=\"og:site_name\" content=\"Das NSU-Prozess-Blog\" \/>\n<meta property=\"article:published_time\" content=\"2015-02-24T06:00:12+00:00\" \/>\n<meta property=\"article:modified_time\" content=\"2015-03-03T10:11:49+00:00\" \/>\n<meta name=\"author\" content=\"Tom Sundermann\" \/>\n<meta name=\"twitter:label1\" content=\"Geschrieben von\" \/>\n\t<meta name=\"twitter:data1\" content=\"Tom Sundermann\" \/>\n\t<meta name=\"twitter:label2\" content=\"Gesch\u00e4tzte Lesezeit\" \/>\n\t<meta name=\"twitter:data2\" content=\"1\u00a0Minute\" \/>\n<script type=\"application\/ld+json\" class=\"yoast-schema-graph\">{\"@context\":\"https:\/\/schema.org\",\"@graph\":[{\"@type\":\"WebPage\",\"@id\":\"https:\/\/blog.zeit.de\/nsu-prozess-blog\/2015\/02\/24\/186-prozesstag-sachsens-oberster-verfassungsschuetzer-im-zeugenstand\/\",\"url\":\"https:\/\/blog.zeit.de\/nsu-prozess-blog\/2015\/02\/24\/186-prozesstag-sachsens-oberster-verfassungsschuetzer-im-zeugenstand\/\",\"name\":\"186. Prozesstag \u2013 Sachsens oberster Verfassungssch\u00fctzer im Zeugenstand - Das NSU-Prozess-Blog\",\"isPartOf\":{\"@id\":\"https:\/\/blog.zeit.de\/nsu-prozess-blog\/#website\"},\"datePublished\":\"2015-02-24T06:00:12+00:00\",\"dateModified\":\"2015-03-03T10:11:49+00:00\",\"author\":{\"@id\":\"https:\/\/blog.zeit.de\/nsu-prozess-blog\/#\/schema\/person\/553ea9bb5d1fc2ae054c589bd59380a5\"},\"breadcrumb\":{\"@id\":\"https:\/\/blog.zeit.de\/nsu-prozess-blog\/2015\/02\/24\/186-prozesstag-sachsens-oberster-verfassungsschuetzer-im-zeugenstand\/#breadcrumb\"},\"inLanguage\":\"de\",\"potentialAction\":[{\"@type\":\"ReadAction\",\"target\":[\"https:\/\/blog.zeit.de\/nsu-prozess-blog\/2015\/02\/24\/186-prozesstag-sachsens-oberster-verfassungsschuetzer-im-zeugenstand\/\"]}]},{\"@type\":\"BreadcrumbList\",\"@id\":\"https:\/\/blog.zeit.de\/nsu-prozess-blog\/2015\/02\/24\/186-prozesstag-sachsens-oberster-verfassungsschuetzer-im-zeugenstand\/#breadcrumb\",\"itemListElement\":[{\"@type\":\"ListItem\",\"position\":1,\"name\":\"Startseite\",\"item\":\"https:\/\/blog.zeit.de\/nsu-prozess-blog\/\"},{\"@type\":\"ListItem\",\"position\":2,\"name\":\"186. Prozesstag \u2013 Sachsens oberster Verfassungssch\u00fctzer im Zeugenstand\"}]},{\"@type\":\"WebSite\",\"@id\":\"https:\/\/blog.zeit.de\/nsu-prozess-blog\/#website\",\"url\":\"https:\/\/blog.zeit.de\/nsu-prozess-blog\/\",\"name\":\"Das NSU-Prozess-Blog\",\"description\":\"Alle Berichte zum Terrorverfahren in M\u00fcnchen\",\"potentialAction\":[{\"@type\":\"SearchAction\",\"target\":{\"@type\":\"EntryPoint\",\"urlTemplate\":\"https:\/\/blog.zeit.de\/nsu-prozess-blog\/?s={search_term_string}\"},\"query-input\":\"required name=search_term_string\"}],\"inLanguage\":\"de\"},{\"@type\":\"Person\",\"@id\":\"https:\/\/blog.zeit.de\/nsu-prozess-blog\/#\/schema\/person\/553ea9bb5d1fc2ae054c589bd59380a5\",\"name\":\"Tom Sundermann\",\"image\":{\"@type\":\"ImageObject\",\"inLanguage\":\"de\",\"@id\":\"https:\/\/blog.zeit.de\/nsu-prozess-blog\/#\/schema\/person\/image\/\",\"url\":\"https:\/\/secure.gravatar.com\/avatar\/e108a3dc18766f719b2f797dc5d19093f06a1870c55b553ab6b7563f1f9a5e68?s=96&d=mm&r=g\",\"contentUrl\":\"https:\/\/secure.gravatar.com\/avatar\/e108a3dc18766f719b2f797dc5d19093f06a1870c55b553ab6b7563f1f9a5e68?s=96&d=mm&r=g\",\"caption\":\"Tom Sundermann\"},\"sameAs\":[\"https:\/\/twitter.com\/messeticker\"],\"url\":\"https:\/\/blog.zeit.de\/nsu-prozess-blog\/author\/tsundermann\/\"}]}<\/script>\n<!-- \/ Yoast SEO plugin. -->","yoast_head_json":{"title":"186. Prozesstag \u2013 Sachsens oberster Verfassungssch\u00fctzer im Zeugenstand - Das NSU-Prozess-Blog","robots":{"index":"index","follow":"follow","max-snippet":"max-snippet:-1","max-image-preview":"max-image-preview:large","max-video-preview":"max-video-preview:-1"},"canonical":"https:\/\/blog.zeit.de\/nsu-prozess-blog\/2015\/02\/24\/186-prozesstag-sachsens-oberster-verfassungsschuetzer-im-zeugenstand\/","og_locale":"de_DE","og_type":"article","og_title":"186. Prozesstag \u2013 Sachsens oberster Verfassungssch\u00fctzer im Zeugenstand - Das NSU-Prozess-Blog","og_description":"Update: Die Hauptangeklagte Beate Zsch\u00e4pe erkrankte w\u00e4hrend der Sitzung, der Zeuge Meyer-Plath wird daher an einem sp\u00e4teren Termin geh\u00f6rt. Neue Erkenntnisse zur Verstrickung des Geheimdienstes in den NSU-Komplex soll der 186. Verhandlungstag bringen: Geladen ist der Pr\u00e4sident des s\u00e4chsischen Verfassungsschutzes, Gordian Meyer-Plath. Befragt wird der 46-J\u00e4hrige allerdings nicht in seiner Funktion als Beh\u00f6rdenleiter denn wegen [&hellip;]","og_url":"https:\/\/blog.zeit.de\/nsu-prozess-blog\/2015\/02\/24\/186-prozesstag-sachsens-oberster-verfassungsschuetzer-im-zeugenstand\/","og_site_name":"Das NSU-Prozess-Blog","article_published_time":"2015-02-24T06:00:12+00:00","article_modified_time":"2015-03-03T10:11:49+00:00","author":"Tom Sundermann","twitter_misc":{"Geschrieben von":"Tom Sundermann","Gesch\u00e4tzte Lesezeit":"1\u00a0Minute"},"schema":{"@context":"https:\/\/schema.org","@graph":[{"@type":"WebPage","@id":"https:\/\/blog.zeit.de\/nsu-prozess-blog\/2015\/02\/24\/186-prozesstag-sachsens-oberster-verfassungsschuetzer-im-zeugenstand\/","url":"https:\/\/blog.zeit.de\/nsu-prozess-blog\/2015\/02\/24\/186-prozesstag-sachsens-oberster-verfassungsschuetzer-im-zeugenstand\/","name":"186. Prozesstag \u2013 Sachsens oberster Verfassungssch\u00fctzer im Zeugenstand - Das NSU-Prozess-Blog","isPartOf":{"@id":"https:\/\/blog.zeit.de\/nsu-prozess-blog\/#website"},"datePublished":"2015-02-24T06:00:12+00:00","dateModified":"2015-03-03T10:11:49+00:00","author":{"@id":"https:\/\/blog.zeit.de\/nsu-prozess-blog\/#\/schema\/person\/553ea9bb5d1fc2ae054c589bd59380a5"},"breadcrumb":{"@id":"https:\/\/blog.zeit.de\/nsu-prozess-blog\/2015\/02\/24\/186-prozesstag-sachsens-oberster-verfassungsschuetzer-im-zeugenstand\/#breadcrumb"},"inLanguage":"de","potentialAction":[{"@type":"ReadAction","target":["https:\/\/blog.zeit.de\/nsu-prozess-blog\/2015\/02\/24\/186-prozesstag-sachsens-oberster-verfassungsschuetzer-im-zeugenstand\/"]}]},{"@type":"BreadcrumbList","@id":"https:\/\/blog.zeit.de\/nsu-prozess-blog\/2015\/02\/24\/186-prozesstag-sachsens-oberster-verfassungsschuetzer-im-zeugenstand\/#breadcrumb","itemListElement":[{"@type":"ListItem","position":1,"name":"Startseite","item":"https:\/\/blog.zeit.de\/nsu-prozess-blog\/"},{"@type":"ListItem","position":2,"name":"186. Prozesstag \u2013 Sachsens oberster Verfassungssch\u00fctzer im Zeugenstand"}]},{"@type":"WebSite","@id":"https:\/\/blog.zeit.de\/nsu-prozess-blog\/#website","url":"https:\/\/blog.zeit.de\/nsu-prozess-blog\/","name":"Das NSU-Prozess-Blog","description":"Alle Berichte zum Terrorverfahren in M\u00fcnchen","potentialAction":[{"@type":"SearchAction","target":{"@type":"EntryPoint","urlTemplate":"https:\/\/blog.zeit.de\/nsu-prozess-blog\/?s={search_term_string}"},"query-input":"required name=search_term_string"}],"inLanguage":"de"},{"@type":"Person","@id":"https:\/\/blog.zeit.de\/nsu-prozess-blog\/#\/schema\/person\/553ea9bb5d1fc2ae054c589bd59380a5","name":"Tom Sundermann","image":{"@type":"ImageObject","inLanguage":"de","@id":"https:\/\/blog.zeit.de\/nsu-prozess-blog\/#\/schema\/person\/image\/","url":"https:\/\/secure.gravatar.com\/avatar\/e108a3dc18766f719b2f797dc5d19093f06a1870c55b553ab6b7563f1f9a5e68?s=96&d=mm&r=g","contentUrl":"https:\/\/secure.gravatar.com\/avatar\/e108a3dc18766f719b2f797dc5d19093f06a1870c55b553ab6b7563f1f9a5e68?s=96&d=mm&r=g","caption":"Tom Sundermann"},"sameAs":["https:\/\/twitter.com\/messeticker"],"url":"https:\/\/blog.zeit.de\/nsu-prozess-blog\/author\/tsundermann\/"}]}},"jetpack_featured_media_url":"","jetpack_sharing_enabled":true,"_links":{"self":[{"href":"https:\/\/blog.zeit.de\/nsu-prozess-blog\/wp-json\/wp\/v2\/posts\/8637","targetHints":{"allow":["GET"]}}],"collection":[{"href":"https:\/\/blog.zeit.de\/nsu-prozess-blog\/wp-json\/wp\/v2\/posts"}],"about":[{"href":"https:\/\/blog.zeit.de\/nsu-prozess-blog\/wp-json\/wp\/v2\/types\/post"}],"author":[{"embeddable":true,"href":"https:\/\/blog.zeit.de\/nsu-prozess-blog\/wp-json\/wp\/v2\/users\/435"}],"replies":[{"embeddable":true,"href":"https:\/\/blog.zeit.de\/nsu-prozess-blog\/wp-json\/wp\/v2\/comments?post=8637"}],"version-history":[{"count":4,"href":"https:\/\/blog.zeit.de\/nsu-prozess-blog\/wp-json\/wp\/v2\/posts\/8637\/revisions"}],"predecessor-version":[{"id":8727,"href":"https:\/\/blog.zeit.de\/nsu-prozess-blog\/wp-json\/wp\/v2\/posts\/8637\/revisions\/8727"}],"wp:attachment":[{"href":"https:\/\/blog.zeit.de\/nsu-prozess-blog\/wp-json\/wp\/v2\/media?parent=8637"}],"wp:term":[{"taxonomy":"category","embeddable":true,"href":"https:\/\/blog.zeit.de\/nsu-prozess-blog\/wp-json\/wp\/v2\/categories?post=8637"},{"taxonomy":"post_tag","embeddable":true,"href":"https:\/\/blog.zeit.de\/nsu-prozess-blog\/wp-json\/wp\/v2\/tags?post=8637"}],"curies":[{"name":"wp","href":"https:\/\/api.w.org\/{rel}","templated":true}]}}