{"id":8667,"date":"2015-02-25T07:59:44","date_gmt":"2015-02-25T06:59:44","guid":{"rendered":"http:\/\/blog.zeit.de\/nsu-prozess-blog\/?p=8667"},"modified":"2015-02-25T11:51:29","modified_gmt":"2015-02-25T10:51:29","slug":"medienlog-zwickau-zschaepe-yozgat-verfassungsschutz-bouffier","status":"publish","type":"post","link":"https:\/\/blog.zeit.de\/nsu-prozess-blog\/2015\/02\/25\/medienlog-zwickau-zschaepe-yozgat-verfassungsschutz-bouffier\/","title":{"rendered":"Sind die Geheimdienst-Enth\u00fcllungen eine Luftnummer? \u2013 Das Medienlog vom Mittwoch, 25. Februar 2015"},"content":{"rendered":"<p>W\u00e4hrend die Emp\u00f6rung um die <a href=\"https:\/\/blog.zeit.de\/nsu-prozess-blog\/2015\/02\/24\/medienlog-hessen-halit-yozgat-kassel-andreas-t-verfassungsschutz-bouffier\/\">enth\u00fcllte Geheimhaltungstaktik<\/a> des hessischen Verfassungsschutzes weiter schwelt, setzt der NSU-Prozess nach einw\u00f6chiger Pause seine Arbeit fort \u2013 wenn auch nur f\u00fcr einen halben Tag: Weil die Hauptangeklagte Beate Zsch\u00e4pe nach der Mittagspause erkrankte, wurden lediglich eine fr\u00fchere Nachbarin des NSU-Trios aus Zwickau geh\u00f6rt. Verschoben wurde auch die Befragung des obersten s\u00e4chsischen Verfassungssch\u00fctzers Gordian Meyer-Plath.<\/p>\n<p>Wie andere Zeugen beschrieb Gabriele S. die Angeklagte als harmlose &#8222;Hausfrau&#8220;. Doch &#8222;blitzt in ihrer Aussage das Bild einer anderen Beate Zsch\u00e4pe auf&#8220;, n\u00e4mlich &#8222;aggressiv, laut, unter Stress&#8220;, hei\u00dft es bei Gisela Friedrichsen von <a href=\"http:\/\/www.spiegel.de\/panorama\/justiz\/nsu-prozess-nachbarin-von-beate-zschaepe-sagt-aus-a-1020296.html\" target=\"_blank\"><em>Spiegel Online<\/em><\/a>.<\/p>\n<p><!--more--><\/p>\n<p><em>An jedem Werktag sichten wir f\u00fcr das NSU-Prozess-Blog die Medien und stellen wichtige Berichte, Blogs, Videos und Tweets zusammen. Wir freuen uns \u00fcber Hinweise via Twitter mit dem Hashtag #nsublog \u2013 oder per E-Mail an <a href=\"mailto:nsublog@zeit.de\">nsublog@zeit.de<\/a>.<\/em><\/p>\n<p>Die Zeugin schilderte ein &#8222;bequemes Leben ohne \u00c4rger&#8220;, das Zsch\u00e4pe scheinbar lebte. Einmal sei sie allerdings aggressiv geworden \u2013 als sie einer Nachbarin im Supermarkt eine Standpauke wegen deren angeblich verschwenderischem Verhalten hielt. &#8222;Das Bild, das Nachbarn zeichnen, ist oft sehr holzschnittartig. Sie schnappen mal dieses auf, mal jenes&#8220;, beobachtet Tanjev Schultz von der <a href=\"http:\/\/www.sueddeutsche.de\/politik\/fruehere-nachbarin-ueber-zschaepe-so-kannte-ich-sie-gar-nicht-1.2365604\" target=\"_blank\"><em>S\u00fcddeutschen Zeitung<\/em><\/a>.<\/p>\n<p>Zudem berichtete die Zeugin von einem Besuch bei den Nachbarn kurz vor dem Auffliegen des NSU im November 2011. Dabei habe sie &#8222;sehr gestresst&#8220; gewirkt und mehr Alkohol als \u00fcblich getrunken. \u00dcber diesen Teil der Aussage berichtet auch Kai Mudra in der <a href=\"www.thueringer-allgemeine.de\/startseite\/detail\/-\/specific\/Zschaepe-soll-vor-dem-Auffliegen-des-NSU-unter-Stress-gestanden-haben-1094771506fahr\" target=\"_blank\"><em>Th\u00fcringer Allgemeinen<\/em><\/a>.<\/p>\n<p><strong>Bouffier bestreitet Vorw\u00fcrfe<\/strong><\/p>\n<p>Hessens Ministerpr\u00e4sident Volker Bouffier steht durch die neuerlichen Enth\u00fcllungen um den Landesverfassungsschutz im Zentrum der Aufmerksamkeit. Einem Medienbericht zufolge behinderte der Geheimdienst die polizeilichen Ermittlungen in den eigenen Reihen, weil der Verfassungssch\u00fctzer Andreas T. beim <a href=\"http:\/\/www.zeit.de\/gesellschaft\/zeitgeschehen\/2013-10\/ismail-yozgat-nsu-prozess-antworten-kassel-verfassungschutz\">Mord an Halit Yozgat<\/a> in Kassel 2006 am Tatort war. Bouffier war damals Innenminister. Am Dienstag <a href=\"http:\/\/www.zeit.de\/politik\/deutschland\/2015-02\/volker-bouffier-nsu-prozess-hessen-verfassungsschutz\" target=\"_blank\">\u00e4u\u00dferte er sich zu den Vorw\u00fcrfen gegen ihn<\/a>: Er nannte sie eine &#8222;Unversch\u00e4mtheit&#8220; und sagte, der Verfassungsschutz sei nicht in den Mord eingeweiht gewesen. Diese Vermutung war auf der Grundlage verd\u00e4chtiger \u00c4u\u00dferungen eines Mitarbeiters aufgekommen.<\/p>\n<p>Der Yozgat-Mord galt bereits zuvor als einer der mysteri\u00f6sesten in der NSU-Serie. &#8222;Dabei spielt Hessen bei der Aufkl\u00e4rung der NSU-Mordserie ohnehin eine Schl\u00fcsselrolle&#8220;, merkt <a href=\"http:\/\/www.zeit.de\/politik\/2015-02\/hessen-untersuchungsausschuss-auftakt\" target=\"_blank\">ZEIT-ONLINE<\/a>-Autor Martin Steinhagen an. Denn: Auch das erste Mordopfer <a href=\"http:\/\/www.zeit.de\/gesellschaft\/2013-07\/nsu-prozess-simsek\">Enver Simsek<\/a> lebte in Hessen. Yozgat war das letzte Opfer der Serie, die mit derselben Pistole begangen wurde.<\/p>\n<p>Verfassungssch\u00fctzer T. k\u00f6nnte ein Mitwisser des Mordes sein, wom\u00f6glich sogar der T\u00e4ter \u2013 solche Theorien kursierten nach der Medienver\u00f6ffentlichung vom Sonntag in k\u00fcrzester Zeit. Handelt es sich um eine Hysterie? Der Beamte bestreitet jede Beteiligung. &#8222;Auch wenn andere Details in [T.]s Aussagen in der Vergangenheit widerspr\u00fcchlich gewesen sein m\u00f6gen: Dieser Kernpunkt ist bis heute nicht widerlegt&#8220;, gibt das ARD-Magazin <a href=\"http:\/\/daserste.ndr.de\/panorama\/aktuell\/Verfassungsschuetzer-als-Moerder-,nsu460.html\" target=\"_blank\"><em>Panorama<\/em><\/a> zu bedenken. &#8222;Gibt es nicht auch noch einen anderen Erkl\u00e4rungsansatz?&#8220;, fragt auch Tim A\u00dfmann vom <a href=\"http:\/\/www.br.de\/nachrichten\/nsu-prozess\/150224-tagebuch-gerichtsreporter-100.html\" target=\"_blank\"><em>Bayerischen Rundfunk<\/em><\/a>. Entscheidender Punkt ist eine verd\u00e4chtige \u00c4u\u00dferung des damaligen Geheimschutzbeauftragten des Verfassungsschutzes. Doch h\u00e4tten sich &#8222;schon h\u00e4ufiger vermeintliche Aufreger als Luftnummern entpuppt&#8220; \u2013 die Kl\u00e4rung k\u00f6nnte die Vernehmung im Prozess bringen.<\/p>\n<p>Trotzdem wirft der Fall einen Schatten auf Ministerpr\u00e4sident Bouffier: &#8222;Wann hat er genau von der Verwicklung des damaligen Verfassungssch\u00fctzers Andreas T. in den Mordfall erfahren? Und was wusste er \u00fcber das Wissen des Landesamtes f\u00fcr Verfassungsschutz&#8220;, fragt Karin Truscheit von der <a href=\"http:\/\/www.faz.net\/aktuell\/politik\/nsu-prozess\/kasseler-nsu-mord-was-bouffier-als-zeuge-erwartet-13447585.html\" target=\"_blank\"><em>FAZ<\/em><\/a>. Die entsprechenden Fragen seien allerdings immer wieder im NSU-Prozess gestellt worden, durch den neuen Bericht h\u00e4tten sie aber an politischer Bedeutung gewonnen.<\/p>\n<p><em>Das n\u00e4chste Medienlog erscheint am Donnerstag, 26. Februar 2015.<\/em><\/p>\n","protected":false},"excerpt":{"rendered":"<p>W\u00e4hrend die Emp\u00f6rung um die enth\u00fcllte Geheimhaltungstaktik des hessischen Verfassungsschutzes weiter schwelt, setzt der NSU-Prozess nach einw\u00f6chiger Pause seine Arbeit fort \u2013 wenn auch nur f\u00fcr einen halben Tag: Weil die Hauptangeklagte Beate Zsch\u00e4pe nach der Mittagspause erkrankte, wurden lediglich eine fr\u00fchere Nachbarin des NSU-Trios aus Zwickau geh\u00f6rt. Verschoben wurde auch die Befragung des obersten [&hellip;]<\/p>\n","protected":false},"author":435,"featured_media":0,"comment_status":"open","ping_status":"open","sticky":false,"template":"","format":"standard","meta":{"_jetpack_memberships_contains_paid_content":false,"footnotes":""},"categories":[27531],"tags":[17793,29435,1453,18863,29497,1836,29539,27560],"class_list":["post-8667","post","type-post","status-publish","format-standard","hentry","category-medienschau","tag-beate-zschape","tag-halit-yozgat","tag-hessen","tag-kassel","tag-nachbar","tag-verfassungsschutz","tag-volker-bouffier","tag-zwickau"],"yoast_head":"<!-- This site is optimized with the Yoast SEO plugin v21.0 - https:\/\/yoast.com\/wordpress\/plugins\/seo\/ -->\n<title>Sind die Geheimdienst-Enth\u00fcllungen eine Luftnummer? \u2013 Das Medienlog vom Mittwoch, 25. Februar 2015 - Das NSU-Prozess-Blog<\/title>\n<meta name=\"robots\" content=\"index, follow, max-snippet:-1, max-image-preview:large, max-video-preview:-1\" \/>\n<link rel=\"canonical\" href=\"https:\/\/blog.zeit.de\/nsu-prozess-blog\/2015\/02\/25\/medienlog-zwickau-zschaepe-yozgat-verfassungsschutz-bouffier\/\" \/>\n<meta property=\"og:locale\" content=\"de_DE\" \/>\n<meta property=\"og:type\" content=\"article\" \/>\n<meta property=\"og:title\" content=\"Sind die Geheimdienst-Enth\u00fcllungen eine Luftnummer? \u2013 Das Medienlog vom Mittwoch, 25. Februar 2015 - Das NSU-Prozess-Blog\" \/>\n<meta property=\"og:description\" content=\"W\u00e4hrend die Emp\u00f6rung um die enth\u00fcllte Geheimhaltungstaktik des hessischen Verfassungsschutzes weiter schwelt, setzt der NSU-Prozess nach einw\u00f6chiger Pause seine Arbeit fort \u2013 wenn auch nur f\u00fcr einen halben Tag: Weil die Hauptangeklagte Beate Zsch\u00e4pe nach der Mittagspause erkrankte, wurden lediglich eine fr\u00fchere Nachbarin des NSU-Trios aus Zwickau geh\u00f6rt. Verschoben wurde auch die Befragung des obersten [&hellip;]\" \/>\n<meta property=\"og:url\" content=\"https:\/\/blog.zeit.de\/nsu-prozess-blog\/2015\/02\/25\/medienlog-zwickau-zschaepe-yozgat-verfassungsschutz-bouffier\/\" \/>\n<meta property=\"og:site_name\" content=\"Das NSU-Prozess-Blog\" \/>\n<meta property=\"article:published_time\" content=\"2015-02-25T06:59:44+00:00\" \/>\n<meta property=\"article:modified_time\" content=\"2015-02-25T10:51:29+00:00\" \/>\n<meta name=\"author\" content=\"Tom Sundermann\" \/>\n<meta name=\"twitter:label1\" content=\"Geschrieben von\" \/>\n\t<meta name=\"twitter:data1\" content=\"Tom Sundermann\" \/>\n\t<meta name=\"twitter:label2\" content=\"Gesch\u00e4tzte Lesezeit\" \/>\n\t<meta name=\"twitter:data2\" content=\"3\u00a0Minuten\" \/>\n<script type=\"application\/ld+json\" class=\"yoast-schema-graph\">{\"@context\":\"https:\/\/schema.org\",\"@graph\":[{\"@type\":\"WebPage\",\"@id\":\"https:\/\/blog.zeit.de\/nsu-prozess-blog\/2015\/02\/25\/medienlog-zwickau-zschaepe-yozgat-verfassungsschutz-bouffier\/\",\"url\":\"https:\/\/blog.zeit.de\/nsu-prozess-blog\/2015\/02\/25\/medienlog-zwickau-zschaepe-yozgat-verfassungsschutz-bouffier\/\",\"name\":\"Sind die Geheimdienst-Enth\u00fcllungen eine Luftnummer? \u2013 Das Medienlog vom Mittwoch, 25. Februar 2015 - Das NSU-Prozess-Blog\",\"isPartOf\":{\"@id\":\"https:\/\/blog.zeit.de\/nsu-prozess-blog\/#website\"},\"datePublished\":\"2015-02-25T06:59:44+00:00\",\"dateModified\":\"2015-02-25T10:51:29+00:00\",\"author\":{\"@id\":\"https:\/\/blog.zeit.de\/nsu-prozess-blog\/#\/schema\/person\/553ea9bb5d1fc2ae054c589bd59380a5\"},\"breadcrumb\":{\"@id\":\"https:\/\/blog.zeit.de\/nsu-prozess-blog\/2015\/02\/25\/medienlog-zwickau-zschaepe-yozgat-verfassungsschutz-bouffier\/#breadcrumb\"},\"inLanguage\":\"de\",\"potentialAction\":[{\"@type\":\"ReadAction\",\"target\":[\"https:\/\/blog.zeit.de\/nsu-prozess-blog\/2015\/02\/25\/medienlog-zwickau-zschaepe-yozgat-verfassungsschutz-bouffier\/\"]}]},{\"@type\":\"BreadcrumbList\",\"@id\":\"https:\/\/blog.zeit.de\/nsu-prozess-blog\/2015\/02\/25\/medienlog-zwickau-zschaepe-yozgat-verfassungsschutz-bouffier\/#breadcrumb\",\"itemListElement\":[{\"@type\":\"ListItem\",\"position\":1,\"name\":\"Startseite\",\"item\":\"https:\/\/blog.zeit.de\/nsu-prozess-blog\/\"},{\"@type\":\"ListItem\",\"position\":2,\"name\":\"Sind die Geheimdienst-Enth\u00fcllungen eine Luftnummer? \u2013 Das Medienlog vom Mittwoch, 25. Februar 2015\"}]},{\"@type\":\"WebSite\",\"@id\":\"https:\/\/blog.zeit.de\/nsu-prozess-blog\/#website\",\"url\":\"https:\/\/blog.zeit.de\/nsu-prozess-blog\/\",\"name\":\"Das NSU-Prozess-Blog\",\"description\":\"Alle Berichte zum Terrorverfahren in M\u00fcnchen\",\"potentialAction\":[{\"@type\":\"SearchAction\",\"target\":{\"@type\":\"EntryPoint\",\"urlTemplate\":\"https:\/\/blog.zeit.de\/nsu-prozess-blog\/?s={search_term_string}\"},\"query-input\":\"required name=search_term_string\"}],\"inLanguage\":\"de\"},{\"@type\":\"Person\",\"@id\":\"https:\/\/blog.zeit.de\/nsu-prozess-blog\/#\/schema\/person\/553ea9bb5d1fc2ae054c589bd59380a5\",\"name\":\"Tom Sundermann\",\"image\":{\"@type\":\"ImageObject\",\"inLanguage\":\"de\",\"@id\":\"https:\/\/blog.zeit.de\/nsu-prozess-blog\/#\/schema\/person\/image\/\",\"url\":\"https:\/\/secure.gravatar.com\/avatar\/e108a3dc18766f719b2f797dc5d19093f06a1870c55b553ab6b7563f1f9a5e68?s=96&d=mm&r=g\",\"contentUrl\":\"https:\/\/secure.gravatar.com\/avatar\/e108a3dc18766f719b2f797dc5d19093f06a1870c55b553ab6b7563f1f9a5e68?s=96&d=mm&r=g\",\"caption\":\"Tom Sundermann\"},\"sameAs\":[\"https:\/\/twitter.com\/messeticker\"],\"url\":\"https:\/\/blog.zeit.de\/nsu-prozess-blog\/author\/tsundermann\/\"}]}<\/script>\n<!-- \/ Yoast SEO plugin. -->","yoast_head_json":{"title":"Sind die Geheimdienst-Enth\u00fcllungen eine Luftnummer? \u2013 Das Medienlog vom Mittwoch, 25. Februar 2015 - Das NSU-Prozess-Blog","robots":{"index":"index","follow":"follow","max-snippet":"max-snippet:-1","max-image-preview":"max-image-preview:large","max-video-preview":"max-video-preview:-1"},"canonical":"https:\/\/blog.zeit.de\/nsu-prozess-blog\/2015\/02\/25\/medienlog-zwickau-zschaepe-yozgat-verfassungsschutz-bouffier\/","og_locale":"de_DE","og_type":"article","og_title":"Sind die Geheimdienst-Enth\u00fcllungen eine Luftnummer? \u2013 Das Medienlog vom Mittwoch, 25. Februar 2015 - Das NSU-Prozess-Blog","og_description":"W\u00e4hrend die Emp\u00f6rung um die enth\u00fcllte Geheimhaltungstaktik des hessischen Verfassungsschutzes weiter schwelt, setzt der NSU-Prozess nach einw\u00f6chiger Pause seine Arbeit fort \u2013 wenn auch nur f\u00fcr einen halben Tag: Weil die Hauptangeklagte Beate Zsch\u00e4pe nach der Mittagspause erkrankte, wurden lediglich eine fr\u00fchere Nachbarin des NSU-Trios aus Zwickau geh\u00f6rt. Verschoben wurde auch die Befragung des obersten [&hellip;]","og_url":"https:\/\/blog.zeit.de\/nsu-prozess-blog\/2015\/02\/25\/medienlog-zwickau-zschaepe-yozgat-verfassungsschutz-bouffier\/","og_site_name":"Das NSU-Prozess-Blog","article_published_time":"2015-02-25T06:59:44+00:00","article_modified_time":"2015-02-25T10:51:29+00:00","author":"Tom Sundermann","twitter_misc":{"Geschrieben von":"Tom Sundermann","Gesch\u00e4tzte Lesezeit":"3\u00a0Minuten"},"schema":{"@context":"https:\/\/schema.org","@graph":[{"@type":"WebPage","@id":"https:\/\/blog.zeit.de\/nsu-prozess-blog\/2015\/02\/25\/medienlog-zwickau-zschaepe-yozgat-verfassungsschutz-bouffier\/","url":"https:\/\/blog.zeit.de\/nsu-prozess-blog\/2015\/02\/25\/medienlog-zwickau-zschaepe-yozgat-verfassungsschutz-bouffier\/","name":"Sind die Geheimdienst-Enth\u00fcllungen eine Luftnummer? \u2013 Das Medienlog vom Mittwoch, 25. Februar 2015 - Das NSU-Prozess-Blog","isPartOf":{"@id":"https:\/\/blog.zeit.de\/nsu-prozess-blog\/#website"},"datePublished":"2015-02-25T06:59:44+00:00","dateModified":"2015-02-25T10:51:29+00:00","author":{"@id":"https:\/\/blog.zeit.de\/nsu-prozess-blog\/#\/schema\/person\/553ea9bb5d1fc2ae054c589bd59380a5"},"breadcrumb":{"@id":"https:\/\/blog.zeit.de\/nsu-prozess-blog\/2015\/02\/25\/medienlog-zwickau-zschaepe-yozgat-verfassungsschutz-bouffier\/#breadcrumb"},"inLanguage":"de","potentialAction":[{"@type":"ReadAction","target":["https:\/\/blog.zeit.de\/nsu-prozess-blog\/2015\/02\/25\/medienlog-zwickau-zschaepe-yozgat-verfassungsschutz-bouffier\/"]}]},{"@type":"BreadcrumbList","@id":"https:\/\/blog.zeit.de\/nsu-prozess-blog\/2015\/02\/25\/medienlog-zwickau-zschaepe-yozgat-verfassungsschutz-bouffier\/#breadcrumb","itemListElement":[{"@type":"ListItem","position":1,"name":"Startseite","item":"https:\/\/blog.zeit.de\/nsu-prozess-blog\/"},{"@type":"ListItem","position":2,"name":"Sind die Geheimdienst-Enth\u00fcllungen eine Luftnummer? \u2013 Das Medienlog vom Mittwoch, 25. Februar 2015"}]},{"@type":"WebSite","@id":"https:\/\/blog.zeit.de\/nsu-prozess-blog\/#website","url":"https:\/\/blog.zeit.de\/nsu-prozess-blog\/","name":"Das NSU-Prozess-Blog","description":"Alle Berichte zum Terrorverfahren in M\u00fcnchen","potentialAction":[{"@type":"SearchAction","target":{"@type":"EntryPoint","urlTemplate":"https:\/\/blog.zeit.de\/nsu-prozess-blog\/?s={search_term_string}"},"query-input":"required name=search_term_string"}],"inLanguage":"de"},{"@type":"Person","@id":"https:\/\/blog.zeit.de\/nsu-prozess-blog\/#\/schema\/person\/553ea9bb5d1fc2ae054c589bd59380a5","name":"Tom Sundermann","image":{"@type":"ImageObject","inLanguage":"de","@id":"https:\/\/blog.zeit.de\/nsu-prozess-blog\/#\/schema\/person\/image\/","url":"https:\/\/secure.gravatar.com\/avatar\/e108a3dc18766f719b2f797dc5d19093f06a1870c55b553ab6b7563f1f9a5e68?s=96&d=mm&r=g","contentUrl":"https:\/\/secure.gravatar.com\/avatar\/e108a3dc18766f719b2f797dc5d19093f06a1870c55b553ab6b7563f1f9a5e68?s=96&d=mm&r=g","caption":"Tom Sundermann"},"sameAs":["https:\/\/twitter.com\/messeticker"],"url":"https:\/\/blog.zeit.de\/nsu-prozess-blog\/author\/tsundermann\/"}]}},"jetpack_featured_media_url":"","jetpack_sharing_enabled":true,"_links":{"self":[{"href":"https:\/\/blog.zeit.de\/nsu-prozess-blog\/wp-json\/wp\/v2\/posts\/8667","targetHints":{"allow":["GET"]}}],"collection":[{"href":"https:\/\/blog.zeit.de\/nsu-prozess-blog\/wp-json\/wp\/v2\/posts"}],"about":[{"href":"https:\/\/blog.zeit.de\/nsu-prozess-blog\/wp-json\/wp\/v2\/types\/post"}],"author":[{"embeddable":true,"href":"https:\/\/blog.zeit.de\/nsu-prozess-blog\/wp-json\/wp\/v2\/users\/435"}],"replies":[{"embeddable":true,"href":"https:\/\/blog.zeit.de\/nsu-prozess-blog\/wp-json\/wp\/v2\/comments?post=8667"}],"version-history":[{"count":14,"href":"https:\/\/blog.zeit.de\/nsu-prozess-blog\/wp-json\/wp\/v2\/posts\/8667\/revisions"}],"predecessor-version":[{"id":8681,"href":"https:\/\/blog.zeit.de\/nsu-prozess-blog\/wp-json\/wp\/v2\/posts\/8667\/revisions\/8681"}],"wp:attachment":[{"href":"https:\/\/blog.zeit.de\/nsu-prozess-blog\/wp-json\/wp\/v2\/media?parent=8667"}],"wp:term":[{"taxonomy":"category","embeddable":true,"href":"https:\/\/blog.zeit.de\/nsu-prozess-blog\/wp-json\/wp\/v2\/categories?post=8667"},{"taxonomy":"post_tag","embeddable":true,"href":"https:\/\/blog.zeit.de\/nsu-prozess-blog\/wp-json\/wp\/v2\/tags?post=8667"}],"curies":[{"name":"wp","href":"https:\/\/api.w.org\/{rel}","templated":true}]}}