{"id":8682,"date":"2015-02-26T07:48:46","date_gmt":"2015-02-26T06:48:46","guid":{"rendered":"http:\/\/blog.zeit.de\/nsu-prozess-blog\/?p=8682"},"modified":"2015-02-26T09:51:35","modified_gmt":"2015-02-26T08:51:35","slug":"medienlog-gunter-f-chemnitz-unterstuetzer-nsu","status":"publish","type":"post","link":"https:\/\/blog.zeit.de\/nsu-prozess-blog\/2015\/02\/26\/medienlog-gunter-f-chemnitz-unterstuetzer-nsu\/","title":{"rendered":"Keine Erinnerung trotz Beweisen \u2013 Das Medienlog vom Donnerstag, 26. Februar 2015"},"content":{"rendered":"<p>Der Zeuge Gunter F. und sein Zwillingsbruder Achim wurden in der rechten Szene &#8222;die Geklonten&#8220; genannt, weil sich beide angeblich sehr \u00e4hnlich sehen. Eine wichtige Rolle im NSU-Komplex nehmen die Geschwister jedoch auch wegen mindestens einer Unterst\u00fctzungsleistung ein: Gunter F. soll Uwe B\u00f6hnhardt seinen Personalausweis und seine Geburtsurkunde \u00fcberlassen haben. Am Mittwoch sagte der Chemnitzer in M\u00fcnchen aus. Doch Erinnerungen wollte der Zeuge daran nicht mehr haben. Damit reihte er sich &#8222;ein bei denjenigen, die angeblich nichts oder nicht viel wussten und auch nichts wissen wollten&#8220;, kommentiert Tim A\u00dfmann vom <a href=\"http:\/\/www.br.de\/nachrichten\/nsu-prozess\/150225-tagebuch-gerichtsreporter-100.html\" target=\"_blank\">Bayerischen Rundfunk<\/a>.<\/p>\n<p><!--more--><\/p>\n<p><em>An jedem Werktag sichten wir f\u00fcr das NSU-Prozess-Blog die Medien und stellen wichtige Berichte, Blogs, Videos und Tweets zusammen. Wir freuen uns \u00fcber Hinweise via Twitter mit dem Hashtag #nsublog \u2013 oder per E-Mail an <a href=\"mailto:nsublog@zeit.de\">nsublog@zeit.de<\/a>.<\/em><\/p>\n<p>F. war Ende der neunziger Jahre Teil einer Chemnitzer Skinheadvereinigung namens 88er. Er gab zu, das gerade gefl\u00fcchtete Trio aus B\u00f6hnhardt, Uwe Mundlos und Beate Zsch\u00e4pe kurz nach deren Flucht aus Jena nach Chemnitz 1998 getroffen zu haben. Nach dem Grund f\u00fcr deren Untertauchen will er sich jedoch nicht erkundigt haben. Ebenfalls wenige Informationen lieferte der zweite Zeuge des Tages, von dem mehrere Kilogramm Sprengstoff \u00fcber einen Mittelsmann an Uwe Mundlos gelangt sein sollen.<\/p>\n<p>Zudem fuhren Gunter und Achim F. die drei zu einer Bekannten, die sie schlie\u00dflich in einem Unterschlupf einquartierte. &#8222;Die Hilfsbereitschaft von Gunther F. nahm erstaunliche Z\u00fcge an&#8220;, bemerkt Gisela Friedrichsen auf <a href=\"http:\/\/www.spiegel.de\/panorama\/justiz\/nsu-prozess-helfer-spricht-ueber-die-pass-leihgabe-a-1020516.html\" target=\"_blank\"><em>Spiegel Online<\/em><\/a>. Der Zeuge habe in mehreren Punkten wenig glaubhaft gewirkt. Dazu z\u00e4hlt auch, dass er mit einem Zettel nichts anfangen konnte, den er laut Anklage an das Trio weitergegeben hatte. Darauf waren Informationen \u00fcber ihn aufgelistet, mit denen B\u00f6hnhardt F.s Personalien bedenkenlos verwenden konnte.<\/p>\n<blockquote class=\"twitter-tweet\" lang=\"de\"><p>Wurde in Chemnitzer Neonaziszene mal \u00fcber Waffen gesprochen? Gunther F.: &#8222;Nee, nie.&#8220; <a href=\"https:\/\/twitter.com\/hashtag\/NSU?src=hash\">#NSU<\/a><\/p>\n<p>\u2014 PZ hautnah (@PZhautnah) <a href=\"https:\/\/twitter.com\/PZhautnah\/status\/570523542862872576\">25. Februar 2015<\/a><\/p><\/blockquote>\n<p><script src=\"\/\/platform.twitter.com\/widgets.js\" async=\"\" charset=\"utf-8\"><\/script><\/p>\n<p>Ein weiteres Detail, mit dem der Zeuge seine Glaubw\u00fcrdigkeit demontierte: Er hatte bei der Polizei behauptet, zwei seiner Freunde nicht zu kennen. Vor Gericht \u00e4nderte er seine Aussage \u2013 und behauptete, er kenne lediglich nicht ihre vollen Namen. &#8222;Angesicht der Intensit\u00e4t der Freundschaft ist das wenig glaubhaft&#8220;, befindet Tanjev Schultz von der <a href=\"http:\/\/www.sueddeutsche.de\/politik\/nsu-prozess-helfer-ohne-erinnerung-1.2367240\" target=\"_blank\"><em>S\u00fcddeutschen Zeitung<\/em><\/a>.<\/p>\n<p><em>Das n\u00e4chste Medienlog erscheint am Freitag, 27. Februar 2015.<\/em><\/p>\n","protected":false},"excerpt":{"rendered":"<p>Der Zeuge Gunter F. und sein Zwillingsbruder Achim wurden in der rechten Szene &#8222;die Geklonten&#8220; genannt, weil sich beide angeblich sehr \u00e4hnlich sehen. Eine wichtige Rolle im NSU-Komplex nehmen die Geschwister jedoch auch wegen mindestens einer Unterst\u00fctzungsleistung ein: Gunter F. soll Uwe B\u00f6hnhardt seinen Personalausweis und seine Geburtsurkunde \u00fcberlassen haben. Am Mittwoch sagte der Chemnitzer [&hellip;]<\/p>\n","protected":false},"author":435,"featured_media":0,"comment_status":"open","ping_status":"open","sticky":false,"template":"","format":"standard","meta":{"_jetpack_memberships_contains_paid_content":false,"footnotes":""},"categories":[27531],"tags":[12745,1449,22860],"class_list":["post-8682","post","type-post","status-publish","format-standard","hentry","category-medienschau","tag-chemnitz","tag-unterstutzer","tag-uwe-bohnhardt"],"yoast_head":"<!-- This site is optimized with the Yoast SEO plugin v21.0 - https:\/\/yoast.com\/wordpress\/plugins\/seo\/ -->\n<title>Keine Erinnerung trotz Beweisen \u2013 Das Medienlog vom Donnerstag, 26. Februar 2015 - Das NSU-Prozess-Blog<\/title>\n<meta name=\"robots\" content=\"index, follow, max-snippet:-1, max-image-preview:large, max-video-preview:-1\" \/>\n<link rel=\"canonical\" href=\"https:\/\/blog.zeit.de\/nsu-prozess-blog\/2015\/02\/26\/medienlog-gunter-f-chemnitz-unterstuetzer-nsu\/\" \/>\n<meta property=\"og:locale\" content=\"de_DE\" \/>\n<meta property=\"og:type\" content=\"article\" \/>\n<meta property=\"og:title\" content=\"Keine Erinnerung trotz Beweisen \u2013 Das Medienlog vom Donnerstag, 26. Februar 2015 - Das NSU-Prozess-Blog\" \/>\n<meta property=\"og:description\" content=\"Der Zeuge Gunter F. und sein Zwillingsbruder Achim wurden in der rechten Szene &#8222;die Geklonten&#8220; genannt, weil sich beide angeblich sehr \u00e4hnlich sehen. Eine wichtige Rolle im NSU-Komplex nehmen die Geschwister jedoch auch wegen mindestens einer Unterst\u00fctzungsleistung ein: Gunter F. soll Uwe B\u00f6hnhardt seinen Personalausweis und seine Geburtsurkunde \u00fcberlassen haben. Am Mittwoch sagte der Chemnitzer [&hellip;]\" \/>\n<meta property=\"og:url\" content=\"https:\/\/blog.zeit.de\/nsu-prozess-blog\/2015\/02\/26\/medienlog-gunter-f-chemnitz-unterstuetzer-nsu\/\" \/>\n<meta property=\"og:site_name\" content=\"Das NSU-Prozess-Blog\" \/>\n<meta property=\"article:published_time\" content=\"2015-02-26T06:48:46+00:00\" \/>\n<meta property=\"article:modified_time\" content=\"2015-02-26T08:51:35+00:00\" \/>\n<meta name=\"author\" content=\"Tom Sundermann\" \/>\n<meta name=\"twitter:label1\" content=\"Geschrieben von\" \/>\n\t<meta name=\"twitter:data1\" content=\"Tom Sundermann\" \/>\n\t<meta name=\"twitter:label2\" content=\"Gesch\u00e4tzte Lesezeit\" \/>\n\t<meta name=\"twitter:data2\" content=\"2\u00a0Minuten\" \/>\n<script type=\"application\/ld+json\" class=\"yoast-schema-graph\">{\"@context\":\"https:\/\/schema.org\",\"@graph\":[{\"@type\":\"WebPage\",\"@id\":\"https:\/\/blog.zeit.de\/nsu-prozess-blog\/2015\/02\/26\/medienlog-gunter-f-chemnitz-unterstuetzer-nsu\/\",\"url\":\"https:\/\/blog.zeit.de\/nsu-prozess-blog\/2015\/02\/26\/medienlog-gunter-f-chemnitz-unterstuetzer-nsu\/\",\"name\":\"Keine Erinnerung trotz Beweisen \u2013 Das Medienlog vom Donnerstag, 26. Februar 2015 - Das NSU-Prozess-Blog\",\"isPartOf\":{\"@id\":\"https:\/\/blog.zeit.de\/nsu-prozess-blog\/#website\"},\"datePublished\":\"2015-02-26T06:48:46+00:00\",\"dateModified\":\"2015-02-26T08:51:35+00:00\",\"author\":{\"@id\":\"https:\/\/blog.zeit.de\/nsu-prozess-blog\/#\/schema\/person\/553ea9bb5d1fc2ae054c589bd59380a5\"},\"breadcrumb\":{\"@id\":\"https:\/\/blog.zeit.de\/nsu-prozess-blog\/2015\/02\/26\/medienlog-gunter-f-chemnitz-unterstuetzer-nsu\/#breadcrumb\"},\"inLanguage\":\"de\",\"potentialAction\":[{\"@type\":\"ReadAction\",\"target\":[\"https:\/\/blog.zeit.de\/nsu-prozess-blog\/2015\/02\/26\/medienlog-gunter-f-chemnitz-unterstuetzer-nsu\/\"]}]},{\"@type\":\"BreadcrumbList\",\"@id\":\"https:\/\/blog.zeit.de\/nsu-prozess-blog\/2015\/02\/26\/medienlog-gunter-f-chemnitz-unterstuetzer-nsu\/#breadcrumb\",\"itemListElement\":[{\"@type\":\"ListItem\",\"position\":1,\"name\":\"Startseite\",\"item\":\"https:\/\/blog.zeit.de\/nsu-prozess-blog\/\"},{\"@type\":\"ListItem\",\"position\":2,\"name\":\"Keine Erinnerung trotz Beweisen \u2013 Das Medienlog vom Donnerstag, 26. Februar 2015\"}]},{\"@type\":\"WebSite\",\"@id\":\"https:\/\/blog.zeit.de\/nsu-prozess-blog\/#website\",\"url\":\"https:\/\/blog.zeit.de\/nsu-prozess-blog\/\",\"name\":\"Das NSU-Prozess-Blog\",\"description\":\"Alle Berichte zum Terrorverfahren in M\u00fcnchen\",\"potentialAction\":[{\"@type\":\"SearchAction\",\"target\":{\"@type\":\"EntryPoint\",\"urlTemplate\":\"https:\/\/blog.zeit.de\/nsu-prozess-blog\/?s={search_term_string}\"},\"query-input\":\"required name=search_term_string\"}],\"inLanguage\":\"de\"},{\"@type\":\"Person\",\"@id\":\"https:\/\/blog.zeit.de\/nsu-prozess-blog\/#\/schema\/person\/553ea9bb5d1fc2ae054c589bd59380a5\",\"name\":\"Tom Sundermann\",\"image\":{\"@type\":\"ImageObject\",\"inLanguage\":\"de\",\"@id\":\"https:\/\/blog.zeit.de\/nsu-prozess-blog\/#\/schema\/person\/image\/\",\"url\":\"https:\/\/secure.gravatar.com\/avatar\/e108a3dc18766f719b2f797dc5d19093f06a1870c55b553ab6b7563f1f9a5e68?s=96&d=mm&r=g\",\"contentUrl\":\"https:\/\/secure.gravatar.com\/avatar\/e108a3dc18766f719b2f797dc5d19093f06a1870c55b553ab6b7563f1f9a5e68?s=96&d=mm&r=g\",\"caption\":\"Tom Sundermann\"},\"sameAs\":[\"https:\/\/twitter.com\/messeticker\"],\"url\":\"https:\/\/blog.zeit.de\/nsu-prozess-blog\/author\/tsundermann\/\"}]}<\/script>\n<!-- \/ Yoast SEO plugin. -->","yoast_head_json":{"title":"Keine Erinnerung trotz Beweisen \u2013 Das Medienlog vom Donnerstag, 26. Februar 2015 - Das NSU-Prozess-Blog","robots":{"index":"index","follow":"follow","max-snippet":"max-snippet:-1","max-image-preview":"max-image-preview:large","max-video-preview":"max-video-preview:-1"},"canonical":"https:\/\/blog.zeit.de\/nsu-prozess-blog\/2015\/02\/26\/medienlog-gunter-f-chemnitz-unterstuetzer-nsu\/","og_locale":"de_DE","og_type":"article","og_title":"Keine Erinnerung trotz Beweisen \u2013 Das Medienlog vom Donnerstag, 26. Februar 2015 - Das NSU-Prozess-Blog","og_description":"Der Zeuge Gunter F. und sein Zwillingsbruder Achim wurden in der rechten Szene &#8222;die Geklonten&#8220; genannt, weil sich beide angeblich sehr \u00e4hnlich sehen. Eine wichtige Rolle im NSU-Komplex nehmen die Geschwister jedoch auch wegen mindestens einer Unterst\u00fctzungsleistung ein: Gunter F. soll Uwe B\u00f6hnhardt seinen Personalausweis und seine Geburtsurkunde \u00fcberlassen haben. Am Mittwoch sagte der Chemnitzer [&hellip;]","og_url":"https:\/\/blog.zeit.de\/nsu-prozess-blog\/2015\/02\/26\/medienlog-gunter-f-chemnitz-unterstuetzer-nsu\/","og_site_name":"Das NSU-Prozess-Blog","article_published_time":"2015-02-26T06:48:46+00:00","article_modified_time":"2015-02-26T08:51:35+00:00","author":"Tom Sundermann","twitter_misc":{"Geschrieben von":"Tom Sundermann","Gesch\u00e4tzte Lesezeit":"2\u00a0Minuten"},"schema":{"@context":"https:\/\/schema.org","@graph":[{"@type":"WebPage","@id":"https:\/\/blog.zeit.de\/nsu-prozess-blog\/2015\/02\/26\/medienlog-gunter-f-chemnitz-unterstuetzer-nsu\/","url":"https:\/\/blog.zeit.de\/nsu-prozess-blog\/2015\/02\/26\/medienlog-gunter-f-chemnitz-unterstuetzer-nsu\/","name":"Keine Erinnerung trotz Beweisen \u2013 Das Medienlog vom Donnerstag, 26. Februar 2015 - Das NSU-Prozess-Blog","isPartOf":{"@id":"https:\/\/blog.zeit.de\/nsu-prozess-blog\/#website"},"datePublished":"2015-02-26T06:48:46+00:00","dateModified":"2015-02-26T08:51:35+00:00","author":{"@id":"https:\/\/blog.zeit.de\/nsu-prozess-blog\/#\/schema\/person\/553ea9bb5d1fc2ae054c589bd59380a5"},"breadcrumb":{"@id":"https:\/\/blog.zeit.de\/nsu-prozess-blog\/2015\/02\/26\/medienlog-gunter-f-chemnitz-unterstuetzer-nsu\/#breadcrumb"},"inLanguage":"de","potentialAction":[{"@type":"ReadAction","target":["https:\/\/blog.zeit.de\/nsu-prozess-blog\/2015\/02\/26\/medienlog-gunter-f-chemnitz-unterstuetzer-nsu\/"]}]},{"@type":"BreadcrumbList","@id":"https:\/\/blog.zeit.de\/nsu-prozess-blog\/2015\/02\/26\/medienlog-gunter-f-chemnitz-unterstuetzer-nsu\/#breadcrumb","itemListElement":[{"@type":"ListItem","position":1,"name":"Startseite","item":"https:\/\/blog.zeit.de\/nsu-prozess-blog\/"},{"@type":"ListItem","position":2,"name":"Keine Erinnerung trotz Beweisen \u2013 Das Medienlog vom Donnerstag, 26. Februar 2015"}]},{"@type":"WebSite","@id":"https:\/\/blog.zeit.de\/nsu-prozess-blog\/#website","url":"https:\/\/blog.zeit.de\/nsu-prozess-blog\/","name":"Das NSU-Prozess-Blog","description":"Alle Berichte zum Terrorverfahren in M\u00fcnchen","potentialAction":[{"@type":"SearchAction","target":{"@type":"EntryPoint","urlTemplate":"https:\/\/blog.zeit.de\/nsu-prozess-blog\/?s={search_term_string}"},"query-input":"required name=search_term_string"}],"inLanguage":"de"},{"@type":"Person","@id":"https:\/\/blog.zeit.de\/nsu-prozess-blog\/#\/schema\/person\/553ea9bb5d1fc2ae054c589bd59380a5","name":"Tom Sundermann","image":{"@type":"ImageObject","inLanguage":"de","@id":"https:\/\/blog.zeit.de\/nsu-prozess-blog\/#\/schema\/person\/image\/","url":"https:\/\/secure.gravatar.com\/avatar\/e108a3dc18766f719b2f797dc5d19093f06a1870c55b553ab6b7563f1f9a5e68?s=96&d=mm&r=g","contentUrl":"https:\/\/secure.gravatar.com\/avatar\/e108a3dc18766f719b2f797dc5d19093f06a1870c55b553ab6b7563f1f9a5e68?s=96&d=mm&r=g","caption":"Tom Sundermann"},"sameAs":["https:\/\/twitter.com\/messeticker"],"url":"https:\/\/blog.zeit.de\/nsu-prozess-blog\/author\/tsundermann\/"}]}},"jetpack_featured_media_url":"","jetpack_sharing_enabled":true,"_links":{"self":[{"href":"https:\/\/blog.zeit.de\/nsu-prozess-blog\/wp-json\/wp\/v2\/posts\/8682","targetHints":{"allow":["GET"]}}],"collection":[{"href":"https:\/\/blog.zeit.de\/nsu-prozess-blog\/wp-json\/wp\/v2\/posts"}],"about":[{"href":"https:\/\/blog.zeit.de\/nsu-prozess-blog\/wp-json\/wp\/v2\/types\/post"}],"author":[{"embeddable":true,"href":"https:\/\/blog.zeit.de\/nsu-prozess-blog\/wp-json\/wp\/v2\/users\/435"}],"replies":[{"embeddable":true,"href":"https:\/\/blog.zeit.de\/nsu-prozess-blog\/wp-json\/wp\/v2\/comments?post=8682"}],"version-history":[{"count":7,"href":"https:\/\/blog.zeit.de\/nsu-prozess-blog\/wp-json\/wp\/v2\/posts\/8682\/revisions"}],"predecessor-version":[{"id":8690,"href":"https:\/\/blog.zeit.de\/nsu-prozess-blog\/wp-json\/wp\/v2\/posts\/8682\/revisions\/8690"}],"wp:attachment":[{"href":"https:\/\/blog.zeit.de\/nsu-prozess-blog\/wp-json\/wp\/v2\/media?parent=8682"}],"wp:term":[{"taxonomy":"category","embeddable":true,"href":"https:\/\/blog.zeit.de\/nsu-prozess-blog\/wp-json\/wp\/v2\/categories?post=8682"},{"taxonomy":"post_tag","embeddable":true,"href":"https:\/\/blog.zeit.de\/nsu-prozess-blog\/wp-json\/wp\/v2\/tags?post=8682"}],"curies":[{"name":"wp","href":"https:\/\/api.w.org\/{rel}","templated":true}]}}