{"id":8700,"date":"2015-02-27T08:21:39","date_gmt":"2015-02-27T07:21:39","guid":{"rendered":"http:\/\/blog.zeit.de\/nsu-prozess-blog\/?p=8700"},"modified":"2015-02-27T08:56:53","modified_gmt":"2015-02-27T07:56:53","slug":"medienlog-nsu-trio-helden-yozgat-antrag-bundesanwaltschaft","status":"publish","type":"post","link":"https:\/\/blog.zeit.de\/nsu-prozess-blog\/2015\/02\/27\/medienlog-nsu-trio-helden-yozgat-antrag-bundesanwaltschaft\/","title":{"rendered":"Das NSU-Trio: Helden in der rechten Szene \u2013 Das Medienlog vom Freitag, 27. Februar 2015"},"content":{"rendered":"<p>Zwei Zeugen und f\u00fcnf Antr\u00e4ge standen auf der Agenda des 188. Verhandlungstags. Die erste Zeugin war eine Freundin des Mitangeklagten <a href=\"http:\/\/www.zeit.de\/gesellschaft\/zeitgeschehen\/2013-06\/nsu-prozess-tag-5\">Carsten S.<\/a> und zeichnete ein Bild der rechten Szene Ende der neunziger Jahre, nach der Flucht von Beate Zsch\u00e4pe, Uwe Mundlos und Uwe B\u00f6hnhardt. &#8222;Sie wurden hochgelobt&#8220;, als Helden und M\u00e4rtyrer verehrt, sagte Christina H. Ihr Freund S. habe sich wegen der ihm vorgeworfenen Tat, einem <a href=\"http:\/\/www.zeit.de\/gesellschaft\/zeitgeschehen\/2013-10\/nsu-prozess-tag47\">Waffentransport<\/a>, Vorw\u00fcrfe gemacht. &#8222;Seine Reue wirkt glaubhaft; der Prozess und das Leiden der Opfer scheinen ihm nahe zu gehen&#8220;, beobachtet Tanjev Schultz von der <a href=\"http:\/\/www.sueddeutsche.de\/politik\/nsu-prozess-zeugin-ueber-wohlleben-so-ein-bisschen-psycho-1.2369157\" target=\"_blank\"><em>S\u00fcddeutschen Zeitung<\/em><\/a>.<\/p>\n<p><!--more--><\/p>\n<p><em>An jedem Werktag sichten wir f\u00fcr das NSU-Prozess-Blog die Medien und stellen wichtige Berichte, Blogs, Videos und Tweets zusammen. Wir freuen uns \u00fcber Hinweise via Twitter mit dem Hashtag #nsublog \u2013 oder per E-Mail an <a href=\"mailto:nsublog@zeit.de\">nsublog@zeit.de<\/a>.<\/em><\/p>\n<p>Deutliche Worte fand die Zeugin auch f\u00fcr den ebenfalls Angeklagten <a href=\"https:\/\/blog.zeit.de\/nsu-prozess-blog\/2015\/02\/04\/medienlog-wohlleben-enrico-r-ceska-chemnitz\/\">Ralf Wohlleben<\/a>: Er sei eine &#8222;Leitperson&#8220; gewesen, ebenso wie der rechtsextreme Zeuge <a href=\"https:\/\/blog.zeit.de\/nsu-prozess-blog\/2014\/03\/21\/medienlog-andre-k-nebenklage\/\">Andr\u00e9 K.<\/a> Drastisch schilderte sie eine Episode, in der Wohlleben einen etwa 13-j\u00e4hrigen Neonazi mit Liegest\u00fctzen daf\u00fcr bestrafte, dass er <a href=\"http:\/\/www.zeit.de\/gesellschaft\/zeitgeschehen\/2013-06\/nsu-prozess-carsten-s-aussage-brandt\">einen D\u00f6ner gegessen hatte<\/a>, wie etwa im <a href=\"http:\/\/www.tagesspiegel.de\/politik\/nsu-prozess-188-tag-drei-nsu-mitglieder-galten-den-rechten-als-helden-und-maertyrer\/11431114.html\" target=\"_blank\"><em>Tagesspiegel<\/em><\/a>-Bericht von Wiebke Ramm zu lesen ist.<\/p>\n<p>H. war bereits mit 13 Jahren in die Szene eingestiegen, sp\u00e4ter verlie\u00df sie den braunen Sumpf gemeinsam mit S. In der Befragung hatte sie viele Details parat \u2013 anders als die meisten der Zeugen, die noch in rechtsextremen Netzwerken aktiv sind: &#8222;Normalerweise gl\u00e4nzen Zeugen aus der rechten Szene im NSU-Prozess oft mit Erinnerungsl\u00fccken&#8220;, merkt Eva Frisch vom <a href=\"http:\/\/www.br.de\/nachrichten\/nsu-prozess\/150226-tagebuch-gerichtsreporter-100.html\" target=\"_blank\">Bayerischen Rundfunk<\/a> an.<\/p>\n<p>Nach den Zeugenbefragungen verlasen die Anw\u00e4lte der Hinterbliebenen von Halit Yozgat, der 2006 in Kassel ermordet wurde, f\u00fcnf bereits <a href=\"https:\/\/blog.zeit.de\/nsu-prozess-blog\/2015\/02\/24\/medienlog-hessen-halit-yozgat-kassel-andreas-t-verfassungsschutz-bouffier\/\">gro\u00df angek\u00fcndigte Antr\u00e4ge<\/a>. Demnach wusste der Verfassungssch\u00fctzer Andreas T. von dem geplanten Mord und wurde sp\u00e4ter vom Innenministerium und dem heutigen Ministerpr\u00e4sidenten Volker Bouffier protegiert. Die Antr\u00e4ge stie\u00dfen auf heftigen Widerstand der Bundesanwaltschaft, also der Anklagevertretung: Bundesanwalt Herbert Diemer argumentierte, die Forderungen seien nach ihrer Medienwirksamkeit ausgew\u00e4hlt worden und tr\u00fcgen nichts zur Aufkl\u00e4rung des Falls bei, wie unter anderem Tanjev Schultz in der <a href=\"http:\/\/www.sueddeutsche.de\/politik\/vorwuerfe-wegen-nsu-mord-bundesanwalt-spricht-von-verzerrter-darstellung-1.2369889\" target=\"_blank\"><em>S\u00fcddeutschen<\/em><\/a> berichtet.<\/p>\n<p>Nach der Skandalwirkung, die die Antr\u00e4ge bereits durch Medienberichte erhalten hatten, erscheint es nun eher unwahrscheinlich, dass ihnen stattgegeben wird, analysieren wir bei <a href=\"https:\/\/blog.zeit.de\/nsu-prozess-blog\/2015\/02\/26\/anklaeger-wollen-verfassungsschutz-nicht-durchleuchten\/\" target=\"_blank\">ZEIT ONLINE<\/a>: &#8222;Die Sensation war so perfekt, dass sie nur noch Makel bekommen konnte.&#8220; Die Bundesanwaltschaft widersprach der Auffassung, die Ladung von Ministerpr\u00e4sident Bouffier und das Abspielen von Telefonmitschnitten k\u00f6nnte etwas zur Aufkl\u00e4rung beitragen.<\/p>\n<p>Dass es Pannen bei den Ermittlungen nach dem Mord gab, gilt allerdings als unstrittig. Diese sind &#8222;symptomatisch f\u00fcr das Versagen von Polizei und Geheimdiensten in der Aufkl\u00e4rung der NSU-Morde&#8220;, kommentiert Ralf Euler in der <a href=\"http:\/\/www.faz.net\/aktuell\/rhein-main\/nsu-mord-in-kassel-bouffier-in-erklaerungsnot-13450452.html\" target=\"_blank\"><em>FAZ<\/em><\/a>. Dennoch: Ein wesentliches Element der Antr\u00e4ge ist ein Satz, in dem der Geheimschutzbeauftragte des Verfassungsschutzes T. einen mysteri\u00f6sen Rat gibt. Dabei k\u00f6nne es sich jedoch auch &#8222;um eine geschmacklose Bemerkung ohne konkreten Bezug zu den tats\u00e4chlichen Geschehnissen&#8220; handeln.<\/p>\n<p><em>Das n\u00e4chste Medienlog erscheint am Montag, 2. M\u00e4rz 2015.<\/em><\/p>\n","protected":false},"excerpt":{"rendered":"<p>Zwei Zeugen und f\u00fcnf Antr\u00e4ge standen auf der Agenda des 188. Verhandlungstags. Die erste Zeugin war eine Freundin des Mitangeklagten Carsten S. und zeichnete ein Bild der rechten Szene Ende der neunziger Jahre, nach der Flucht von Beate Zsch\u00e4pe, Uwe Mundlos und Uwe B\u00f6hnhardt. &#8222;Sie wurden hochgelobt&#8220;, als Helden und M\u00e4rtyrer verehrt, sagte Christina H. [&hellip;]<\/p>\n","protected":false},"author":435,"featured_media":0,"comment_status":"open","ping_status":"open","sticky":false,"template":"","format":"standard","meta":{"_jetpack_memberships_contains_paid_content":false,"footnotes":""},"categories":[27531],"tags":[29463,29442,17860,27541,29435,1453,18863,17772,29510,1836,29539,29492],"class_list":["post-8700","post","type-post","status-publish","format-standard","hentry","category-medienschau","tag-andre-k","tag-andreas-t","tag-aussteiger","tag-carsten-s","tag-halit-yozgat","tag-hessen","tag-kassel","tag-ralf-wohlleben","tag-szene","tag-verfassungsschutz","tag-volker-bouffier","tag-waffe"],"yoast_head":"<!-- This site is optimized with the Yoast SEO plugin v21.0 - https:\/\/yoast.com\/wordpress\/plugins\/seo\/ -->\n<title>Das NSU-Trio: Helden in der rechten Szene \u2013 Das Medienlog vom Freitag, 27. Februar 2015 - Das NSU-Prozess-Blog<\/title>\n<meta name=\"robots\" content=\"index, follow, max-snippet:-1, max-image-preview:large, max-video-preview:-1\" \/>\n<link rel=\"canonical\" href=\"https:\/\/blog.zeit.de\/nsu-prozess-blog\/2015\/02\/27\/medienlog-nsu-trio-helden-yozgat-antrag-bundesanwaltschaft\/\" \/>\n<meta property=\"og:locale\" content=\"de_DE\" \/>\n<meta property=\"og:type\" content=\"article\" \/>\n<meta property=\"og:title\" content=\"Das NSU-Trio: Helden in der rechten Szene \u2013 Das Medienlog vom Freitag, 27. Februar 2015 - Das NSU-Prozess-Blog\" \/>\n<meta property=\"og:description\" content=\"Zwei Zeugen und f\u00fcnf Antr\u00e4ge standen auf der Agenda des 188. Verhandlungstags. Die erste Zeugin war eine Freundin des Mitangeklagten Carsten S. und zeichnete ein Bild der rechten Szene Ende der neunziger Jahre, nach der Flucht von Beate Zsch\u00e4pe, Uwe Mundlos und Uwe B\u00f6hnhardt. &#8222;Sie wurden hochgelobt&#8220;, als Helden und M\u00e4rtyrer verehrt, sagte Christina H. [&hellip;]\" \/>\n<meta property=\"og:url\" content=\"https:\/\/blog.zeit.de\/nsu-prozess-blog\/2015\/02\/27\/medienlog-nsu-trio-helden-yozgat-antrag-bundesanwaltschaft\/\" \/>\n<meta property=\"og:site_name\" content=\"Das NSU-Prozess-Blog\" \/>\n<meta property=\"article:published_time\" content=\"2015-02-27T07:21:39+00:00\" \/>\n<meta property=\"article:modified_time\" content=\"2015-02-27T07:56:53+00:00\" \/>\n<meta name=\"author\" content=\"Tom Sundermann\" \/>\n<meta name=\"twitter:label1\" content=\"Geschrieben von\" \/>\n\t<meta name=\"twitter:data1\" content=\"Tom Sundermann\" \/>\n\t<meta name=\"twitter:label2\" content=\"Gesch\u00e4tzte Lesezeit\" \/>\n\t<meta name=\"twitter:data2\" content=\"3\u00a0Minuten\" \/>\n<script type=\"application\/ld+json\" class=\"yoast-schema-graph\">{\"@context\":\"https:\/\/schema.org\",\"@graph\":[{\"@type\":\"WebPage\",\"@id\":\"https:\/\/blog.zeit.de\/nsu-prozess-blog\/2015\/02\/27\/medienlog-nsu-trio-helden-yozgat-antrag-bundesanwaltschaft\/\",\"url\":\"https:\/\/blog.zeit.de\/nsu-prozess-blog\/2015\/02\/27\/medienlog-nsu-trio-helden-yozgat-antrag-bundesanwaltschaft\/\",\"name\":\"Das NSU-Trio: Helden in der rechten Szene \u2013 Das Medienlog vom Freitag, 27. Februar 2015 - Das NSU-Prozess-Blog\",\"isPartOf\":{\"@id\":\"https:\/\/blog.zeit.de\/nsu-prozess-blog\/#website\"},\"datePublished\":\"2015-02-27T07:21:39+00:00\",\"dateModified\":\"2015-02-27T07:56:53+00:00\",\"author\":{\"@id\":\"https:\/\/blog.zeit.de\/nsu-prozess-blog\/#\/schema\/person\/553ea9bb5d1fc2ae054c589bd59380a5\"},\"breadcrumb\":{\"@id\":\"https:\/\/blog.zeit.de\/nsu-prozess-blog\/2015\/02\/27\/medienlog-nsu-trio-helden-yozgat-antrag-bundesanwaltschaft\/#breadcrumb\"},\"inLanguage\":\"de\",\"potentialAction\":[{\"@type\":\"ReadAction\",\"target\":[\"https:\/\/blog.zeit.de\/nsu-prozess-blog\/2015\/02\/27\/medienlog-nsu-trio-helden-yozgat-antrag-bundesanwaltschaft\/\"]}]},{\"@type\":\"BreadcrumbList\",\"@id\":\"https:\/\/blog.zeit.de\/nsu-prozess-blog\/2015\/02\/27\/medienlog-nsu-trio-helden-yozgat-antrag-bundesanwaltschaft\/#breadcrumb\",\"itemListElement\":[{\"@type\":\"ListItem\",\"position\":1,\"name\":\"Startseite\",\"item\":\"https:\/\/blog.zeit.de\/nsu-prozess-blog\/\"},{\"@type\":\"ListItem\",\"position\":2,\"name\":\"Das NSU-Trio: Helden in der rechten Szene \u2013 Das Medienlog vom Freitag, 27. Februar 2015\"}]},{\"@type\":\"WebSite\",\"@id\":\"https:\/\/blog.zeit.de\/nsu-prozess-blog\/#website\",\"url\":\"https:\/\/blog.zeit.de\/nsu-prozess-blog\/\",\"name\":\"Das NSU-Prozess-Blog\",\"description\":\"Alle Berichte zum Terrorverfahren in M\u00fcnchen\",\"potentialAction\":[{\"@type\":\"SearchAction\",\"target\":{\"@type\":\"EntryPoint\",\"urlTemplate\":\"https:\/\/blog.zeit.de\/nsu-prozess-blog\/?s={search_term_string}\"},\"query-input\":\"required name=search_term_string\"}],\"inLanguage\":\"de\"},{\"@type\":\"Person\",\"@id\":\"https:\/\/blog.zeit.de\/nsu-prozess-blog\/#\/schema\/person\/553ea9bb5d1fc2ae054c589bd59380a5\",\"name\":\"Tom Sundermann\",\"image\":{\"@type\":\"ImageObject\",\"inLanguage\":\"de\",\"@id\":\"https:\/\/blog.zeit.de\/nsu-prozess-blog\/#\/schema\/person\/image\/\",\"url\":\"https:\/\/secure.gravatar.com\/avatar\/e108a3dc18766f719b2f797dc5d19093f06a1870c55b553ab6b7563f1f9a5e68?s=96&d=mm&r=g\",\"contentUrl\":\"https:\/\/secure.gravatar.com\/avatar\/e108a3dc18766f719b2f797dc5d19093f06a1870c55b553ab6b7563f1f9a5e68?s=96&d=mm&r=g\",\"caption\":\"Tom Sundermann\"},\"sameAs\":[\"https:\/\/twitter.com\/messeticker\"],\"url\":\"https:\/\/blog.zeit.de\/nsu-prozess-blog\/author\/tsundermann\/\"}]}<\/script>\n<!-- \/ Yoast SEO plugin. -->","yoast_head_json":{"title":"Das NSU-Trio: Helden in der rechten Szene \u2013 Das Medienlog vom Freitag, 27. Februar 2015 - Das NSU-Prozess-Blog","robots":{"index":"index","follow":"follow","max-snippet":"max-snippet:-1","max-image-preview":"max-image-preview:large","max-video-preview":"max-video-preview:-1"},"canonical":"https:\/\/blog.zeit.de\/nsu-prozess-blog\/2015\/02\/27\/medienlog-nsu-trio-helden-yozgat-antrag-bundesanwaltschaft\/","og_locale":"de_DE","og_type":"article","og_title":"Das NSU-Trio: Helden in der rechten Szene \u2013 Das Medienlog vom Freitag, 27. Februar 2015 - Das NSU-Prozess-Blog","og_description":"Zwei Zeugen und f\u00fcnf Antr\u00e4ge standen auf der Agenda des 188. Verhandlungstags. Die erste Zeugin war eine Freundin des Mitangeklagten Carsten S. und zeichnete ein Bild der rechten Szene Ende der neunziger Jahre, nach der Flucht von Beate Zsch\u00e4pe, Uwe Mundlos und Uwe B\u00f6hnhardt. &#8222;Sie wurden hochgelobt&#8220;, als Helden und M\u00e4rtyrer verehrt, sagte Christina H. [&hellip;]","og_url":"https:\/\/blog.zeit.de\/nsu-prozess-blog\/2015\/02\/27\/medienlog-nsu-trio-helden-yozgat-antrag-bundesanwaltschaft\/","og_site_name":"Das NSU-Prozess-Blog","article_published_time":"2015-02-27T07:21:39+00:00","article_modified_time":"2015-02-27T07:56:53+00:00","author":"Tom Sundermann","twitter_misc":{"Geschrieben von":"Tom Sundermann","Gesch\u00e4tzte Lesezeit":"3\u00a0Minuten"},"schema":{"@context":"https:\/\/schema.org","@graph":[{"@type":"WebPage","@id":"https:\/\/blog.zeit.de\/nsu-prozess-blog\/2015\/02\/27\/medienlog-nsu-trio-helden-yozgat-antrag-bundesanwaltschaft\/","url":"https:\/\/blog.zeit.de\/nsu-prozess-blog\/2015\/02\/27\/medienlog-nsu-trio-helden-yozgat-antrag-bundesanwaltschaft\/","name":"Das NSU-Trio: Helden in der rechten Szene \u2013 Das Medienlog vom Freitag, 27. Februar 2015 - Das NSU-Prozess-Blog","isPartOf":{"@id":"https:\/\/blog.zeit.de\/nsu-prozess-blog\/#website"},"datePublished":"2015-02-27T07:21:39+00:00","dateModified":"2015-02-27T07:56:53+00:00","author":{"@id":"https:\/\/blog.zeit.de\/nsu-prozess-blog\/#\/schema\/person\/553ea9bb5d1fc2ae054c589bd59380a5"},"breadcrumb":{"@id":"https:\/\/blog.zeit.de\/nsu-prozess-blog\/2015\/02\/27\/medienlog-nsu-trio-helden-yozgat-antrag-bundesanwaltschaft\/#breadcrumb"},"inLanguage":"de","potentialAction":[{"@type":"ReadAction","target":["https:\/\/blog.zeit.de\/nsu-prozess-blog\/2015\/02\/27\/medienlog-nsu-trio-helden-yozgat-antrag-bundesanwaltschaft\/"]}]},{"@type":"BreadcrumbList","@id":"https:\/\/blog.zeit.de\/nsu-prozess-blog\/2015\/02\/27\/medienlog-nsu-trio-helden-yozgat-antrag-bundesanwaltschaft\/#breadcrumb","itemListElement":[{"@type":"ListItem","position":1,"name":"Startseite","item":"https:\/\/blog.zeit.de\/nsu-prozess-blog\/"},{"@type":"ListItem","position":2,"name":"Das NSU-Trio: Helden in der rechten Szene \u2013 Das Medienlog vom Freitag, 27. Februar 2015"}]},{"@type":"WebSite","@id":"https:\/\/blog.zeit.de\/nsu-prozess-blog\/#website","url":"https:\/\/blog.zeit.de\/nsu-prozess-blog\/","name":"Das NSU-Prozess-Blog","description":"Alle Berichte zum Terrorverfahren in M\u00fcnchen","potentialAction":[{"@type":"SearchAction","target":{"@type":"EntryPoint","urlTemplate":"https:\/\/blog.zeit.de\/nsu-prozess-blog\/?s={search_term_string}"},"query-input":"required name=search_term_string"}],"inLanguage":"de"},{"@type":"Person","@id":"https:\/\/blog.zeit.de\/nsu-prozess-blog\/#\/schema\/person\/553ea9bb5d1fc2ae054c589bd59380a5","name":"Tom Sundermann","image":{"@type":"ImageObject","inLanguage":"de","@id":"https:\/\/blog.zeit.de\/nsu-prozess-blog\/#\/schema\/person\/image\/","url":"https:\/\/secure.gravatar.com\/avatar\/e108a3dc18766f719b2f797dc5d19093f06a1870c55b553ab6b7563f1f9a5e68?s=96&d=mm&r=g","contentUrl":"https:\/\/secure.gravatar.com\/avatar\/e108a3dc18766f719b2f797dc5d19093f06a1870c55b553ab6b7563f1f9a5e68?s=96&d=mm&r=g","caption":"Tom Sundermann"},"sameAs":["https:\/\/twitter.com\/messeticker"],"url":"https:\/\/blog.zeit.de\/nsu-prozess-blog\/author\/tsundermann\/"}]}},"jetpack_featured_media_url":"","jetpack_sharing_enabled":true,"_links":{"self":[{"href":"https:\/\/blog.zeit.de\/nsu-prozess-blog\/wp-json\/wp\/v2\/posts\/8700","targetHints":{"allow":["GET"]}}],"collection":[{"href":"https:\/\/blog.zeit.de\/nsu-prozess-blog\/wp-json\/wp\/v2\/posts"}],"about":[{"href":"https:\/\/blog.zeit.de\/nsu-prozess-blog\/wp-json\/wp\/v2\/types\/post"}],"author":[{"embeddable":true,"href":"https:\/\/blog.zeit.de\/nsu-prozess-blog\/wp-json\/wp\/v2\/users\/435"}],"replies":[{"embeddable":true,"href":"https:\/\/blog.zeit.de\/nsu-prozess-blog\/wp-json\/wp\/v2\/comments?post=8700"}],"version-history":[{"count":9,"href":"https:\/\/blog.zeit.de\/nsu-prozess-blog\/wp-json\/wp\/v2\/posts\/8700\/revisions"}],"predecessor-version":[{"id":8718,"href":"https:\/\/blog.zeit.de\/nsu-prozess-blog\/wp-json\/wp\/v2\/posts\/8700\/revisions\/8718"}],"wp:attachment":[{"href":"https:\/\/blog.zeit.de\/nsu-prozess-blog\/wp-json\/wp\/v2\/media?parent=8700"}],"wp:term":[{"taxonomy":"category","embeddable":true,"href":"https:\/\/blog.zeit.de\/nsu-prozess-blog\/wp-json\/wp\/v2\/categories?post=8700"},{"taxonomy":"post_tag","embeddable":true,"href":"https:\/\/blog.zeit.de\/nsu-prozess-blog\/wp-json\/wp\/v2\/tags?post=8700"}],"curies":[{"name":"wp","href":"https:\/\/api.w.org\/{rel}","templated":true}]}}