{"id":8748,"date":"2015-03-05T08:41:29","date_gmt":"2015-03-05T07:41:29","guid":{"rendered":"http:\/\/blog.zeit.de\/nsu-prozess-blog\/?p=8748"},"modified":"2015-03-05T11:19:44","modified_gmt":"2015-03-05T10:19:44","slug":"medienlog-christian-k-zschaepe-boenhardt-nsu","status":"publish","type":"post","link":"https:\/\/blog.zeit.de\/nsu-prozess-blog\/2015\/03\/05\/medienlog-christian-k-zschaepe-boenhardt-nsu\/","title":{"rendered":"Bauernschlaue Zsch\u00e4pe, explosiver B\u00f6hnhardt \u2013 Das Medienlog vom Donnerstag, 5. M\u00e4rz 2015"},"content":{"rendered":"<p>Einen Blick in die Vergangenheit des Nationalsozialistischen Untergrunds lieferte am Mittwoch der Zeuge Christian K., Bruder des Jenaer Neonazis <a href=\"https:\/\/blog.zeit.de\/nsu-prozess-blog\/2013\/11\/22\/v-mann-tino-b\/\">Andr\u00e9 K.<\/a>, doch aus der rechten Szene ausgestiegen. Vermutlich diesem Hintergrund war es zu verdanken, dass K. vor Gericht unbefangen und flie\u00dfend erz\u00e4hlte: &#8222;Endlich mal, so k\u00f6nnte man sagen, tritt ein Zeuge mit rechtsextremer Vergangenheit nicht penetrant stur und unwillig auf&#8220;, beobachtet Frank Jansen vom <a href=\"http:\/\/www.tagesspiegel.de\/politik\/189-tag-im-nsu-prozess-die-bauernschlaue-beate-zschaepe\/11457360.html\" target=\"_blank\"><em>Tagesspiegel<\/em><\/a>. Trotzdem sei dabei offen geblieben, &#8222;ob der Zeuge alles sagt, was er wei\u00df&#8220;.<br \/>\n<!--more--><\/p>\n<p><em>An jedem Werktag sichten wir f\u00fcr das NSU-Prozess-Blog die Medien und stellen wichtige Berichte, Blogs, Videos und Tweets zusammen. Wir freuen uns \u00fcber Hinweise via Twitter mit dem Hashtag #nsublog \u2013 oder per E-Mail an <a href=\"mailto:nsublog@zeit.de\">nsublog@zeit.de<\/a>.<\/em><\/p>\n<p>In der Vernehmung beschrieb er die Mitglieder des NSU, die er als Jugendlicher kennengelernt hatte: Beate Zsch\u00e4pe war demnach eine Mitl\u00e4uferin und besa\u00df &#8222;Bauernschl\u00e4ue&#8220;, Uwe Mundlos war der Ideologe des Trios und Uwe B\u00f6hnhardt unberechenbar in seiner Aggressivit\u00e4t. Den Mitangeklagten <a href=\"https:\/\/blog.zeit.de\/nsu-prozess-blog\/2015\/03\/04\/medienlog-demonstratrion-nsu-wohlleben-zschaepe\/\">Ralf Wohlleben<\/a> beschrieb er als gleichzeitig spa\u00dforientiert und politisch. Eine milde Einsch\u00e4tzung des Mannes, der die Beschaffung der <a href=\"http:\/\/www.zeit.de\/gesellschaft\/zeitgeschehen\/2013-10\/nsu-prozess-tag47\">Mordpistole des NSU<\/a> organisiert haben soll. &#8222;Will Christian K. ihn in Schutz nehmen?&#8220;, fragt Jansen. Bei einem omin\u00f6sen Treffen im Januar 2000 will K. auch vom Aufenthaltsort des bereits 1998 untergetauchten NSU-Trios erfahren haben.<\/p>\n<p>Die Redefreudigkeit des Aussteigers sei &#8222;eine wohltuende Abwechslung&#8220; nach den h\u00e4ufig mauernden Mitgliedern der rechten Szene, befindet Tanjev Schultz von der <a href=\"http:\/\/www.sueddeutsche.de\/politik\/nsu-prozess-selbstbewusst-aber-eine-mitlaeuferin-1.2377739\" target=\"_blank\"><em>S\u00fcddeutschen Zeitung<\/em><\/a>. Bereitwillig gab K. auch Auskunft dar\u00fcber, dass er nach der Flucht des Trios ein Lied auf die Kameraden gedichtet hatte \u2013 allerdings, nachdem er den Kontakt zuvor als sp\u00e4rlich bezeichnet hatte. &#8222;Christian K. scheint sich (&#8230;) intensiv mit dem Schicksal des Trios besch\u00e4ftigt zu haben&#8220;, merkt der Autor an.<\/p>\n<p>Auff\u00e4llig ist auch die Schulungsveranstaltung der NPD, bei dem ein ihm unbekannter Mann ihm mitgeteilt habe, dass sich das Trio gerade in Chemnitz aufhalte. &#8222;Warum jemand, der nur am Rande mit Zsch\u00e4pe, Mundlos und B\u00f6hnhardt zu tun hatte, auf einmal Insider-Informationen erhielt, ist ein weiteres R\u00e4tsel im NSU-Komplex&#8220;, hei\u00dft es bei uns auf <a href=\"https:\/\/blog.zeit.de\/nsu-prozess-blog\/2015\/03\/04\/mysterioeser-hinweis-auf-zschaepe\/\" target=\"_blank\">ZEIT ONLINE<\/a>. Bei aller Offenheit, die der Zeuge pr\u00e4sentierte, m\u00fcsse gefragt werden, &#8222;ob K. wom\u00f6glich besser vernetzt war, als er zugibt&#8220;.<\/p>\n<p>In jedem Fall habe sich der Zeuge deutlich vom rechten Spektrum abgegrenzt, bemerkt Alf Meier vom <a href=\"http:\/\/www.br.de\/nachrichten\/nsu-prozess\/150304-tagebuch-gerichtsreporter-100.html\" target=\"_blank\"><em>Bayerischen Rundfunk<\/em><\/a>: K. &#8222;will heute ein anderer sein&#8220;. Seine Geschichte sei glaubhaft.<\/p>\n<p>Eine neue Regel l\u00e4sst Fotos und Filmaufnahmen im Gerichtssaal <a href=\"https:\/\/blog.zeit.de\/nsu-prozess-blog\/2015\/03\/04\/medienlog-demonstratrion-nsu-wohlleben-zschaepe\/\">nur noch an zwei Tagen im Monat<\/a> zu \u2013 auf Antrag von Beate Zsch\u00e4pes Anw\u00e4lten. Das Gericht wolle so &#8222;Zsch\u00e4pe den Alltag im NSU-Prozess erleichtern&#8220;, schreibt Annette Ramelsberger von der <a href=\"http:\/\/www.sueddeutsche.de\/politik\/nsu-prozess-mildernde-umstaende-fuer-zschaepe-1.2375980\" target=\"_blank\"><em>S\u00fcddeutschen<\/em><\/a>. Zuletzt waren wegen krankheitsbedingter Ausf\u00e4lle der Hauptangeklagten immer wieder Prozesstage abgebrochen oder gestrichen worden. Bekannt sei, &#8222;dass sie sich mit Ersch\u00f6pfung plagt, dass sie psychosomatische Beschwerden hat&#8220;. Die schlimmste Sorge des Vorsitzenden Richters Manfred G\u00f6tzl sei, dass das Verfahren deshalb platzen k\u00f6nnte.<\/p>\n<p><em>Das n\u00e4chste Medienlog erscheint am Freitag, 6. M\u00e4rz 2015.<\/em><\/p>\n","protected":false},"excerpt":{"rendered":"<p>Einen Blick in die Vergangenheit des Nationalsozialistischen Untergrunds lieferte am Mittwoch der Zeuge Christian K., Bruder des Jenaer Neonazis Andr\u00e9 K., doch aus der rechten Szene ausgestiegen. Vermutlich diesem Hintergrund war es zu verdanken, dass K. vor Gericht unbefangen und flie\u00dfend erz\u00e4hlte: &#8222;Endlich mal, so k\u00f6nnte man sagen, tritt ein Zeuge mit rechtsextremer Vergangenheit nicht [&hellip;]<\/p>\n","protected":false},"author":435,"featured_media":0,"comment_status":"open","ping_status":"open","sticky":false,"template":"","format":"standard","meta":{"_jetpack_memberships_contains_paid_content":false,"footnotes":""},"categories":[27531],"tags":[29463,17860,17793,27541,29464,27559,17772,29510,22860,22859],"class_list":["post-8748","post","type-post","status-publish","format-standard","hentry","category-medienschau","tag-andre-k","tag-aussteiger","tag-beate-zschape","tag-carsten-s","tag-christian-k","tag-manfred-gotzl","tag-ralf-wohlleben","tag-szene","tag-uwe-bohnhardt","tag-uwe-mundlos"],"yoast_head":"<!-- This site is optimized with the Yoast SEO plugin v21.0 - https:\/\/yoast.com\/wordpress\/plugins\/seo\/ -->\n<title>Bauernschlaue Zsch\u00e4pe, explosiver B\u00f6hnhardt \u2013 Das Medienlog vom Donnerstag, 5. M\u00e4rz 2015 - Das NSU-Prozess-Blog<\/title>\n<meta name=\"robots\" content=\"index, follow, max-snippet:-1, max-image-preview:large, max-video-preview:-1\" \/>\n<link rel=\"canonical\" href=\"https:\/\/blog.zeit.de\/nsu-prozess-blog\/2015\/03\/05\/medienlog-christian-k-zschaepe-boenhardt-nsu\/\" \/>\n<meta property=\"og:locale\" content=\"de_DE\" \/>\n<meta property=\"og:type\" content=\"article\" \/>\n<meta property=\"og:title\" content=\"Bauernschlaue Zsch\u00e4pe, explosiver B\u00f6hnhardt \u2013 Das Medienlog vom Donnerstag, 5. M\u00e4rz 2015 - Das NSU-Prozess-Blog\" \/>\n<meta property=\"og:description\" content=\"Einen Blick in die Vergangenheit des Nationalsozialistischen Untergrunds lieferte am Mittwoch der Zeuge Christian K., Bruder des Jenaer Neonazis Andr\u00e9 K., doch aus der rechten Szene ausgestiegen. Vermutlich diesem Hintergrund war es zu verdanken, dass K. vor Gericht unbefangen und flie\u00dfend erz\u00e4hlte: &#8222;Endlich mal, so k\u00f6nnte man sagen, tritt ein Zeuge mit rechtsextremer Vergangenheit nicht [&hellip;]\" \/>\n<meta property=\"og:url\" content=\"https:\/\/blog.zeit.de\/nsu-prozess-blog\/2015\/03\/05\/medienlog-christian-k-zschaepe-boenhardt-nsu\/\" \/>\n<meta property=\"og:site_name\" content=\"Das NSU-Prozess-Blog\" \/>\n<meta property=\"article:published_time\" content=\"2015-03-05T07:41:29+00:00\" \/>\n<meta property=\"article:modified_time\" content=\"2015-03-05T10:19:44+00:00\" \/>\n<meta name=\"author\" content=\"Tom Sundermann\" \/>\n<meta name=\"twitter:label1\" content=\"Geschrieben von\" \/>\n\t<meta name=\"twitter:data1\" content=\"Tom Sundermann\" \/>\n\t<meta name=\"twitter:label2\" content=\"Gesch\u00e4tzte Lesezeit\" \/>\n\t<meta name=\"twitter:data2\" content=\"3\u00a0Minuten\" \/>\n<script type=\"application\/ld+json\" class=\"yoast-schema-graph\">{\"@context\":\"https:\/\/schema.org\",\"@graph\":[{\"@type\":\"WebPage\",\"@id\":\"https:\/\/blog.zeit.de\/nsu-prozess-blog\/2015\/03\/05\/medienlog-christian-k-zschaepe-boenhardt-nsu\/\",\"url\":\"https:\/\/blog.zeit.de\/nsu-prozess-blog\/2015\/03\/05\/medienlog-christian-k-zschaepe-boenhardt-nsu\/\",\"name\":\"Bauernschlaue Zsch\u00e4pe, explosiver B\u00f6hnhardt \u2013 Das Medienlog vom Donnerstag, 5. M\u00e4rz 2015 - Das NSU-Prozess-Blog\",\"isPartOf\":{\"@id\":\"https:\/\/blog.zeit.de\/nsu-prozess-blog\/#website\"},\"datePublished\":\"2015-03-05T07:41:29+00:00\",\"dateModified\":\"2015-03-05T10:19:44+00:00\",\"author\":{\"@id\":\"https:\/\/blog.zeit.de\/nsu-prozess-blog\/#\/schema\/person\/553ea9bb5d1fc2ae054c589bd59380a5\"},\"breadcrumb\":{\"@id\":\"https:\/\/blog.zeit.de\/nsu-prozess-blog\/2015\/03\/05\/medienlog-christian-k-zschaepe-boenhardt-nsu\/#breadcrumb\"},\"inLanguage\":\"de\",\"potentialAction\":[{\"@type\":\"ReadAction\",\"target\":[\"https:\/\/blog.zeit.de\/nsu-prozess-blog\/2015\/03\/05\/medienlog-christian-k-zschaepe-boenhardt-nsu\/\"]}]},{\"@type\":\"BreadcrumbList\",\"@id\":\"https:\/\/blog.zeit.de\/nsu-prozess-blog\/2015\/03\/05\/medienlog-christian-k-zschaepe-boenhardt-nsu\/#breadcrumb\",\"itemListElement\":[{\"@type\":\"ListItem\",\"position\":1,\"name\":\"Startseite\",\"item\":\"https:\/\/blog.zeit.de\/nsu-prozess-blog\/\"},{\"@type\":\"ListItem\",\"position\":2,\"name\":\"Bauernschlaue Zsch\u00e4pe, explosiver B\u00f6hnhardt \u2013 Das Medienlog vom Donnerstag, 5. M\u00e4rz 2015\"}]},{\"@type\":\"WebSite\",\"@id\":\"https:\/\/blog.zeit.de\/nsu-prozess-blog\/#website\",\"url\":\"https:\/\/blog.zeit.de\/nsu-prozess-blog\/\",\"name\":\"Das NSU-Prozess-Blog\",\"description\":\"Alle Berichte zum Terrorverfahren in M\u00fcnchen\",\"potentialAction\":[{\"@type\":\"SearchAction\",\"target\":{\"@type\":\"EntryPoint\",\"urlTemplate\":\"https:\/\/blog.zeit.de\/nsu-prozess-blog\/?s={search_term_string}\"},\"query-input\":\"required name=search_term_string\"}],\"inLanguage\":\"de\"},{\"@type\":\"Person\",\"@id\":\"https:\/\/blog.zeit.de\/nsu-prozess-blog\/#\/schema\/person\/553ea9bb5d1fc2ae054c589bd59380a5\",\"name\":\"Tom Sundermann\",\"image\":{\"@type\":\"ImageObject\",\"inLanguage\":\"de\",\"@id\":\"https:\/\/blog.zeit.de\/nsu-prozess-blog\/#\/schema\/person\/image\/\",\"url\":\"https:\/\/secure.gravatar.com\/avatar\/e108a3dc18766f719b2f797dc5d19093f06a1870c55b553ab6b7563f1f9a5e68?s=96&d=mm&r=g\",\"contentUrl\":\"https:\/\/secure.gravatar.com\/avatar\/e108a3dc18766f719b2f797dc5d19093f06a1870c55b553ab6b7563f1f9a5e68?s=96&d=mm&r=g\",\"caption\":\"Tom Sundermann\"},\"sameAs\":[\"https:\/\/twitter.com\/messeticker\"],\"url\":\"https:\/\/blog.zeit.de\/nsu-prozess-blog\/author\/tsundermann\/\"}]}<\/script>\n<!-- \/ Yoast SEO plugin. -->","yoast_head_json":{"title":"Bauernschlaue Zsch\u00e4pe, explosiver B\u00f6hnhardt \u2013 Das Medienlog vom Donnerstag, 5. M\u00e4rz 2015 - Das NSU-Prozess-Blog","robots":{"index":"index","follow":"follow","max-snippet":"max-snippet:-1","max-image-preview":"max-image-preview:large","max-video-preview":"max-video-preview:-1"},"canonical":"https:\/\/blog.zeit.de\/nsu-prozess-blog\/2015\/03\/05\/medienlog-christian-k-zschaepe-boenhardt-nsu\/","og_locale":"de_DE","og_type":"article","og_title":"Bauernschlaue Zsch\u00e4pe, explosiver B\u00f6hnhardt \u2013 Das Medienlog vom Donnerstag, 5. M\u00e4rz 2015 - Das NSU-Prozess-Blog","og_description":"Einen Blick in die Vergangenheit des Nationalsozialistischen Untergrunds lieferte am Mittwoch der Zeuge Christian K., Bruder des Jenaer Neonazis Andr\u00e9 K., doch aus der rechten Szene ausgestiegen. Vermutlich diesem Hintergrund war es zu verdanken, dass K. vor Gericht unbefangen und flie\u00dfend erz\u00e4hlte: &#8222;Endlich mal, so k\u00f6nnte man sagen, tritt ein Zeuge mit rechtsextremer Vergangenheit nicht [&hellip;]","og_url":"https:\/\/blog.zeit.de\/nsu-prozess-blog\/2015\/03\/05\/medienlog-christian-k-zschaepe-boenhardt-nsu\/","og_site_name":"Das NSU-Prozess-Blog","article_published_time":"2015-03-05T07:41:29+00:00","article_modified_time":"2015-03-05T10:19:44+00:00","author":"Tom Sundermann","twitter_misc":{"Geschrieben von":"Tom Sundermann","Gesch\u00e4tzte Lesezeit":"3\u00a0Minuten"},"schema":{"@context":"https:\/\/schema.org","@graph":[{"@type":"WebPage","@id":"https:\/\/blog.zeit.de\/nsu-prozess-blog\/2015\/03\/05\/medienlog-christian-k-zschaepe-boenhardt-nsu\/","url":"https:\/\/blog.zeit.de\/nsu-prozess-blog\/2015\/03\/05\/medienlog-christian-k-zschaepe-boenhardt-nsu\/","name":"Bauernschlaue Zsch\u00e4pe, explosiver B\u00f6hnhardt \u2013 Das Medienlog vom Donnerstag, 5. M\u00e4rz 2015 - Das NSU-Prozess-Blog","isPartOf":{"@id":"https:\/\/blog.zeit.de\/nsu-prozess-blog\/#website"},"datePublished":"2015-03-05T07:41:29+00:00","dateModified":"2015-03-05T10:19:44+00:00","author":{"@id":"https:\/\/blog.zeit.de\/nsu-prozess-blog\/#\/schema\/person\/553ea9bb5d1fc2ae054c589bd59380a5"},"breadcrumb":{"@id":"https:\/\/blog.zeit.de\/nsu-prozess-blog\/2015\/03\/05\/medienlog-christian-k-zschaepe-boenhardt-nsu\/#breadcrumb"},"inLanguage":"de","potentialAction":[{"@type":"ReadAction","target":["https:\/\/blog.zeit.de\/nsu-prozess-blog\/2015\/03\/05\/medienlog-christian-k-zschaepe-boenhardt-nsu\/"]}]},{"@type":"BreadcrumbList","@id":"https:\/\/blog.zeit.de\/nsu-prozess-blog\/2015\/03\/05\/medienlog-christian-k-zschaepe-boenhardt-nsu\/#breadcrumb","itemListElement":[{"@type":"ListItem","position":1,"name":"Startseite","item":"https:\/\/blog.zeit.de\/nsu-prozess-blog\/"},{"@type":"ListItem","position":2,"name":"Bauernschlaue Zsch\u00e4pe, explosiver B\u00f6hnhardt \u2013 Das Medienlog vom Donnerstag, 5. M\u00e4rz 2015"}]},{"@type":"WebSite","@id":"https:\/\/blog.zeit.de\/nsu-prozess-blog\/#website","url":"https:\/\/blog.zeit.de\/nsu-prozess-blog\/","name":"Das NSU-Prozess-Blog","description":"Alle Berichte zum Terrorverfahren in M\u00fcnchen","potentialAction":[{"@type":"SearchAction","target":{"@type":"EntryPoint","urlTemplate":"https:\/\/blog.zeit.de\/nsu-prozess-blog\/?s={search_term_string}"},"query-input":"required name=search_term_string"}],"inLanguage":"de"},{"@type":"Person","@id":"https:\/\/blog.zeit.de\/nsu-prozess-blog\/#\/schema\/person\/553ea9bb5d1fc2ae054c589bd59380a5","name":"Tom Sundermann","image":{"@type":"ImageObject","inLanguage":"de","@id":"https:\/\/blog.zeit.de\/nsu-prozess-blog\/#\/schema\/person\/image\/","url":"https:\/\/secure.gravatar.com\/avatar\/e108a3dc18766f719b2f797dc5d19093f06a1870c55b553ab6b7563f1f9a5e68?s=96&d=mm&r=g","contentUrl":"https:\/\/secure.gravatar.com\/avatar\/e108a3dc18766f719b2f797dc5d19093f06a1870c55b553ab6b7563f1f9a5e68?s=96&d=mm&r=g","caption":"Tom Sundermann"},"sameAs":["https:\/\/twitter.com\/messeticker"],"url":"https:\/\/blog.zeit.de\/nsu-prozess-blog\/author\/tsundermann\/"}]}},"jetpack_featured_media_url":"","jetpack_sharing_enabled":true,"_links":{"self":[{"href":"https:\/\/blog.zeit.de\/nsu-prozess-blog\/wp-json\/wp\/v2\/posts\/8748","targetHints":{"allow":["GET"]}}],"collection":[{"href":"https:\/\/blog.zeit.de\/nsu-prozess-blog\/wp-json\/wp\/v2\/posts"}],"about":[{"href":"https:\/\/blog.zeit.de\/nsu-prozess-blog\/wp-json\/wp\/v2\/types\/post"}],"author":[{"embeddable":true,"href":"https:\/\/blog.zeit.de\/nsu-prozess-blog\/wp-json\/wp\/v2\/users\/435"}],"replies":[{"embeddable":true,"href":"https:\/\/blog.zeit.de\/nsu-prozess-blog\/wp-json\/wp\/v2\/comments?post=8748"}],"version-history":[{"count":5,"href":"https:\/\/blog.zeit.de\/nsu-prozess-blog\/wp-json\/wp\/v2\/posts\/8748\/revisions"}],"predecessor-version":[{"id":8753,"href":"https:\/\/blog.zeit.de\/nsu-prozess-blog\/wp-json\/wp\/v2\/posts\/8748\/revisions\/8753"}],"wp:attachment":[{"href":"https:\/\/blog.zeit.de\/nsu-prozess-blog\/wp-json\/wp\/v2\/media?parent=8748"}],"wp:term":[{"taxonomy":"category","embeddable":true,"href":"https:\/\/blog.zeit.de\/nsu-prozess-blog\/wp-json\/wp\/v2\/categories?post=8748"},{"taxonomy":"post_tag","embeddable":true,"href":"https:\/\/blog.zeit.de\/nsu-prozess-blog\/wp-json\/wp\/v2\/tags?post=8748"}],"curies":[{"name":"wp","href":"https:\/\/api.w.org\/{rel}","templated":true}]}}