{"id":876,"date":"2013-06-04T06:57:36","date_gmt":"2013-06-04T04:57:36","guid":{"rendered":"http:\/\/blog.zeit.de\/nsu-prozess-blog\/?p=876"},"modified":"2013-08-27T07:24:02","modified_gmt":"2013-08-27T05:24:02","slug":"funf-fakten-zu-zschapes-anwalten","status":"publish","type":"post","link":"https:\/\/blog.zeit.de\/nsu-prozess-blog\/2013\/06\/04\/funf-fakten-zu-zschapes-anwalten\/","title":{"rendered":"F\u00fcnf Fakten zu Zsch\u00e4pes Anw\u00e4lten"},"content":{"rendered":"<p><figure id=\"attachment_918\" aria-describedby=\"caption-attachment-918\" style=\"width: 580px\" class=\"wp-caption alignnone\"><a href=\"https:\/\/blog.zeit.de\/nsu-prozess-blog\/2013\/06\/04\/funf-fakten-zu-zschapes-anwalten\/anwaelte-2\/\" rel=\"attachment wp-att-918\"><img loading=\"lazy\" decoding=\"async\" class=\"size-full wp-image-918\" alt=\"Anja Sturm, Wolfgang Stahl und Wolfgang Heer (\u00a9 Tobias Hase\/dpa)\" src=\"https:\/\/blog.zeit.de\/nsu-prozess-blog\/files\/2013\/06\/anwaelte1.jpg\" width=\"580\" height=\"326\" srcset=\"https:\/\/blog.zeit.de\/nsu-prozess-blog\/files\/2013\/06\/anwaelte1.jpg 580w, https:\/\/blog.zeit.de\/nsu-prozess-blog\/files\/2013\/06\/anwaelte1-220x124.jpg 220w\" sizes=\"auto, (max-width: 580px) 100vw, 580px\" \/><\/a><figcaption id=\"caption-attachment-918\" class=\"wp-caption-text\">Anja Sturm, Wolfgang Stahl und Wolfgang Heer (\u00a9 Tobias Hase\/dpa)<\/figcaption><\/figure><\/p>\n<p dir=\"ltr\" style=\"text-align: left;\"><em>Sie hei\u00dfen Sturm, Heer und Stahl und fahren eine knallharte Verteidigungsstrategie f\u00fcr die Hauptangeklagte im NSU-Prozess. Mit ihren Antr\u00e4gen schafften sie es bereits, die Verhandlung um einige Tage zu verschieben. Am Dienstag geht es in M\u00fcnchen weiter. H\u00f6chste Zeit also f\u00fcr ein paar Fakten \u00fcber Beate Zsch\u00e4pes Anw\u00e4lte.<\/em><\/p>\n<p dir=\"ltr\" style=\"text-align: left;\"><!--more--><\/p>\n<p dir=\"ltr\"><strong>Warum hat Beate Zsch\u00e4pe drei Anw\u00e4lte?<\/strong><\/p>\n<p dir=\"ltr\">F\u00fcr ein Gerichtsverfahren dieser Gr\u00f6\u00dfenordnung ist das v\u00f6llig normal. Auch die Bundesanwaltschaft ist als Ankl\u00e4ger mit vier Staats- beziehungsweise Bundesanw\u00e4lten in M\u00fcnchen vertreten. Schlie\u00dflich umfassen die Akten zum Verfahren mehr als 600 Ordner, die es akribisch durchzuarbeiten gilt. Der NSU-Prozess findet an drei Tagen in der Woche statt, er wird mindestens zwei Jahre dauern. Das ist f\u00fcr einen Anwalt allein praktisch kaum zu schaffen. &#8222;Gibt es nur einen Verteidiger und f\u00e4llt dieser wegen Krankheit oder aus anderen Gr\u00fcnden aus, dann platzt der gesamte Prozess&#8220;, sagt Zsch\u00e4pes Anwalt Wolfgang Stahl ZEIT ONLINE. Zudem haben die drei Anw\u00e4lte noch andere Mandanten, die sie parallel betreuen m\u00fcssen.<\/p>\n<p dir=\"ltr\" id=\"docs-internal-guid-0c9821bd-0ad5-0043-1c5d-7cdf072a6311\"><strong>Wie kam Zsch\u00e4pe zu ihren Anw\u00e4lten?<\/strong><\/p>\n<p dir=\"ltr\">Zsch\u00e4pe konnte selbst ausw\u00e4hlen, wer sie vertritt. Als sie sich am 8. November 2011 nach viert\u00e4giger Flucht der Polizei stellte, war sie bereits in Begleitung eines Anwalts, den sie kurz zuvor in Jena beauftragt hatte. Der wollte das Mandat aber nicht fortf\u00fchren. \u00dcber seine Empfehlung kam Zsch\u00e4pe letztlich zum K\u00f6lner Rechtsanwalt <a href=\"http:\/\/www.ftd.de\/politik\/deutschland\/:zschaepes-verteidiger-wolfgang-heer-naziterror-statt-karneval\/70115613.html\">Wolfgang Heer<\/a>. Der wiederum bat den Koblenzer Strafverteidiger <a href=\"http:\/\/www.swr.de\/nachrichten\/rp\/zschaepe-anwalt-wolfgang-stahl\/-\/id=1682\/nid=1682\/did=11357384\/1lanfmn\/\">Wolfgang Stahl<\/a> um Unterst\u00fctzung. Im August 2012 verst\u00e4rkte sich das Verteidigerteam um die Berliner Juristin <a href=\"http:\/\/www.brigitte.de\/frauen\/gesellschaft\/anja-sturm-1161557\/\">Anja Sturm<\/a>. Sie kennt den <a href=\"http:\/\/www.zeit.de\/politik\/2013-05\/der-ringrichter\">umstrittenen und als unberechenbar geltenden Vorsitzenden Richter Manfred G\u00f6tzl<\/a> schon aus einem gro\u00dfen Islamistenprozess in M\u00fcnchen. Dass die Namen der drei Anw\u00e4lte im Zusammenklang so martialisch wirken, ist also Zufall und Ironie des Lebens.<\/p>\n<p dir=\"ltr\"><strong>Warum \u00fcbernimmt jemand die Verteidigung eines mutma\u00dflichen Terroristen?<\/strong><\/p>\n<p dir=\"ltr\">Anders als die <a href=\"https:\/\/blog.zeit.de\/nsu-prozess-blog\/2013\/06\/03\/wohlleben-anwaltin-gerichtskosten\/\">Anw\u00e4ltin des Mitangeklagten Ralf Wohlleben<\/a> stehen die drei Rechtsbeist\u00e4nde von Beate Zsch\u00e4pe nicht im Verdacht, mit der rechtsextremen Szene zu sympathisieren. &#8222;In einem Rechtsstaat steht jedem eine ordnungsgem\u00e4\u00dfe Verteidigung vor Gericht zu, egal welches schwere Verbrechen ihm oder ihr vorgeworfen wird&#8220;, sagt Zsch\u00e4pe-Anwalt Stahl \u00fcber seine Beweggr\u00fcnde: &#8222;F\u00fcr jeden Angeklagten in Deutschland gilt die Unschuldsvermutung. Wir sind dazu da, immer wieder daran zu erinnern und Frau Zsch\u00e4pe einen fairen Prozess zu erm\u00f6glichen. Die Indizien, die gegen sie vorliegen, sind \u00e4u\u00dfert zweifelhaft, Beweise gibt es nicht.&#8220;<\/p>\n<p dir=\"ltr\">Ein solch \u00f6ffentlichkeitswirksamer Prozess ist f\u00fcr die drei ambitionierten und noch recht jungen Anw\u00e4lte aber nat\u00fcrlich auch eine M\u00f6glichkeit, zu Ber\u00fchmtheit zu gelangen und die eigene Kanzlei f\u00fcr weitere gro\u00dfe Strafverfahren zu empfehlen. Es gibt Anw\u00e4lte, die sich regelrecht darauf spezialisiert haben, Terrorangeklagte zu verteidigen. Sturm, Heer und Stahl z\u00e4hlten bislang nicht dazu.<\/p>\n<p dir=\"ltr\"><!--more--><\/p>\n<p dir=\"ltr\"><strong>Wie werden die Anw\u00e4lte bezahlt?<\/strong><\/p>\n<p dir=\"ltr\">Das <a href=\"http:\/\/www.gesetze-im-internet.de\/rvg\/__42.html\">Gesetz \u00fcber die Verg\u00fctung der Rechtsanw\u00e4ltinnen und Rechtsanw\u00e4lte (RVG)<\/a> regelt, was Verteidiger verdienen. Demnach erh\u00e4lt ein Pflichtverteidiger 132 Euro f\u00fcr die Vorbereitung\u00a0 auf einen Verhandlungstag, f\u00fcr den Gerichtstag selbst dann 112 Euro. Laut Paragraph 42 kann das Gericht in F\u00e4llen, in denen Anw\u00e4lten besonderer Aufwand entsteht, eine Zusatzpauschale zur normalen Geb\u00fchrentabelle festlegen. Diese liegt in etwa zwischen 600 Euro und 2.500 Euro pro Anwalt und Verhandlungstag. Heer, Stahl und Sturm sind Pflichtverteidiger. Das bedeutet, dass nicht Zsch\u00e4pe, sondern erst einmal der Staat die Anwaltskosten \u00fcbernimmt. Bei einer Verurteilung kann der Staat das Geld von Zsch\u00e4pe zur\u00fcckfordern. In gr\u00f6\u00dferen Strafverfahren steht jedem Angeklagten mindestens ein professioneller Rechtsbeistand zu, Angeklagte d\u00fcrfen sich ohne entsprechende Ausbildung gar nicht selbst verteidigen.<\/p>\n<p dir=\"ltr\"><strong>Gelten f\u00fcr Zsch\u00e4pes Anw\u00e4lte die gleichen Rechte wie f\u00fcr andere Prozessbeteiligte?<\/strong><\/p>\n<p dir=\"ltr\">Ja. Das Bundesverfassungsgericht hat entschieden, dass pauschale Verd\u00e4chtigungen gegen Verteidiger verboten sind. Zsch\u00e4pes Anw\u00e4lte wehren sich daher dagegen, dass sie und auch die Rechtsvertreter der Nebenkl\u00e4ger vor dem Beginn jeder Verhandlung durchsucht werden, Richter und Justizbeamte aber nicht. Ihr Befangenheitsantrag gegen den Vorsitzenden Richter G\u00f6tzl wurde allerdings abgelehnt. Nach Angaben von Anwalt Stahl ist die Durchsuchung von Anw\u00e4lten aber kein m\u00f6glicher Revisionsgrund \u2013 also Grund f\u00fcr die Verteidigung, das Urteil wegen formeller Fehler zu beanstanden. Einen lesenswerten Gastbeitrag zum Thema &#8222;Rechte der Verteidiger&#8220; gibt es <a href=\"http:\/\/www.faz.net\/aktuell\/politik\/staat-und-recht\/nsu-prozess-die-freiheit-des-rechtsanwalts-12185145.html\">hier<\/a>.<\/p>\n","protected":false},"excerpt":{"rendered":"<p>Sie hei\u00dfen Sturm, Heer und Stahl und fahren eine knallharte Verteidigungsstrategie f\u00fcr die Hauptangeklagte im NSU-Prozess. Mit ihren Antr\u00e4gen schafften sie es bereits, die Verhandlung um einige Tage zu verschieben. Am Dienstag geht es in M\u00fcnchen weiter. H\u00f6chste Zeit also f\u00fcr ein paar Fakten \u00fcber Beate Zsch\u00e4pes Anw\u00e4lte.<\/p>\n","protected":false},"author":350,"featured_media":0,"comment_status":"open","ping_status":"open","sticky":false,"template":"","format":"standard","meta":{"_jetpack_memberships_contains_paid_content":false,"footnotes":""},"categories":[16],"tags":[],"class_list":["post-876","post","type-post","status-publish","format-standard","hentry","category-allgemein"],"yoast_head":"<!-- This site is optimized with the Yoast SEO plugin v21.0 - https:\/\/yoast.com\/wordpress\/plugins\/seo\/ -->\n<title>F\u00fcnf Fakten zu Zsch\u00e4pes Anw\u00e4lten - Das NSU-Prozess-Blog<\/title>\n<meta name=\"robots\" content=\"index, follow, max-snippet:-1, max-image-preview:large, max-video-preview:-1\" \/>\n<link rel=\"canonical\" href=\"https:\/\/blog.zeit.de\/nsu-prozess-blog\/2013\/06\/04\/funf-fakten-zu-zschapes-anwalten\/\" \/>\n<meta property=\"og:locale\" content=\"de_DE\" \/>\n<meta property=\"og:type\" content=\"article\" \/>\n<meta property=\"og:title\" content=\"F\u00fcnf Fakten zu Zsch\u00e4pes Anw\u00e4lten - Das NSU-Prozess-Blog\" \/>\n<meta property=\"og:description\" content=\"Sie hei\u00dfen Sturm, Heer und Stahl und fahren eine knallharte Verteidigungsstrategie f\u00fcr die Hauptangeklagte im NSU-Prozess. Mit ihren Antr\u00e4gen schafften sie es bereits, die Verhandlung um einige Tage zu verschieben. Am Dienstag geht es in M\u00fcnchen weiter. H\u00f6chste Zeit also f\u00fcr ein paar Fakten \u00fcber Beate Zsch\u00e4pes Anw\u00e4lte.\" \/>\n<meta property=\"og:url\" content=\"https:\/\/blog.zeit.de\/nsu-prozess-blog\/2013\/06\/04\/funf-fakten-zu-zschapes-anwalten\/\" \/>\n<meta property=\"og:site_name\" content=\"Das NSU-Prozess-Blog\" \/>\n<meta property=\"article:published_time\" content=\"2013-06-04T04:57:36+00:00\" \/>\n<meta property=\"article:modified_time\" content=\"2013-08-27T05:24:02+00:00\" \/>\n<meta property=\"og:image\" content=\"https:\/\/blog.zeit.de\/nsu-prozess-blog\/files\/2013\/06\/anwaelte1.jpg\" \/>\n<meta name=\"author\" content=\"Lisa Caspari\" \/>\n<meta name=\"twitter:label1\" content=\"Geschrieben von\" \/>\n\t<meta name=\"twitter:data1\" content=\"Lisa Caspari\" \/>\n\t<meta name=\"twitter:label2\" content=\"Gesch\u00e4tzte Lesezeit\" \/>\n\t<meta name=\"twitter:data2\" content=\"4\u00a0Minuten\" \/>\n<script type=\"application\/ld+json\" class=\"yoast-schema-graph\">{\"@context\":\"https:\/\/schema.org\",\"@graph\":[{\"@type\":\"WebPage\",\"@id\":\"https:\/\/blog.zeit.de\/nsu-prozess-blog\/2013\/06\/04\/funf-fakten-zu-zschapes-anwalten\/\",\"url\":\"https:\/\/blog.zeit.de\/nsu-prozess-blog\/2013\/06\/04\/funf-fakten-zu-zschapes-anwalten\/\",\"name\":\"F\u00fcnf Fakten zu Zsch\u00e4pes Anw\u00e4lten - Das NSU-Prozess-Blog\",\"isPartOf\":{\"@id\":\"https:\/\/blog.zeit.de\/nsu-prozess-blog\/#website\"},\"datePublished\":\"2013-06-04T04:57:36+00:00\",\"dateModified\":\"2013-08-27T05:24:02+00:00\",\"author\":{\"@id\":\"https:\/\/blog.zeit.de\/nsu-prozess-blog\/#\/schema\/person\/3863bcab169f6697a6d5c63117df8405\"},\"breadcrumb\":{\"@id\":\"https:\/\/blog.zeit.de\/nsu-prozess-blog\/2013\/06\/04\/funf-fakten-zu-zschapes-anwalten\/#breadcrumb\"},\"inLanguage\":\"de\",\"potentialAction\":[{\"@type\":\"ReadAction\",\"target\":[\"https:\/\/blog.zeit.de\/nsu-prozess-blog\/2013\/06\/04\/funf-fakten-zu-zschapes-anwalten\/\"]}]},{\"@type\":\"BreadcrumbList\",\"@id\":\"https:\/\/blog.zeit.de\/nsu-prozess-blog\/2013\/06\/04\/funf-fakten-zu-zschapes-anwalten\/#breadcrumb\",\"itemListElement\":[{\"@type\":\"ListItem\",\"position\":1,\"name\":\"Startseite\",\"item\":\"https:\/\/blog.zeit.de\/nsu-prozess-blog\/\"},{\"@type\":\"ListItem\",\"position\":2,\"name\":\"F\u00fcnf Fakten zu Zsch\u00e4pes Anw\u00e4lten\"}]},{\"@type\":\"WebSite\",\"@id\":\"https:\/\/blog.zeit.de\/nsu-prozess-blog\/#website\",\"url\":\"https:\/\/blog.zeit.de\/nsu-prozess-blog\/\",\"name\":\"Das NSU-Prozess-Blog\",\"description\":\"Alle Berichte zum Terrorverfahren in M\u00fcnchen\",\"potentialAction\":[{\"@type\":\"SearchAction\",\"target\":{\"@type\":\"EntryPoint\",\"urlTemplate\":\"https:\/\/blog.zeit.de\/nsu-prozess-blog\/?s={search_term_string}\"},\"query-input\":\"required name=search_term_string\"}],\"inLanguage\":\"de\"},{\"@type\":\"Person\",\"@id\":\"https:\/\/blog.zeit.de\/nsu-prozess-blog\/#\/schema\/person\/3863bcab169f6697a6d5c63117df8405\",\"name\":\"Lisa Caspari\",\"image\":{\"@type\":\"ImageObject\",\"inLanguage\":\"de\",\"@id\":\"https:\/\/blog.zeit.de\/nsu-prozess-blog\/#\/schema\/person\/image\/\",\"url\":\"https:\/\/secure.gravatar.com\/avatar\/24bd331e48d30258d7a5e9a5037e7c5af9e47c88ab2ecbc7568c2f10e40e93fc?s=96&d=mm&r=g\",\"contentUrl\":\"https:\/\/secure.gravatar.com\/avatar\/24bd331e48d30258d7a5e9a5037e7c5af9e47c88ab2ecbc7568c2f10e40e93fc?s=96&d=mm&r=g\",\"caption\":\"Lisa Caspari\"},\"description\":\"ist Redakteurin im Ressort Politik, Wirtschaft und Gesellschaft bei ZEIT ONLINE.\",\"url\":\"https:\/\/blog.zeit.de\/nsu-prozess-blog\/author\/lisacaspari\/\"}]}<\/script>\n<!-- \/ Yoast SEO plugin. -->","yoast_head_json":{"title":"F\u00fcnf Fakten zu Zsch\u00e4pes Anw\u00e4lten - Das NSU-Prozess-Blog","robots":{"index":"index","follow":"follow","max-snippet":"max-snippet:-1","max-image-preview":"max-image-preview:large","max-video-preview":"max-video-preview:-1"},"canonical":"https:\/\/blog.zeit.de\/nsu-prozess-blog\/2013\/06\/04\/funf-fakten-zu-zschapes-anwalten\/","og_locale":"de_DE","og_type":"article","og_title":"F\u00fcnf Fakten zu Zsch\u00e4pes Anw\u00e4lten - Das NSU-Prozess-Blog","og_description":"Sie hei\u00dfen Sturm, Heer und Stahl und fahren eine knallharte Verteidigungsstrategie f\u00fcr die Hauptangeklagte im NSU-Prozess. Mit ihren Antr\u00e4gen schafften sie es bereits, die Verhandlung um einige Tage zu verschieben. Am Dienstag geht es in M\u00fcnchen weiter. H\u00f6chste Zeit also f\u00fcr ein paar Fakten \u00fcber Beate Zsch\u00e4pes Anw\u00e4lte.","og_url":"https:\/\/blog.zeit.de\/nsu-prozess-blog\/2013\/06\/04\/funf-fakten-zu-zschapes-anwalten\/","og_site_name":"Das NSU-Prozess-Blog","article_published_time":"2013-06-04T04:57:36+00:00","article_modified_time":"2013-08-27T05:24:02+00:00","og_image":[{"url":"https:\/\/blog.zeit.de\/nsu-prozess-blog\/files\/2013\/06\/anwaelte1.jpg"}],"author":"Lisa Caspari","twitter_misc":{"Geschrieben von":"Lisa Caspari","Gesch\u00e4tzte Lesezeit":"4\u00a0Minuten"},"schema":{"@context":"https:\/\/schema.org","@graph":[{"@type":"WebPage","@id":"https:\/\/blog.zeit.de\/nsu-prozess-blog\/2013\/06\/04\/funf-fakten-zu-zschapes-anwalten\/","url":"https:\/\/blog.zeit.de\/nsu-prozess-blog\/2013\/06\/04\/funf-fakten-zu-zschapes-anwalten\/","name":"F\u00fcnf Fakten zu Zsch\u00e4pes Anw\u00e4lten - Das NSU-Prozess-Blog","isPartOf":{"@id":"https:\/\/blog.zeit.de\/nsu-prozess-blog\/#website"},"datePublished":"2013-06-04T04:57:36+00:00","dateModified":"2013-08-27T05:24:02+00:00","author":{"@id":"https:\/\/blog.zeit.de\/nsu-prozess-blog\/#\/schema\/person\/3863bcab169f6697a6d5c63117df8405"},"breadcrumb":{"@id":"https:\/\/blog.zeit.de\/nsu-prozess-blog\/2013\/06\/04\/funf-fakten-zu-zschapes-anwalten\/#breadcrumb"},"inLanguage":"de","potentialAction":[{"@type":"ReadAction","target":["https:\/\/blog.zeit.de\/nsu-prozess-blog\/2013\/06\/04\/funf-fakten-zu-zschapes-anwalten\/"]}]},{"@type":"BreadcrumbList","@id":"https:\/\/blog.zeit.de\/nsu-prozess-blog\/2013\/06\/04\/funf-fakten-zu-zschapes-anwalten\/#breadcrumb","itemListElement":[{"@type":"ListItem","position":1,"name":"Startseite","item":"https:\/\/blog.zeit.de\/nsu-prozess-blog\/"},{"@type":"ListItem","position":2,"name":"F\u00fcnf Fakten zu Zsch\u00e4pes Anw\u00e4lten"}]},{"@type":"WebSite","@id":"https:\/\/blog.zeit.de\/nsu-prozess-blog\/#website","url":"https:\/\/blog.zeit.de\/nsu-prozess-blog\/","name":"Das NSU-Prozess-Blog","description":"Alle Berichte zum Terrorverfahren in M\u00fcnchen","potentialAction":[{"@type":"SearchAction","target":{"@type":"EntryPoint","urlTemplate":"https:\/\/blog.zeit.de\/nsu-prozess-blog\/?s={search_term_string}"},"query-input":"required name=search_term_string"}],"inLanguage":"de"},{"@type":"Person","@id":"https:\/\/blog.zeit.de\/nsu-prozess-blog\/#\/schema\/person\/3863bcab169f6697a6d5c63117df8405","name":"Lisa Caspari","image":{"@type":"ImageObject","inLanguage":"de","@id":"https:\/\/blog.zeit.de\/nsu-prozess-blog\/#\/schema\/person\/image\/","url":"https:\/\/secure.gravatar.com\/avatar\/24bd331e48d30258d7a5e9a5037e7c5af9e47c88ab2ecbc7568c2f10e40e93fc?s=96&d=mm&r=g","contentUrl":"https:\/\/secure.gravatar.com\/avatar\/24bd331e48d30258d7a5e9a5037e7c5af9e47c88ab2ecbc7568c2f10e40e93fc?s=96&d=mm&r=g","caption":"Lisa Caspari"},"description":"ist Redakteurin im Ressort Politik, Wirtschaft und Gesellschaft bei ZEIT ONLINE.","url":"https:\/\/blog.zeit.de\/nsu-prozess-blog\/author\/lisacaspari\/"}]}},"jetpack_featured_media_url":"","jetpack_sharing_enabled":true,"_links":{"self":[{"href":"https:\/\/blog.zeit.de\/nsu-prozess-blog\/wp-json\/wp\/v2\/posts\/876","targetHints":{"allow":["GET"]}}],"collection":[{"href":"https:\/\/blog.zeit.de\/nsu-prozess-blog\/wp-json\/wp\/v2\/posts"}],"about":[{"href":"https:\/\/blog.zeit.de\/nsu-prozess-blog\/wp-json\/wp\/v2\/types\/post"}],"author":[{"embeddable":true,"href":"https:\/\/blog.zeit.de\/nsu-prozess-blog\/wp-json\/wp\/v2\/users\/350"}],"replies":[{"embeddable":true,"href":"https:\/\/blog.zeit.de\/nsu-prozess-blog\/wp-json\/wp\/v2\/comments?post=876"}],"version-history":[{"count":23,"href":"https:\/\/blog.zeit.de\/nsu-prozess-blog\/wp-json\/wp\/v2\/posts\/876\/revisions"}],"predecessor-version":[{"id":2726,"href":"https:\/\/blog.zeit.de\/nsu-prozess-blog\/wp-json\/wp\/v2\/posts\/876\/revisions\/2726"}],"wp:attachment":[{"href":"https:\/\/blog.zeit.de\/nsu-prozess-blog\/wp-json\/wp\/v2\/media?parent=876"}],"wp:term":[{"taxonomy":"category","embeddable":true,"href":"https:\/\/blog.zeit.de\/nsu-prozess-blog\/wp-json\/wp\/v2\/categories?post=876"},{"taxonomy":"post_tag","embeddable":true,"href":"https:\/\/blog.zeit.de\/nsu-prozess-blog\/wp-json\/wp\/v2\/tags?post=876"}],"curies":[{"name":"wp","href":"https:\/\/api.w.org\/{rel}","templated":true}]}}