{"id":8797,"date":"2015-03-13T09:28:15","date_gmt":"2015-03-13T08:28:15","guid":{"rendered":"http:\/\/blog.zeit.de\/nsu-prozess-blog\/?p=8797"},"modified":"2015-03-13T11:32:44","modified_gmt":"2015-03-13T10:32:44","slug":"medienlog-mundlos-freund-jena-zschaepe-nsu","status":"publish","type":"post","link":"https:\/\/blog.zeit.de\/nsu-prozess-blog\/2015\/03\/13\/medienlog-mundlos-freund-jena-zschaepe-nsu\/","title":{"rendered":"Mundlos war fasziniert vom Terrorismus \u2013 Das Medienlog vom Freitag, 13. M\u00e4rz 2015"},"content":{"rendered":"<p>Am 192. Prozesstag sagte der Zeuge Andreas R. aus, der zu Jugendzeiten in Jena der beste Freund von Uwe Mundlos war. Er bekam mit, wie sich sein Schulkamerad vom alternativen SED-Gegner zum Rechtsradikalen wandelte. Unter anderem sagte R. aus, dass Mundlos gerne die Serie <em>Paulchen Panther<\/em> geschaut habe \u2013 aus der sp\u00e4ter das <a href=\"https:\/\/blog.zeit.de\/nsu-prozess-blog\/2014\/11\/19\/medienlog-nsu-bekennervideo-zschaepe-boehnhardt\/\">Bekennervideo des NSU<\/a> zusammengeschnitten wurde. Es handelte sich um eine denkw\u00fcrdige Aussage, weil sie &#8222;die fr\u00fchen Tendenzen von Mundlos zum Rechtsextremismus und sein zunehmendes Abgleiten&#8220; offenbarte, schreibt Bj\u00f6rn Hengst auf <a href=\"http:\/\/www.spiegel.de\/panorama\/justiz\/nsu-prozess-jugendfreund-von-uwe-mundlos-sagt-aus-a-1023260.html\" target=\"_blank\"><em>Spiegel Online<\/em><\/a>.<br \/>\n<!--more--><\/p>\n<p><em>An jedem Werktag sichten wir f\u00fcr das NSU-Prozess-Blog die Medien und stellen wichtige Berichte, Blogs, Videos und Tweets zusammen. Wir freuen uns \u00fcber Hinweise via Twitter mit dem Hashtag #nsublog \u2013 oder per E-Mail an <a href=\"mailto:nsublog@zeit.de\">nsublog@zeit.de<\/a>.<\/em><\/p>\n<p>Gericht und Nebenklageanw\u00e4lte unternahmen auch Versuche, die Gr\u00fcnde f\u00fcr Mundlos&#8216; Gesinnungswandel nachzuvollziehen. Der Aussage von R. zufolge zog er mit seiner Familie nach Winzerla um, einen sozialen Brennpunkt von Jena. Dort kam er in Kontakt mit der Neonazi-Szene. &#8222;Es habe damals praktisch keine Autorit\u00e4ten gegeben, es sei eine &#8218;wilde Zeit&#8216; gewesen&#8220;, gibt Hengst die Aussage des Zeugen wider. Es entwickelte sich eine besondere Atmosph\u00e4re: &#8222;Mit dem Beitritt zur Bundesrepublik Deutschland habe sich im Osten auch ein deutscher Nationalstolz entwickelt&#8220;, hei\u00dft es im Bericht von Kai Mudra in der <a href=\"http:\/\/www.thueringer-allgemeine.de\/web\/zgt\/suche\/detail\/-\/specific\/NSU-Prozess-Mundlos-geriet-in-DDR-Zeiten-schon-in-rechte-Clique-47100403\" target=\"_blank\"><em>Th\u00fcringer Allgemeinen<\/em><\/a>.<\/p>\n<p>&#8222;Es sind Geschichten aus Jena, doch es gab sie so \u00e4hnlich in vielen Orten Ostdeutschlands&#8220;, merkt Frank Jansen im <a href=\"http:\/\/www.tagesspiegel.de\/politik\/192-tag-im-nsu-prozess-wie-uwe-mundlos-zum-neonazi-wurde\/11496200.html\" target=\"_blank\"><em>Tagesspiegel<\/em><\/a> an. Warum aber wurde Mundlos so radikal, dass er sp\u00e4ter mutma\u00dflich zehn Menschen ermordete? Eine gewisse Faszination f\u00fcr Terrorismus schien Mundlos der Aussage zufolge bereits in jungen Jahren zu haben. Er war offenbar fasziniert von der linksradikalen RAF. Hinweise wie dieser seien es, &#8222;die den sp\u00e4teren NSU-Terroristen ahnen lassen&#8220;, kommentiert Jansen.<\/p>\n<p>Auch Thies Marsen vom <a href=\"http:\/\/www.br.de\/nachrichten\/nsu-prozess\/150312-tagebuch-gerichtsreporter-100.html\" target=\"_blank\"><em>Bayerischen Rundfunk<\/em><\/a> liest aus der Beschreibung von Mundlos, &#8222;wie viel schon damals darauf hindeutete, welch kriminelle Karriere er sp\u00e4ter einschlagen w\u00fcrde&#8220;. Dies bedeute jedoch nicht, dass der Pfad zum Rechtsterrorismus zwangsl\u00e4ufig vorgegeben war. &#8222;Auch f\u00fcr Uwe Mundlos h\u00e4tte es tausend Gelegenheiten gegeben, einen anderen Weg zu gehen.&#8220;<\/p>\n<p>&#8222;Es sind deutliche, plastische Erinnerungen, die R. im Gerichtssaal widergibt&#8220;, beobachten wir auf <a href=\"https:\/\/blog.zeit.de\/nsu-prozess-blog\/2015\/03\/12\/der-beste-freund-von-uwe-mundlos\" target=\"_blank\">ZEIT ONLINE<\/a>. Dies ist so bemerkenswert, weil andere Zeugen aus fr\u00fcheren Zeiten immer wieder Ged\u00e4chtnisl\u00fccken in ihren Aussagen geltend machen \u2013 dabei handelt es sich jedoch regelm\u00e4\u00dfig um solche, die noch in der rechten Szene aktiv sind. R. hingegen folgte Mundlos nach eigenen Angaben nicht in dessen Ideologie.<\/p>\n<p>Auch von Beate Zsch\u00e4pe berichtete der Zeuge. Er sch\u00e4tzte sie als einfach gestrickt, aber selbstbewusst ein. Zudem h\u00e4tten sie und ihr damaliger Freund Vietnamesen in der Stadt bedr\u00e4ngt und ihnen Zigaretten abgenommen. Eine Episode, die der Hauptangeklagten unangenehm war. &#8222;Als er von den Diebst\u00e4hlen erz\u00e4hlt, sch\u00fcttelt Zsch\u00e4pe offensichtlich ver\u00e4rgert den Kopf, ihre Arme sind verschr\u00e4nkt&#8220;, beobachtet Tanjev Schultz von der <a href=\"http:\/\/www.sueddeutsche.de\/politik\/nsu-prozess-schulfreund-schildert-fruehe-anzeichen-von-fanatismus-1.2390348-2\" target=\"_blank\"><em>S\u00fcddeutschen Zeitung<\/em><\/a>.<\/p>\n<p><em>Das n\u00e4chste Medienlog erscheint am Montag, 16. M\u00e4rz 2015.<\/em><\/p>\n","protected":false},"excerpt":{"rendered":"<p>Am 192. Prozesstag sagte der Zeuge Andreas R. aus, der zu Jugendzeiten in Jena der beste Freund von Uwe Mundlos war. Er bekam mit, wie sich sein Schulkamerad vom alternativen SED-Gegner zum Rechtsradikalen wandelte. Unter anderem sagte R. aus, dass Mundlos gerne die Serie Paulchen Panther geschaut habe \u2013 aus der sp\u00e4ter das Bekennervideo des [&hellip;]<\/p>\n","protected":false},"author":435,"featured_media":0,"comment_status":"open","ping_status":"open","sticky":false,"template":"","format":"standard","meta":{"_jetpack_memberships_contains_paid_content":false,"footnotes":""},"categories":[27531],"tags":[17793,1626,22889,22859],"class_list":["post-8797","post","type-post","status-publish","format-standard","hentry","category-medienschau","tag-beate-zschape","tag-jena","tag-raf","tag-uwe-mundlos"],"yoast_head":"<!-- This site is optimized with the Yoast SEO plugin v21.0 - https:\/\/yoast.com\/wordpress\/plugins\/seo\/ -->\n<title>Mundlos war fasziniert vom Terrorismus \u2013 Das Medienlog vom Freitag, 13. M\u00e4rz 2015 - Das NSU-Prozess-Blog<\/title>\n<meta name=\"robots\" content=\"index, follow, max-snippet:-1, max-image-preview:large, max-video-preview:-1\" \/>\n<link rel=\"canonical\" href=\"https:\/\/blog.zeit.de\/nsu-prozess-blog\/2015\/03\/13\/medienlog-mundlos-freund-jena-zschaepe-nsu\/\" \/>\n<meta property=\"og:locale\" content=\"de_DE\" \/>\n<meta property=\"og:type\" content=\"article\" \/>\n<meta property=\"og:title\" content=\"Mundlos war fasziniert vom Terrorismus \u2013 Das Medienlog vom Freitag, 13. M\u00e4rz 2015 - Das NSU-Prozess-Blog\" \/>\n<meta property=\"og:description\" content=\"Am 192. Prozesstag sagte der Zeuge Andreas R. aus, der zu Jugendzeiten in Jena der beste Freund von Uwe Mundlos war. Er bekam mit, wie sich sein Schulkamerad vom alternativen SED-Gegner zum Rechtsradikalen wandelte. Unter anderem sagte R. aus, dass Mundlos gerne die Serie Paulchen Panther geschaut habe \u2013 aus der sp\u00e4ter das Bekennervideo des [&hellip;]\" \/>\n<meta property=\"og:url\" content=\"https:\/\/blog.zeit.de\/nsu-prozess-blog\/2015\/03\/13\/medienlog-mundlos-freund-jena-zschaepe-nsu\/\" \/>\n<meta property=\"og:site_name\" content=\"Das NSU-Prozess-Blog\" \/>\n<meta property=\"article:published_time\" content=\"2015-03-13T08:28:15+00:00\" \/>\n<meta property=\"article:modified_time\" content=\"2015-03-13T10:32:44+00:00\" \/>\n<meta name=\"author\" content=\"Tom Sundermann\" \/>\n<meta name=\"twitter:label1\" content=\"Geschrieben von\" \/>\n\t<meta name=\"twitter:data1\" content=\"Tom Sundermann\" \/>\n\t<meta name=\"twitter:label2\" content=\"Gesch\u00e4tzte Lesezeit\" \/>\n\t<meta name=\"twitter:data2\" content=\"2\u00a0Minuten\" \/>\n<script type=\"application\/ld+json\" class=\"yoast-schema-graph\">{\"@context\":\"https:\/\/schema.org\",\"@graph\":[{\"@type\":\"WebPage\",\"@id\":\"https:\/\/blog.zeit.de\/nsu-prozess-blog\/2015\/03\/13\/medienlog-mundlos-freund-jena-zschaepe-nsu\/\",\"url\":\"https:\/\/blog.zeit.de\/nsu-prozess-blog\/2015\/03\/13\/medienlog-mundlos-freund-jena-zschaepe-nsu\/\",\"name\":\"Mundlos war fasziniert vom Terrorismus \u2013 Das Medienlog vom Freitag, 13. M\u00e4rz 2015 - Das NSU-Prozess-Blog\",\"isPartOf\":{\"@id\":\"https:\/\/blog.zeit.de\/nsu-prozess-blog\/#website\"},\"datePublished\":\"2015-03-13T08:28:15+00:00\",\"dateModified\":\"2015-03-13T10:32:44+00:00\",\"author\":{\"@id\":\"https:\/\/blog.zeit.de\/nsu-prozess-blog\/#\/schema\/person\/553ea9bb5d1fc2ae054c589bd59380a5\"},\"breadcrumb\":{\"@id\":\"https:\/\/blog.zeit.de\/nsu-prozess-blog\/2015\/03\/13\/medienlog-mundlos-freund-jena-zschaepe-nsu\/#breadcrumb\"},\"inLanguage\":\"de\",\"potentialAction\":[{\"@type\":\"ReadAction\",\"target\":[\"https:\/\/blog.zeit.de\/nsu-prozess-blog\/2015\/03\/13\/medienlog-mundlos-freund-jena-zschaepe-nsu\/\"]}]},{\"@type\":\"BreadcrumbList\",\"@id\":\"https:\/\/blog.zeit.de\/nsu-prozess-blog\/2015\/03\/13\/medienlog-mundlos-freund-jena-zschaepe-nsu\/#breadcrumb\",\"itemListElement\":[{\"@type\":\"ListItem\",\"position\":1,\"name\":\"Startseite\",\"item\":\"https:\/\/blog.zeit.de\/nsu-prozess-blog\/\"},{\"@type\":\"ListItem\",\"position\":2,\"name\":\"Mundlos war fasziniert vom Terrorismus \u2013 Das Medienlog vom Freitag, 13. M\u00e4rz 2015\"}]},{\"@type\":\"WebSite\",\"@id\":\"https:\/\/blog.zeit.de\/nsu-prozess-blog\/#website\",\"url\":\"https:\/\/blog.zeit.de\/nsu-prozess-blog\/\",\"name\":\"Das NSU-Prozess-Blog\",\"description\":\"Alle Berichte zum Terrorverfahren in M\u00fcnchen\",\"potentialAction\":[{\"@type\":\"SearchAction\",\"target\":{\"@type\":\"EntryPoint\",\"urlTemplate\":\"https:\/\/blog.zeit.de\/nsu-prozess-blog\/?s={search_term_string}\"},\"query-input\":\"required name=search_term_string\"}],\"inLanguage\":\"de\"},{\"@type\":\"Person\",\"@id\":\"https:\/\/blog.zeit.de\/nsu-prozess-blog\/#\/schema\/person\/553ea9bb5d1fc2ae054c589bd59380a5\",\"name\":\"Tom Sundermann\",\"image\":{\"@type\":\"ImageObject\",\"inLanguage\":\"de\",\"@id\":\"https:\/\/blog.zeit.de\/nsu-prozess-blog\/#\/schema\/person\/image\/\",\"url\":\"https:\/\/secure.gravatar.com\/avatar\/e108a3dc18766f719b2f797dc5d19093f06a1870c55b553ab6b7563f1f9a5e68?s=96&d=mm&r=g\",\"contentUrl\":\"https:\/\/secure.gravatar.com\/avatar\/e108a3dc18766f719b2f797dc5d19093f06a1870c55b553ab6b7563f1f9a5e68?s=96&d=mm&r=g\",\"caption\":\"Tom Sundermann\"},\"sameAs\":[\"https:\/\/twitter.com\/messeticker\"],\"url\":\"https:\/\/blog.zeit.de\/nsu-prozess-blog\/author\/tsundermann\/\"}]}<\/script>\n<!-- \/ Yoast SEO plugin. -->","yoast_head_json":{"title":"Mundlos war fasziniert vom Terrorismus \u2013 Das Medienlog vom Freitag, 13. M\u00e4rz 2015 - Das NSU-Prozess-Blog","robots":{"index":"index","follow":"follow","max-snippet":"max-snippet:-1","max-image-preview":"max-image-preview:large","max-video-preview":"max-video-preview:-1"},"canonical":"https:\/\/blog.zeit.de\/nsu-prozess-blog\/2015\/03\/13\/medienlog-mundlos-freund-jena-zschaepe-nsu\/","og_locale":"de_DE","og_type":"article","og_title":"Mundlos war fasziniert vom Terrorismus \u2013 Das Medienlog vom Freitag, 13. M\u00e4rz 2015 - Das NSU-Prozess-Blog","og_description":"Am 192. Prozesstag sagte der Zeuge Andreas R. aus, der zu Jugendzeiten in Jena der beste Freund von Uwe Mundlos war. Er bekam mit, wie sich sein Schulkamerad vom alternativen SED-Gegner zum Rechtsradikalen wandelte. Unter anderem sagte R. aus, dass Mundlos gerne die Serie Paulchen Panther geschaut habe \u2013 aus der sp\u00e4ter das Bekennervideo des [&hellip;]","og_url":"https:\/\/blog.zeit.de\/nsu-prozess-blog\/2015\/03\/13\/medienlog-mundlos-freund-jena-zschaepe-nsu\/","og_site_name":"Das NSU-Prozess-Blog","article_published_time":"2015-03-13T08:28:15+00:00","article_modified_time":"2015-03-13T10:32:44+00:00","author":"Tom Sundermann","twitter_misc":{"Geschrieben von":"Tom Sundermann","Gesch\u00e4tzte Lesezeit":"2\u00a0Minuten"},"schema":{"@context":"https:\/\/schema.org","@graph":[{"@type":"WebPage","@id":"https:\/\/blog.zeit.de\/nsu-prozess-blog\/2015\/03\/13\/medienlog-mundlos-freund-jena-zschaepe-nsu\/","url":"https:\/\/blog.zeit.de\/nsu-prozess-blog\/2015\/03\/13\/medienlog-mundlos-freund-jena-zschaepe-nsu\/","name":"Mundlos war fasziniert vom Terrorismus \u2013 Das Medienlog vom Freitag, 13. M\u00e4rz 2015 - Das NSU-Prozess-Blog","isPartOf":{"@id":"https:\/\/blog.zeit.de\/nsu-prozess-blog\/#website"},"datePublished":"2015-03-13T08:28:15+00:00","dateModified":"2015-03-13T10:32:44+00:00","author":{"@id":"https:\/\/blog.zeit.de\/nsu-prozess-blog\/#\/schema\/person\/553ea9bb5d1fc2ae054c589bd59380a5"},"breadcrumb":{"@id":"https:\/\/blog.zeit.de\/nsu-prozess-blog\/2015\/03\/13\/medienlog-mundlos-freund-jena-zschaepe-nsu\/#breadcrumb"},"inLanguage":"de","potentialAction":[{"@type":"ReadAction","target":["https:\/\/blog.zeit.de\/nsu-prozess-blog\/2015\/03\/13\/medienlog-mundlos-freund-jena-zschaepe-nsu\/"]}]},{"@type":"BreadcrumbList","@id":"https:\/\/blog.zeit.de\/nsu-prozess-blog\/2015\/03\/13\/medienlog-mundlos-freund-jena-zschaepe-nsu\/#breadcrumb","itemListElement":[{"@type":"ListItem","position":1,"name":"Startseite","item":"https:\/\/blog.zeit.de\/nsu-prozess-blog\/"},{"@type":"ListItem","position":2,"name":"Mundlos war fasziniert vom Terrorismus \u2013 Das Medienlog vom Freitag, 13. M\u00e4rz 2015"}]},{"@type":"WebSite","@id":"https:\/\/blog.zeit.de\/nsu-prozess-blog\/#website","url":"https:\/\/blog.zeit.de\/nsu-prozess-blog\/","name":"Das NSU-Prozess-Blog","description":"Alle Berichte zum Terrorverfahren in M\u00fcnchen","potentialAction":[{"@type":"SearchAction","target":{"@type":"EntryPoint","urlTemplate":"https:\/\/blog.zeit.de\/nsu-prozess-blog\/?s={search_term_string}"},"query-input":"required name=search_term_string"}],"inLanguage":"de"},{"@type":"Person","@id":"https:\/\/blog.zeit.de\/nsu-prozess-blog\/#\/schema\/person\/553ea9bb5d1fc2ae054c589bd59380a5","name":"Tom Sundermann","image":{"@type":"ImageObject","inLanguage":"de","@id":"https:\/\/blog.zeit.de\/nsu-prozess-blog\/#\/schema\/person\/image\/","url":"https:\/\/secure.gravatar.com\/avatar\/e108a3dc18766f719b2f797dc5d19093f06a1870c55b553ab6b7563f1f9a5e68?s=96&d=mm&r=g","contentUrl":"https:\/\/secure.gravatar.com\/avatar\/e108a3dc18766f719b2f797dc5d19093f06a1870c55b553ab6b7563f1f9a5e68?s=96&d=mm&r=g","caption":"Tom Sundermann"},"sameAs":["https:\/\/twitter.com\/messeticker"],"url":"https:\/\/blog.zeit.de\/nsu-prozess-blog\/author\/tsundermann\/"}]}},"jetpack_featured_media_url":"","jetpack_sharing_enabled":true,"_links":{"self":[{"href":"https:\/\/blog.zeit.de\/nsu-prozess-blog\/wp-json\/wp\/v2\/posts\/8797","targetHints":{"allow":["GET"]}}],"collection":[{"href":"https:\/\/blog.zeit.de\/nsu-prozess-blog\/wp-json\/wp\/v2\/posts"}],"about":[{"href":"https:\/\/blog.zeit.de\/nsu-prozess-blog\/wp-json\/wp\/v2\/types\/post"}],"author":[{"embeddable":true,"href":"https:\/\/blog.zeit.de\/nsu-prozess-blog\/wp-json\/wp\/v2\/users\/435"}],"replies":[{"embeddable":true,"href":"https:\/\/blog.zeit.de\/nsu-prozess-blog\/wp-json\/wp\/v2\/comments?post=8797"}],"version-history":[{"count":5,"href":"https:\/\/blog.zeit.de\/nsu-prozess-blog\/wp-json\/wp\/v2\/posts\/8797\/revisions"}],"predecessor-version":[{"id":8817,"href":"https:\/\/blog.zeit.de\/nsu-prozess-blog\/wp-json\/wp\/v2\/posts\/8797\/revisions\/8817"}],"wp:attachment":[{"href":"https:\/\/blog.zeit.de\/nsu-prozess-blog\/wp-json\/wp\/v2\/media?parent=8797"}],"wp:term":[{"taxonomy":"category","embeddable":true,"href":"https:\/\/blog.zeit.de\/nsu-prozess-blog\/wp-json\/wp\/v2\/categories?post=8797"},{"taxonomy":"post_tag","embeddable":true,"href":"https:\/\/blog.zeit.de\/nsu-prozess-blog\/wp-json\/wp\/v2\/tags?post=8797"}],"curies":[{"name":"wp","href":"https:\/\/api.w.org\/{rel}","templated":true}]}}