{"id":8818,"date":"2015-03-18T07:00:44","date_gmt":"2015-03-18T06:00:44","guid":{"rendered":"http:\/\/blog.zeit.de\/nsu-prozess-blog\/?p=8818"},"modified":"2015-03-13T13:22:28","modified_gmt":"2015-03-13T12:22:28","slug":"193-prozesstag-psychiater-stellt-gutachten-ueber-carsten-s-vor","status":"publish","type":"post","link":"https:\/\/blog.zeit.de\/nsu-prozess-blog\/2015\/03\/18\/193-prozesstag-psychiater-stellt-gutachten-ueber-carsten-s-vor\/","title":{"rendered":"193. Prozesstag \u2013 Psychiater stellt Gutachten \u00fcber Carsten S. vor"},"content":{"rendered":"<p>Den 193. Verhandlungstag bestimmt ein Psychogramm des Mitangeklagten <a href=\"http:\/\/www.zeit.de\/politik\/deutschland\/2013-06\/nsu-prozess-carsten-s-aussage\">Carsten S.<\/a>. Der psychiatrische Gutachter Norbert Leygraf, der mehrfach Gespr\u00e4che mit S. gef\u00fchrt und ihn im Gericht beobachtet hatte, tr\u00e4gt ein Gutachten \u00fcber den 35-J\u00e4hrigen vor.<br \/>\n<!--more--><\/p>\n<p>S. soll dem NSU-Trio vor Beginn der Mordserie in Chemnitz <a href=\"http:\/\/www.zeit.de\/gesellschaft\/zeitgeschehen\/2013-06\/nsu-prozess-tag-5\">eine Ceska-Pistole \u00fcberbracht<\/a> haben. Mit der <a href=\"http:\/\/www.zeit.de\/gesellschaft\/zeitgeschehen\/2013-10\/nsu-prozess-tag47\">Waffe<\/a> wurden mutma\u00dflich neun Menschen erschossen. S. hatte die Kurierleistung gestanden und sich bei den <a href=\"http:\/\/www.zeit.de\/politik\/deutschland\/2013-06\/nsu-prozess-carsten-s\">Angeh\u00f6rigen der Opfer entschuldigt<\/a>.<\/p>\n<p>Das Gutachten k\u00f6nnte erheblichen Einfluss auf das Strafma\u00df haben. Denn darin geht es um die Frage, ob S. nach Jugendstrafrecht verurteilt werden kann und wie viel pers\u00f6nliche Reife er zur Tatzeit entwickelt hatte. Damals, um die Jahrtausendwende, war er unter 21 Jahren alt und ist daher nicht zwingend nach Erwachsenenrecht zu verurteilen.<\/p>\n<p>Zwei weitere Zeugen sagen zum Hintergrund der Terrorzelle NSU aus. Mike M. ist ein Schulkamerad von Beate Zsch\u00e4pe. Er lernte auch Uwe Mundlos und Uwe B\u00f6hnhardt kennen und beging gemeinsam mit den dreien Diebst\u00e4hle. Giso T. ist ein Bekannter von <a href=\"https:\/\/blog.zeit.de\/nsu-prozess-blog\/2014\/04\/03\/medienlog-thomas-s-sprengstoff\/\">Thomas S.<\/a>, der dem NSU Sprengstoff geliefert haben soll.<\/p>\n<p><em>ZEIT ONLINE berichtet aus M\u00fcnchen und fasst den Prozesstag am Abend auf diesem Blog zusammen. Informationen aus der Verhandlung gibt es <a href=\"https:\/\/twitter.com\/zeitonline\/lists\/nsu-prozess\">via Twitter hier<\/a>. Weitere Berichte stellen wir morgen im <a href=\"https:\/\/blog.zeit.de\/nsu-prozess-blog\/category\/medienschau\/\">NSU-Medienlog<\/a> zusammen.<\/em><\/p>\n","protected":false},"excerpt":{"rendered":"<p>Den 193. Verhandlungstag bestimmt ein Psychogramm des Mitangeklagten Carsten S.. Der psychiatrische Gutachter Norbert Leygraf, der mehrfach Gespr\u00e4che mit S. gef\u00fchrt und ihn im Gericht beobachtet hatte, tr\u00e4gt ein Gutachten \u00fcber den 35-J\u00e4hrigen vor.<\/p>\n","protected":false},"author":435,"featured_media":0,"comment_status":"open","ping_status":"open","sticky":false,"template":"","format":"standard","meta":{"_jetpack_memberships_contains_paid_content":false,"footnotes":""},"categories":[27532],"tags":[17793,27541,1105,33576,29508,1449],"class_list":["post-8818","post","type-post","status-publish","format-standard","hentry","category-prozesstage","tag-beate-zschape","tag-carsten-s","tag-gutachten","tag-norbert-leygraf","tag-thomas-s","tag-unterstutzer"],"yoast_head":"<!-- This site is optimized with the Yoast SEO plugin v21.0 - https:\/\/yoast.com\/wordpress\/plugins\/seo\/ -->\n<title>193. Prozesstag \u2013 Psychiater stellt Gutachten \u00fcber Carsten S. vor - Das NSU-Prozess-Blog<\/title>\n<meta name=\"robots\" content=\"index, follow, max-snippet:-1, max-image-preview:large, max-video-preview:-1\" \/>\n<link rel=\"canonical\" href=\"https:\/\/blog.zeit.de\/nsu-prozess-blog\/2015\/03\/18\/193-prozesstag-psychiater-stellt-gutachten-ueber-carsten-s-vor\/\" \/>\n<meta property=\"og:locale\" content=\"de_DE\" \/>\n<meta property=\"og:type\" content=\"article\" \/>\n<meta property=\"og:title\" content=\"193. Prozesstag \u2013 Psychiater stellt Gutachten \u00fcber Carsten S. vor - Das NSU-Prozess-Blog\" \/>\n<meta property=\"og:description\" content=\"Den 193. Verhandlungstag bestimmt ein Psychogramm des Mitangeklagten Carsten S.. Der psychiatrische Gutachter Norbert Leygraf, der mehrfach Gespr\u00e4che mit S. gef\u00fchrt und ihn im Gericht beobachtet hatte, tr\u00e4gt ein Gutachten \u00fcber den 35-J\u00e4hrigen vor.\" \/>\n<meta property=\"og:url\" content=\"https:\/\/blog.zeit.de\/nsu-prozess-blog\/2015\/03\/18\/193-prozesstag-psychiater-stellt-gutachten-ueber-carsten-s-vor\/\" \/>\n<meta property=\"og:site_name\" content=\"Das NSU-Prozess-Blog\" \/>\n<meta property=\"article:published_time\" content=\"2015-03-18T06:00:44+00:00\" \/>\n<meta property=\"article:modified_time\" content=\"2015-03-13T12:22:28+00:00\" \/>\n<meta name=\"author\" content=\"Tom Sundermann\" \/>\n<meta name=\"twitter:label1\" content=\"Geschrieben von\" \/>\n\t<meta name=\"twitter:data1\" content=\"Tom Sundermann\" \/>\n\t<meta name=\"twitter:label2\" content=\"Gesch\u00e4tzte Lesezeit\" \/>\n\t<meta name=\"twitter:data2\" content=\"1\u00a0Minute\" \/>\n<script type=\"application\/ld+json\" class=\"yoast-schema-graph\">{\"@context\":\"https:\/\/schema.org\",\"@graph\":[{\"@type\":\"WebPage\",\"@id\":\"https:\/\/blog.zeit.de\/nsu-prozess-blog\/2015\/03\/18\/193-prozesstag-psychiater-stellt-gutachten-ueber-carsten-s-vor\/\",\"url\":\"https:\/\/blog.zeit.de\/nsu-prozess-blog\/2015\/03\/18\/193-prozesstag-psychiater-stellt-gutachten-ueber-carsten-s-vor\/\",\"name\":\"193. Prozesstag \u2013 Psychiater stellt Gutachten \u00fcber Carsten S. vor - Das NSU-Prozess-Blog\",\"isPartOf\":{\"@id\":\"https:\/\/blog.zeit.de\/nsu-prozess-blog\/#website\"},\"datePublished\":\"2015-03-18T06:00:44+00:00\",\"dateModified\":\"2015-03-13T12:22:28+00:00\",\"author\":{\"@id\":\"https:\/\/blog.zeit.de\/nsu-prozess-blog\/#\/schema\/person\/553ea9bb5d1fc2ae054c589bd59380a5\"},\"breadcrumb\":{\"@id\":\"https:\/\/blog.zeit.de\/nsu-prozess-blog\/2015\/03\/18\/193-prozesstag-psychiater-stellt-gutachten-ueber-carsten-s-vor\/#breadcrumb\"},\"inLanguage\":\"de\",\"potentialAction\":[{\"@type\":\"ReadAction\",\"target\":[\"https:\/\/blog.zeit.de\/nsu-prozess-blog\/2015\/03\/18\/193-prozesstag-psychiater-stellt-gutachten-ueber-carsten-s-vor\/\"]}]},{\"@type\":\"BreadcrumbList\",\"@id\":\"https:\/\/blog.zeit.de\/nsu-prozess-blog\/2015\/03\/18\/193-prozesstag-psychiater-stellt-gutachten-ueber-carsten-s-vor\/#breadcrumb\",\"itemListElement\":[{\"@type\":\"ListItem\",\"position\":1,\"name\":\"Startseite\",\"item\":\"https:\/\/blog.zeit.de\/nsu-prozess-blog\/\"},{\"@type\":\"ListItem\",\"position\":2,\"name\":\"193. Prozesstag \u2013 Psychiater stellt Gutachten \u00fcber Carsten S. vor\"}]},{\"@type\":\"WebSite\",\"@id\":\"https:\/\/blog.zeit.de\/nsu-prozess-blog\/#website\",\"url\":\"https:\/\/blog.zeit.de\/nsu-prozess-blog\/\",\"name\":\"Das NSU-Prozess-Blog\",\"description\":\"Alle Berichte zum Terrorverfahren in M\u00fcnchen\",\"potentialAction\":[{\"@type\":\"SearchAction\",\"target\":{\"@type\":\"EntryPoint\",\"urlTemplate\":\"https:\/\/blog.zeit.de\/nsu-prozess-blog\/?s={search_term_string}\"},\"query-input\":\"required name=search_term_string\"}],\"inLanguage\":\"de\"},{\"@type\":\"Person\",\"@id\":\"https:\/\/blog.zeit.de\/nsu-prozess-blog\/#\/schema\/person\/553ea9bb5d1fc2ae054c589bd59380a5\",\"name\":\"Tom Sundermann\",\"image\":{\"@type\":\"ImageObject\",\"inLanguage\":\"de\",\"@id\":\"https:\/\/blog.zeit.de\/nsu-prozess-blog\/#\/schema\/person\/image\/\",\"url\":\"https:\/\/secure.gravatar.com\/avatar\/e108a3dc18766f719b2f797dc5d19093f06a1870c55b553ab6b7563f1f9a5e68?s=96&d=mm&r=g\",\"contentUrl\":\"https:\/\/secure.gravatar.com\/avatar\/e108a3dc18766f719b2f797dc5d19093f06a1870c55b553ab6b7563f1f9a5e68?s=96&d=mm&r=g\",\"caption\":\"Tom Sundermann\"},\"sameAs\":[\"https:\/\/twitter.com\/messeticker\"],\"url\":\"https:\/\/blog.zeit.de\/nsu-prozess-blog\/author\/tsundermann\/\"}]}<\/script>\n<!-- \/ Yoast SEO plugin. -->","yoast_head_json":{"title":"193. Prozesstag \u2013 Psychiater stellt Gutachten \u00fcber Carsten S. vor - Das NSU-Prozess-Blog","robots":{"index":"index","follow":"follow","max-snippet":"max-snippet:-1","max-image-preview":"max-image-preview:large","max-video-preview":"max-video-preview:-1"},"canonical":"https:\/\/blog.zeit.de\/nsu-prozess-blog\/2015\/03\/18\/193-prozesstag-psychiater-stellt-gutachten-ueber-carsten-s-vor\/","og_locale":"de_DE","og_type":"article","og_title":"193. Prozesstag \u2013 Psychiater stellt Gutachten \u00fcber Carsten S. vor - Das NSU-Prozess-Blog","og_description":"Den 193. Verhandlungstag bestimmt ein Psychogramm des Mitangeklagten Carsten S.. Der psychiatrische Gutachter Norbert Leygraf, der mehrfach Gespr\u00e4che mit S. gef\u00fchrt und ihn im Gericht beobachtet hatte, tr\u00e4gt ein Gutachten \u00fcber den 35-J\u00e4hrigen vor.","og_url":"https:\/\/blog.zeit.de\/nsu-prozess-blog\/2015\/03\/18\/193-prozesstag-psychiater-stellt-gutachten-ueber-carsten-s-vor\/","og_site_name":"Das NSU-Prozess-Blog","article_published_time":"2015-03-18T06:00:44+00:00","article_modified_time":"2015-03-13T12:22:28+00:00","author":"Tom Sundermann","twitter_misc":{"Geschrieben von":"Tom Sundermann","Gesch\u00e4tzte Lesezeit":"1\u00a0Minute"},"schema":{"@context":"https:\/\/schema.org","@graph":[{"@type":"WebPage","@id":"https:\/\/blog.zeit.de\/nsu-prozess-blog\/2015\/03\/18\/193-prozesstag-psychiater-stellt-gutachten-ueber-carsten-s-vor\/","url":"https:\/\/blog.zeit.de\/nsu-prozess-blog\/2015\/03\/18\/193-prozesstag-psychiater-stellt-gutachten-ueber-carsten-s-vor\/","name":"193. Prozesstag \u2013 Psychiater stellt Gutachten \u00fcber Carsten S. vor - Das NSU-Prozess-Blog","isPartOf":{"@id":"https:\/\/blog.zeit.de\/nsu-prozess-blog\/#website"},"datePublished":"2015-03-18T06:00:44+00:00","dateModified":"2015-03-13T12:22:28+00:00","author":{"@id":"https:\/\/blog.zeit.de\/nsu-prozess-blog\/#\/schema\/person\/553ea9bb5d1fc2ae054c589bd59380a5"},"breadcrumb":{"@id":"https:\/\/blog.zeit.de\/nsu-prozess-blog\/2015\/03\/18\/193-prozesstag-psychiater-stellt-gutachten-ueber-carsten-s-vor\/#breadcrumb"},"inLanguage":"de","potentialAction":[{"@type":"ReadAction","target":["https:\/\/blog.zeit.de\/nsu-prozess-blog\/2015\/03\/18\/193-prozesstag-psychiater-stellt-gutachten-ueber-carsten-s-vor\/"]}]},{"@type":"BreadcrumbList","@id":"https:\/\/blog.zeit.de\/nsu-prozess-blog\/2015\/03\/18\/193-prozesstag-psychiater-stellt-gutachten-ueber-carsten-s-vor\/#breadcrumb","itemListElement":[{"@type":"ListItem","position":1,"name":"Startseite","item":"https:\/\/blog.zeit.de\/nsu-prozess-blog\/"},{"@type":"ListItem","position":2,"name":"193. Prozesstag \u2013 Psychiater stellt Gutachten \u00fcber Carsten S. vor"}]},{"@type":"WebSite","@id":"https:\/\/blog.zeit.de\/nsu-prozess-blog\/#website","url":"https:\/\/blog.zeit.de\/nsu-prozess-blog\/","name":"Das NSU-Prozess-Blog","description":"Alle Berichte zum Terrorverfahren in M\u00fcnchen","potentialAction":[{"@type":"SearchAction","target":{"@type":"EntryPoint","urlTemplate":"https:\/\/blog.zeit.de\/nsu-prozess-blog\/?s={search_term_string}"},"query-input":"required name=search_term_string"}],"inLanguage":"de"},{"@type":"Person","@id":"https:\/\/blog.zeit.de\/nsu-prozess-blog\/#\/schema\/person\/553ea9bb5d1fc2ae054c589bd59380a5","name":"Tom Sundermann","image":{"@type":"ImageObject","inLanguage":"de","@id":"https:\/\/blog.zeit.de\/nsu-prozess-blog\/#\/schema\/person\/image\/","url":"https:\/\/secure.gravatar.com\/avatar\/e108a3dc18766f719b2f797dc5d19093f06a1870c55b553ab6b7563f1f9a5e68?s=96&d=mm&r=g","contentUrl":"https:\/\/secure.gravatar.com\/avatar\/e108a3dc18766f719b2f797dc5d19093f06a1870c55b553ab6b7563f1f9a5e68?s=96&d=mm&r=g","caption":"Tom Sundermann"},"sameAs":["https:\/\/twitter.com\/messeticker"],"url":"https:\/\/blog.zeit.de\/nsu-prozess-blog\/author\/tsundermann\/"}]}},"jetpack_featured_media_url":"","jetpack_sharing_enabled":true,"_links":{"self":[{"href":"https:\/\/blog.zeit.de\/nsu-prozess-blog\/wp-json\/wp\/v2\/posts\/8818","targetHints":{"allow":["GET"]}}],"collection":[{"href":"https:\/\/blog.zeit.de\/nsu-prozess-blog\/wp-json\/wp\/v2\/posts"}],"about":[{"href":"https:\/\/blog.zeit.de\/nsu-prozess-blog\/wp-json\/wp\/v2\/types\/post"}],"author":[{"embeddable":true,"href":"https:\/\/blog.zeit.de\/nsu-prozess-blog\/wp-json\/wp\/v2\/users\/435"}],"replies":[{"embeddable":true,"href":"https:\/\/blog.zeit.de\/nsu-prozess-blog\/wp-json\/wp\/v2\/comments?post=8818"}],"version-history":[{"count":1,"href":"https:\/\/blog.zeit.de\/nsu-prozess-blog\/wp-json\/wp\/v2\/posts\/8818\/revisions"}],"predecessor-version":[{"id":8819,"href":"https:\/\/blog.zeit.de\/nsu-prozess-blog\/wp-json\/wp\/v2\/posts\/8818\/revisions\/8819"}],"wp:attachment":[{"href":"https:\/\/blog.zeit.de\/nsu-prozess-blog\/wp-json\/wp\/v2\/media?parent=8818"}],"wp:term":[{"taxonomy":"category","embeddable":true,"href":"https:\/\/blog.zeit.de\/nsu-prozess-blog\/wp-json\/wp\/v2\/categories?post=8818"},{"taxonomy":"post_tag","embeddable":true,"href":"https:\/\/blog.zeit.de\/nsu-prozess-blog\/wp-json\/wp\/v2\/tags?post=8818"}],"curies":[{"name":"wp","href":"https:\/\/api.w.org\/{rel}","templated":true}]}}