{"id":8820,"date":"2015-03-19T07:00:43","date_gmt":"2015-03-19T06:00:43","guid":{"rendered":"http:\/\/blog.zeit.de\/nsu-prozess-blog\/?p=8820"},"modified":"2015-03-13T13:39:13","modified_gmt":"2015-03-13T12:39:13","slug":"194-prozesstag-nachbarinnen-aus-zwickau-geladen","status":"publish","type":"post","link":"https:\/\/blog.zeit.de\/nsu-prozess-blog\/2015\/03\/19\/194-prozesstag-nachbarinnen-aus-zwickau-geladen\/","title":{"rendered":"194. Prozesstag \u2013 Nachbarinnen aus Zwickau geladen"},"content":{"rendered":"<p>Am Donnerstag sagen zwei Nachbarinnen <a href=\"https:\/\/blog.zeit.de\/nsu-prozess-blog\/2014\/02\/04\/medienlog-zwickau-nachbarin-aussage\/\">aus der Zwickauer Polenzstra\u00dfe<\/a> im NSU-Prozess aus. Dort hatte das NSU-Trio von 2001 bis 2008 in einem Mehrfamilienhaus gelebt \u2013 unauff\u00e4llig integriert in die Nachbarschaft. Vor allem Beate Zsch\u00e4pe war unter dem Namen Liese bei den anderen Bewohnern als Gespr\u00e4chspartnerin beliebt. Die Bundesanwaltschaft wirft der Hauptangeklagten vor, die Terrorzelle durch eine Fassade der Normalit\u00e4t vor dem Auffliegen bewahrt zu haben.<br \/>\n<!--more--><\/p>\n<p>Ein weiterer Zeuge ist Enrico P., der auf Antrag der Anw\u00e4lte des Mitangeklagten Ralf Wohlleben aussagt. Er soll bezeugen, dass der NSU viele M\u00f6glichkeiten hatte, an Schusswaffen zu gelangen. Die Beschaffung einer solchen, der Mordpistole <a href=\"https:\/\/blog.zeit.de\/nsu-prozess-blog\/2014\/10\/10\/medienlog-ceska-schmuggel-schweiz\/\">Ceska 83<\/a>, wird Wohlleben vorgeworfen. Andere Zeugen, die ebenfalls nach dem Willen der Verteidiger geladen wurden, machten jedoch <a href=\"https:\/\/blog.zeit.de\/nsu-prozess-blog\/2015\/02\/04\/medienlog-wohlleben-enrico-r-ceska-chemnitz\/\">keine entlastenden Aussagen<\/a>.<\/p>\n<p><em>Informationen aus der Verhandlung gibt es <a href=\"https:\/\/twitter.com\/zeitonline\/lists\/nsu-prozess\">via Twitter hier<\/a>. Die Berichte dar\u00fcber fassen wir morgen im <a href=\"https:\/\/blog.zeit.de\/nsu-prozess-blog\/category\/medienschau\/\">NSU-Medienlog<\/a> zusammen.<\/em><\/p>\n","protected":false},"excerpt":{"rendered":"<p>Am Donnerstag sagen zwei Nachbarinnen aus der Zwickauer Polenzstra\u00dfe im NSU-Prozess aus. Dort hatte das NSU-Trio von 2001 bis 2008 in einem Mehrfamilienhaus gelebt \u2013 unauff\u00e4llig integriert in die Nachbarschaft. Vor allem Beate Zsch\u00e4pe war unter dem Namen Liese bei den anderen Bewohnern als Gespr\u00e4chspartnerin beliebt. Die Bundesanwaltschaft wirft der Hauptangeklagten vor, die Terrorzelle durch [&hellip;]<\/p>\n","protected":false},"author":435,"featured_media":0,"comment_status":"open","ping_status":"open","sticky":false,"template":"","format":"standard","meta":{"_jetpack_memberships_contains_paid_content":false,"footnotes":""},"categories":[27532],"tags":[],"class_list":["post-8820","post","type-post","status-publish","format-standard","hentry","category-prozesstage"],"yoast_head":"<!-- This site is optimized with the Yoast SEO plugin v21.0 - https:\/\/yoast.com\/wordpress\/plugins\/seo\/ -->\n<title>194. Prozesstag \u2013 Nachbarinnen aus Zwickau geladen - Das NSU-Prozess-Blog<\/title>\n<meta name=\"robots\" content=\"index, follow, max-snippet:-1, max-image-preview:large, max-video-preview:-1\" \/>\n<link rel=\"canonical\" href=\"https:\/\/blog.zeit.de\/nsu-prozess-blog\/2015\/03\/19\/194-prozesstag-nachbarinnen-aus-zwickau-geladen\/\" \/>\n<meta property=\"og:locale\" content=\"de_DE\" \/>\n<meta property=\"og:type\" content=\"article\" \/>\n<meta property=\"og:title\" content=\"194. Prozesstag \u2013 Nachbarinnen aus Zwickau geladen - Das NSU-Prozess-Blog\" \/>\n<meta property=\"og:description\" content=\"Am Donnerstag sagen zwei Nachbarinnen aus der Zwickauer Polenzstra\u00dfe im NSU-Prozess aus. Dort hatte das NSU-Trio von 2001 bis 2008 in einem Mehrfamilienhaus gelebt \u2013 unauff\u00e4llig integriert in die Nachbarschaft. Vor allem Beate Zsch\u00e4pe war unter dem Namen Liese bei den anderen Bewohnern als Gespr\u00e4chspartnerin beliebt. Die Bundesanwaltschaft wirft der Hauptangeklagten vor, die Terrorzelle durch [&hellip;]\" \/>\n<meta property=\"og:url\" content=\"https:\/\/blog.zeit.de\/nsu-prozess-blog\/2015\/03\/19\/194-prozesstag-nachbarinnen-aus-zwickau-geladen\/\" \/>\n<meta property=\"og:site_name\" content=\"Das NSU-Prozess-Blog\" \/>\n<meta property=\"article:published_time\" content=\"2015-03-19T06:00:43+00:00\" \/>\n<meta property=\"article:modified_time\" content=\"2015-03-13T12:39:13+00:00\" \/>\n<meta name=\"author\" content=\"Tom Sundermann\" \/>\n<meta name=\"twitter:label1\" content=\"Geschrieben von\" \/>\n\t<meta name=\"twitter:data1\" content=\"Tom Sundermann\" \/>\n\t<meta name=\"twitter:label2\" content=\"Gesch\u00e4tzte Lesezeit\" \/>\n\t<meta name=\"twitter:data2\" content=\"1\u00a0Minute\" \/>\n<script type=\"application\/ld+json\" class=\"yoast-schema-graph\">{\"@context\":\"https:\/\/schema.org\",\"@graph\":[{\"@type\":\"WebPage\",\"@id\":\"https:\/\/blog.zeit.de\/nsu-prozess-blog\/2015\/03\/19\/194-prozesstag-nachbarinnen-aus-zwickau-geladen\/\",\"url\":\"https:\/\/blog.zeit.de\/nsu-prozess-blog\/2015\/03\/19\/194-prozesstag-nachbarinnen-aus-zwickau-geladen\/\",\"name\":\"194. Prozesstag \u2013 Nachbarinnen aus Zwickau geladen - Das NSU-Prozess-Blog\",\"isPartOf\":{\"@id\":\"https:\/\/blog.zeit.de\/nsu-prozess-blog\/#website\"},\"datePublished\":\"2015-03-19T06:00:43+00:00\",\"dateModified\":\"2015-03-13T12:39:13+00:00\",\"author\":{\"@id\":\"https:\/\/blog.zeit.de\/nsu-prozess-blog\/#\/schema\/person\/553ea9bb5d1fc2ae054c589bd59380a5\"},\"breadcrumb\":{\"@id\":\"https:\/\/blog.zeit.de\/nsu-prozess-blog\/2015\/03\/19\/194-prozesstag-nachbarinnen-aus-zwickau-geladen\/#breadcrumb\"},\"inLanguage\":\"de\",\"potentialAction\":[{\"@type\":\"ReadAction\",\"target\":[\"https:\/\/blog.zeit.de\/nsu-prozess-blog\/2015\/03\/19\/194-prozesstag-nachbarinnen-aus-zwickau-geladen\/\"]}]},{\"@type\":\"BreadcrumbList\",\"@id\":\"https:\/\/blog.zeit.de\/nsu-prozess-blog\/2015\/03\/19\/194-prozesstag-nachbarinnen-aus-zwickau-geladen\/#breadcrumb\",\"itemListElement\":[{\"@type\":\"ListItem\",\"position\":1,\"name\":\"Startseite\",\"item\":\"https:\/\/blog.zeit.de\/nsu-prozess-blog\/\"},{\"@type\":\"ListItem\",\"position\":2,\"name\":\"194. Prozesstag \u2013 Nachbarinnen aus Zwickau geladen\"}]},{\"@type\":\"WebSite\",\"@id\":\"https:\/\/blog.zeit.de\/nsu-prozess-blog\/#website\",\"url\":\"https:\/\/blog.zeit.de\/nsu-prozess-blog\/\",\"name\":\"Das NSU-Prozess-Blog\",\"description\":\"Alle Berichte zum Terrorverfahren in M\u00fcnchen\",\"potentialAction\":[{\"@type\":\"SearchAction\",\"target\":{\"@type\":\"EntryPoint\",\"urlTemplate\":\"https:\/\/blog.zeit.de\/nsu-prozess-blog\/?s={search_term_string}\"},\"query-input\":\"required name=search_term_string\"}],\"inLanguage\":\"de\"},{\"@type\":\"Person\",\"@id\":\"https:\/\/blog.zeit.de\/nsu-prozess-blog\/#\/schema\/person\/553ea9bb5d1fc2ae054c589bd59380a5\",\"name\":\"Tom Sundermann\",\"image\":{\"@type\":\"ImageObject\",\"inLanguage\":\"de\",\"@id\":\"https:\/\/blog.zeit.de\/nsu-prozess-blog\/#\/schema\/person\/image\/\",\"url\":\"https:\/\/secure.gravatar.com\/avatar\/e108a3dc18766f719b2f797dc5d19093f06a1870c55b553ab6b7563f1f9a5e68?s=96&d=mm&r=g\",\"contentUrl\":\"https:\/\/secure.gravatar.com\/avatar\/e108a3dc18766f719b2f797dc5d19093f06a1870c55b553ab6b7563f1f9a5e68?s=96&d=mm&r=g\",\"caption\":\"Tom Sundermann\"},\"sameAs\":[\"https:\/\/twitter.com\/messeticker\"],\"url\":\"https:\/\/blog.zeit.de\/nsu-prozess-blog\/author\/tsundermann\/\"}]}<\/script>\n<!-- \/ Yoast SEO plugin. -->","yoast_head_json":{"title":"194. Prozesstag \u2013 Nachbarinnen aus Zwickau geladen - Das NSU-Prozess-Blog","robots":{"index":"index","follow":"follow","max-snippet":"max-snippet:-1","max-image-preview":"max-image-preview:large","max-video-preview":"max-video-preview:-1"},"canonical":"https:\/\/blog.zeit.de\/nsu-prozess-blog\/2015\/03\/19\/194-prozesstag-nachbarinnen-aus-zwickau-geladen\/","og_locale":"de_DE","og_type":"article","og_title":"194. Prozesstag \u2013 Nachbarinnen aus Zwickau geladen - Das NSU-Prozess-Blog","og_description":"Am Donnerstag sagen zwei Nachbarinnen aus der Zwickauer Polenzstra\u00dfe im NSU-Prozess aus. Dort hatte das NSU-Trio von 2001 bis 2008 in einem Mehrfamilienhaus gelebt \u2013 unauff\u00e4llig integriert in die Nachbarschaft. Vor allem Beate Zsch\u00e4pe war unter dem Namen Liese bei den anderen Bewohnern als Gespr\u00e4chspartnerin beliebt. Die Bundesanwaltschaft wirft der Hauptangeklagten vor, die Terrorzelle durch [&hellip;]","og_url":"https:\/\/blog.zeit.de\/nsu-prozess-blog\/2015\/03\/19\/194-prozesstag-nachbarinnen-aus-zwickau-geladen\/","og_site_name":"Das NSU-Prozess-Blog","article_published_time":"2015-03-19T06:00:43+00:00","article_modified_time":"2015-03-13T12:39:13+00:00","author":"Tom Sundermann","twitter_misc":{"Geschrieben von":"Tom Sundermann","Gesch\u00e4tzte Lesezeit":"1\u00a0Minute"},"schema":{"@context":"https:\/\/schema.org","@graph":[{"@type":"WebPage","@id":"https:\/\/blog.zeit.de\/nsu-prozess-blog\/2015\/03\/19\/194-prozesstag-nachbarinnen-aus-zwickau-geladen\/","url":"https:\/\/blog.zeit.de\/nsu-prozess-blog\/2015\/03\/19\/194-prozesstag-nachbarinnen-aus-zwickau-geladen\/","name":"194. Prozesstag \u2013 Nachbarinnen aus Zwickau geladen - Das NSU-Prozess-Blog","isPartOf":{"@id":"https:\/\/blog.zeit.de\/nsu-prozess-blog\/#website"},"datePublished":"2015-03-19T06:00:43+00:00","dateModified":"2015-03-13T12:39:13+00:00","author":{"@id":"https:\/\/blog.zeit.de\/nsu-prozess-blog\/#\/schema\/person\/553ea9bb5d1fc2ae054c589bd59380a5"},"breadcrumb":{"@id":"https:\/\/blog.zeit.de\/nsu-prozess-blog\/2015\/03\/19\/194-prozesstag-nachbarinnen-aus-zwickau-geladen\/#breadcrumb"},"inLanguage":"de","potentialAction":[{"@type":"ReadAction","target":["https:\/\/blog.zeit.de\/nsu-prozess-blog\/2015\/03\/19\/194-prozesstag-nachbarinnen-aus-zwickau-geladen\/"]}]},{"@type":"BreadcrumbList","@id":"https:\/\/blog.zeit.de\/nsu-prozess-blog\/2015\/03\/19\/194-prozesstag-nachbarinnen-aus-zwickau-geladen\/#breadcrumb","itemListElement":[{"@type":"ListItem","position":1,"name":"Startseite","item":"https:\/\/blog.zeit.de\/nsu-prozess-blog\/"},{"@type":"ListItem","position":2,"name":"194. Prozesstag \u2013 Nachbarinnen aus Zwickau geladen"}]},{"@type":"WebSite","@id":"https:\/\/blog.zeit.de\/nsu-prozess-blog\/#website","url":"https:\/\/blog.zeit.de\/nsu-prozess-blog\/","name":"Das NSU-Prozess-Blog","description":"Alle Berichte zum Terrorverfahren in M\u00fcnchen","potentialAction":[{"@type":"SearchAction","target":{"@type":"EntryPoint","urlTemplate":"https:\/\/blog.zeit.de\/nsu-prozess-blog\/?s={search_term_string}"},"query-input":"required name=search_term_string"}],"inLanguage":"de"},{"@type":"Person","@id":"https:\/\/blog.zeit.de\/nsu-prozess-blog\/#\/schema\/person\/553ea9bb5d1fc2ae054c589bd59380a5","name":"Tom Sundermann","image":{"@type":"ImageObject","inLanguage":"de","@id":"https:\/\/blog.zeit.de\/nsu-prozess-blog\/#\/schema\/person\/image\/","url":"https:\/\/secure.gravatar.com\/avatar\/e108a3dc18766f719b2f797dc5d19093f06a1870c55b553ab6b7563f1f9a5e68?s=96&d=mm&r=g","contentUrl":"https:\/\/secure.gravatar.com\/avatar\/e108a3dc18766f719b2f797dc5d19093f06a1870c55b553ab6b7563f1f9a5e68?s=96&d=mm&r=g","caption":"Tom Sundermann"},"sameAs":["https:\/\/twitter.com\/messeticker"],"url":"https:\/\/blog.zeit.de\/nsu-prozess-blog\/author\/tsundermann\/"}]}},"jetpack_featured_media_url":"","jetpack_sharing_enabled":true,"_links":{"self":[{"href":"https:\/\/blog.zeit.de\/nsu-prozess-blog\/wp-json\/wp\/v2\/posts\/8820","targetHints":{"allow":["GET"]}}],"collection":[{"href":"https:\/\/blog.zeit.de\/nsu-prozess-blog\/wp-json\/wp\/v2\/posts"}],"about":[{"href":"https:\/\/blog.zeit.de\/nsu-prozess-blog\/wp-json\/wp\/v2\/types\/post"}],"author":[{"embeddable":true,"href":"https:\/\/blog.zeit.de\/nsu-prozess-blog\/wp-json\/wp\/v2\/users\/435"}],"replies":[{"embeddable":true,"href":"https:\/\/blog.zeit.de\/nsu-prozess-blog\/wp-json\/wp\/v2\/comments?post=8820"}],"version-history":[{"count":1,"href":"https:\/\/blog.zeit.de\/nsu-prozess-blog\/wp-json\/wp\/v2\/posts\/8820\/revisions"}],"predecessor-version":[{"id":8821,"href":"https:\/\/blog.zeit.de\/nsu-prozess-blog\/wp-json\/wp\/v2\/posts\/8820\/revisions\/8821"}],"wp:attachment":[{"href":"https:\/\/blog.zeit.de\/nsu-prozess-blog\/wp-json\/wp\/v2\/media?parent=8820"}],"wp:term":[{"taxonomy":"category","embeddable":true,"href":"https:\/\/blog.zeit.de\/nsu-prozess-blog\/wp-json\/wp\/v2\/categories?post=8820"},{"taxonomy":"post_tag","embeddable":true,"href":"https:\/\/blog.zeit.de\/nsu-prozess-blog\/wp-json\/wp\/v2\/tags?post=8820"}],"curies":[{"name":"wp","href":"https:\/\/api.w.org\/{rel}","templated":true}]}}