{"id":8831,"date":"2015-03-18T08:26:19","date_gmt":"2015-03-18T07:26:19","guid":{"rendered":"http:\/\/blog.zeit.de\/nsu-prozess-blog\/?p=8831"},"modified":"2015-03-18T09:11:22","modified_gmt":"2015-03-18T08:11:22","slug":"medienlog-tino-brandt-aussage-nsu-haft","status":"publish","type":"post","link":"https:\/\/blog.zeit.de\/nsu-prozess-blog\/2015\/03\/18\/medienlog-tino-brandt-aussage-nsu-haft\/","title":{"rendered":"V-Mann Tino Brandt gibt Falschaussage zu \u2013 Das Medienlog vom Mittwoch, 18. M\u00e4rz 2015"},"content":{"rendered":"<p>Dass der Th\u00fcringer Neonazi und V-Mann Tino Brandt im NSU-Prozess <a href=\"https:\/\/blog.zeit.de\/nsu-prozess-blog\/2014\/07\/15\/v-mann-ueber-zschaepe-keine-dumme-hausfrau\/\">nur die halbe Wahrheit gesagt hatte<\/a>, vermuteten <a href=\"https:\/\/blog.zeit.de\/nsu-prozess-blog\/2014\/09\/25\/medienlog-tino-brandt-verfassungsschutz\/\">Prozessbeobachter seit Langem<\/a>. Jetzt liegt daf\u00fcr offenbar eine Best\u00e4tigung vor: Brandt erz\u00e4hlte einem Mith\u00e4ftling im M\u00fcnchner Gef\u00e4ngnis Stadelheim, er habe dem Gericht Aussagen vorenthalten, wie die Nachrichtenagentur <a href=\"http:\/\/www.stern.de\/panorama\/nsu-prozess-tino-brandt-prahlt-mit-falschaussage-vor-mithaeftling-2180757.html\" target=\"_blank\"><em>dpa<\/em><\/a> berichtet. Der Gefangene schrieb in einem Vermerk, Brandt habe gesagt, er habe mehr Fragen beantworten k\u00f6nnen, aber nicht wollen. Er will best\u00e4tigt haben, was die Prozessbeteiligten ohnehin schon aus den Akten wussten.<br \/>\n<!--more--><\/p>\n<p><em>An jedem Werktag sichten wir f\u00fcr das NSU-Prozess-Blog die Medien und stellen wichtige Berichte, Blogs, Videos und Tweets zusammen. Wir freuen uns \u00fcber Hinweise via Twitter mit dem Hashtag #nsublog \u2013 oder per E-Mail an <a href=\"mailto:nsublog@zeit.de\">nsublog@zeit.de<\/a>.<\/em><\/p>\n<p>Brandt sagte dem Mitinsassen zufolge, die NSU-Terrorgruppe habe nach ihrem Untertauchen &#8222;ernsthafte Rettungsma\u00dfnahmen&#8220; ergreifen wollen. Die drei h\u00e4tten sich vorgenommen, &#8222;Volk und Heimat zu sch\u00fctzen&#8220;. Er sei mit ihnen \u00fcber Telefonzellen in Kontakt geblieben. Auch hatte Brandt seiner Aussage zufolge <a href=\"https:\/\/blog.zeit.de\/nsu-prozess-blog\/2014\/02\/12\/86-prozesstag-v-mann-und-fuhrungsfigur-tino-brandt-sagt-aus\/\">Prozesstage torpediert<\/a>, indem er die Symptome einer Hepatitis-Krankheit vort\u00e4uschte. Zudem sagte er, er k\u00f6nne sich nicht vorstellen, &#8222;dass meine Freunde damit zu tun haben&#8220;.<\/p>\n<p>Der 40-J\u00e4hrige Brandt aus Rudolstadt gr\u00fcndete in den neunziger Jahren die rechtsextreme Organisation <a href=\"https:\/\/blog.zeit.de\/nsu-prozess-blog\/2014\/02\/12\/tino-brandt\/\">Th\u00fcringer Heimatschutz<\/a>, zu deren Treffen auch Beate Zsch\u00e4pe, Uwe Mundlos und Uwe B\u00f6hnhardt kamen. Gleichzeitig arbeitete er als Informant f\u00fcr den Verfassungsschutz. Brandt sitzt wegen Kindesmissbrauchs in Haft.<\/p>\n<p><em>Das n\u00e4chste Medienlog erscheint am Donnerstag, 19. M\u00e4rz 2015.<\/em><\/p>\n","protected":false},"excerpt":{"rendered":"<p>Dass der Th\u00fcringer Neonazi und V-Mann Tino Brandt im NSU-Prozess nur die halbe Wahrheit gesagt hatte, vermuteten Prozessbeobachter seit Langem. Jetzt liegt daf\u00fcr offenbar eine Best\u00e4tigung vor: Brandt erz\u00e4hlte einem Mith\u00e4ftling im M\u00fcnchner Gef\u00e4ngnis Stadelheim, er habe dem Gericht Aussagen vorenthalten, wie die Nachrichtenagentur dpa berichtet. Der Gefangene schrieb in einem Vermerk, Brandt habe gesagt, [&hellip;]<\/p>\n","protected":false},"author":435,"featured_media":0,"comment_status":"open","ping_status":"open","sticky":false,"template":"","format":"standard","meta":{"_jetpack_memberships_contains_paid_content":false,"footnotes":""},"categories":[27531],"tags":[29540,12740,12741,29545,17899,1836],"class_list":["post-8831","post","type-post","status-publish","format-standard","hentry","category-medienschau","tag-thueringen","tag-thuringer-heimatschutz","tag-tino-brandt","tag-untersuchungshaft","tag-v-mann","tag-verfassungsschutz"],"yoast_head":"<!-- This site is optimized with the Yoast SEO plugin v21.0 - https:\/\/yoast.com\/wordpress\/plugins\/seo\/ -->\n<title>V-Mann Tino Brandt gibt Falschaussage zu \u2013 Das Medienlog vom Mittwoch, 18. M\u00e4rz 2015 - Das NSU-Prozess-Blog<\/title>\n<meta name=\"robots\" content=\"index, follow, max-snippet:-1, max-image-preview:large, max-video-preview:-1\" \/>\n<link rel=\"canonical\" href=\"https:\/\/blog.zeit.de\/nsu-prozess-blog\/2015\/03\/18\/medienlog-tino-brandt-aussage-nsu-haft\/\" \/>\n<meta property=\"og:locale\" content=\"de_DE\" \/>\n<meta property=\"og:type\" content=\"article\" \/>\n<meta property=\"og:title\" content=\"V-Mann Tino Brandt gibt Falschaussage zu \u2013 Das Medienlog vom Mittwoch, 18. M\u00e4rz 2015 - Das NSU-Prozess-Blog\" \/>\n<meta property=\"og:description\" content=\"Dass der Th\u00fcringer Neonazi und V-Mann Tino Brandt im NSU-Prozess nur die halbe Wahrheit gesagt hatte, vermuteten Prozessbeobachter seit Langem. Jetzt liegt daf\u00fcr offenbar eine Best\u00e4tigung vor: Brandt erz\u00e4hlte einem Mith\u00e4ftling im M\u00fcnchner Gef\u00e4ngnis Stadelheim, er habe dem Gericht Aussagen vorenthalten, wie die Nachrichtenagentur dpa berichtet. Der Gefangene schrieb in einem Vermerk, Brandt habe gesagt, [&hellip;]\" \/>\n<meta property=\"og:url\" content=\"https:\/\/blog.zeit.de\/nsu-prozess-blog\/2015\/03\/18\/medienlog-tino-brandt-aussage-nsu-haft\/\" \/>\n<meta property=\"og:site_name\" content=\"Das NSU-Prozess-Blog\" \/>\n<meta property=\"article:published_time\" content=\"2015-03-18T07:26:19+00:00\" \/>\n<meta property=\"article:modified_time\" content=\"2015-03-18T08:11:22+00:00\" \/>\n<meta name=\"author\" content=\"Tom Sundermann\" \/>\n<meta name=\"twitter:label1\" content=\"Geschrieben von\" \/>\n\t<meta name=\"twitter:data1\" content=\"Tom Sundermann\" \/>\n\t<meta name=\"twitter:label2\" content=\"Gesch\u00e4tzte Lesezeit\" \/>\n\t<meta name=\"twitter:data2\" content=\"1\u00a0Minute\" \/>\n<script type=\"application\/ld+json\" class=\"yoast-schema-graph\">{\"@context\":\"https:\/\/schema.org\",\"@graph\":[{\"@type\":\"WebPage\",\"@id\":\"https:\/\/blog.zeit.de\/nsu-prozess-blog\/2015\/03\/18\/medienlog-tino-brandt-aussage-nsu-haft\/\",\"url\":\"https:\/\/blog.zeit.de\/nsu-prozess-blog\/2015\/03\/18\/medienlog-tino-brandt-aussage-nsu-haft\/\",\"name\":\"V-Mann Tino Brandt gibt Falschaussage zu \u2013 Das Medienlog vom Mittwoch, 18. M\u00e4rz 2015 - Das NSU-Prozess-Blog\",\"isPartOf\":{\"@id\":\"https:\/\/blog.zeit.de\/nsu-prozess-blog\/#website\"},\"datePublished\":\"2015-03-18T07:26:19+00:00\",\"dateModified\":\"2015-03-18T08:11:22+00:00\",\"author\":{\"@id\":\"https:\/\/blog.zeit.de\/nsu-prozess-blog\/#\/schema\/person\/553ea9bb5d1fc2ae054c589bd59380a5\"},\"breadcrumb\":{\"@id\":\"https:\/\/blog.zeit.de\/nsu-prozess-blog\/2015\/03\/18\/medienlog-tino-brandt-aussage-nsu-haft\/#breadcrumb\"},\"inLanguage\":\"de\",\"potentialAction\":[{\"@type\":\"ReadAction\",\"target\":[\"https:\/\/blog.zeit.de\/nsu-prozess-blog\/2015\/03\/18\/medienlog-tino-brandt-aussage-nsu-haft\/\"]}]},{\"@type\":\"BreadcrumbList\",\"@id\":\"https:\/\/blog.zeit.de\/nsu-prozess-blog\/2015\/03\/18\/medienlog-tino-brandt-aussage-nsu-haft\/#breadcrumb\",\"itemListElement\":[{\"@type\":\"ListItem\",\"position\":1,\"name\":\"Startseite\",\"item\":\"https:\/\/blog.zeit.de\/nsu-prozess-blog\/\"},{\"@type\":\"ListItem\",\"position\":2,\"name\":\"V-Mann Tino Brandt gibt Falschaussage zu \u2013 Das Medienlog vom Mittwoch, 18. M\u00e4rz 2015\"}]},{\"@type\":\"WebSite\",\"@id\":\"https:\/\/blog.zeit.de\/nsu-prozess-blog\/#website\",\"url\":\"https:\/\/blog.zeit.de\/nsu-prozess-blog\/\",\"name\":\"Das NSU-Prozess-Blog\",\"description\":\"Alle Berichte zum Terrorverfahren in M\u00fcnchen\",\"potentialAction\":[{\"@type\":\"SearchAction\",\"target\":{\"@type\":\"EntryPoint\",\"urlTemplate\":\"https:\/\/blog.zeit.de\/nsu-prozess-blog\/?s={search_term_string}\"},\"query-input\":\"required name=search_term_string\"}],\"inLanguage\":\"de\"},{\"@type\":\"Person\",\"@id\":\"https:\/\/blog.zeit.de\/nsu-prozess-blog\/#\/schema\/person\/553ea9bb5d1fc2ae054c589bd59380a5\",\"name\":\"Tom Sundermann\",\"image\":{\"@type\":\"ImageObject\",\"inLanguage\":\"de\",\"@id\":\"https:\/\/blog.zeit.de\/nsu-prozess-blog\/#\/schema\/person\/image\/\",\"url\":\"https:\/\/secure.gravatar.com\/avatar\/e108a3dc18766f719b2f797dc5d19093f06a1870c55b553ab6b7563f1f9a5e68?s=96&d=mm&r=g\",\"contentUrl\":\"https:\/\/secure.gravatar.com\/avatar\/e108a3dc18766f719b2f797dc5d19093f06a1870c55b553ab6b7563f1f9a5e68?s=96&d=mm&r=g\",\"caption\":\"Tom Sundermann\"},\"sameAs\":[\"https:\/\/twitter.com\/messeticker\"],\"url\":\"https:\/\/blog.zeit.de\/nsu-prozess-blog\/author\/tsundermann\/\"}]}<\/script>\n<!-- \/ Yoast SEO plugin. -->","yoast_head_json":{"title":"V-Mann Tino Brandt gibt Falschaussage zu \u2013 Das Medienlog vom Mittwoch, 18. M\u00e4rz 2015 - Das NSU-Prozess-Blog","robots":{"index":"index","follow":"follow","max-snippet":"max-snippet:-1","max-image-preview":"max-image-preview:large","max-video-preview":"max-video-preview:-1"},"canonical":"https:\/\/blog.zeit.de\/nsu-prozess-blog\/2015\/03\/18\/medienlog-tino-brandt-aussage-nsu-haft\/","og_locale":"de_DE","og_type":"article","og_title":"V-Mann Tino Brandt gibt Falschaussage zu \u2013 Das Medienlog vom Mittwoch, 18. M\u00e4rz 2015 - Das NSU-Prozess-Blog","og_description":"Dass der Th\u00fcringer Neonazi und V-Mann Tino Brandt im NSU-Prozess nur die halbe Wahrheit gesagt hatte, vermuteten Prozessbeobachter seit Langem. Jetzt liegt daf\u00fcr offenbar eine Best\u00e4tigung vor: Brandt erz\u00e4hlte einem Mith\u00e4ftling im M\u00fcnchner Gef\u00e4ngnis Stadelheim, er habe dem Gericht Aussagen vorenthalten, wie die Nachrichtenagentur dpa berichtet. Der Gefangene schrieb in einem Vermerk, Brandt habe gesagt, [&hellip;]","og_url":"https:\/\/blog.zeit.de\/nsu-prozess-blog\/2015\/03\/18\/medienlog-tino-brandt-aussage-nsu-haft\/","og_site_name":"Das NSU-Prozess-Blog","article_published_time":"2015-03-18T07:26:19+00:00","article_modified_time":"2015-03-18T08:11:22+00:00","author":"Tom Sundermann","twitter_misc":{"Geschrieben von":"Tom Sundermann","Gesch\u00e4tzte Lesezeit":"1\u00a0Minute"},"schema":{"@context":"https:\/\/schema.org","@graph":[{"@type":"WebPage","@id":"https:\/\/blog.zeit.de\/nsu-prozess-blog\/2015\/03\/18\/medienlog-tino-brandt-aussage-nsu-haft\/","url":"https:\/\/blog.zeit.de\/nsu-prozess-blog\/2015\/03\/18\/medienlog-tino-brandt-aussage-nsu-haft\/","name":"V-Mann Tino Brandt gibt Falschaussage zu \u2013 Das Medienlog vom Mittwoch, 18. M\u00e4rz 2015 - Das NSU-Prozess-Blog","isPartOf":{"@id":"https:\/\/blog.zeit.de\/nsu-prozess-blog\/#website"},"datePublished":"2015-03-18T07:26:19+00:00","dateModified":"2015-03-18T08:11:22+00:00","author":{"@id":"https:\/\/blog.zeit.de\/nsu-prozess-blog\/#\/schema\/person\/553ea9bb5d1fc2ae054c589bd59380a5"},"breadcrumb":{"@id":"https:\/\/blog.zeit.de\/nsu-prozess-blog\/2015\/03\/18\/medienlog-tino-brandt-aussage-nsu-haft\/#breadcrumb"},"inLanguage":"de","potentialAction":[{"@type":"ReadAction","target":["https:\/\/blog.zeit.de\/nsu-prozess-blog\/2015\/03\/18\/medienlog-tino-brandt-aussage-nsu-haft\/"]}]},{"@type":"BreadcrumbList","@id":"https:\/\/blog.zeit.de\/nsu-prozess-blog\/2015\/03\/18\/medienlog-tino-brandt-aussage-nsu-haft\/#breadcrumb","itemListElement":[{"@type":"ListItem","position":1,"name":"Startseite","item":"https:\/\/blog.zeit.de\/nsu-prozess-blog\/"},{"@type":"ListItem","position":2,"name":"V-Mann Tino Brandt gibt Falschaussage zu \u2013 Das Medienlog vom Mittwoch, 18. M\u00e4rz 2015"}]},{"@type":"WebSite","@id":"https:\/\/blog.zeit.de\/nsu-prozess-blog\/#website","url":"https:\/\/blog.zeit.de\/nsu-prozess-blog\/","name":"Das NSU-Prozess-Blog","description":"Alle Berichte zum Terrorverfahren in M\u00fcnchen","potentialAction":[{"@type":"SearchAction","target":{"@type":"EntryPoint","urlTemplate":"https:\/\/blog.zeit.de\/nsu-prozess-blog\/?s={search_term_string}"},"query-input":"required name=search_term_string"}],"inLanguage":"de"},{"@type":"Person","@id":"https:\/\/blog.zeit.de\/nsu-prozess-blog\/#\/schema\/person\/553ea9bb5d1fc2ae054c589bd59380a5","name":"Tom Sundermann","image":{"@type":"ImageObject","inLanguage":"de","@id":"https:\/\/blog.zeit.de\/nsu-prozess-blog\/#\/schema\/person\/image\/","url":"https:\/\/secure.gravatar.com\/avatar\/e108a3dc18766f719b2f797dc5d19093f06a1870c55b553ab6b7563f1f9a5e68?s=96&d=mm&r=g","contentUrl":"https:\/\/secure.gravatar.com\/avatar\/e108a3dc18766f719b2f797dc5d19093f06a1870c55b553ab6b7563f1f9a5e68?s=96&d=mm&r=g","caption":"Tom Sundermann"},"sameAs":["https:\/\/twitter.com\/messeticker"],"url":"https:\/\/blog.zeit.de\/nsu-prozess-blog\/author\/tsundermann\/"}]}},"jetpack_featured_media_url":"","jetpack_sharing_enabled":true,"_links":{"self":[{"href":"https:\/\/blog.zeit.de\/nsu-prozess-blog\/wp-json\/wp\/v2\/posts\/8831","targetHints":{"allow":["GET"]}}],"collection":[{"href":"https:\/\/blog.zeit.de\/nsu-prozess-blog\/wp-json\/wp\/v2\/posts"}],"about":[{"href":"https:\/\/blog.zeit.de\/nsu-prozess-blog\/wp-json\/wp\/v2\/types\/post"}],"author":[{"embeddable":true,"href":"https:\/\/blog.zeit.de\/nsu-prozess-blog\/wp-json\/wp\/v2\/users\/435"}],"replies":[{"embeddable":true,"href":"https:\/\/blog.zeit.de\/nsu-prozess-blog\/wp-json\/wp\/v2\/comments?post=8831"}],"version-history":[{"count":6,"href":"https:\/\/blog.zeit.de\/nsu-prozess-blog\/wp-json\/wp\/v2\/posts\/8831\/revisions"}],"predecessor-version":[{"id":8837,"href":"https:\/\/blog.zeit.de\/nsu-prozess-blog\/wp-json\/wp\/v2\/posts\/8831\/revisions\/8837"}],"wp:attachment":[{"href":"https:\/\/blog.zeit.de\/nsu-prozess-blog\/wp-json\/wp\/v2\/media?parent=8831"}],"wp:term":[{"taxonomy":"category","embeddable":true,"href":"https:\/\/blog.zeit.de\/nsu-prozess-blog\/wp-json\/wp\/v2\/categories?post=8831"},{"taxonomy":"post_tag","embeddable":true,"href":"https:\/\/blog.zeit.de\/nsu-prozess-blog\/wp-json\/wp\/v2\/tags?post=8831"}],"curies":[{"name":"wp","href":"https:\/\/api.w.org\/{rel}","templated":true}]}}