{"id":8853,"date":"2015-03-25T07:00:07","date_gmt":"2015-03-25T06:00:07","guid":{"rendered":"http:\/\/blog.zeit.de\/nsu-prozess-blog\/?p=8853"},"modified":"2015-03-25T18:28:11","modified_gmt":"2015-03-25T17:28:11","slug":"195-prozesstag-gericht-untersucht-bankueberfall-arnstadt","status":"publish","type":"post","link":"https:\/\/blog.zeit.de\/nsu-prozess-blog\/2015\/03\/25\/195-prozesstag-gericht-untersucht-bankueberfall-arnstadt\/","title":{"rendered":"195. Prozesstag \u2013 Gericht untersucht Bank\u00fcberfall in Arnstadt"},"content":{"rendered":"<p>Am Mittwoch besch\u00e4ftigt sich der NSU-Prozess mit dem vorletzten Bank\u00fcberfall, der laut Anklage auf das Konto von Uwe Mundlos und Uwe B\u00f6hnhardt geht. Am Morgen des 7. September 2011 sollen sie eine Sparkassenfiliale im th\u00fcringischen Arnstadt \u00fcberfallen haben, dabei erbeuteten sie den Kassenbestand von 15.000 Euro. Auff\u00e4llig war das brutale Vorgen der Bankr\u00e4uber: B\u00f6hnhardt schlug einem der Angestellten ein Telefon auf den Kopf.<\/p>\n<p>Als Zeugen geladen sind f\u00fcnf Mitarbeiter der Filiale, au\u00dferdem zwei Polizisten aus Gotha und Paderborn.<\/p>\n<p><em>Informationen aus der Verhandlung gibt es <a href=\"https:\/\/twitter.com\/zeitonline\/lists\/nsu-prozess\">via Twitter hier<\/a>. Die Berichte dar\u00fcber fassen wir morgen im <a href=\"https:\/\/blog.zeit.de\/nsu-prozess-blog\/category\/medienschau\/\">NSU-Medienlog<\/a> zusammen.<\/em><\/p>\n","protected":false},"excerpt":{"rendered":"<p>Am Mittwoch besch\u00e4ftigt sich der NSU-Prozess mit dem vorletzten Bank\u00fcberfall, der laut Anklage auf das Konto von Uwe Mundlos und Uwe B\u00f6hnhardt geht. Am Morgen des 7. September 2011 sollen sie eine Sparkassenfiliale im th\u00fcringischen Arnstadt \u00fcberfallen haben, dabei erbeuteten sie den Kassenbestand von 15.000 Euro. Auff\u00e4llig war das brutale Vorgen der Bankr\u00e4uber: B\u00f6hnhardt schlug [&hellip;]<\/p>\n","protected":false},"author":435,"featured_media":0,"comment_status":"open","ping_status":"open","sticky":false,"template":"","format":"standard","meta":{"_jetpack_memberships_contains_paid_content":false,"footnotes":""},"categories":[27532],"tags":[28242,29457,29540,22860,22859],"class_list":["post-8853","post","type-post","status-publish","format-standard","hentry","category-prozesstage","tag-arnstadt","tag-bankuberfall","tag-thueringen","tag-uwe-bohnhardt","tag-uwe-mundlos"],"yoast_head":"<!-- This site is optimized with the Yoast SEO plugin v21.0 - https:\/\/yoast.com\/wordpress\/plugins\/seo\/ -->\n<title>195. Prozesstag \u2013 Gericht untersucht Bank\u00fcberfall in Arnstadt - Das NSU-Prozess-Blog<\/title>\n<meta name=\"robots\" content=\"index, follow, max-snippet:-1, max-image-preview:large, max-video-preview:-1\" \/>\n<link rel=\"canonical\" href=\"https:\/\/blog.zeit.de\/nsu-prozess-blog\/2015\/03\/25\/195-prozesstag-gericht-untersucht-bankueberfall-arnstadt\/\" \/>\n<meta property=\"og:locale\" content=\"de_DE\" \/>\n<meta property=\"og:type\" content=\"article\" \/>\n<meta property=\"og:title\" content=\"195. Prozesstag \u2013 Gericht untersucht Bank\u00fcberfall in Arnstadt - Das NSU-Prozess-Blog\" \/>\n<meta property=\"og:description\" content=\"Am Mittwoch besch\u00e4ftigt sich der NSU-Prozess mit dem vorletzten Bank\u00fcberfall, der laut Anklage auf das Konto von Uwe Mundlos und Uwe B\u00f6hnhardt geht. Am Morgen des 7. September 2011 sollen sie eine Sparkassenfiliale im th\u00fcringischen Arnstadt \u00fcberfallen haben, dabei erbeuteten sie den Kassenbestand von 15.000 Euro. Auff\u00e4llig war das brutale Vorgen der Bankr\u00e4uber: B\u00f6hnhardt schlug [&hellip;]\" \/>\n<meta property=\"og:url\" content=\"https:\/\/blog.zeit.de\/nsu-prozess-blog\/2015\/03\/25\/195-prozesstag-gericht-untersucht-bankueberfall-arnstadt\/\" \/>\n<meta property=\"og:site_name\" content=\"Das NSU-Prozess-Blog\" \/>\n<meta property=\"article:published_time\" content=\"2015-03-25T06:00:07+00:00\" \/>\n<meta property=\"article:modified_time\" content=\"2015-03-25T17:28:11+00:00\" \/>\n<meta name=\"author\" content=\"Tom Sundermann\" \/>\n<meta name=\"twitter:label1\" content=\"Geschrieben von\" \/>\n\t<meta name=\"twitter:data1\" content=\"Tom Sundermann\" \/>\n\t<meta name=\"twitter:label2\" content=\"Gesch\u00e4tzte Lesezeit\" \/>\n\t<meta name=\"twitter:data2\" content=\"1\u00a0Minute\" \/>\n<script type=\"application\/ld+json\" class=\"yoast-schema-graph\">{\"@context\":\"https:\/\/schema.org\",\"@graph\":[{\"@type\":\"WebPage\",\"@id\":\"https:\/\/blog.zeit.de\/nsu-prozess-blog\/2015\/03\/25\/195-prozesstag-gericht-untersucht-bankueberfall-arnstadt\/\",\"url\":\"https:\/\/blog.zeit.de\/nsu-prozess-blog\/2015\/03\/25\/195-prozesstag-gericht-untersucht-bankueberfall-arnstadt\/\",\"name\":\"195. Prozesstag \u2013 Gericht untersucht Bank\u00fcberfall in Arnstadt - Das NSU-Prozess-Blog\",\"isPartOf\":{\"@id\":\"https:\/\/blog.zeit.de\/nsu-prozess-blog\/#website\"},\"datePublished\":\"2015-03-25T06:00:07+00:00\",\"dateModified\":\"2015-03-25T17:28:11+00:00\",\"author\":{\"@id\":\"https:\/\/blog.zeit.de\/nsu-prozess-blog\/#\/schema\/person\/553ea9bb5d1fc2ae054c589bd59380a5\"},\"breadcrumb\":{\"@id\":\"https:\/\/blog.zeit.de\/nsu-prozess-blog\/2015\/03\/25\/195-prozesstag-gericht-untersucht-bankueberfall-arnstadt\/#breadcrumb\"},\"inLanguage\":\"de\",\"potentialAction\":[{\"@type\":\"ReadAction\",\"target\":[\"https:\/\/blog.zeit.de\/nsu-prozess-blog\/2015\/03\/25\/195-prozesstag-gericht-untersucht-bankueberfall-arnstadt\/\"]}]},{\"@type\":\"BreadcrumbList\",\"@id\":\"https:\/\/blog.zeit.de\/nsu-prozess-blog\/2015\/03\/25\/195-prozesstag-gericht-untersucht-bankueberfall-arnstadt\/#breadcrumb\",\"itemListElement\":[{\"@type\":\"ListItem\",\"position\":1,\"name\":\"Startseite\",\"item\":\"https:\/\/blog.zeit.de\/nsu-prozess-blog\/\"},{\"@type\":\"ListItem\",\"position\":2,\"name\":\"195. Prozesstag \u2013 Gericht untersucht Bank\u00fcberfall in Arnstadt\"}]},{\"@type\":\"WebSite\",\"@id\":\"https:\/\/blog.zeit.de\/nsu-prozess-blog\/#website\",\"url\":\"https:\/\/blog.zeit.de\/nsu-prozess-blog\/\",\"name\":\"Das NSU-Prozess-Blog\",\"description\":\"Alle Berichte zum Terrorverfahren in M\u00fcnchen\",\"potentialAction\":[{\"@type\":\"SearchAction\",\"target\":{\"@type\":\"EntryPoint\",\"urlTemplate\":\"https:\/\/blog.zeit.de\/nsu-prozess-blog\/?s={search_term_string}\"},\"query-input\":\"required name=search_term_string\"}],\"inLanguage\":\"de\"},{\"@type\":\"Person\",\"@id\":\"https:\/\/blog.zeit.de\/nsu-prozess-blog\/#\/schema\/person\/553ea9bb5d1fc2ae054c589bd59380a5\",\"name\":\"Tom Sundermann\",\"image\":{\"@type\":\"ImageObject\",\"inLanguage\":\"de\",\"@id\":\"https:\/\/blog.zeit.de\/nsu-prozess-blog\/#\/schema\/person\/image\/\",\"url\":\"https:\/\/secure.gravatar.com\/avatar\/e108a3dc18766f719b2f797dc5d19093f06a1870c55b553ab6b7563f1f9a5e68?s=96&d=mm&r=g\",\"contentUrl\":\"https:\/\/secure.gravatar.com\/avatar\/e108a3dc18766f719b2f797dc5d19093f06a1870c55b553ab6b7563f1f9a5e68?s=96&d=mm&r=g\",\"caption\":\"Tom Sundermann\"},\"sameAs\":[\"https:\/\/twitter.com\/messeticker\"],\"url\":\"https:\/\/blog.zeit.de\/nsu-prozess-blog\/author\/tsundermann\/\"}]}<\/script>\n<!-- \/ Yoast SEO plugin. -->","yoast_head_json":{"title":"195. Prozesstag \u2013 Gericht untersucht Bank\u00fcberfall in Arnstadt - Das NSU-Prozess-Blog","robots":{"index":"index","follow":"follow","max-snippet":"max-snippet:-1","max-image-preview":"max-image-preview:large","max-video-preview":"max-video-preview:-1"},"canonical":"https:\/\/blog.zeit.de\/nsu-prozess-blog\/2015\/03\/25\/195-prozesstag-gericht-untersucht-bankueberfall-arnstadt\/","og_locale":"de_DE","og_type":"article","og_title":"195. Prozesstag \u2013 Gericht untersucht Bank\u00fcberfall in Arnstadt - Das NSU-Prozess-Blog","og_description":"Am Mittwoch besch\u00e4ftigt sich der NSU-Prozess mit dem vorletzten Bank\u00fcberfall, der laut Anklage auf das Konto von Uwe Mundlos und Uwe B\u00f6hnhardt geht. Am Morgen des 7. September 2011 sollen sie eine Sparkassenfiliale im th\u00fcringischen Arnstadt \u00fcberfallen haben, dabei erbeuteten sie den Kassenbestand von 15.000 Euro. Auff\u00e4llig war das brutale Vorgen der Bankr\u00e4uber: B\u00f6hnhardt schlug [&hellip;]","og_url":"https:\/\/blog.zeit.de\/nsu-prozess-blog\/2015\/03\/25\/195-prozesstag-gericht-untersucht-bankueberfall-arnstadt\/","og_site_name":"Das NSU-Prozess-Blog","article_published_time":"2015-03-25T06:00:07+00:00","article_modified_time":"2015-03-25T17:28:11+00:00","author":"Tom Sundermann","twitter_misc":{"Geschrieben von":"Tom Sundermann","Gesch\u00e4tzte Lesezeit":"1\u00a0Minute"},"schema":{"@context":"https:\/\/schema.org","@graph":[{"@type":"WebPage","@id":"https:\/\/blog.zeit.de\/nsu-prozess-blog\/2015\/03\/25\/195-prozesstag-gericht-untersucht-bankueberfall-arnstadt\/","url":"https:\/\/blog.zeit.de\/nsu-prozess-blog\/2015\/03\/25\/195-prozesstag-gericht-untersucht-bankueberfall-arnstadt\/","name":"195. Prozesstag \u2013 Gericht untersucht Bank\u00fcberfall in Arnstadt - Das NSU-Prozess-Blog","isPartOf":{"@id":"https:\/\/blog.zeit.de\/nsu-prozess-blog\/#website"},"datePublished":"2015-03-25T06:00:07+00:00","dateModified":"2015-03-25T17:28:11+00:00","author":{"@id":"https:\/\/blog.zeit.de\/nsu-prozess-blog\/#\/schema\/person\/553ea9bb5d1fc2ae054c589bd59380a5"},"breadcrumb":{"@id":"https:\/\/blog.zeit.de\/nsu-prozess-blog\/2015\/03\/25\/195-prozesstag-gericht-untersucht-bankueberfall-arnstadt\/#breadcrumb"},"inLanguage":"de","potentialAction":[{"@type":"ReadAction","target":["https:\/\/blog.zeit.de\/nsu-prozess-blog\/2015\/03\/25\/195-prozesstag-gericht-untersucht-bankueberfall-arnstadt\/"]}]},{"@type":"BreadcrumbList","@id":"https:\/\/blog.zeit.de\/nsu-prozess-blog\/2015\/03\/25\/195-prozesstag-gericht-untersucht-bankueberfall-arnstadt\/#breadcrumb","itemListElement":[{"@type":"ListItem","position":1,"name":"Startseite","item":"https:\/\/blog.zeit.de\/nsu-prozess-blog\/"},{"@type":"ListItem","position":2,"name":"195. Prozesstag \u2013 Gericht untersucht Bank\u00fcberfall in Arnstadt"}]},{"@type":"WebSite","@id":"https:\/\/blog.zeit.de\/nsu-prozess-blog\/#website","url":"https:\/\/blog.zeit.de\/nsu-prozess-blog\/","name":"Das NSU-Prozess-Blog","description":"Alle Berichte zum Terrorverfahren in M\u00fcnchen","potentialAction":[{"@type":"SearchAction","target":{"@type":"EntryPoint","urlTemplate":"https:\/\/blog.zeit.de\/nsu-prozess-blog\/?s={search_term_string}"},"query-input":"required name=search_term_string"}],"inLanguage":"de"},{"@type":"Person","@id":"https:\/\/blog.zeit.de\/nsu-prozess-blog\/#\/schema\/person\/553ea9bb5d1fc2ae054c589bd59380a5","name":"Tom Sundermann","image":{"@type":"ImageObject","inLanguage":"de","@id":"https:\/\/blog.zeit.de\/nsu-prozess-blog\/#\/schema\/person\/image\/","url":"https:\/\/secure.gravatar.com\/avatar\/e108a3dc18766f719b2f797dc5d19093f06a1870c55b553ab6b7563f1f9a5e68?s=96&d=mm&r=g","contentUrl":"https:\/\/secure.gravatar.com\/avatar\/e108a3dc18766f719b2f797dc5d19093f06a1870c55b553ab6b7563f1f9a5e68?s=96&d=mm&r=g","caption":"Tom Sundermann"},"sameAs":["https:\/\/twitter.com\/messeticker"],"url":"https:\/\/blog.zeit.de\/nsu-prozess-blog\/author\/tsundermann\/"}]}},"jetpack_featured_media_url":"","jetpack_sharing_enabled":true,"_links":{"self":[{"href":"https:\/\/blog.zeit.de\/nsu-prozess-blog\/wp-json\/wp\/v2\/posts\/8853","targetHints":{"allow":["GET"]}}],"collection":[{"href":"https:\/\/blog.zeit.de\/nsu-prozess-blog\/wp-json\/wp\/v2\/posts"}],"about":[{"href":"https:\/\/blog.zeit.de\/nsu-prozess-blog\/wp-json\/wp\/v2\/types\/post"}],"author":[{"embeddable":true,"href":"https:\/\/blog.zeit.de\/nsu-prozess-blog\/wp-json\/wp\/v2\/users\/435"}],"replies":[{"embeddable":true,"href":"https:\/\/blog.zeit.de\/nsu-prozess-blog\/wp-json\/wp\/v2\/comments?post=8853"}],"version-history":[{"count":3,"href":"https:\/\/blog.zeit.de\/nsu-prozess-blog\/wp-json\/wp\/v2\/posts\/8853\/revisions"}],"predecessor-version":[{"id":8883,"href":"https:\/\/blog.zeit.de\/nsu-prozess-blog\/wp-json\/wp\/v2\/posts\/8853\/revisions\/8883"}],"wp:attachment":[{"href":"https:\/\/blog.zeit.de\/nsu-prozess-blog\/wp-json\/wp\/v2\/media?parent=8853"}],"wp:term":[{"taxonomy":"category","embeddable":true,"href":"https:\/\/blog.zeit.de\/nsu-prozess-blog\/wp-json\/wp\/v2\/categories?post=8853"},{"taxonomy":"post_tag","embeddable":true,"href":"https:\/\/blog.zeit.de\/nsu-prozess-blog\/wp-json\/wp\/v2\/tags?post=8853"}],"curies":[{"name":"wp","href":"https:\/\/api.w.org\/{rel}","templated":true}]}}