{"id":8870,"date":"2015-03-24T08:32:43","date_gmt":"2015-03-24T07:32:43","guid":{"rendered":"http:\/\/blog.zeit.de\/nsu-prozess-blog\/?p=8870"},"modified":"2015-03-24T11:02:09","modified_gmt":"2015-03-24T10:02:09","slug":"medienlog-florian-h-ermittlungen-auto","status":"publish","type":"post","link":"https:\/\/blog.zeit.de\/nsu-prozess-blog\/2015\/03\/24\/medienlog-florian-h-ermittlungen-auto\/","title":{"rendered":"Polizei rollt Fall des verstorbenen Zeugen neu auf \u2013 Das Medienlog vom Dienstag, 24. M\u00e4rz 2015"},"content":{"rendered":"<p>Florian H. aus Baden-W\u00fcrttemberg will Informationen zum Mord an der Polizistin <a href=\"https:\/\/blog.zeit.de\/nsu-prozess-blog\/2014\/01\/16\/nie-wieder-ein-normales-leben\/\">Mich\u00e8le Kiesewetter<\/a> gehabt haben \u2013 doch kurz vor einer Vernehmung <a href=\"https:\/\/blog.zeit.de\/nsu-prozess-blog\/2014\/09\/16\/der-mysterioese-todesfall-von-heilbronn-das-medienlog-vom-dienstag-16-september-2014\/\">verbrannte er 2013 in seinem Auto<\/a>. Die Staatsanwaltschaft hakte den Fall als Selbstmord ab \u2013 doch zweifelt nun an ihrer eigenen Erkenntnis: Der Fall wird neu aufgerollt, wie <a href=\"http:\/\/www.swr.de\/landesschau-aktuell\/bw\/ermittlungen-zu-nsu-zeugen-aufgenommen\/-\/id=1622\/did=15270706\/nid=1622\/1aevrds\/\" target=\"_blank\">Medien berichten<\/a>. Dass die M\u00f6glichkeit eines Mordes gepr\u00fcft wird, geht offenkundig auf den Stuttgarter Untersuchungsausschuss zum NSU zur\u00fcck: Dort wurde bekannt, dass H.s Familie in seinem Wagen <a href=\"https:\/\/blog.zeit.de\/nsu-prozess-blog\/2015\/03\/20\/medienlog-polenzstrasse-zwickau-zschaepe-nsu\/\">Beweisst\u00fccke fand<\/a>, die die Polizei \u00fcbersehen hatte.<\/p>\n<p><em>An jedem Werktag sichten wir f\u00fcr das NSU-Prozess-Blog die Medien und stellen wichtige Berichte, Blogs, Videos und Tweets zusammen. Wir freuen uns \u00fcber Hinweise via Twitter mit dem Hashtag #nsublog \u2013 oder per E-Mail an <a href=\"mailto:nsublog@zeit.de\">nsublog@zeit.de<\/a>.<\/em><\/p>\n<p><em>Das n\u00e4chste Medienlog erscheint am Mittwoch, 25. M\u00e4rz 2015.<\/em><\/p>\n","protected":false},"excerpt":{"rendered":"<p>Florian H. aus Baden-W\u00fcrttemberg will Informationen zum Mord an der Polizistin Mich\u00e8le Kiesewetter gehabt haben \u2013 doch kurz vor einer Vernehmung verbrannte er 2013 in seinem Auto. Die Staatsanwaltschaft hakte den Fall als Selbstmord ab \u2013 doch zweifelt nun an ihrer eigenen Erkenntnis: Der Fall wird neu aufgerollt, wie Medien berichten. Dass die M\u00f6glichkeit eines [&hellip;]<\/p>\n","protected":false},"author":435,"featured_media":0,"comment_status":"open","ping_status":"open","sticky":false,"template":"","format":"standard","meta":{"_jetpack_memberships_contains_paid_content":false,"footnotes":""},"categories":[27531],"tags":[33592,27588,27536],"class_list":["post-8870","post","type-post","status-publish","format-standard","hentry","category-medienschau","tag-florian-h","tag-michele-kiesewetter","tag-untersuchungsausschuss"],"yoast_head":"<!-- This site is optimized with the Yoast SEO plugin v21.0 - https:\/\/yoast.com\/wordpress\/plugins\/seo\/ -->\n<title>Polizei rollt Fall des verstorbenen Zeugen neu auf \u2013 Das Medienlog vom Dienstag, 24. M\u00e4rz 2015 - Das NSU-Prozess-Blog<\/title>\n<meta name=\"robots\" content=\"index, follow, max-snippet:-1, max-image-preview:large, max-video-preview:-1\" \/>\n<link rel=\"canonical\" href=\"https:\/\/blog.zeit.de\/nsu-prozess-blog\/2015\/03\/24\/medienlog-florian-h-ermittlungen-auto\/\" \/>\n<meta property=\"og:locale\" content=\"de_DE\" \/>\n<meta property=\"og:type\" content=\"article\" \/>\n<meta property=\"og:title\" content=\"Polizei rollt Fall des verstorbenen Zeugen neu auf \u2013 Das Medienlog vom Dienstag, 24. M\u00e4rz 2015 - Das NSU-Prozess-Blog\" \/>\n<meta property=\"og:description\" content=\"Florian H. aus Baden-W\u00fcrttemberg will Informationen zum Mord an der Polizistin Mich\u00e8le Kiesewetter gehabt haben \u2013 doch kurz vor einer Vernehmung verbrannte er 2013 in seinem Auto. Die Staatsanwaltschaft hakte den Fall als Selbstmord ab \u2013 doch zweifelt nun an ihrer eigenen Erkenntnis: Der Fall wird neu aufgerollt, wie Medien berichten. Dass die M\u00f6glichkeit eines [&hellip;]\" \/>\n<meta property=\"og:url\" content=\"https:\/\/blog.zeit.de\/nsu-prozess-blog\/2015\/03\/24\/medienlog-florian-h-ermittlungen-auto\/\" \/>\n<meta property=\"og:site_name\" content=\"Das NSU-Prozess-Blog\" \/>\n<meta property=\"article:published_time\" content=\"2015-03-24T07:32:43+00:00\" \/>\n<meta property=\"article:modified_time\" content=\"2015-03-24T10:02:09+00:00\" \/>\n<meta name=\"author\" content=\"Tom Sundermann\" \/>\n<meta name=\"twitter:label1\" content=\"Geschrieben von\" \/>\n\t<meta name=\"twitter:data1\" content=\"Tom Sundermann\" \/>\n\t<meta name=\"twitter:label2\" content=\"Gesch\u00e4tzte Lesezeit\" \/>\n\t<meta name=\"twitter:data2\" content=\"1\u00a0Minute\" \/>\n<script type=\"application\/ld+json\" class=\"yoast-schema-graph\">{\"@context\":\"https:\/\/schema.org\",\"@graph\":[{\"@type\":\"WebPage\",\"@id\":\"https:\/\/blog.zeit.de\/nsu-prozess-blog\/2015\/03\/24\/medienlog-florian-h-ermittlungen-auto\/\",\"url\":\"https:\/\/blog.zeit.de\/nsu-prozess-blog\/2015\/03\/24\/medienlog-florian-h-ermittlungen-auto\/\",\"name\":\"Polizei rollt Fall des verstorbenen Zeugen neu auf \u2013 Das Medienlog vom Dienstag, 24. M\u00e4rz 2015 - Das NSU-Prozess-Blog\",\"isPartOf\":{\"@id\":\"https:\/\/blog.zeit.de\/nsu-prozess-blog\/#website\"},\"datePublished\":\"2015-03-24T07:32:43+00:00\",\"dateModified\":\"2015-03-24T10:02:09+00:00\",\"author\":{\"@id\":\"https:\/\/blog.zeit.de\/nsu-prozess-blog\/#\/schema\/person\/553ea9bb5d1fc2ae054c589bd59380a5\"},\"breadcrumb\":{\"@id\":\"https:\/\/blog.zeit.de\/nsu-prozess-blog\/2015\/03\/24\/medienlog-florian-h-ermittlungen-auto\/#breadcrumb\"},\"inLanguage\":\"de\",\"potentialAction\":[{\"@type\":\"ReadAction\",\"target\":[\"https:\/\/blog.zeit.de\/nsu-prozess-blog\/2015\/03\/24\/medienlog-florian-h-ermittlungen-auto\/\"]}]},{\"@type\":\"BreadcrumbList\",\"@id\":\"https:\/\/blog.zeit.de\/nsu-prozess-blog\/2015\/03\/24\/medienlog-florian-h-ermittlungen-auto\/#breadcrumb\",\"itemListElement\":[{\"@type\":\"ListItem\",\"position\":1,\"name\":\"Startseite\",\"item\":\"https:\/\/blog.zeit.de\/nsu-prozess-blog\/\"},{\"@type\":\"ListItem\",\"position\":2,\"name\":\"Polizei rollt Fall des verstorbenen Zeugen neu auf \u2013 Das Medienlog vom Dienstag, 24. M\u00e4rz 2015\"}]},{\"@type\":\"WebSite\",\"@id\":\"https:\/\/blog.zeit.de\/nsu-prozess-blog\/#website\",\"url\":\"https:\/\/blog.zeit.de\/nsu-prozess-blog\/\",\"name\":\"Das NSU-Prozess-Blog\",\"description\":\"Alle Berichte zum Terrorverfahren in M\u00fcnchen\",\"potentialAction\":[{\"@type\":\"SearchAction\",\"target\":{\"@type\":\"EntryPoint\",\"urlTemplate\":\"https:\/\/blog.zeit.de\/nsu-prozess-blog\/?s={search_term_string}\"},\"query-input\":\"required name=search_term_string\"}],\"inLanguage\":\"de\"},{\"@type\":\"Person\",\"@id\":\"https:\/\/blog.zeit.de\/nsu-prozess-blog\/#\/schema\/person\/553ea9bb5d1fc2ae054c589bd59380a5\",\"name\":\"Tom Sundermann\",\"image\":{\"@type\":\"ImageObject\",\"inLanguage\":\"de\",\"@id\":\"https:\/\/blog.zeit.de\/nsu-prozess-blog\/#\/schema\/person\/image\/\",\"url\":\"https:\/\/secure.gravatar.com\/avatar\/e108a3dc18766f719b2f797dc5d19093f06a1870c55b553ab6b7563f1f9a5e68?s=96&d=mm&r=g\",\"contentUrl\":\"https:\/\/secure.gravatar.com\/avatar\/e108a3dc18766f719b2f797dc5d19093f06a1870c55b553ab6b7563f1f9a5e68?s=96&d=mm&r=g\",\"caption\":\"Tom Sundermann\"},\"sameAs\":[\"https:\/\/twitter.com\/messeticker\"],\"url\":\"https:\/\/blog.zeit.de\/nsu-prozess-blog\/author\/tsundermann\/\"}]}<\/script>\n<!-- \/ Yoast SEO plugin. -->","yoast_head_json":{"title":"Polizei rollt Fall des verstorbenen Zeugen neu auf \u2013 Das Medienlog vom Dienstag, 24. M\u00e4rz 2015 - Das NSU-Prozess-Blog","robots":{"index":"index","follow":"follow","max-snippet":"max-snippet:-1","max-image-preview":"max-image-preview:large","max-video-preview":"max-video-preview:-1"},"canonical":"https:\/\/blog.zeit.de\/nsu-prozess-blog\/2015\/03\/24\/medienlog-florian-h-ermittlungen-auto\/","og_locale":"de_DE","og_type":"article","og_title":"Polizei rollt Fall des verstorbenen Zeugen neu auf \u2013 Das Medienlog vom Dienstag, 24. M\u00e4rz 2015 - Das NSU-Prozess-Blog","og_description":"Florian H. aus Baden-W\u00fcrttemberg will Informationen zum Mord an der Polizistin Mich\u00e8le Kiesewetter gehabt haben \u2013 doch kurz vor einer Vernehmung verbrannte er 2013 in seinem Auto. Die Staatsanwaltschaft hakte den Fall als Selbstmord ab \u2013 doch zweifelt nun an ihrer eigenen Erkenntnis: Der Fall wird neu aufgerollt, wie Medien berichten. Dass die M\u00f6glichkeit eines [&hellip;]","og_url":"https:\/\/blog.zeit.de\/nsu-prozess-blog\/2015\/03\/24\/medienlog-florian-h-ermittlungen-auto\/","og_site_name":"Das NSU-Prozess-Blog","article_published_time":"2015-03-24T07:32:43+00:00","article_modified_time":"2015-03-24T10:02:09+00:00","author":"Tom Sundermann","twitter_misc":{"Geschrieben von":"Tom Sundermann","Gesch\u00e4tzte Lesezeit":"1\u00a0Minute"},"schema":{"@context":"https:\/\/schema.org","@graph":[{"@type":"WebPage","@id":"https:\/\/blog.zeit.de\/nsu-prozess-blog\/2015\/03\/24\/medienlog-florian-h-ermittlungen-auto\/","url":"https:\/\/blog.zeit.de\/nsu-prozess-blog\/2015\/03\/24\/medienlog-florian-h-ermittlungen-auto\/","name":"Polizei rollt Fall des verstorbenen Zeugen neu auf \u2013 Das Medienlog vom Dienstag, 24. M\u00e4rz 2015 - Das NSU-Prozess-Blog","isPartOf":{"@id":"https:\/\/blog.zeit.de\/nsu-prozess-blog\/#website"},"datePublished":"2015-03-24T07:32:43+00:00","dateModified":"2015-03-24T10:02:09+00:00","author":{"@id":"https:\/\/blog.zeit.de\/nsu-prozess-blog\/#\/schema\/person\/553ea9bb5d1fc2ae054c589bd59380a5"},"breadcrumb":{"@id":"https:\/\/blog.zeit.de\/nsu-prozess-blog\/2015\/03\/24\/medienlog-florian-h-ermittlungen-auto\/#breadcrumb"},"inLanguage":"de","potentialAction":[{"@type":"ReadAction","target":["https:\/\/blog.zeit.de\/nsu-prozess-blog\/2015\/03\/24\/medienlog-florian-h-ermittlungen-auto\/"]}]},{"@type":"BreadcrumbList","@id":"https:\/\/blog.zeit.de\/nsu-prozess-blog\/2015\/03\/24\/medienlog-florian-h-ermittlungen-auto\/#breadcrumb","itemListElement":[{"@type":"ListItem","position":1,"name":"Startseite","item":"https:\/\/blog.zeit.de\/nsu-prozess-blog\/"},{"@type":"ListItem","position":2,"name":"Polizei rollt Fall des verstorbenen Zeugen neu auf \u2013 Das Medienlog vom Dienstag, 24. M\u00e4rz 2015"}]},{"@type":"WebSite","@id":"https:\/\/blog.zeit.de\/nsu-prozess-blog\/#website","url":"https:\/\/blog.zeit.de\/nsu-prozess-blog\/","name":"Das NSU-Prozess-Blog","description":"Alle Berichte zum Terrorverfahren in M\u00fcnchen","potentialAction":[{"@type":"SearchAction","target":{"@type":"EntryPoint","urlTemplate":"https:\/\/blog.zeit.de\/nsu-prozess-blog\/?s={search_term_string}"},"query-input":"required name=search_term_string"}],"inLanguage":"de"},{"@type":"Person","@id":"https:\/\/blog.zeit.de\/nsu-prozess-blog\/#\/schema\/person\/553ea9bb5d1fc2ae054c589bd59380a5","name":"Tom Sundermann","image":{"@type":"ImageObject","inLanguage":"de","@id":"https:\/\/blog.zeit.de\/nsu-prozess-blog\/#\/schema\/person\/image\/","url":"https:\/\/secure.gravatar.com\/avatar\/e108a3dc18766f719b2f797dc5d19093f06a1870c55b553ab6b7563f1f9a5e68?s=96&d=mm&r=g","contentUrl":"https:\/\/secure.gravatar.com\/avatar\/e108a3dc18766f719b2f797dc5d19093f06a1870c55b553ab6b7563f1f9a5e68?s=96&d=mm&r=g","caption":"Tom Sundermann"},"sameAs":["https:\/\/twitter.com\/messeticker"],"url":"https:\/\/blog.zeit.de\/nsu-prozess-blog\/author\/tsundermann\/"}]}},"jetpack_featured_media_url":"","jetpack_sharing_enabled":true,"_links":{"self":[{"href":"https:\/\/blog.zeit.de\/nsu-prozess-blog\/wp-json\/wp\/v2\/posts\/8870","targetHints":{"allow":["GET"]}}],"collection":[{"href":"https:\/\/blog.zeit.de\/nsu-prozess-blog\/wp-json\/wp\/v2\/posts"}],"about":[{"href":"https:\/\/blog.zeit.de\/nsu-prozess-blog\/wp-json\/wp\/v2\/types\/post"}],"author":[{"embeddable":true,"href":"https:\/\/blog.zeit.de\/nsu-prozess-blog\/wp-json\/wp\/v2\/users\/435"}],"replies":[{"embeddable":true,"href":"https:\/\/blog.zeit.de\/nsu-prozess-blog\/wp-json\/wp\/v2\/comments?post=8870"}],"version-history":[{"count":2,"href":"https:\/\/blog.zeit.de\/nsu-prozess-blog\/wp-json\/wp\/v2\/posts\/8870\/revisions"}],"predecessor-version":[{"id":8872,"href":"https:\/\/blog.zeit.de\/nsu-prozess-blog\/wp-json\/wp\/v2\/posts\/8870\/revisions\/8872"}],"wp:attachment":[{"href":"https:\/\/blog.zeit.de\/nsu-prozess-blog\/wp-json\/wp\/v2\/media?parent=8870"}],"wp:term":[{"taxonomy":"category","embeddable":true,"href":"https:\/\/blog.zeit.de\/nsu-prozess-blog\/wp-json\/wp\/v2\/categories?post=8870"},{"taxonomy":"post_tag","embeddable":true,"href":"https:\/\/blog.zeit.de\/nsu-prozess-blog\/wp-json\/wp\/v2\/tags?post=8870"}],"curies":[{"name":"wp","href":"https:\/\/api.w.org\/{rel}","templated":true}]}}