{"id":8885,"date":"2015-03-26T08:50:55","date_gmt":"2015-03-26T07:50:55","guid":{"rendered":"http:\/\/blog.zeit.de\/nsu-prozess-blog\/?p=8885"},"modified":"2015-03-27T11:08:04","modified_gmt":"2015-03-27T10:08:04","slug":"medienlog-bankueberfall-arnstadt","status":"publish","type":"post","link":"https:\/\/blog.zeit.de\/nsu-prozess-blog\/2015\/03\/26\/medienlog-bankueberfall-arnstadt\/","title":{"rendered":"Der brutale \u00dcberfall von Arnstadt \u2013 Das Medienlog vom Donnerstag, 26. M\u00e4rz 2015"},"content":{"rendered":"<p>Es war der vorletzte von 14 Bank\u00fcberf\u00e4llen, mit denen sich der NSU finanzierte: Am 7. September 2011 sollen Uwe Mundlos und Uwe B\u00f6hnhardt eine Sparkassenfiliale im th\u00fcringischen Arnstadt \u00fcberfallen haben. Mitarbeiter des Geldhauses berichteten am Mittwoch im M\u00fcnchner Prozess, wie rabiat die R\u00e4uber dabei vorgingen. &#8222;Die Brutalit\u00e4t der T\u00e4ter schockiert \u2013 auch uns Reporter&#8220;, berichtet Eva Frisch vom <a href=\"http:\/\/www.br.de\/nachrichten\/nsu-prozess\/150325-tagebuch-gerichtsreporter-100.html\" target=\"_blank\"><em>Bayerischen Rundfunk<\/em><\/a>. So schlug einer von ihnen einer Angestellten mehrmals einen Telefonh\u00f6rer auf den Kopf und f\u00fcgte ihr eine schwere Wunde zu. Im Fall der Zeugin sei zu sp\u00fcren gewesen, &#8222;dass der brutale Bank\u00fcberfall ihr Leben f\u00fcr immer ver\u00e4ndert hat&#8220;.<br \/>\n<!--more--><\/p>\n<p><em>An jedem Werktag sichten wir f\u00fcr das NSU-Prozess-Blog die Medien und stellen wichtige Berichte, Blogs, Videos und Tweets zusammen. Wir freuen uns \u00fcber Hinweise via Twitter mit dem Hashtag #nsublog \u2013 oder per E-Mail an <a href=\"mailto:nsublog@zeit.de\">nsublog@zeit.de<\/a>.<\/em><\/p>\n<p>&#8222;Die Frau machte einen geschw\u00e4chten Eindruck&#8220;, beobachtet Kai Mudra von der <a href=\"http:\/\/www.thueringer-allgemeine.de\/web\/zgt\/suche\/detail\/-\/specific\/NSU-Prozess-Bank-Mitarbeiter-schildern-brutalen-Ueberfall-in-Arnstadt-589981412\" target=\"_blank\"><em>Th\u00fcringer Allgemeinen<\/em><\/a>. Nach der Tat habe sie mit einer Psychologin lernen m\u00fcssen, &#8222;wieder vor die Haust\u00fcr zu gehen oder beispielsweise einzukaufen, ohne Angst zu haben&#8220;.<\/p>\n<p>Die Aufkl\u00e4rung der Bank\u00fcberf\u00e4lle betreffe auch die Hauptangeklagte Beate Zsch\u00e4pe, &#8222;da die Angeklagte die mit dem geraubten Geld gef\u00fcllte Kasse des NSU verwaltet haben soll&#8220;, merkt Frank Jansen im <a href=\"http:\/\/www.tagesspiegel.de\/politik\/195-tag-im-nsu-prozess-mit-ueberfaellen-fuellte-das-nsu-trio-die-kasse-auf\/11554974.html\" target=\"_blank\"><em>Tagesspiegel<\/em><\/a> an. F\u00fcr ihre Komplizen Mundlos und B\u00f6hnhardt war der Raub &#8222;offenbar auch der Anfang vom Ende&#8220; \u2013 denn Zeugenaussagen nach der Tat lieferten die Hinweise, mit denen Fahnder die beiden knapp zwei Monate sp\u00e4ter nach dem <a href=\"http:\/\/www.zeit.de\/gesellschaft\/2013-11\/nsu-prozess-menzel\">\u00dcberfall in Eisenach<\/a> in ihrem Wohnmobil stellten. Nach der missgl\u00fcckten Flucht und dem Selbstmord der T\u00e4ter flog der NSU auf.<\/p>\n<p>Der NSU-Prozess l\u00e4uft in den kommenden Monaten weiter auf Sparflamme: Weil Zsch\u00e4pe <a href=\"https:\/\/blog.zeit.de\/nsu-prozess-blog\/2015\/03\/09\/medienlog-richter-urteil-nsu-zschaepe-lebenslang\/\">an gesundheitlichen Problemen<\/a> leidet, wird bis Mitte Mai weiterhin nur an zwei statt drei Tagen pro Woche verhandelt, wie die Nachrichtenagentur <a href=\"http:\/\/www.spiegel.de\/panorama\/justiz\/nsu-gericht-streicht-wegen-zschaepes-gesundheitszustand-prozesstermine-a-1025619.html\" target=\"_blank\"><em>dpa<\/em><\/a> berichtet. Unklar ist laut dem Vorsitzenden Richter Manfred G\u00f6tzl, wie es danach weitergehe.<\/p>\n<p>Der Fall um den m\u00f6glichen NSU-Zeugen <a href=\"https:\/\/blog.zeit.de\/nsu-prozess-blog\/2015\/03\/24\/medienlog-florian-h-ermittlungen-auto\/\">Florian H.<\/a>, der 2013 in seinem Auto verbrannte, besch\u00e4ftigt weiter die Politik: Nachdem die Polizei offenbar Beweismittel in seinem Wagen \u00fcbersehen hatte, ermittelt die Staatsanwaltschaft erneut zu H.s Tod, der Stuttgarter Untersuchungsausschuss zum NSU will zwei Minister als Zeugen laden. &#8222;Doch mit seinem Fall wird nun vor allem Politik gemacht&#8220;, stellen wir auf <a href=\"https:\/\/blog.zeit.de\/nsu-prozess-blog\/2015\/03\/25\/die-fragen-nach-dem-feuertod\/\" target=\"_blank\">ZEIT ONLINE<\/a> fest. Denn personelle Konsequenzen im baden-w\u00fcrttemberger Politikbetrieb sind zwar ruchbar, doch gibt es bislang keine Anzeichen, &#8222;dass die Untersuchung diesmal mit einem anderen Ergebnis als Suizid abschlie\u00dft&#8220;.<\/p>\n<p>H. hatte Hinweise zum Mord an der Polizistin <a href=\"https:\/\/blog.zeit.de\/nsu-prozess-blog\/2014\/03\/11\/umfeld-kiesewetter-nazis-medienlog\/\">Mich\u00e8le Kiesewetter<\/a> von 2007 in Heilbronn gegeben. Die neuen Beweisst\u00fccke &#8222;offenbaren ein kolossales Versagen&#8220;, kommentiert Gabriele Renz im <a href=\"http:\/\/www.suedkurier.de\/nachrichten\/baden-wuerttemberg\/themensk\/Heilbronner-Polizistenmord-Haben-Politik-und-Polizei-versagt;art417921,7729326\" target=\"_blank\"><em>S\u00fcdkurier<\/em><\/a>. Zudem werfe der Fall erneut ein Licht auf die Merkw\u00fcrdigkeiten rund um den Kiesewetter-Mord. So gerate die These, die Polizistin sei ein Zufallsopfer des NSU gewesen, &#8222;stark ins Wanken&#8220;.<\/p>\n<p><em>Das n\u00e4chste Medienlog erscheint am Freitag, 27. M\u00e4rz 2015.<\/em><\/p>\n","protected":false},"excerpt":{"rendered":"<p>Es war der vorletzte von 14 Bank\u00fcberf\u00e4llen, mit denen sich der NSU finanzierte: Am 7. September 2011 sollen Uwe Mundlos und Uwe B\u00f6hnhardt eine Sparkassenfiliale im th\u00fcringischen Arnstadt \u00fcberfallen haben. Mitarbeiter des Geldhauses berichteten am Mittwoch im M\u00fcnchner Prozess, wie rabiat die R\u00e4uber dabei vorgingen. &#8222;Die Brutalit\u00e4t der T\u00e4ter schockiert \u2013 auch uns Reporter&#8220;, berichtet [&hellip;]<\/p>\n","protected":false},"author":435,"featured_media":0,"comment_status":"open","ping_status":"open","sticky":false,"template":"","format":"standard","meta":{"_jetpack_memberships_contains_paid_content":false,"footnotes":""},"categories":[27531],"tags":[],"class_list":["post-8885","post","type-post","status-publish","format-standard","hentry","category-medienschau"],"yoast_head":"<!-- This site is optimized with the Yoast SEO plugin v21.0 - https:\/\/yoast.com\/wordpress\/plugins\/seo\/ -->\n<title>Der brutale \u00dcberfall von Arnstadt \u2013 NSU-Medienlog vom 26.03.<\/title>\n<meta name=\"description\" content=\"Am 7. September 2011 sollen Uwe Mundlos und Uwe B\u00f6hnhardt eine Sparkassenfiliale in Arnstadt \u00fcberfallen haben. Die Brutalit\u00e4t der T\u00e4ter schockierte.\" \/>\n<meta name=\"robots\" content=\"index, follow, max-snippet:-1, max-image-preview:large, max-video-preview:-1\" \/>\n<link rel=\"canonical\" href=\"https:\/\/blog.zeit.de\/nsu-prozess-blog\/2015\/03\/26\/medienlog-bankueberfall-arnstadt\/\" \/>\n<meta property=\"og:locale\" content=\"de_DE\" \/>\n<meta property=\"og:type\" content=\"article\" \/>\n<meta property=\"og:title\" content=\"Der brutale \u00dcberfall von Arnstadt \u2013 NSU-Medienlog vom 26.03.\" \/>\n<meta property=\"og:description\" content=\"Am 7. September 2011 sollen Uwe Mundlos und Uwe B\u00f6hnhardt eine Sparkassenfiliale in Arnstadt \u00fcberfallen haben. Die Brutalit\u00e4t der T\u00e4ter schockierte.\" \/>\n<meta property=\"og:url\" content=\"https:\/\/blog.zeit.de\/nsu-prozess-blog\/2015\/03\/26\/medienlog-bankueberfall-arnstadt\/\" \/>\n<meta property=\"og:site_name\" content=\"Das NSU-Prozess-Blog\" \/>\n<meta property=\"article:published_time\" content=\"2015-03-26T07:50:55+00:00\" \/>\n<meta property=\"article:modified_time\" content=\"2015-03-27T10:08:04+00:00\" \/>\n<meta name=\"author\" content=\"Tom Sundermann\" \/>\n<meta name=\"twitter:label1\" content=\"Geschrieben von\" \/>\n\t<meta name=\"twitter:data1\" content=\"Tom Sundermann\" \/>\n\t<meta name=\"twitter:label2\" content=\"Gesch\u00e4tzte Lesezeit\" \/>\n\t<meta name=\"twitter:data2\" content=\"2\u00a0Minuten\" \/>\n<script type=\"application\/ld+json\" class=\"yoast-schema-graph\">{\"@context\":\"https:\/\/schema.org\",\"@graph\":[{\"@type\":\"WebPage\",\"@id\":\"https:\/\/blog.zeit.de\/nsu-prozess-blog\/2015\/03\/26\/medienlog-bankueberfall-arnstadt\/\",\"url\":\"https:\/\/blog.zeit.de\/nsu-prozess-blog\/2015\/03\/26\/medienlog-bankueberfall-arnstadt\/\",\"name\":\"Der brutale \u00dcberfall von Arnstadt \u2013 NSU-Medienlog vom 26.03.\",\"isPartOf\":{\"@id\":\"https:\/\/blog.zeit.de\/nsu-prozess-blog\/#website\"},\"datePublished\":\"2015-03-26T07:50:55+00:00\",\"dateModified\":\"2015-03-27T10:08:04+00:00\",\"author\":{\"@id\":\"https:\/\/blog.zeit.de\/nsu-prozess-blog\/#\/schema\/person\/553ea9bb5d1fc2ae054c589bd59380a5\"},\"description\":\"Am 7. September 2011 sollen Uwe Mundlos und Uwe B\u00f6hnhardt eine Sparkassenfiliale in Arnstadt \u00fcberfallen haben. Die Brutalit\u00e4t der T\u00e4ter schockierte.\",\"breadcrumb\":{\"@id\":\"https:\/\/blog.zeit.de\/nsu-prozess-blog\/2015\/03\/26\/medienlog-bankueberfall-arnstadt\/#breadcrumb\"},\"inLanguage\":\"de\",\"potentialAction\":[{\"@type\":\"ReadAction\",\"target\":[\"https:\/\/blog.zeit.de\/nsu-prozess-blog\/2015\/03\/26\/medienlog-bankueberfall-arnstadt\/\"]}]},{\"@type\":\"BreadcrumbList\",\"@id\":\"https:\/\/blog.zeit.de\/nsu-prozess-blog\/2015\/03\/26\/medienlog-bankueberfall-arnstadt\/#breadcrumb\",\"itemListElement\":[{\"@type\":\"ListItem\",\"position\":1,\"name\":\"Startseite\",\"item\":\"https:\/\/blog.zeit.de\/nsu-prozess-blog\/\"},{\"@type\":\"ListItem\",\"position\":2,\"name\":\"Der brutale \u00dcberfall von Arnstadt \u2013 Das Medienlog vom Donnerstag, 26. M\u00e4rz 2015\"}]},{\"@type\":\"WebSite\",\"@id\":\"https:\/\/blog.zeit.de\/nsu-prozess-blog\/#website\",\"url\":\"https:\/\/blog.zeit.de\/nsu-prozess-blog\/\",\"name\":\"Das NSU-Prozess-Blog\",\"description\":\"Alle Berichte zum Terrorverfahren in M\u00fcnchen\",\"potentialAction\":[{\"@type\":\"SearchAction\",\"target\":{\"@type\":\"EntryPoint\",\"urlTemplate\":\"https:\/\/blog.zeit.de\/nsu-prozess-blog\/?s={search_term_string}\"},\"query-input\":\"required name=search_term_string\"}],\"inLanguage\":\"de\"},{\"@type\":\"Person\",\"@id\":\"https:\/\/blog.zeit.de\/nsu-prozess-blog\/#\/schema\/person\/553ea9bb5d1fc2ae054c589bd59380a5\",\"name\":\"Tom Sundermann\",\"image\":{\"@type\":\"ImageObject\",\"inLanguage\":\"de\",\"@id\":\"https:\/\/blog.zeit.de\/nsu-prozess-blog\/#\/schema\/person\/image\/\",\"url\":\"https:\/\/secure.gravatar.com\/avatar\/e108a3dc18766f719b2f797dc5d19093f06a1870c55b553ab6b7563f1f9a5e68?s=96&d=mm&r=g\",\"contentUrl\":\"https:\/\/secure.gravatar.com\/avatar\/e108a3dc18766f719b2f797dc5d19093f06a1870c55b553ab6b7563f1f9a5e68?s=96&d=mm&r=g\",\"caption\":\"Tom Sundermann\"},\"sameAs\":[\"https:\/\/twitter.com\/messeticker\"],\"url\":\"https:\/\/blog.zeit.de\/nsu-prozess-blog\/author\/tsundermann\/\"}]}<\/script>\n<!-- \/ Yoast SEO plugin. -->","yoast_head_json":{"title":"Der brutale \u00dcberfall von Arnstadt \u2013 NSU-Medienlog vom 26.03.","description":"Am 7. September 2011 sollen Uwe Mundlos und Uwe B\u00f6hnhardt eine Sparkassenfiliale in Arnstadt \u00fcberfallen haben. Die Brutalit\u00e4t der T\u00e4ter schockierte.","robots":{"index":"index","follow":"follow","max-snippet":"max-snippet:-1","max-image-preview":"max-image-preview:large","max-video-preview":"max-video-preview:-1"},"canonical":"https:\/\/blog.zeit.de\/nsu-prozess-blog\/2015\/03\/26\/medienlog-bankueberfall-arnstadt\/","og_locale":"de_DE","og_type":"article","og_title":"Der brutale \u00dcberfall von Arnstadt \u2013 NSU-Medienlog vom 26.03.","og_description":"Am 7. September 2011 sollen Uwe Mundlos und Uwe B\u00f6hnhardt eine Sparkassenfiliale in Arnstadt \u00fcberfallen haben. Die Brutalit\u00e4t der T\u00e4ter schockierte.","og_url":"https:\/\/blog.zeit.de\/nsu-prozess-blog\/2015\/03\/26\/medienlog-bankueberfall-arnstadt\/","og_site_name":"Das NSU-Prozess-Blog","article_published_time":"2015-03-26T07:50:55+00:00","article_modified_time":"2015-03-27T10:08:04+00:00","author":"Tom Sundermann","twitter_misc":{"Geschrieben von":"Tom Sundermann","Gesch\u00e4tzte Lesezeit":"2\u00a0Minuten"},"schema":{"@context":"https:\/\/schema.org","@graph":[{"@type":"WebPage","@id":"https:\/\/blog.zeit.de\/nsu-prozess-blog\/2015\/03\/26\/medienlog-bankueberfall-arnstadt\/","url":"https:\/\/blog.zeit.de\/nsu-prozess-blog\/2015\/03\/26\/medienlog-bankueberfall-arnstadt\/","name":"Der brutale \u00dcberfall von Arnstadt \u2013 NSU-Medienlog vom 26.03.","isPartOf":{"@id":"https:\/\/blog.zeit.de\/nsu-prozess-blog\/#website"},"datePublished":"2015-03-26T07:50:55+00:00","dateModified":"2015-03-27T10:08:04+00:00","author":{"@id":"https:\/\/blog.zeit.de\/nsu-prozess-blog\/#\/schema\/person\/553ea9bb5d1fc2ae054c589bd59380a5"},"description":"Am 7. September 2011 sollen Uwe Mundlos und Uwe B\u00f6hnhardt eine Sparkassenfiliale in Arnstadt \u00fcberfallen haben. Die Brutalit\u00e4t der T\u00e4ter schockierte.","breadcrumb":{"@id":"https:\/\/blog.zeit.de\/nsu-prozess-blog\/2015\/03\/26\/medienlog-bankueberfall-arnstadt\/#breadcrumb"},"inLanguage":"de","potentialAction":[{"@type":"ReadAction","target":["https:\/\/blog.zeit.de\/nsu-prozess-blog\/2015\/03\/26\/medienlog-bankueberfall-arnstadt\/"]}]},{"@type":"BreadcrumbList","@id":"https:\/\/blog.zeit.de\/nsu-prozess-blog\/2015\/03\/26\/medienlog-bankueberfall-arnstadt\/#breadcrumb","itemListElement":[{"@type":"ListItem","position":1,"name":"Startseite","item":"https:\/\/blog.zeit.de\/nsu-prozess-blog\/"},{"@type":"ListItem","position":2,"name":"Der brutale \u00dcberfall von Arnstadt \u2013 Das Medienlog vom Donnerstag, 26. M\u00e4rz 2015"}]},{"@type":"WebSite","@id":"https:\/\/blog.zeit.de\/nsu-prozess-blog\/#website","url":"https:\/\/blog.zeit.de\/nsu-prozess-blog\/","name":"Das NSU-Prozess-Blog","description":"Alle Berichte zum Terrorverfahren in M\u00fcnchen","potentialAction":[{"@type":"SearchAction","target":{"@type":"EntryPoint","urlTemplate":"https:\/\/blog.zeit.de\/nsu-prozess-blog\/?s={search_term_string}"},"query-input":"required name=search_term_string"}],"inLanguage":"de"},{"@type":"Person","@id":"https:\/\/blog.zeit.de\/nsu-prozess-blog\/#\/schema\/person\/553ea9bb5d1fc2ae054c589bd59380a5","name":"Tom Sundermann","image":{"@type":"ImageObject","inLanguage":"de","@id":"https:\/\/blog.zeit.de\/nsu-prozess-blog\/#\/schema\/person\/image\/","url":"https:\/\/secure.gravatar.com\/avatar\/e108a3dc18766f719b2f797dc5d19093f06a1870c55b553ab6b7563f1f9a5e68?s=96&d=mm&r=g","contentUrl":"https:\/\/secure.gravatar.com\/avatar\/e108a3dc18766f719b2f797dc5d19093f06a1870c55b553ab6b7563f1f9a5e68?s=96&d=mm&r=g","caption":"Tom Sundermann"},"sameAs":["https:\/\/twitter.com\/messeticker"],"url":"https:\/\/blog.zeit.de\/nsu-prozess-blog\/author\/tsundermann\/"}]}},"jetpack_featured_media_url":"","jetpack_sharing_enabled":true,"_links":{"self":[{"href":"https:\/\/blog.zeit.de\/nsu-prozess-blog\/wp-json\/wp\/v2\/posts\/8885","targetHints":{"allow":["GET"]}}],"collection":[{"href":"https:\/\/blog.zeit.de\/nsu-prozess-blog\/wp-json\/wp\/v2\/posts"}],"about":[{"href":"https:\/\/blog.zeit.de\/nsu-prozess-blog\/wp-json\/wp\/v2\/types\/post"}],"author":[{"embeddable":true,"href":"https:\/\/blog.zeit.de\/nsu-prozess-blog\/wp-json\/wp\/v2\/users\/435"}],"replies":[{"embeddable":true,"href":"https:\/\/blog.zeit.de\/nsu-prozess-blog\/wp-json\/wp\/v2\/comments?post=8885"}],"version-history":[{"count":4,"href":"https:\/\/blog.zeit.de\/nsu-prozess-blog\/wp-json\/wp\/v2\/posts\/8885\/revisions"}],"predecessor-version":[{"id":8889,"href":"https:\/\/blog.zeit.de\/nsu-prozess-blog\/wp-json\/wp\/v2\/posts\/8885\/revisions\/8889"}],"wp:attachment":[{"href":"https:\/\/blog.zeit.de\/nsu-prozess-blog\/wp-json\/wp\/v2\/media?parent=8885"}],"wp:term":[{"taxonomy":"category","embeddable":true,"href":"https:\/\/blog.zeit.de\/nsu-prozess-blog\/wp-json\/wp\/v2\/categories?post=8885"},{"taxonomy":"post_tag","embeddable":true,"href":"https:\/\/blog.zeit.de\/nsu-prozess-blog\/wp-json\/wp\/v2\/tags?post=8885"}],"curies":[{"name":"wp","href":"https:\/\/api.w.org\/{rel}","templated":true}]}}