{"id":893,"date":"2013-06-04T06:56:23","date_gmt":"2013-06-04T04:56:23","guid":{"rendered":"http:\/\/blog.zeit.de\/nsu-prozess-blog\/?p=893"},"modified":"2013-06-05T07:23:58","modified_gmt":"2013-06-05T05:23:58","slug":"aussage-angeklagt","status":"publish","type":"post","link":"https:\/\/blog.zeit.de\/nsu-prozess-blog\/2013\/06\/04\/aussage-angeklagt\/","title":{"rendered":"Casten S. will aussagen \u2013 das NSU-Medienlog vom Dienstag 4. Juni"},"content":{"rendered":"<p><em>An jedem Werktag fassen wir im NSU-Prozess-Blog die wichtigsten Medienberichte, Blogs, Videos und Tweets zusammen. Wir freuen uns \u00fcber Hinweise via Twitter mit dem Hashtag <a href=\"https:\/\/twitter.com\/search\/realtime?q=%23nsublog&amp;src=typd\" target=\"_blank\">#nsublog<\/a> \u2013 oder per E-Mail an nsublog@zeit.de.<\/em><\/p>\n<p>Der n\u00e4chste Verhandlungstag vor dem M\u00fcnchner Oberlandesgericht steht bevor, in den Medien ist das alles beherrschende Thema die anstehende Aussage des Angeklagten Carsten S.. Der Mitangeklagte Ralf Wohlleben wird nicht sprechen, seine Anw\u00e4ltin hat jedoch eine Erkl\u00e4rung angek\u00fcndigt.<\/p>\n<p>Vermutlich wird Carsten S. Wohlleben <strong>schwer belasten<\/strong>, schreibt unter anderem die <a href=\"http:\/\/www.derwesten.de\/staedte\/duesseldorf\/carsten-s-will-heute-auspacken-aimp-id8026313.html?ciuac=true\"><em>WAZ<\/em>.<\/a> (<a href=\"https:\/\/blog.zeit.de\/nsu-prozess-blog\/2013\/06\/03\/wohlleben-anwaltin-gerichtskosten\/#more-852\">Vgl. Medienlog vom 3. Juni<\/a>). Die <a href=\"http:\/\/www.berliner-zeitung.de\/neonazi-terror\/nsu-prozess-ein-aussteiger-will-aussagen,11151296,23106148.html\"><em>Berliner Zeitung\u00a0<\/em><\/a> schreibt in diesem Zusammenhang: &#8222;Es wird wohl kein Gest\u00e4ndnis sein, im Gegenteil: Wohllebens Verteidiger wie wohl auch die von Beate Zsch\u00e4pe werden alles daran setzen, <strong>die Glaubw\u00fcrdigkeit des Kronzeugen S. in Zweifel zu ziehen.<\/strong>&#8222;<\/p>\n<p><!--more--><\/p>\n<p>Ein Widerspruch, den der heutige Prozesstag kl\u00e4ren k\u00f6nnte, betrifft die<strong> Aussagen \u00fcber die Tatwaffe, <\/strong>schreibt die <a href=\"http:\/\/www.berliner-zeitung.de\/neonazi-terror\/nsu-prozess-ein-aussteiger-will-aussagen,11151296,23106148.html\"><em>Berliner Zeitung<\/em><\/a>. Im Gegensatz zum Verk\u00e4ufer habe Carsten S. angegeben, die Waffe ohne Schalld\u00e4mpfer bestellt zu haben. &#8222;Wenn Carsten S. bewusst eine schalld\u00e4mpfende Waffe f\u00fcr eine in der Illegalit\u00e4t lebende Gruppe besorgt hat, musste er davon ausgehen, dass diese f\u00fcr Mordanschl\u00e4ge benutzt werden soll&#8220;, schreibt die Zeitung.<\/p>\n<p>Die Onlineausgabe des Senders NTV widmet der Geschichte der Angeklagten Holger G. und Carsten S. einen ausf\u00fchrlichen Artikel. Carsten S. <strong>sei als Jugendlicher in die Neonazi-Szene geraten<\/strong> und habe ihr schon lange den R\u00fccken gekehrt. Er habe damals die N\u00e4he zu gewaltt\u00e4tigen M\u00e4nnergemeinschaften gesucht, weil er seine Homosexualit\u00e4t unterdr\u00fccken wollte, <a href=\"http:\/\/www.n-tv.de\/politik\/Die-Angeklagten-werden-zu-Zeugen-article10685216.html\">schreibt Solveig Bach. <\/a>Inzwischen sei Carsten S. in der Schwulenszene aktiv und arbeite f\u00fcr die Anti-Aids-Hilfe. Holger G. habe sich seit 2004 zunehmend aus der rechten Szene gel\u00f6st. Den Kontakt zu seinen &#8222;NSU-Freunden&#8220; habe er jedoch weiter gehalten.<\/p>\n<p><em>Bild.de<\/em> hingegen besch\u00e4ftigt sich stattdessen mit der Verteidigungsstrategie der Hauptangeklagten: &#8222;Wird aus dem NSU-Prozess ein Kasperltheater?&#8220;, fragt das Onlineportal. Bef\u00fcrchtet wird eine neue <strong>&#8222;Antragsflut&#8220; <\/strong>von Beate Zsch\u00e4pes Anw\u00e4lten. Bislang h\u00e4tten diese den Protest dazu genutzt, ihren &#8222;unbedingten Verz\u00f6gerungswillen&#8220; zu zeigen.<\/p>\n<p>In englischsprachigen Medien wurden heute erneut keine Berichte \u00fcber den NSU-Prozess ver\u00f6ffentlicht.<\/p>\n<p>Wir freuen uns auch dazu \u00fcber Hinweise an nsublog@zeit.de<\/p>\n<p>&nbsp;<\/p>\n<p><em>Das n\u00e4chste Medienlog erscheint am Mittwoch, den 5. Juni.<\/em><\/p>\n","protected":false},"excerpt":{"rendered":"<p>An jedem Werktag fassen wir im NSU-Prozess-Blog die wichtigsten Medienberichte, Blogs, Videos und Tweets zusammen. Wir freuen uns \u00fcber Hinweise via Twitter mit dem Hashtag #nsublog \u2013 oder per E-Mail an nsublog@zeit.de. Der n\u00e4chste Verhandlungstag vor dem M\u00fcnchner Oberlandesgericht steht bevor, in den Medien ist das alles beherrschende Thema die anstehende Aussage des Angeklagten Carsten [&hellip;]<\/p>\n","protected":false},"author":410,"featured_media":0,"comment_status":"open","ping_status":"open","sticky":false,"template":"","format":"standard","meta":{"_jetpack_memberships_contains_paid_content":false,"footnotes":""},"categories":[27531],"tags":[27541,17772],"class_list":["post-893","post","type-post","status-publish","format-standard","hentry","category-medienschau","tag-carsten-s","tag-ralf-wohlleben"],"yoast_head":"<!-- This site is optimized with the Yoast SEO plugin v21.0 - https:\/\/yoast.com\/wordpress\/plugins\/seo\/ -->\n<title>Casten S. will aussagen \u2013 das NSU-Medienlog vom Dienstag 4. Juni - Das NSU-Prozess-Blog<\/title>\n<meta name=\"robots\" content=\"index, follow, max-snippet:-1, max-image-preview:large, max-video-preview:-1\" \/>\n<link rel=\"canonical\" href=\"https:\/\/blog.zeit.de\/nsu-prozess-blog\/2013\/06\/04\/aussage-angeklagt\/\" \/>\n<meta property=\"og:locale\" content=\"de_DE\" \/>\n<meta property=\"og:type\" content=\"article\" \/>\n<meta property=\"og:title\" content=\"Casten S. will aussagen \u2013 das NSU-Medienlog vom Dienstag 4. Juni - Das NSU-Prozess-Blog\" \/>\n<meta property=\"og:description\" content=\"An jedem Werktag fassen wir im NSU-Prozess-Blog die wichtigsten Medienberichte, Blogs, Videos und Tweets zusammen. Wir freuen uns \u00fcber Hinweise via Twitter mit dem Hashtag #nsublog \u2013 oder per E-Mail an nsublog@zeit.de. Der n\u00e4chste Verhandlungstag vor dem M\u00fcnchner Oberlandesgericht steht bevor, in den Medien ist das alles beherrschende Thema die anstehende Aussage des Angeklagten Carsten [&hellip;]\" \/>\n<meta property=\"og:url\" content=\"https:\/\/blog.zeit.de\/nsu-prozess-blog\/2013\/06\/04\/aussage-angeklagt\/\" \/>\n<meta property=\"og:site_name\" content=\"Das NSU-Prozess-Blog\" \/>\n<meta property=\"article:published_time\" content=\"2013-06-04T04:56:23+00:00\" \/>\n<meta property=\"article:modified_time\" content=\"2013-06-05T05:23:58+00:00\" \/>\n<meta name=\"author\" content=\"Mirjam Schmitt\" \/>\n<meta name=\"twitter:label1\" content=\"Geschrieben von\" \/>\n\t<meta name=\"twitter:data1\" content=\"Mirjam Schmitt\" \/>\n\t<meta name=\"twitter:label2\" content=\"Gesch\u00e4tzte Lesezeit\" \/>\n\t<meta name=\"twitter:data2\" content=\"2\u00a0Minuten\" \/>\n<script type=\"application\/ld+json\" class=\"yoast-schema-graph\">{\"@context\":\"https:\/\/schema.org\",\"@graph\":[{\"@type\":\"WebPage\",\"@id\":\"https:\/\/blog.zeit.de\/nsu-prozess-blog\/2013\/06\/04\/aussage-angeklagt\/\",\"url\":\"https:\/\/blog.zeit.de\/nsu-prozess-blog\/2013\/06\/04\/aussage-angeklagt\/\",\"name\":\"Casten S. will aussagen \u2013 das NSU-Medienlog vom Dienstag 4. Juni - Das NSU-Prozess-Blog\",\"isPartOf\":{\"@id\":\"https:\/\/blog.zeit.de\/nsu-prozess-blog\/#website\"},\"datePublished\":\"2013-06-04T04:56:23+00:00\",\"dateModified\":\"2013-06-05T05:23:58+00:00\",\"author\":{\"@id\":\"https:\/\/blog.zeit.de\/nsu-prozess-blog\/#\/schema\/person\/45acffb344ee326a2ebea3f5c0ad3ae8\"},\"breadcrumb\":{\"@id\":\"https:\/\/blog.zeit.de\/nsu-prozess-blog\/2013\/06\/04\/aussage-angeklagt\/#breadcrumb\"},\"inLanguage\":\"de\",\"potentialAction\":[{\"@type\":\"ReadAction\",\"target\":[\"https:\/\/blog.zeit.de\/nsu-prozess-blog\/2013\/06\/04\/aussage-angeklagt\/\"]}]},{\"@type\":\"BreadcrumbList\",\"@id\":\"https:\/\/blog.zeit.de\/nsu-prozess-blog\/2013\/06\/04\/aussage-angeklagt\/#breadcrumb\",\"itemListElement\":[{\"@type\":\"ListItem\",\"position\":1,\"name\":\"Startseite\",\"item\":\"https:\/\/blog.zeit.de\/nsu-prozess-blog\/\"},{\"@type\":\"ListItem\",\"position\":2,\"name\":\"Casten S. will aussagen \u2013 das NSU-Medienlog vom Dienstag 4. Juni\"}]},{\"@type\":\"WebSite\",\"@id\":\"https:\/\/blog.zeit.de\/nsu-prozess-blog\/#website\",\"url\":\"https:\/\/blog.zeit.de\/nsu-prozess-blog\/\",\"name\":\"Das NSU-Prozess-Blog\",\"description\":\"Alle Berichte zum Terrorverfahren in M\u00fcnchen\",\"potentialAction\":[{\"@type\":\"SearchAction\",\"target\":{\"@type\":\"EntryPoint\",\"urlTemplate\":\"https:\/\/blog.zeit.de\/nsu-prozess-blog\/?s={search_term_string}\"},\"query-input\":\"required name=search_term_string\"}],\"inLanguage\":\"de\"},{\"@type\":\"Person\",\"@id\":\"https:\/\/blog.zeit.de\/nsu-prozess-blog\/#\/schema\/person\/45acffb344ee326a2ebea3f5c0ad3ae8\",\"name\":\"Mirjam Schmitt\",\"image\":{\"@type\":\"ImageObject\",\"inLanguage\":\"de\",\"@id\":\"https:\/\/blog.zeit.de\/nsu-prozess-blog\/#\/schema\/person\/image\/\",\"url\":\"https:\/\/secure.gravatar.com\/avatar\/21ea3e922b6404f0cab7bb919e2b401850e5cef2e7155dba6caa935b66c5688b?s=96&d=mm&r=g\",\"contentUrl\":\"https:\/\/secure.gravatar.com\/avatar\/21ea3e922b6404f0cab7bb919e2b401850e5cef2e7155dba6caa935b66c5688b?s=96&d=mm&r=g\",\"caption\":\"Mirjam Schmitt\"},\"url\":\"https:\/\/blog.zeit.de\/nsu-prozess-blog\/author\/mschmitt\/\"}]}<\/script>\n<!-- \/ Yoast SEO plugin. -->","yoast_head_json":{"title":"Casten S. will aussagen \u2013 das NSU-Medienlog vom Dienstag 4. Juni - Das NSU-Prozess-Blog","robots":{"index":"index","follow":"follow","max-snippet":"max-snippet:-1","max-image-preview":"max-image-preview:large","max-video-preview":"max-video-preview:-1"},"canonical":"https:\/\/blog.zeit.de\/nsu-prozess-blog\/2013\/06\/04\/aussage-angeklagt\/","og_locale":"de_DE","og_type":"article","og_title":"Casten S. will aussagen \u2013 das NSU-Medienlog vom Dienstag 4. Juni - Das NSU-Prozess-Blog","og_description":"An jedem Werktag fassen wir im NSU-Prozess-Blog die wichtigsten Medienberichte, Blogs, Videos und Tweets zusammen. Wir freuen uns \u00fcber Hinweise via Twitter mit dem Hashtag #nsublog \u2013 oder per E-Mail an nsublog@zeit.de. Der n\u00e4chste Verhandlungstag vor dem M\u00fcnchner Oberlandesgericht steht bevor, in den Medien ist das alles beherrschende Thema die anstehende Aussage des Angeklagten Carsten [&hellip;]","og_url":"https:\/\/blog.zeit.de\/nsu-prozess-blog\/2013\/06\/04\/aussage-angeklagt\/","og_site_name":"Das NSU-Prozess-Blog","article_published_time":"2013-06-04T04:56:23+00:00","article_modified_time":"2013-06-05T05:23:58+00:00","author":"Mirjam Schmitt","twitter_misc":{"Geschrieben von":"Mirjam Schmitt","Gesch\u00e4tzte Lesezeit":"2\u00a0Minuten"},"schema":{"@context":"https:\/\/schema.org","@graph":[{"@type":"WebPage","@id":"https:\/\/blog.zeit.de\/nsu-prozess-blog\/2013\/06\/04\/aussage-angeklagt\/","url":"https:\/\/blog.zeit.de\/nsu-prozess-blog\/2013\/06\/04\/aussage-angeklagt\/","name":"Casten S. will aussagen \u2013 das NSU-Medienlog vom Dienstag 4. Juni - Das NSU-Prozess-Blog","isPartOf":{"@id":"https:\/\/blog.zeit.de\/nsu-prozess-blog\/#website"},"datePublished":"2013-06-04T04:56:23+00:00","dateModified":"2013-06-05T05:23:58+00:00","author":{"@id":"https:\/\/blog.zeit.de\/nsu-prozess-blog\/#\/schema\/person\/45acffb344ee326a2ebea3f5c0ad3ae8"},"breadcrumb":{"@id":"https:\/\/blog.zeit.de\/nsu-prozess-blog\/2013\/06\/04\/aussage-angeklagt\/#breadcrumb"},"inLanguage":"de","potentialAction":[{"@type":"ReadAction","target":["https:\/\/blog.zeit.de\/nsu-prozess-blog\/2013\/06\/04\/aussage-angeklagt\/"]}]},{"@type":"BreadcrumbList","@id":"https:\/\/blog.zeit.de\/nsu-prozess-blog\/2013\/06\/04\/aussage-angeklagt\/#breadcrumb","itemListElement":[{"@type":"ListItem","position":1,"name":"Startseite","item":"https:\/\/blog.zeit.de\/nsu-prozess-blog\/"},{"@type":"ListItem","position":2,"name":"Casten S. will aussagen \u2013 das NSU-Medienlog vom Dienstag 4. Juni"}]},{"@type":"WebSite","@id":"https:\/\/blog.zeit.de\/nsu-prozess-blog\/#website","url":"https:\/\/blog.zeit.de\/nsu-prozess-blog\/","name":"Das NSU-Prozess-Blog","description":"Alle Berichte zum Terrorverfahren in M\u00fcnchen","potentialAction":[{"@type":"SearchAction","target":{"@type":"EntryPoint","urlTemplate":"https:\/\/blog.zeit.de\/nsu-prozess-blog\/?s={search_term_string}"},"query-input":"required name=search_term_string"}],"inLanguage":"de"},{"@type":"Person","@id":"https:\/\/blog.zeit.de\/nsu-prozess-blog\/#\/schema\/person\/45acffb344ee326a2ebea3f5c0ad3ae8","name":"Mirjam Schmitt","image":{"@type":"ImageObject","inLanguage":"de","@id":"https:\/\/blog.zeit.de\/nsu-prozess-blog\/#\/schema\/person\/image\/","url":"https:\/\/secure.gravatar.com\/avatar\/21ea3e922b6404f0cab7bb919e2b401850e5cef2e7155dba6caa935b66c5688b?s=96&d=mm&r=g","contentUrl":"https:\/\/secure.gravatar.com\/avatar\/21ea3e922b6404f0cab7bb919e2b401850e5cef2e7155dba6caa935b66c5688b?s=96&d=mm&r=g","caption":"Mirjam Schmitt"},"url":"https:\/\/blog.zeit.de\/nsu-prozess-blog\/author\/mschmitt\/"}]}},"jetpack_featured_media_url":"","jetpack_sharing_enabled":true,"_links":{"self":[{"href":"https:\/\/blog.zeit.de\/nsu-prozess-blog\/wp-json\/wp\/v2\/posts\/893","targetHints":{"allow":["GET"]}}],"collection":[{"href":"https:\/\/blog.zeit.de\/nsu-prozess-blog\/wp-json\/wp\/v2\/posts"}],"about":[{"href":"https:\/\/blog.zeit.de\/nsu-prozess-blog\/wp-json\/wp\/v2\/types\/post"}],"author":[{"embeddable":true,"href":"https:\/\/blog.zeit.de\/nsu-prozess-blog\/wp-json\/wp\/v2\/users\/410"}],"replies":[{"embeddable":true,"href":"https:\/\/blog.zeit.de\/nsu-prozess-blog\/wp-json\/wp\/v2\/comments?post=893"}],"version-history":[{"count":10,"href":"https:\/\/blog.zeit.de\/nsu-prozess-blog\/wp-json\/wp\/v2\/posts\/893\/revisions"}],"predecessor-version":[{"id":953,"href":"https:\/\/blog.zeit.de\/nsu-prozess-blog\/wp-json\/wp\/v2\/posts\/893\/revisions\/953"}],"wp:attachment":[{"href":"https:\/\/blog.zeit.de\/nsu-prozess-blog\/wp-json\/wp\/v2\/media?parent=893"}],"wp:term":[{"taxonomy":"category","embeddable":true,"href":"https:\/\/blog.zeit.de\/nsu-prozess-blog\/wp-json\/wp\/v2\/categories?post=893"},{"taxonomy":"post_tag","embeddable":true,"href":"https:\/\/blog.zeit.de\/nsu-prozess-blog\/wp-json\/wp\/v2\/tags?post=893"}],"curies":[{"name":"wp","href":"https:\/\/api.w.org\/{rel}","templated":true}]}}