{"id":8939,"date":"2015-04-14T07:00:00","date_gmt":"2015-04-14T05:00:00","guid":{"rendered":"http:\/\/blog.zeit.de\/nsu-prozess-blog\/?p=8939"},"modified":"2015-04-15T11:49:07","modified_gmt":"2015-04-15T09:49:07","slug":"196-prozesstag-bankueberfaelle-von-stralsund","status":"publish","type":"post","link":"https:\/\/blog.zeit.de\/nsu-prozess-blog\/2015\/04\/14\/196-prozesstag-bankueberfaelle-von-stralsund\/","title":{"rendered":"197. Prozesstag \u2013 Bank\u00fcberf\u00e4lle von Stralsund"},"content":{"rendered":"<p>Nach einer Pause w\u00e4hrend der Osterferien besch\u00e4ftigt sich der NSU-Prozess am Dienstag erneut mit den <a href=\"https:\/\/blog.zeit.de\/nsu-prozess-blog\/2014\/05\/21\/der-verhaengnisvolle-bankraub-von-boehnhardt-und-mundlos-das-medienlog-vom-mittwoch-21-mai-2014\/\">\u00dcberf\u00e4llen<\/a> auf eine Sparkassenfiliale in Stralsund. Am 7. November 2006 und am 18. Januar 2007 sollen Uwe Mundlos und Uwe B\u00f6hnhardt die Zweigstelle \u00fcberfallen dabei \u00fcber 255.000 Euro erbeutet haben. Mehrere Angestellte mussten beide \u00dcberf\u00e4lle miterleben.<\/p>\n<p><!--more--><\/p>\n<p>Als Zeugen geladen sind sieben Mitarbeiter und Kunden der Sparkasse. Im Anschluss sagen ein Polizist aus Stralsund und ein Ermittler des Bundeskriminalamts aus.<\/p>\n<p><em>Informationen aus der Verhandlung gibt es <a href=\"https:\/\/twitter.com\/zeitonline\/lists\/nsu-prozess\">via Twitter hier<\/a>. Die Berichte dar\u00fcber fassen wir morgen im <a href=\"https:\/\/blog.zeit.de\/nsu-prozess-blog\/category\/medienschau\/\">NSU-Medienlog<\/a> zusammen.<\/em><\/p>\n","protected":false},"excerpt":{"rendered":"<p>Nach einer Pause w\u00e4hrend der Osterferien besch\u00e4ftigt sich der NSU-Prozess am Dienstag erneut mit den \u00dcberf\u00e4llen auf eine Sparkassenfiliale in Stralsund. Am 7. November 2006 und am 18. Januar 2007 sollen Uwe Mundlos und Uwe B\u00f6hnhardt die Zweigstelle \u00fcberfallen dabei \u00fcber 255.000 Euro erbeutet haben. Mehrere Angestellte mussten beide \u00dcberf\u00e4lle miterleben.<\/p>\n","protected":false},"author":435,"featured_media":0,"comment_status":"open","ping_status":"open","sticky":false,"template":"","format":"standard","meta":{"_jetpack_memberships_contains_paid_content":false,"footnotes":""},"categories":[27532],"tags":[29457,27562,33594],"class_list":["post-8939","post","type-post","status-publish","format-standard","hentry","category-prozesstage","tag-bankuberfall","tag-bka","tag-stralsund"],"yoast_head":"<!-- This site is optimized with the Yoast SEO plugin v21.0 - https:\/\/yoast.com\/wordpress\/plugins\/seo\/ -->\n<title>197. Prozesstag \u2013 Bank\u00fcberf\u00e4lle von Stralsund - Das NSU-Prozess-Blog<\/title>\n<meta name=\"robots\" content=\"index, follow, max-snippet:-1, max-image-preview:large, max-video-preview:-1\" \/>\n<link rel=\"canonical\" href=\"https:\/\/blog.zeit.de\/nsu-prozess-blog\/2015\/04\/14\/196-prozesstag-bankueberfaelle-von-stralsund\/\" \/>\n<meta property=\"og:locale\" content=\"de_DE\" \/>\n<meta property=\"og:type\" content=\"article\" \/>\n<meta property=\"og:title\" content=\"197. Prozesstag \u2013 Bank\u00fcberf\u00e4lle von Stralsund - Das NSU-Prozess-Blog\" \/>\n<meta property=\"og:description\" content=\"Nach einer Pause w\u00e4hrend der Osterferien besch\u00e4ftigt sich der NSU-Prozess am Dienstag erneut mit den \u00dcberf\u00e4llen auf eine Sparkassenfiliale in Stralsund. Am 7. November 2006 und am 18. Januar 2007 sollen Uwe Mundlos und Uwe B\u00f6hnhardt die Zweigstelle \u00fcberfallen dabei \u00fcber 255.000 Euro erbeutet haben. Mehrere Angestellte mussten beide \u00dcberf\u00e4lle miterleben.\" \/>\n<meta property=\"og:url\" content=\"https:\/\/blog.zeit.de\/nsu-prozess-blog\/2015\/04\/14\/196-prozesstag-bankueberfaelle-von-stralsund\/\" \/>\n<meta property=\"og:site_name\" content=\"Das NSU-Prozess-Blog\" \/>\n<meta property=\"article:published_time\" content=\"2015-04-14T05:00:00+00:00\" \/>\n<meta property=\"article:modified_time\" content=\"2015-04-15T09:49:07+00:00\" \/>\n<meta name=\"author\" content=\"Tom Sundermann\" \/>\n<meta name=\"twitter:label1\" content=\"Geschrieben von\" \/>\n\t<meta name=\"twitter:data1\" content=\"Tom Sundermann\" \/>\n<script type=\"application\/ld+json\" class=\"yoast-schema-graph\">{\"@context\":\"https:\/\/schema.org\",\"@graph\":[{\"@type\":\"WebPage\",\"@id\":\"https:\/\/blog.zeit.de\/nsu-prozess-blog\/2015\/04\/14\/196-prozesstag-bankueberfaelle-von-stralsund\/\",\"url\":\"https:\/\/blog.zeit.de\/nsu-prozess-blog\/2015\/04\/14\/196-prozesstag-bankueberfaelle-von-stralsund\/\",\"name\":\"197. Prozesstag \u2013 Bank\u00fcberf\u00e4lle von Stralsund - Das NSU-Prozess-Blog\",\"isPartOf\":{\"@id\":\"https:\/\/blog.zeit.de\/nsu-prozess-blog\/#website\"},\"datePublished\":\"2015-04-14T05:00:00+00:00\",\"dateModified\":\"2015-04-15T09:49:07+00:00\",\"author\":{\"@id\":\"https:\/\/blog.zeit.de\/nsu-prozess-blog\/#\/schema\/person\/553ea9bb5d1fc2ae054c589bd59380a5\"},\"breadcrumb\":{\"@id\":\"https:\/\/blog.zeit.de\/nsu-prozess-blog\/2015\/04\/14\/196-prozesstag-bankueberfaelle-von-stralsund\/#breadcrumb\"},\"inLanguage\":\"de\",\"potentialAction\":[{\"@type\":\"ReadAction\",\"target\":[\"https:\/\/blog.zeit.de\/nsu-prozess-blog\/2015\/04\/14\/196-prozesstag-bankueberfaelle-von-stralsund\/\"]}]},{\"@type\":\"BreadcrumbList\",\"@id\":\"https:\/\/blog.zeit.de\/nsu-prozess-blog\/2015\/04\/14\/196-prozesstag-bankueberfaelle-von-stralsund\/#breadcrumb\",\"itemListElement\":[{\"@type\":\"ListItem\",\"position\":1,\"name\":\"Startseite\",\"item\":\"https:\/\/blog.zeit.de\/nsu-prozess-blog\/\"},{\"@type\":\"ListItem\",\"position\":2,\"name\":\"197. Prozesstag \u2013 Bank\u00fcberf\u00e4lle von Stralsund\"}]},{\"@type\":\"WebSite\",\"@id\":\"https:\/\/blog.zeit.de\/nsu-prozess-blog\/#website\",\"url\":\"https:\/\/blog.zeit.de\/nsu-prozess-blog\/\",\"name\":\"Das NSU-Prozess-Blog\",\"description\":\"Alle Berichte zum Terrorverfahren in M\u00fcnchen\",\"potentialAction\":[{\"@type\":\"SearchAction\",\"target\":{\"@type\":\"EntryPoint\",\"urlTemplate\":\"https:\/\/blog.zeit.de\/nsu-prozess-blog\/?s={search_term_string}\"},\"query-input\":\"required name=search_term_string\"}],\"inLanguage\":\"de\"},{\"@type\":\"Person\",\"@id\":\"https:\/\/blog.zeit.de\/nsu-prozess-blog\/#\/schema\/person\/553ea9bb5d1fc2ae054c589bd59380a5\",\"name\":\"Tom Sundermann\",\"image\":{\"@type\":\"ImageObject\",\"inLanguage\":\"de\",\"@id\":\"https:\/\/blog.zeit.de\/nsu-prozess-blog\/#\/schema\/person\/image\/\",\"url\":\"https:\/\/secure.gravatar.com\/avatar\/e108a3dc18766f719b2f797dc5d19093f06a1870c55b553ab6b7563f1f9a5e68?s=96&d=mm&r=g\",\"contentUrl\":\"https:\/\/secure.gravatar.com\/avatar\/e108a3dc18766f719b2f797dc5d19093f06a1870c55b553ab6b7563f1f9a5e68?s=96&d=mm&r=g\",\"caption\":\"Tom Sundermann\"},\"sameAs\":[\"https:\/\/twitter.com\/messeticker\"],\"url\":\"https:\/\/blog.zeit.de\/nsu-prozess-blog\/author\/tsundermann\/\"}]}<\/script>\n<!-- \/ Yoast SEO plugin. -->","yoast_head_json":{"title":"197. Prozesstag \u2013 Bank\u00fcberf\u00e4lle von Stralsund - Das NSU-Prozess-Blog","robots":{"index":"index","follow":"follow","max-snippet":"max-snippet:-1","max-image-preview":"max-image-preview:large","max-video-preview":"max-video-preview:-1"},"canonical":"https:\/\/blog.zeit.de\/nsu-prozess-blog\/2015\/04\/14\/196-prozesstag-bankueberfaelle-von-stralsund\/","og_locale":"de_DE","og_type":"article","og_title":"197. Prozesstag \u2013 Bank\u00fcberf\u00e4lle von Stralsund - Das NSU-Prozess-Blog","og_description":"Nach einer Pause w\u00e4hrend der Osterferien besch\u00e4ftigt sich der NSU-Prozess am Dienstag erneut mit den \u00dcberf\u00e4llen auf eine Sparkassenfiliale in Stralsund. Am 7. November 2006 und am 18. Januar 2007 sollen Uwe Mundlos und Uwe B\u00f6hnhardt die Zweigstelle \u00fcberfallen dabei \u00fcber 255.000 Euro erbeutet haben. Mehrere Angestellte mussten beide \u00dcberf\u00e4lle miterleben.","og_url":"https:\/\/blog.zeit.de\/nsu-prozess-blog\/2015\/04\/14\/196-prozesstag-bankueberfaelle-von-stralsund\/","og_site_name":"Das NSU-Prozess-Blog","article_published_time":"2015-04-14T05:00:00+00:00","article_modified_time":"2015-04-15T09:49:07+00:00","author":"Tom Sundermann","twitter_misc":{"Geschrieben von":"Tom Sundermann"},"schema":{"@context":"https:\/\/schema.org","@graph":[{"@type":"WebPage","@id":"https:\/\/blog.zeit.de\/nsu-prozess-blog\/2015\/04\/14\/196-prozesstag-bankueberfaelle-von-stralsund\/","url":"https:\/\/blog.zeit.de\/nsu-prozess-blog\/2015\/04\/14\/196-prozesstag-bankueberfaelle-von-stralsund\/","name":"197. Prozesstag \u2013 Bank\u00fcberf\u00e4lle von Stralsund - Das NSU-Prozess-Blog","isPartOf":{"@id":"https:\/\/blog.zeit.de\/nsu-prozess-blog\/#website"},"datePublished":"2015-04-14T05:00:00+00:00","dateModified":"2015-04-15T09:49:07+00:00","author":{"@id":"https:\/\/blog.zeit.de\/nsu-prozess-blog\/#\/schema\/person\/553ea9bb5d1fc2ae054c589bd59380a5"},"breadcrumb":{"@id":"https:\/\/blog.zeit.de\/nsu-prozess-blog\/2015\/04\/14\/196-prozesstag-bankueberfaelle-von-stralsund\/#breadcrumb"},"inLanguage":"de","potentialAction":[{"@type":"ReadAction","target":["https:\/\/blog.zeit.de\/nsu-prozess-blog\/2015\/04\/14\/196-prozesstag-bankueberfaelle-von-stralsund\/"]}]},{"@type":"BreadcrumbList","@id":"https:\/\/blog.zeit.de\/nsu-prozess-blog\/2015\/04\/14\/196-prozesstag-bankueberfaelle-von-stralsund\/#breadcrumb","itemListElement":[{"@type":"ListItem","position":1,"name":"Startseite","item":"https:\/\/blog.zeit.de\/nsu-prozess-blog\/"},{"@type":"ListItem","position":2,"name":"197. Prozesstag \u2013 Bank\u00fcberf\u00e4lle von Stralsund"}]},{"@type":"WebSite","@id":"https:\/\/blog.zeit.de\/nsu-prozess-blog\/#website","url":"https:\/\/blog.zeit.de\/nsu-prozess-blog\/","name":"Das NSU-Prozess-Blog","description":"Alle Berichte zum Terrorverfahren in M\u00fcnchen","potentialAction":[{"@type":"SearchAction","target":{"@type":"EntryPoint","urlTemplate":"https:\/\/blog.zeit.de\/nsu-prozess-blog\/?s={search_term_string}"},"query-input":"required name=search_term_string"}],"inLanguage":"de"},{"@type":"Person","@id":"https:\/\/blog.zeit.de\/nsu-prozess-blog\/#\/schema\/person\/553ea9bb5d1fc2ae054c589bd59380a5","name":"Tom Sundermann","image":{"@type":"ImageObject","inLanguage":"de","@id":"https:\/\/blog.zeit.de\/nsu-prozess-blog\/#\/schema\/person\/image\/","url":"https:\/\/secure.gravatar.com\/avatar\/e108a3dc18766f719b2f797dc5d19093f06a1870c55b553ab6b7563f1f9a5e68?s=96&d=mm&r=g","contentUrl":"https:\/\/secure.gravatar.com\/avatar\/e108a3dc18766f719b2f797dc5d19093f06a1870c55b553ab6b7563f1f9a5e68?s=96&d=mm&r=g","caption":"Tom Sundermann"},"sameAs":["https:\/\/twitter.com\/messeticker"],"url":"https:\/\/blog.zeit.de\/nsu-prozess-blog\/author\/tsundermann\/"}]}},"jetpack_featured_media_url":"","jetpack_sharing_enabled":true,"_links":{"self":[{"href":"https:\/\/blog.zeit.de\/nsu-prozess-blog\/wp-json\/wp\/v2\/posts\/8939","targetHints":{"allow":["GET"]}}],"collection":[{"href":"https:\/\/blog.zeit.de\/nsu-prozess-blog\/wp-json\/wp\/v2\/posts"}],"about":[{"href":"https:\/\/blog.zeit.de\/nsu-prozess-blog\/wp-json\/wp\/v2\/types\/post"}],"author":[{"embeddable":true,"href":"https:\/\/blog.zeit.de\/nsu-prozess-blog\/wp-json\/wp\/v2\/users\/435"}],"replies":[{"embeddable":true,"href":"https:\/\/blog.zeit.de\/nsu-prozess-blog\/wp-json\/wp\/v2\/comments?post=8939"}],"version-history":[{"count":5,"href":"https:\/\/blog.zeit.de\/nsu-prozess-blog\/wp-json\/wp\/v2\/posts\/8939\/revisions"}],"predecessor-version":[{"id":8971,"href":"https:\/\/blog.zeit.de\/nsu-prozess-blog\/wp-json\/wp\/v2\/posts\/8939\/revisions\/8971"}],"wp:attachment":[{"href":"https:\/\/blog.zeit.de\/nsu-prozess-blog\/wp-json\/wp\/v2\/media?parent=8939"}],"wp:term":[{"taxonomy":"category","embeddable":true,"href":"https:\/\/blog.zeit.de\/nsu-prozess-blog\/wp-json\/wp\/v2\/categories?post=8939"},{"taxonomy":"post_tag","embeddable":true,"href":"https:\/\/blog.zeit.de\/nsu-prozess-blog\/wp-json\/wp\/v2\/tags?post=8939"}],"curies":[{"name":"wp","href":"https:\/\/api.w.org\/{rel}","templated":true}]}}