{"id":8941,"date":"2015-04-15T07:00:00","date_gmt":"2015-04-15T05:00:00","guid":{"rendered":"http:\/\/blog.zeit.de\/nsu-prozess-blog\/?p=8941"},"modified":"2015-04-15T11:49:24","modified_gmt":"2015-04-15T09:49:24","slug":"197-prozesstag-jugendfreund-von-uwe-mundlos-sagt-aus","status":"publish","type":"post","link":"https:\/\/blog.zeit.de\/nsu-prozess-blog\/2015\/04\/15\/197-prozesstag-jugendfreund-von-uwe-mundlos-sagt-aus\/","title":{"rendered":"198. Prozesstag \u2013 Jugendfreund von Uwe Mundlos sagt aus"},"content":{"rendered":"<p>Er spielte mit Uwe Mundlos Basketball, gemeinsam gingen sie auf Radtouren: Aleksander H. war in seiner Jugendzeit ein guter Freund von Uwe Mundlos. Dieser entwickelte sich sp\u00e4ter zum mutma\u00dflichen rechten Gewaltt\u00e4ter. H. hielt mit ihm Kontakt, bis Mundlos 1998 mit Beate Zsch\u00e4pe und Uwe B\u00f6hnhardt <a href=\"http:\/\/www.zeit.de\/gesellschaft\/zeitgeschehen\/2013-12\/nsu-prozess-siegfried-mundlos\">die Flucht ergriff<\/a> und in den Untergrund ging. Am Dienstag sagt der Zeuge, der nach eigenen Angaben nichts mit der rechten Szene zu tun hatte, im M\u00fcnchner Prozess aus.<\/p>\n<p><!--more--><\/p>\n<p>Au\u00dferdem geladen ist ein Ermittler des Berliner Bundeskriminalamts, der zu drei Bank\u00fcberf\u00e4llen aussagt \u2013 es geht um zwei Taten in <a href=\"https:\/\/blog.zeit.de\/nsu-prozess-blog\/2015\/03\/27\/medienlog-zschaepe-ermittlungen-anja-sturm\/\">Stralsund<\/a> von 2006 und 2007, zudem um den vorletzten \u00dcberfall des NSU 2011 in <a href=\"https:\/\/blog.zeit.de\/nsu-prozess-blog\/2015\/03\/26\/medienlog-bankueberfall-arnstadt\/\">Arnstadt<\/a>.<\/p>\n<p>Ein weiterer Zeuge wird auf Antrag der Verteidiger des Mitangeklagten <a href=\"https:\/\/blog.zeit.de\/nsu-prozess-blog\/2015\/03\/04\/medienlog-demonstratrion-nsu-wohlleben-zschaepe\/\">Ralf Wohlleben<\/a> geladen. Er sagt voraussichtlich zu <a href=\"https:\/\/blog.zeit.de\/nsu-prozess-blog\/2015\/02\/04\/medienlog-wohlleben-enrico-r-ceska-chemnitz\/\">Schusswaffen<\/a> aus, die in der rechten Szene kursiert sein sollen.<\/p>\n<p><em>ZEIT ONLINE berichtet aus M\u00fcnchen und fasst den Prozesstag am Abend auf diesem Blog zusammen. Informationen aus der Verhandlung gibt es <a href=\"https:\/\/twitter.com\/zeitonline\/lists\/nsu-prozess\">via Twitter hier<\/a>. Weitere Berichte stellen wir morgen im <a href=\"https:\/\/blog.zeit.de\/nsu-prozess-blog\/category\/medienschau\/\">NSU-Medienlog<\/a> zusammen.<\/em><\/p>\n","protected":false},"excerpt":{"rendered":"<p>Er spielte mit Uwe Mundlos Basketball, gemeinsam gingen sie auf Radtouren: Aleksander H. war in seiner Jugendzeit ein guter Freund von Uwe Mundlos. Dieser entwickelte sich sp\u00e4ter zum mutma\u00dflichen rechten Gewaltt\u00e4ter. H. hielt mit ihm Kontakt, bis Mundlos 1998 mit Beate Zsch\u00e4pe und Uwe B\u00f6hnhardt die Flucht ergriff und in den Untergrund ging. Am Dienstag [&hellip;]<\/p>\n","protected":false},"author":435,"featured_media":0,"comment_status":"open","ping_status":"open","sticky":false,"template":"","format":"standard","meta":{"_jetpack_memberships_contains_paid_content":false,"footnotes":""},"categories":[27532],"tags":[28242,29457,27562,17772,33594,22859,29492],"class_list":["post-8941","post","type-post","status-publish","format-standard","hentry","category-prozesstage","tag-arnstadt","tag-bankuberfall","tag-bka","tag-ralf-wohlleben","tag-stralsund","tag-uwe-mundlos","tag-waffe"],"yoast_head":"<!-- This site is optimized with the Yoast SEO plugin v21.0 - https:\/\/yoast.com\/wordpress\/plugins\/seo\/ -->\n<title>198. Prozesstag \u2013 Jugendfreund von Uwe Mundlos sagt aus - Das NSU-Prozess-Blog<\/title>\n<meta name=\"robots\" content=\"index, follow, max-snippet:-1, max-image-preview:large, max-video-preview:-1\" \/>\n<link rel=\"canonical\" href=\"https:\/\/blog.zeit.de\/nsu-prozess-blog\/2015\/04\/15\/197-prozesstag-jugendfreund-von-uwe-mundlos-sagt-aus\/\" \/>\n<meta property=\"og:locale\" content=\"de_DE\" \/>\n<meta property=\"og:type\" content=\"article\" \/>\n<meta property=\"og:title\" content=\"198. Prozesstag \u2013 Jugendfreund von Uwe Mundlos sagt aus - Das NSU-Prozess-Blog\" \/>\n<meta property=\"og:description\" content=\"Er spielte mit Uwe Mundlos Basketball, gemeinsam gingen sie auf Radtouren: Aleksander H. war in seiner Jugendzeit ein guter Freund von Uwe Mundlos. Dieser entwickelte sich sp\u00e4ter zum mutma\u00dflichen rechten Gewaltt\u00e4ter. H. hielt mit ihm Kontakt, bis Mundlos 1998 mit Beate Zsch\u00e4pe und Uwe B\u00f6hnhardt die Flucht ergriff und in den Untergrund ging. Am Dienstag [&hellip;]\" \/>\n<meta property=\"og:url\" content=\"https:\/\/blog.zeit.de\/nsu-prozess-blog\/2015\/04\/15\/197-prozesstag-jugendfreund-von-uwe-mundlos-sagt-aus\/\" \/>\n<meta property=\"og:site_name\" content=\"Das NSU-Prozess-Blog\" \/>\n<meta property=\"article:published_time\" content=\"2015-04-15T05:00:00+00:00\" \/>\n<meta property=\"article:modified_time\" content=\"2015-04-15T09:49:24+00:00\" \/>\n<meta name=\"author\" content=\"Tom Sundermann\" \/>\n<meta name=\"twitter:label1\" content=\"Geschrieben von\" \/>\n\t<meta name=\"twitter:data1\" content=\"Tom Sundermann\" \/>\n\t<meta name=\"twitter:label2\" content=\"Gesch\u00e4tzte Lesezeit\" \/>\n\t<meta name=\"twitter:data2\" content=\"1\u00a0Minute\" \/>\n<script type=\"application\/ld+json\" class=\"yoast-schema-graph\">{\"@context\":\"https:\/\/schema.org\",\"@graph\":[{\"@type\":\"WebPage\",\"@id\":\"https:\/\/blog.zeit.de\/nsu-prozess-blog\/2015\/04\/15\/197-prozesstag-jugendfreund-von-uwe-mundlos-sagt-aus\/\",\"url\":\"https:\/\/blog.zeit.de\/nsu-prozess-blog\/2015\/04\/15\/197-prozesstag-jugendfreund-von-uwe-mundlos-sagt-aus\/\",\"name\":\"198. Prozesstag \u2013 Jugendfreund von Uwe Mundlos sagt aus - Das NSU-Prozess-Blog\",\"isPartOf\":{\"@id\":\"https:\/\/blog.zeit.de\/nsu-prozess-blog\/#website\"},\"datePublished\":\"2015-04-15T05:00:00+00:00\",\"dateModified\":\"2015-04-15T09:49:24+00:00\",\"author\":{\"@id\":\"https:\/\/blog.zeit.de\/nsu-prozess-blog\/#\/schema\/person\/553ea9bb5d1fc2ae054c589bd59380a5\"},\"breadcrumb\":{\"@id\":\"https:\/\/blog.zeit.de\/nsu-prozess-blog\/2015\/04\/15\/197-prozesstag-jugendfreund-von-uwe-mundlos-sagt-aus\/#breadcrumb\"},\"inLanguage\":\"de\",\"potentialAction\":[{\"@type\":\"ReadAction\",\"target\":[\"https:\/\/blog.zeit.de\/nsu-prozess-blog\/2015\/04\/15\/197-prozesstag-jugendfreund-von-uwe-mundlos-sagt-aus\/\"]}]},{\"@type\":\"BreadcrumbList\",\"@id\":\"https:\/\/blog.zeit.de\/nsu-prozess-blog\/2015\/04\/15\/197-prozesstag-jugendfreund-von-uwe-mundlos-sagt-aus\/#breadcrumb\",\"itemListElement\":[{\"@type\":\"ListItem\",\"position\":1,\"name\":\"Startseite\",\"item\":\"https:\/\/blog.zeit.de\/nsu-prozess-blog\/\"},{\"@type\":\"ListItem\",\"position\":2,\"name\":\"198. Prozesstag \u2013 Jugendfreund von Uwe Mundlos sagt aus\"}]},{\"@type\":\"WebSite\",\"@id\":\"https:\/\/blog.zeit.de\/nsu-prozess-blog\/#website\",\"url\":\"https:\/\/blog.zeit.de\/nsu-prozess-blog\/\",\"name\":\"Das NSU-Prozess-Blog\",\"description\":\"Alle Berichte zum Terrorverfahren in M\u00fcnchen\",\"potentialAction\":[{\"@type\":\"SearchAction\",\"target\":{\"@type\":\"EntryPoint\",\"urlTemplate\":\"https:\/\/blog.zeit.de\/nsu-prozess-blog\/?s={search_term_string}\"},\"query-input\":\"required name=search_term_string\"}],\"inLanguage\":\"de\"},{\"@type\":\"Person\",\"@id\":\"https:\/\/blog.zeit.de\/nsu-prozess-blog\/#\/schema\/person\/553ea9bb5d1fc2ae054c589bd59380a5\",\"name\":\"Tom Sundermann\",\"image\":{\"@type\":\"ImageObject\",\"inLanguage\":\"de\",\"@id\":\"https:\/\/blog.zeit.de\/nsu-prozess-blog\/#\/schema\/person\/image\/\",\"url\":\"https:\/\/secure.gravatar.com\/avatar\/e108a3dc18766f719b2f797dc5d19093f06a1870c55b553ab6b7563f1f9a5e68?s=96&d=mm&r=g\",\"contentUrl\":\"https:\/\/secure.gravatar.com\/avatar\/e108a3dc18766f719b2f797dc5d19093f06a1870c55b553ab6b7563f1f9a5e68?s=96&d=mm&r=g\",\"caption\":\"Tom Sundermann\"},\"sameAs\":[\"https:\/\/twitter.com\/messeticker\"],\"url\":\"https:\/\/blog.zeit.de\/nsu-prozess-blog\/author\/tsundermann\/\"}]}<\/script>\n<!-- \/ Yoast SEO plugin. -->","yoast_head_json":{"title":"198. Prozesstag \u2013 Jugendfreund von Uwe Mundlos sagt aus - Das NSU-Prozess-Blog","robots":{"index":"index","follow":"follow","max-snippet":"max-snippet:-1","max-image-preview":"max-image-preview:large","max-video-preview":"max-video-preview:-1"},"canonical":"https:\/\/blog.zeit.de\/nsu-prozess-blog\/2015\/04\/15\/197-prozesstag-jugendfreund-von-uwe-mundlos-sagt-aus\/","og_locale":"de_DE","og_type":"article","og_title":"198. Prozesstag \u2013 Jugendfreund von Uwe Mundlos sagt aus - Das NSU-Prozess-Blog","og_description":"Er spielte mit Uwe Mundlos Basketball, gemeinsam gingen sie auf Radtouren: Aleksander H. war in seiner Jugendzeit ein guter Freund von Uwe Mundlos. Dieser entwickelte sich sp\u00e4ter zum mutma\u00dflichen rechten Gewaltt\u00e4ter. H. hielt mit ihm Kontakt, bis Mundlos 1998 mit Beate Zsch\u00e4pe und Uwe B\u00f6hnhardt die Flucht ergriff und in den Untergrund ging. Am Dienstag [&hellip;]","og_url":"https:\/\/blog.zeit.de\/nsu-prozess-blog\/2015\/04\/15\/197-prozesstag-jugendfreund-von-uwe-mundlos-sagt-aus\/","og_site_name":"Das NSU-Prozess-Blog","article_published_time":"2015-04-15T05:00:00+00:00","article_modified_time":"2015-04-15T09:49:24+00:00","author":"Tom Sundermann","twitter_misc":{"Geschrieben von":"Tom Sundermann","Gesch\u00e4tzte Lesezeit":"1\u00a0Minute"},"schema":{"@context":"https:\/\/schema.org","@graph":[{"@type":"WebPage","@id":"https:\/\/blog.zeit.de\/nsu-prozess-blog\/2015\/04\/15\/197-prozesstag-jugendfreund-von-uwe-mundlos-sagt-aus\/","url":"https:\/\/blog.zeit.de\/nsu-prozess-blog\/2015\/04\/15\/197-prozesstag-jugendfreund-von-uwe-mundlos-sagt-aus\/","name":"198. Prozesstag \u2013 Jugendfreund von Uwe Mundlos sagt aus - Das NSU-Prozess-Blog","isPartOf":{"@id":"https:\/\/blog.zeit.de\/nsu-prozess-blog\/#website"},"datePublished":"2015-04-15T05:00:00+00:00","dateModified":"2015-04-15T09:49:24+00:00","author":{"@id":"https:\/\/blog.zeit.de\/nsu-prozess-blog\/#\/schema\/person\/553ea9bb5d1fc2ae054c589bd59380a5"},"breadcrumb":{"@id":"https:\/\/blog.zeit.de\/nsu-prozess-blog\/2015\/04\/15\/197-prozesstag-jugendfreund-von-uwe-mundlos-sagt-aus\/#breadcrumb"},"inLanguage":"de","potentialAction":[{"@type":"ReadAction","target":["https:\/\/blog.zeit.de\/nsu-prozess-blog\/2015\/04\/15\/197-prozesstag-jugendfreund-von-uwe-mundlos-sagt-aus\/"]}]},{"@type":"BreadcrumbList","@id":"https:\/\/blog.zeit.de\/nsu-prozess-blog\/2015\/04\/15\/197-prozesstag-jugendfreund-von-uwe-mundlos-sagt-aus\/#breadcrumb","itemListElement":[{"@type":"ListItem","position":1,"name":"Startseite","item":"https:\/\/blog.zeit.de\/nsu-prozess-blog\/"},{"@type":"ListItem","position":2,"name":"198. Prozesstag \u2013 Jugendfreund von Uwe Mundlos sagt aus"}]},{"@type":"WebSite","@id":"https:\/\/blog.zeit.de\/nsu-prozess-blog\/#website","url":"https:\/\/blog.zeit.de\/nsu-prozess-blog\/","name":"Das NSU-Prozess-Blog","description":"Alle Berichte zum Terrorverfahren in M\u00fcnchen","potentialAction":[{"@type":"SearchAction","target":{"@type":"EntryPoint","urlTemplate":"https:\/\/blog.zeit.de\/nsu-prozess-blog\/?s={search_term_string}"},"query-input":"required name=search_term_string"}],"inLanguage":"de"},{"@type":"Person","@id":"https:\/\/blog.zeit.de\/nsu-prozess-blog\/#\/schema\/person\/553ea9bb5d1fc2ae054c589bd59380a5","name":"Tom Sundermann","image":{"@type":"ImageObject","inLanguage":"de","@id":"https:\/\/blog.zeit.de\/nsu-prozess-blog\/#\/schema\/person\/image\/","url":"https:\/\/secure.gravatar.com\/avatar\/e108a3dc18766f719b2f797dc5d19093f06a1870c55b553ab6b7563f1f9a5e68?s=96&d=mm&r=g","contentUrl":"https:\/\/secure.gravatar.com\/avatar\/e108a3dc18766f719b2f797dc5d19093f06a1870c55b553ab6b7563f1f9a5e68?s=96&d=mm&r=g","caption":"Tom Sundermann"},"sameAs":["https:\/\/twitter.com\/messeticker"],"url":"https:\/\/blog.zeit.de\/nsu-prozess-blog\/author\/tsundermann\/"}]}},"jetpack_featured_media_url":"","jetpack_sharing_enabled":true,"_links":{"self":[{"href":"https:\/\/blog.zeit.de\/nsu-prozess-blog\/wp-json\/wp\/v2\/posts\/8941","targetHints":{"allow":["GET"]}}],"collection":[{"href":"https:\/\/blog.zeit.de\/nsu-prozess-blog\/wp-json\/wp\/v2\/posts"}],"about":[{"href":"https:\/\/blog.zeit.de\/nsu-prozess-blog\/wp-json\/wp\/v2\/types\/post"}],"author":[{"embeddable":true,"href":"https:\/\/blog.zeit.de\/nsu-prozess-blog\/wp-json\/wp\/v2\/users\/435"}],"replies":[{"embeddable":true,"href":"https:\/\/blog.zeit.de\/nsu-prozess-blog\/wp-json\/wp\/v2\/comments?post=8941"}],"version-history":[{"count":3,"href":"https:\/\/blog.zeit.de\/nsu-prozess-blog\/wp-json\/wp\/v2\/posts\/8941\/revisions"}],"predecessor-version":[{"id":8972,"href":"https:\/\/blog.zeit.de\/nsu-prozess-blog\/wp-json\/wp\/v2\/posts\/8941\/revisions\/8972"}],"wp:attachment":[{"href":"https:\/\/blog.zeit.de\/nsu-prozess-blog\/wp-json\/wp\/v2\/media?parent=8941"}],"wp:term":[{"taxonomy":"category","embeddable":true,"href":"https:\/\/blog.zeit.de\/nsu-prozess-blog\/wp-json\/wp\/v2\/categories?post=8941"},{"taxonomy":"post_tag","embeddable":true,"href":"https:\/\/blog.zeit.de\/nsu-prozess-blog\/wp-json\/wp\/v2\/tags?post=8941"}],"curies":[{"name":"wp","href":"https:\/\/api.w.org\/{rel}","templated":true}]}}