{"id":895,"date":"2013-06-04T06:29:55","date_gmt":"2013-06-04T04:29:55","guid":{"rendered":"http:\/\/blog.zeit.de\/nsu-prozess-blog\/?p=895"},"modified":"2013-06-04T20:57:47","modified_gmt":"2013-06-04T18:57:47","slug":"5-prozesstag-carsten-s-will-aussagen","status":"publish","type":"post","link":"https:\/\/blog.zeit.de\/nsu-prozess-blog\/2013\/06\/04\/5-prozesstag-carsten-s-will-aussagen\/","title":{"rendered":"5. Prozesstag \u2013 Carsten S. will aussagen"},"content":{"rendered":"<p><a href=\"https:\/\/blog.zeit.de\/nsu-prozess-blog\/2013\/06\/04\/5-prozesstag-carsten-s-will-aussagen\/img_0294-kopie\/\" rel=\"attachment wp-att-926\"><img loading=\"lazy\" decoding=\"async\" class=\"aligncenter size-medium wp-image-926\" alt=\"IMG_0294 Kopie\" src=\"https:\/\/blog.zeit.de\/nsu-prozess-blog\/files\/2013\/06\/IMG_0294-Kopie-580x83.jpg\" width=\"580\" height=\"83\" srcset=\"https:\/\/blog.zeit.de\/nsu-prozess-blog\/files\/2013\/06\/IMG_0294-Kopie-580x83.jpg 580w, https:\/\/blog.zeit.de\/nsu-prozess-blog\/files\/2013\/06\/IMG_0294-Kopie-220x31.jpg 220w\" sizes=\"auto, (max-width: 580px) 100vw, 580px\" \/><\/a><\/p>\n<p>Wie erwartet begann der f\u00fcnfte Verhandlungstag mit Antr\u00e4gen: Die Anw\u00e4lte der Hauptangeklagten Beate Zsch\u00e4pe verlangten die Einstellung des Verfahren, weil ihre Mandantin vorverurteilt worden sei. Am Nachmittag begann die Vernehmung des Angeklagten Carsten S.<\/p>\n<p>Er best\u00e4tigte eine Waffe der Marke &#8222;Ceska&#8220; f\u00fcr die mutma\u00dflichen Rechtsterroristen Beate Zsch\u00e4pe, Uwe Mundlos und Uwe B\u00f6hnhardt besorgt zu haben. Er habe sich keine Gedanken dar\u00fcber gemacht, wozu die Waffe verwendet werden k\u00f6nne.<\/p>\n<p>Carsten S. ist seit langem aus der Neonazi-Szene ausgestiegen und hatte schon im Ermittlungsverfahren umfangreiche Angaben gemacht.<\/p>\n<p><a href=\"http:\/\/www.zeit.de\/gesellschaft\/zeitgeschehen\/2013-06\/nsu-prozess-tag-5\">Hier der Bericht \u00fcber den f\u00fcnften Prozesstag<\/a> von unserem Autor Tom Sundermann.<\/p>\n","protected":false},"excerpt":{"rendered":"<p>Wie erwartet begann der f\u00fcnfte Verhandlungstag mit Antr\u00e4gen: Die Anw\u00e4lte der Hauptangeklagten Beate Zsch\u00e4pe verlangten die Einstellung des Verfahren, weil ihre Mandantin vorverurteilt worden sei. Am Nachmittag begann die Vernehmung des Angeklagten Carsten S. Er best\u00e4tigte eine Waffe der Marke &#8222;Ceska&#8220; f\u00fcr die mutma\u00dflichen Rechtsterroristen Beate Zsch\u00e4pe, Uwe Mundlos und Uwe B\u00f6hnhardt besorgt zu haben. [&hellip;]<\/p>\n","protected":false},"author":410,"featured_media":0,"comment_status":"open","ping_status":"open","sticky":false,"template":"","format":"standard","meta":{"_jetpack_memberships_contains_paid_content":false,"footnotes":""},"categories":[27532],"tags":[],"class_list":["post-895","post","type-post","status-publish","format-standard","hentry","category-prozesstage"],"yoast_head":"<!-- This site is optimized with the Yoast SEO plugin v21.0 - https:\/\/yoast.com\/wordpress\/plugins\/seo\/ -->\n<title>5. Prozesstag \u2013 Carsten S. will aussagen - Das NSU-Prozess-Blog<\/title>\n<meta name=\"robots\" content=\"index, follow, max-snippet:-1, max-image-preview:large, max-video-preview:-1\" \/>\n<link rel=\"canonical\" href=\"https:\/\/blog.zeit.de\/nsu-prozess-blog\/2013\/06\/04\/5-prozesstag-carsten-s-will-aussagen\/\" \/>\n<meta property=\"og:locale\" content=\"de_DE\" \/>\n<meta property=\"og:type\" content=\"article\" \/>\n<meta property=\"og:title\" content=\"5. Prozesstag \u2013 Carsten S. will aussagen - Das NSU-Prozess-Blog\" \/>\n<meta property=\"og:description\" content=\"Wie erwartet begann der f\u00fcnfte Verhandlungstag mit Antr\u00e4gen: Die Anw\u00e4lte der Hauptangeklagten Beate Zsch\u00e4pe verlangten die Einstellung des Verfahren, weil ihre Mandantin vorverurteilt worden sei. Am Nachmittag begann die Vernehmung des Angeklagten Carsten S. Er best\u00e4tigte eine Waffe der Marke &#8222;Ceska&#8220; f\u00fcr die mutma\u00dflichen Rechtsterroristen Beate Zsch\u00e4pe, Uwe Mundlos und Uwe B\u00f6hnhardt besorgt zu haben. [&hellip;]\" \/>\n<meta property=\"og:url\" content=\"https:\/\/blog.zeit.de\/nsu-prozess-blog\/2013\/06\/04\/5-prozesstag-carsten-s-will-aussagen\/\" \/>\n<meta property=\"og:site_name\" content=\"Das NSU-Prozess-Blog\" \/>\n<meta property=\"article:published_time\" content=\"2013-06-04T04:29:55+00:00\" \/>\n<meta property=\"article:modified_time\" content=\"2013-06-04T18:57:47+00:00\" \/>\n<meta property=\"og:image\" content=\"https:\/\/blog.zeit.de\/nsu-prozess-blog\/files\/2013\/06\/IMG_0294-Kopie-580x83.jpg\" \/>\n<meta name=\"author\" content=\"Mirjam Schmitt\" \/>\n<meta name=\"twitter:label1\" content=\"Geschrieben von\" \/>\n\t<meta name=\"twitter:data1\" content=\"Mirjam Schmitt\" \/>\n\t<meta name=\"twitter:label2\" content=\"Gesch\u00e4tzte Lesezeit\" \/>\n\t<meta name=\"twitter:data2\" content=\"1\u00a0Minute\" \/>\n<script type=\"application\/ld+json\" class=\"yoast-schema-graph\">{\"@context\":\"https:\/\/schema.org\",\"@graph\":[{\"@type\":\"WebPage\",\"@id\":\"https:\/\/blog.zeit.de\/nsu-prozess-blog\/2013\/06\/04\/5-prozesstag-carsten-s-will-aussagen\/\",\"url\":\"https:\/\/blog.zeit.de\/nsu-prozess-blog\/2013\/06\/04\/5-prozesstag-carsten-s-will-aussagen\/\",\"name\":\"5. Prozesstag \u2013 Carsten S. will aussagen - Das NSU-Prozess-Blog\",\"isPartOf\":{\"@id\":\"https:\/\/blog.zeit.de\/nsu-prozess-blog\/#website\"},\"datePublished\":\"2013-06-04T04:29:55+00:00\",\"dateModified\":\"2013-06-04T18:57:47+00:00\",\"author\":{\"@id\":\"https:\/\/blog.zeit.de\/nsu-prozess-blog\/#\/schema\/person\/45acffb344ee326a2ebea3f5c0ad3ae8\"},\"breadcrumb\":{\"@id\":\"https:\/\/blog.zeit.de\/nsu-prozess-blog\/2013\/06\/04\/5-prozesstag-carsten-s-will-aussagen\/#breadcrumb\"},\"inLanguage\":\"de\",\"potentialAction\":[{\"@type\":\"ReadAction\",\"target\":[\"https:\/\/blog.zeit.de\/nsu-prozess-blog\/2013\/06\/04\/5-prozesstag-carsten-s-will-aussagen\/\"]}]},{\"@type\":\"BreadcrumbList\",\"@id\":\"https:\/\/blog.zeit.de\/nsu-prozess-blog\/2013\/06\/04\/5-prozesstag-carsten-s-will-aussagen\/#breadcrumb\",\"itemListElement\":[{\"@type\":\"ListItem\",\"position\":1,\"name\":\"Startseite\",\"item\":\"https:\/\/blog.zeit.de\/nsu-prozess-blog\/\"},{\"@type\":\"ListItem\",\"position\":2,\"name\":\"5. Prozesstag \u2013 Carsten S. will aussagen\"}]},{\"@type\":\"WebSite\",\"@id\":\"https:\/\/blog.zeit.de\/nsu-prozess-blog\/#website\",\"url\":\"https:\/\/blog.zeit.de\/nsu-prozess-blog\/\",\"name\":\"Das NSU-Prozess-Blog\",\"description\":\"Alle Berichte zum Terrorverfahren in M\u00fcnchen\",\"potentialAction\":[{\"@type\":\"SearchAction\",\"target\":{\"@type\":\"EntryPoint\",\"urlTemplate\":\"https:\/\/blog.zeit.de\/nsu-prozess-blog\/?s={search_term_string}\"},\"query-input\":\"required name=search_term_string\"}],\"inLanguage\":\"de\"},{\"@type\":\"Person\",\"@id\":\"https:\/\/blog.zeit.de\/nsu-prozess-blog\/#\/schema\/person\/45acffb344ee326a2ebea3f5c0ad3ae8\",\"name\":\"Mirjam Schmitt\",\"image\":{\"@type\":\"ImageObject\",\"inLanguage\":\"de\",\"@id\":\"https:\/\/blog.zeit.de\/nsu-prozess-blog\/#\/schema\/person\/image\/\",\"url\":\"https:\/\/secure.gravatar.com\/avatar\/21ea3e922b6404f0cab7bb919e2b401850e5cef2e7155dba6caa935b66c5688b?s=96&d=mm&r=g\",\"contentUrl\":\"https:\/\/secure.gravatar.com\/avatar\/21ea3e922b6404f0cab7bb919e2b401850e5cef2e7155dba6caa935b66c5688b?s=96&d=mm&r=g\",\"caption\":\"Mirjam Schmitt\"},\"url\":\"https:\/\/blog.zeit.de\/nsu-prozess-blog\/author\/mschmitt\/\"}]}<\/script>\n<!-- \/ Yoast SEO plugin. -->","yoast_head_json":{"title":"5. Prozesstag \u2013 Carsten S. will aussagen - Das NSU-Prozess-Blog","robots":{"index":"index","follow":"follow","max-snippet":"max-snippet:-1","max-image-preview":"max-image-preview:large","max-video-preview":"max-video-preview:-1"},"canonical":"https:\/\/blog.zeit.de\/nsu-prozess-blog\/2013\/06\/04\/5-prozesstag-carsten-s-will-aussagen\/","og_locale":"de_DE","og_type":"article","og_title":"5. Prozesstag \u2013 Carsten S. will aussagen - Das NSU-Prozess-Blog","og_description":"Wie erwartet begann der f\u00fcnfte Verhandlungstag mit Antr\u00e4gen: Die Anw\u00e4lte der Hauptangeklagten Beate Zsch\u00e4pe verlangten die Einstellung des Verfahren, weil ihre Mandantin vorverurteilt worden sei. Am Nachmittag begann die Vernehmung des Angeklagten Carsten S. Er best\u00e4tigte eine Waffe der Marke &#8222;Ceska&#8220; f\u00fcr die mutma\u00dflichen Rechtsterroristen Beate Zsch\u00e4pe, Uwe Mundlos und Uwe B\u00f6hnhardt besorgt zu haben. [&hellip;]","og_url":"https:\/\/blog.zeit.de\/nsu-prozess-blog\/2013\/06\/04\/5-prozesstag-carsten-s-will-aussagen\/","og_site_name":"Das NSU-Prozess-Blog","article_published_time":"2013-06-04T04:29:55+00:00","article_modified_time":"2013-06-04T18:57:47+00:00","og_image":[{"url":"https:\/\/blog.zeit.de\/nsu-prozess-blog\/files\/2013\/06\/IMG_0294-Kopie-580x83.jpg"}],"author":"Mirjam Schmitt","twitter_misc":{"Geschrieben von":"Mirjam Schmitt","Gesch\u00e4tzte Lesezeit":"1\u00a0Minute"},"schema":{"@context":"https:\/\/schema.org","@graph":[{"@type":"WebPage","@id":"https:\/\/blog.zeit.de\/nsu-prozess-blog\/2013\/06\/04\/5-prozesstag-carsten-s-will-aussagen\/","url":"https:\/\/blog.zeit.de\/nsu-prozess-blog\/2013\/06\/04\/5-prozesstag-carsten-s-will-aussagen\/","name":"5. Prozesstag \u2013 Carsten S. will aussagen - Das NSU-Prozess-Blog","isPartOf":{"@id":"https:\/\/blog.zeit.de\/nsu-prozess-blog\/#website"},"datePublished":"2013-06-04T04:29:55+00:00","dateModified":"2013-06-04T18:57:47+00:00","author":{"@id":"https:\/\/blog.zeit.de\/nsu-prozess-blog\/#\/schema\/person\/45acffb344ee326a2ebea3f5c0ad3ae8"},"breadcrumb":{"@id":"https:\/\/blog.zeit.de\/nsu-prozess-blog\/2013\/06\/04\/5-prozesstag-carsten-s-will-aussagen\/#breadcrumb"},"inLanguage":"de","potentialAction":[{"@type":"ReadAction","target":["https:\/\/blog.zeit.de\/nsu-prozess-blog\/2013\/06\/04\/5-prozesstag-carsten-s-will-aussagen\/"]}]},{"@type":"BreadcrumbList","@id":"https:\/\/blog.zeit.de\/nsu-prozess-blog\/2013\/06\/04\/5-prozesstag-carsten-s-will-aussagen\/#breadcrumb","itemListElement":[{"@type":"ListItem","position":1,"name":"Startseite","item":"https:\/\/blog.zeit.de\/nsu-prozess-blog\/"},{"@type":"ListItem","position":2,"name":"5. Prozesstag \u2013 Carsten S. will aussagen"}]},{"@type":"WebSite","@id":"https:\/\/blog.zeit.de\/nsu-prozess-blog\/#website","url":"https:\/\/blog.zeit.de\/nsu-prozess-blog\/","name":"Das NSU-Prozess-Blog","description":"Alle Berichte zum Terrorverfahren in M\u00fcnchen","potentialAction":[{"@type":"SearchAction","target":{"@type":"EntryPoint","urlTemplate":"https:\/\/blog.zeit.de\/nsu-prozess-blog\/?s={search_term_string}"},"query-input":"required name=search_term_string"}],"inLanguage":"de"},{"@type":"Person","@id":"https:\/\/blog.zeit.de\/nsu-prozess-blog\/#\/schema\/person\/45acffb344ee326a2ebea3f5c0ad3ae8","name":"Mirjam Schmitt","image":{"@type":"ImageObject","inLanguage":"de","@id":"https:\/\/blog.zeit.de\/nsu-prozess-blog\/#\/schema\/person\/image\/","url":"https:\/\/secure.gravatar.com\/avatar\/21ea3e922b6404f0cab7bb919e2b401850e5cef2e7155dba6caa935b66c5688b?s=96&d=mm&r=g","contentUrl":"https:\/\/secure.gravatar.com\/avatar\/21ea3e922b6404f0cab7bb919e2b401850e5cef2e7155dba6caa935b66c5688b?s=96&d=mm&r=g","caption":"Mirjam Schmitt"},"url":"https:\/\/blog.zeit.de\/nsu-prozess-blog\/author\/mschmitt\/"}]}},"jetpack_featured_media_url":"","jetpack_sharing_enabled":true,"_links":{"self":[{"href":"https:\/\/blog.zeit.de\/nsu-prozess-blog\/wp-json\/wp\/v2\/posts\/895","targetHints":{"allow":["GET"]}}],"collection":[{"href":"https:\/\/blog.zeit.de\/nsu-prozess-blog\/wp-json\/wp\/v2\/posts"}],"about":[{"href":"https:\/\/blog.zeit.de\/nsu-prozess-blog\/wp-json\/wp\/v2\/types\/post"}],"author":[{"embeddable":true,"href":"https:\/\/blog.zeit.de\/nsu-prozess-blog\/wp-json\/wp\/v2\/users\/410"}],"replies":[{"embeddable":true,"href":"https:\/\/blog.zeit.de\/nsu-prozess-blog\/wp-json\/wp\/v2\/comments?post=895"}],"version-history":[{"count":11,"href":"https:\/\/blog.zeit.de\/nsu-prozess-blog\/wp-json\/wp\/v2\/posts\/895\/revisions"}],"predecessor-version":[{"id":930,"href":"https:\/\/blog.zeit.de\/nsu-prozess-blog\/wp-json\/wp\/v2\/posts\/895\/revisions\/930"}],"wp:attachment":[{"href":"https:\/\/blog.zeit.de\/nsu-prozess-blog\/wp-json\/wp\/v2\/media?parent=895"}],"wp:term":[{"taxonomy":"category","embeddable":true,"href":"https:\/\/blog.zeit.de\/nsu-prozess-blog\/wp-json\/wp\/v2\/categories?post=895"},{"taxonomy":"post_tag","embeddable":true,"href":"https:\/\/blog.zeit.de\/nsu-prozess-blog\/wp-json\/wp\/v2\/tags?post=895"}],"curies":[{"name":"wp","href":"https:\/\/api.w.org\/{rel}","templated":true}]}}