{"id":8973,"date":"2015-04-15T19:29:00","date_gmt":"2015-04-15T17:29:00","guid":{"rendered":"http:\/\/blog.zeit.de\/nsu-prozess-blog\/?p=8973"},"modified":"2015-04-15T19:50:29","modified_gmt":"2015-04-15T17:50:29","slug":"wenn-ein-freund-zum-neonazi-wird","status":"publish","type":"post","link":"https:\/\/blog.zeit.de\/nsu-prozess-blog\/2015\/04\/15\/wenn-ein-freund-zum-neonazi-wird\/","title":{"rendered":"Wenn ein Freund zum Neonazi wird"},"content":{"rendered":"<p><strong>Das NSU-Mitglied Uwe Mundlos und der Zeuge Aleksander H. waren zu Schulzeiten beste Freunde. Warum entwickelte sich einer zum Musterb\u00fcrger, der andere zum Rechtsextremen?<\/strong><\/p>\n<p>Dass es so etwas wie ein Abschiedsbesuch ist, ahnt Aleksander H. Anfang 1998 nicht. Eigentlich hat er zu diesem Zeitpunkt schon nicht mehr viel zu tun mit seinem alten Schulfreund Uwe Mundlos, der mehr mit seinen Nazi-Kumpanen abh\u00e4ngt und sich pr\u00fcgelt. Doch jetzt steht Mundlos bei ihm in der Wohnung in Jena, ist aufgeregt, spricht davon, dass er Schwierigkeiten hat. H. wei\u00df, dass sein Kumpel manchmal Straftaten begeht. Doch diesmal, das wei\u00df H. nicht, fahndet die Polizei nach Mundlos. Kurz darauf ist er fort, untergetaucht, zusammen mit seinen Komplizen Beate Zsch\u00e4pe und Uwe B\u00f6hnhardt.<\/p>\n<p>Die Ermittler hatten zuvor Sprengstoff und Rohrbomben in einer Garage von Zsch\u00e4pe gefunden, B\u00f6hnhardt und Mundlos hatten daran mitgebastelt. Die beiden M\u00e4nner sind heute tot, Zsch\u00e4pe sitzt auf der Anklagebank im NSU-Prozess. Bis 2011 soll das Trio unter anderem zehn Morde und zwei Bombenanschl\u00e4ge ver\u00fcbt haben. Aleksander H. lernte alle drei kennen.<\/p>\n<p>Deshalb ist er als Zeuge in das M\u00fcnchner Verfahren geladen. In seiner Jugend lernte der 41-J\u00e4hrige mehrere Figuren der rechten Szene in Jena kennen, ohne jemals Teil von ihr zu sein. Befreundet war er jedoch nur mit Mundlos. Wie ist es m\u00f6glich, dass zwei Menschen, die unter \u00e4hnlichen Umst\u00e4nden aufwachsen, v\u00f6llig andere Lebenswege einschlagen? Warum wurde der eine zum bodenst\u00e4ndigen Gymnasiallehrer, der andere zum hasserf\u00fcllten Neonazi, mutma\u00dflich zum zehnfachen M\u00f6rder? Hatte der als intelligent geltende Mundlos den F\u00e4ngen der rechten Szene nichts entgegenzusetzen?<\/p>\n<p>Es begann mit einer normalen Schulfreundschaft: H. und Mundlos wohnten im Norden von Jena, eine Familiengegend. &#8222;Da gab es keine Dinge, in die man sich h\u00e4tte verrennen k\u00f6nnen&#8220;, sagte H. Sie gingen in Parallelklassen auf der Oberschule. Dort spielten sie zusammen Basketball, sp\u00e4ter unternahmen sie Radtouren. Einmal machten sie gemeinsam Urlaub, vier Wochen Bulgarien mit H.s Familie.<\/p>\n<p>Doch Mundlos, das fiel dem Freund auf, ver\u00e4nderte sich. Zur Wendezeit zog seine Familie in den Stadtteil Winzerla. Nach dem Mauerfall wurde das Viertel zur Hochburg rechtsextremer Jugendlicher. Auch Uwe lie\u00df sich mitrei\u00dfen, rutschte in die Szene ab.<\/p>\n<p>Zu den gemeinsamen Treffen brachte Uwe nun neue Freunde mit. Einer davon war Uwe B\u00f6hnhardt, den Mundlos &#8222;B\u00f6hni&#8220; nannte. Den hielt H. jedoch nicht f\u00fcr einen guten Umgang. Ein gewaltbereiter Typ, der von Bewaffnung sprach und mit Messern spielte. &#8222;Er hatte ein unerbittliches Auftreten&#8220;, erinnert sich H. Mundlos setzte sich offenbar in Gedanken mehr mit der extremen Ideologie auseinander. &#8222;Rudolf He\u00df war sein Idealtypus&#8220;, sagt der Zeuge, er habe sich &#8222;f\u00fcr ein sauberes Deutschland&#8220; eingesetzt. Darin gab es gute und schlechte Ausl\u00e4nder. Gute waren solche, die arbeiteten. Wie H.s bulgarischer Vater.<\/p>\n<p>Auch mit Beate Zsch\u00e4pe, der heutigen Hauptangeklagten, schloss H. Bekanntschaft. Ein umg\u00e4nglicher Typ sei sie gewesen, &#8222;lustig bis am\u00fcsant&#8220;. Sie wurde zu Beginn der neunziger Jahre die Freundin von Mundlos: &#8222;Das war schlicht und einfach Liebe&#8220;, sagt H.<\/p>\n<p>H. konnte nichts anfangen mit dem, was Mundlos seine Ideologie nannte. Mitte der neunziger Jahre, als sie sich schon seltener sahen, schrieb er sich am th\u00fcringischen Ilmenau-Kolleg ein, einer Art Internat f\u00fcr den zweiten Bildungsweg. Mundlos folgte ihm ein Jahr sp\u00e4ter auf die Schule. Sie wollten gemeinsam f\u00fcr das Abitur lernen. H. brachte den Abschluss zu Ende. Mundlos tauchte vorher ab.<\/p>\n<p>Der Vater des Rechtsextremisten, Siegfried Mundlos, hielt viel von H. Er hoffte, der besonnene Freund k\u00f6nne seinem Sohn den Weg aus der Szene heraus ebnen. Doch Mundlos hatte sich der nationalen Idee bereits voll und ganz verschrieben und lud die rechten Kameraden ins Wohnheim ein. Das wiederum verschreckte H., der die gr\u00f6lenden, gewaltbereiten Jungs absto\u00dfend fand.<\/p>\n<p>Trotzdem redeten sie wieder mehr miteinander, die beiden Freunde aus Schultagen. Und Mundlos weihte H. in Dinge ein, die heute als die ersten Taten des sp\u00e4teren NSU gelten. Dazu z\u00e4hlte, dass das Trio einen Koffer mit Hakenkreuz auf dem Theatervorplatz in Jena abgestellt hatte. Es waren exklusive Informationen: &#8222;Ich wusste etwas davon, bevor es der \u00d6ffentlichkeit bekannt wurde&#8220;, sagt H. Mundlos habe jedoch nichts davon erz\u00e4hlt, dass in dem Koffer Sprengstoff war. Es handelte sich um eine Bombe ohne Z\u00fcnder.<\/p>\n<p>Auch von der sogenannten Puppentorso-Aktion erfuhr H.: B\u00f6hnhardt hatte einen Puppentorso mit Davidstern an eine Autobahnbr\u00fccke geh\u00e4ngt und eine Bombenattrappe dazugestellt. Zunehmend erw\u00e4hnte Mundlos auch, dass er verfolgt werde. &#8222;Er hat von Terrorismus gesprochen, der ihm angelastet werde.&#8220; Da k\u00f6nnten &#8222;brenzlige Situationen entstehen, wo er sich der Verfolgung entziehen m\u00f6chte&#8220;. Bis die drei Nazis fl\u00fcchteten, war es da nicht mehr lange hin. Ihre Flucht war die Geburtsstunde des NSU.<\/p>\n","protected":false},"excerpt":{"rendered":"<p>Das NSU-Mitglied Uwe Mundlos und der Zeuge Aleksander H. waren zu Schulzeiten beste Freunde. Warum entwickelte sich einer zum Musterb\u00fcrger, der andere zum Rechtsextremen? Dass es so etwas wie ein Abschiedsbesuch ist, ahnt Aleksander H. Anfang 1998 nicht. Eigentlich hat er zu diesem Zeitpunkt schon nicht mehr viel zu tun mit seinem alten Schulfreund Uwe [&hellip;]<\/p>\n","protected":false},"author":435,"featured_media":0,"comment_status":"open","ping_status":"open","sticky":false,"template":"","format":"standard","meta":{"_jetpack_memberships_contains_paid_content":false,"footnotes":""},"categories":[27532],"tags":[],"class_list":["post-8973","post","type-post","status-publish","format-standard","hentry","category-prozesstage"],"yoast_head":"<!-- This site is optimized with the Yoast SEO plugin v21.0 - https:\/\/yoast.com\/wordpress\/plugins\/seo\/ -->\n<title>Wenn ein Freund zum Neonazi wird - Das NSU-Prozess-Blog<\/title>\n<meta name=\"robots\" content=\"index, follow, max-snippet:-1, max-image-preview:large, max-video-preview:-1\" \/>\n<link rel=\"canonical\" href=\"https:\/\/blog.zeit.de\/nsu-prozess-blog\/2015\/04\/15\/wenn-ein-freund-zum-neonazi-wird\/\" \/>\n<meta property=\"og:locale\" content=\"de_DE\" \/>\n<meta property=\"og:type\" content=\"article\" \/>\n<meta property=\"og:title\" content=\"Wenn ein Freund zum Neonazi wird - Das NSU-Prozess-Blog\" \/>\n<meta property=\"og:description\" content=\"Das NSU-Mitglied Uwe Mundlos und der Zeuge Aleksander H. waren zu Schulzeiten beste Freunde. Warum entwickelte sich einer zum Musterb\u00fcrger, der andere zum Rechtsextremen? Dass es so etwas wie ein Abschiedsbesuch ist, ahnt Aleksander H. Anfang 1998 nicht. Eigentlich hat er zu diesem Zeitpunkt schon nicht mehr viel zu tun mit seinem alten Schulfreund Uwe [&hellip;]\" \/>\n<meta property=\"og:url\" content=\"https:\/\/blog.zeit.de\/nsu-prozess-blog\/2015\/04\/15\/wenn-ein-freund-zum-neonazi-wird\/\" \/>\n<meta property=\"og:site_name\" content=\"Das NSU-Prozess-Blog\" \/>\n<meta property=\"article:published_time\" content=\"2015-04-15T17:29:00+00:00\" \/>\n<meta property=\"article:modified_time\" content=\"2015-04-15T17:50:29+00:00\" \/>\n<meta name=\"author\" content=\"Tom Sundermann\" \/>\n<meta name=\"twitter:label1\" content=\"Geschrieben von\" \/>\n\t<meta name=\"twitter:data1\" content=\"Tom Sundermann\" \/>\n\t<meta name=\"twitter:label2\" content=\"Gesch\u00e4tzte Lesezeit\" \/>\n\t<meta name=\"twitter:data2\" content=\"4\u00a0Minuten\" \/>\n<script type=\"application\/ld+json\" class=\"yoast-schema-graph\">{\"@context\":\"https:\/\/schema.org\",\"@graph\":[{\"@type\":\"WebPage\",\"@id\":\"https:\/\/blog.zeit.de\/nsu-prozess-blog\/2015\/04\/15\/wenn-ein-freund-zum-neonazi-wird\/\",\"url\":\"https:\/\/blog.zeit.de\/nsu-prozess-blog\/2015\/04\/15\/wenn-ein-freund-zum-neonazi-wird\/\",\"name\":\"Wenn ein Freund zum Neonazi wird - Das NSU-Prozess-Blog\",\"isPartOf\":{\"@id\":\"https:\/\/blog.zeit.de\/nsu-prozess-blog\/#website\"},\"datePublished\":\"2015-04-15T17:29:00+00:00\",\"dateModified\":\"2015-04-15T17:50:29+00:00\",\"author\":{\"@id\":\"https:\/\/blog.zeit.de\/nsu-prozess-blog\/#\/schema\/person\/553ea9bb5d1fc2ae054c589bd59380a5\"},\"breadcrumb\":{\"@id\":\"https:\/\/blog.zeit.de\/nsu-prozess-blog\/2015\/04\/15\/wenn-ein-freund-zum-neonazi-wird\/#breadcrumb\"},\"inLanguage\":\"de\",\"potentialAction\":[{\"@type\":\"ReadAction\",\"target\":[\"https:\/\/blog.zeit.de\/nsu-prozess-blog\/2015\/04\/15\/wenn-ein-freund-zum-neonazi-wird\/\"]}]},{\"@type\":\"BreadcrumbList\",\"@id\":\"https:\/\/blog.zeit.de\/nsu-prozess-blog\/2015\/04\/15\/wenn-ein-freund-zum-neonazi-wird\/#breadcrumb\",\"itemListElement\":[{\"@type\":\"ListItem\",\"position\":1,\"name\":\"Startseite\",\"item\":\"https:\/\/blog.zeit.de\/nsu-prozess-blog\/\"},{\"@type\":\"ListItem\",\"position\":2,\"name\":\"Wenn ein Freund zum Neonazi wird\"}]},{\"@type\":\"WebSite\",\"@id\":\"https:\/\/blog.zeit.de\/nsu-prozess-blog\/#website\",\"url\":\"https:\/\/blog.zeit.de\/nsu-prozess-blog\/\",\"name\":\"Das NSU-Prozess-Blog\",\"description\":\"Alle Berichte zum Terrorverfahren in M\u00fcnchen\",\"potentialAction\":[{\"@type\":\"SearchAction\",\"target\":{\"@type\":\"EntryPoint\",\"urlTemplate\":\"https:\/\/blog.zeit.de\/nsu-prozess-blog\/?s={search_term_string}\"},\"query-input\":\"required name=search_term_string\"}],\"inLanguage\":\"de\"},{\"@type\":\"Person\",\"@id\":\"https:\/\/blog.zeit.de\/nsu-prozess-blog\/#\/schema\/person\/553ea9bb5d1fc2ae054c589bd59380a5\",\"name\":\"Tom Sundermann\",\"image\":{\"@type\":\"ImageObject\",\"inLanguage\":\"de\",\"@id\":\"https:\/\/blog.zeit.de\/nsu-prozess-blog\/#\/schema\/person\/image\/\",\"url\":\"https:\/\/secure.gravatar.com\/avatar\/e108a3dc18766f719b2f797dc5d19093f06a1870c55b553ab6b7563f1f9a5e68?s=96&d=mm&r=g\",\"contentUrl\":\"https:\/\/secure.gravatar.com\/avatar\/e108a3dc18766f719b2f797dc5d19093f06a1870c55b553ab6b7563f1f9a5e68?s=96&d=mm&r=g\",\"caption\":\"Tom Sundermann\"},\"sameAs\":[\"https:\/\/twitter.com\/messeticker\"],\"url\":\"https:\/\/blog.zeit.de\/nsu-prozess-blog\/author\/tsundermann\/\"}]}<\/script>\n<!-- \/ Yoast SEO plugin. -->","yoast_head_json":{"title":"Wenn ein Freund zum Neonazi wird - Das NSU-Prozess-Blog","robots":{"index":"index","follow":"follow","max-snippet":"max-snippet:-1","max-image-preview":"max-image-preview:large","max-video-preview":"max-video-preview:-1"},"canonical":"https:\/\/blog.zeit.de\/nsu-prozess-blog\/2015\/04\/15\/wenn-ein-freund-zum-neonazi-wird\/","og_locale":"de_DE","og_type":"article","og_title":"Wenn ein Freund zum Neonazi wird - Das NSU-Prozess-Blog","og_description":"Das NSU-Mitglied Uwe Mundlos und der Zeuge Aleksander H. waren zu Schulzeiten beste Freunde. Warum entwickelte sich einer zum Musterb\u00fcrger, der andere zum Rechtsextremen? Dass es so etwas wie ein Abschiedsbesuch ist, ahnt Aleksander H. Anfang 1998 nicht. Eigentlich hat er zu diesem Zeitpunkt schon nicht mehr viel zu tun mit seinem alten Schulfreund Uwe [&hellip;]","og_url":"https:\/\/blog.zeit.de\/nsu-prozess-blog\/2015\/04\/15\/wenn-ein-freund-zum-neonazi-wird\/","og_site_name":"Das NSU-Prozess-Blog","article_published_time":"2015-04-15T17:29:00+00:00","article_modified_time":"2015-04-15T17:50:29+00:00","author":"Tom Sundermann","twitter_misc":{"Geschrieben von":"Tom Sundermann","Gesch\u00e4tzte Lesezeit":"4\u00a0Minuten"},"schema":{"@context":"https:\/\/schema.org","@graph":[{"@type":"WebPage","@id":"https:\/\/blog.zeit.de\/nsu-prozess-blog\/2015\/04\/15\/wenn-ein-freund-zum-neonazi-wird\/","url":"https:\/\/blog.zeit.de\/nsu-prozess-blog\/2015\/04\/15\/wenn-ein-freund-zum-neonazi-wird\/","name":"Wenn ein Freund zum Neonazi wird - Das NSU-Prozess-Blog","isPartOf":{"@id":"https:\/\/blog.zeit.de\/nsu-prozess-blog\/#website"},"datePublished":"2015-04-15T17:29:00+00:00","dateModified":"2015-04-15T17:50:29+00:00","author":{"@id":"https:\/\/blog.zeit.de\/nsu-prozess-blog\/#\/schema\/person\/553ea9bb5d1fc2ae054c589bd59380a5"},"breadcrumb":{"@id":"https:\/\/blog.zeit.de\/nsu-prozess-blog\/2015\/04\/15\/wenn-ein-freund-zum-neonazi-wird\/#breadcrumb"},"inLanguage":"de","potentialAction":[{"@type":"ReadAction","target":["https:\/\/blog.zeit.de\/nsu-prozess-blog\/2015\/04\/15\/wenn-ein-freund-zum-neonazi-wird\/"]}]},{"@type":"BreadcrumbList","@id":"https:\/\/blog.zeit.de\/nsu-prozess-blog\/2015\/04\/15\/wenn-ein-freund-zum-neonazi-wird\/#breadcrumb","itemListElement":[{"@type":"ListItem","position":1,"name":"Startseite","item":"https:\/\/blog.zeit.de\/nsu-prozess-blog\/"},{"@type":"ListItem","position":2,"name":"Wenn ein Freund zum Neonazi wird"}]},{"@type":"WebSite","@id":"https:\/\/blog.zeit.de\/nsu-prozess-blog\/#website","url":"https:\/\/blog.zeit.de\/nsu-prozess-blog\/","name":"Das NSU-Prozess-Blog","description":"Alle Berichte zum Terrorverfahren in M\u00fcnchen","potentialAction":[{"@type":"SearchAction","target":{"@type":"EntryPoint","urlTemplate":"https:\/\/blog.zeit.de\/nsu-prozess-blog\/?s={search_term_string}"},"query-input":"required name=search_term_string"}],"inLanguage":"de"},{"@type":"Person","@id":"https:\/\/blog.zeit.de\/nsu-prozess-blog\/#\/schema\/person\/553ea9bb5d1fc2ae054c589bd59380a5","name":"Tom Sundermann","image":{"@type":"ImageObject","inLanguage":"de","@id":"https:\/\/blog.zeit.de\/nsu-prozess-blog\/#\/schema\/person\/image\/","url":"https:\/\/secure.gravatar.com\/avatar\/e108a3dc18766f719b2f797dc5d19093f06a1870c55b553ab6b7563f1f9a5e68?s=96&d=mm&r=g","contentUrl":"https:\/\/secure.gravatar.com\/avatar\/e108a3dc18766f719b2f797dc5d19093f06a1870c55b553ab6b7563f1f9a5e68?s=96&d=mm&r=g","caption":"Tom Sundermann"},"sameAs":["https:\/\/twitter.com\/messeticker"],"url":"https:\/\/blog.zeit.de\/nsu-prozess-blog\/author\/tsundermann\/"}]}},"jetpack_featured_media_url":"","jetpack_sharing_enabled":true,"_links":{"self":[{"href":"https:\/\/blog.zeit.de\/nsu-prozess-blog\/wp-json\/wp\/v2\/posts\/8973","targetHints":{"allow":["GET"]}}],"collection":[{"href":"https:\/\/blog.zeit.de\/nsu-prozess-blog\/wp-json\/wp\/v2\/posts"}],"about":[{"href":"https:\/\/blog.zeit.de\/nsu-prozess-blog\/wp-json\/wp\/v2\/types\/post"}],"author":[{"embeddable":true,"href":"https:\/\/blog.zeit.de\/nsu-prozess-blog\/wp-json\/wp\/v2\/users\/435"}],"replies":[{"embeddable":true,"href":"https:\/\/blog.zeit.de\/nsu-prozess-blog\/wp-json\/wp\/v2\/comments?post=8973"}],"version-history":[{"count":3,"href":"https:\/\/blog.zeit.de\/nsu-prozess-blog\/wp-json\/wp\/v2\/posts\/8973\/revisions"}],"predecessor-version":[{"id":8976,"href":"https:\/\/blog.zeit.de\/nsu-prozess-blog\/wp-json\/wp\/v2\/posts\/8973\/revisions\/8976"}],"wp:attachment":[{"href":"https:\/\/blog.zeit.de\/nsu-prozess-blog\/wp-json\/wp\/v2\/media?parent=8973"}],"wp:term":[{"taxonomy":"category","embeddable":true,"href":"https:\/\/blog.zeit.de\/nsu-prozess-blog\/wp-json\/wp\/v2\/categories?post=8973"},{"taxonomy":"post_tag","embeddable":true,"href":"https:\/\/blog.zeit.de\/nsu-prozess-blog\/wp-json\/wp\/v2\/tags?post=8973"}],"curies":[{"name":"wp","href":"https:\/\/api.w.org\/{rel}","templated":true}]}}