{"id":8977,"date":"2015-04-16T09:53:23","date_gmt":"2015-04-16T07:53:23","guid":{"rendered":"http:\/\/blog.zeit.de\/nsu-prozess-blog\/?p=8977"},"modified":"2015-04-16T14:50:18","modified_gmt":"2015-04-16T12:50:18","slug":"medienlog-markus-f-uwe-mundlos-ueberfall","status":"publish","type":"post","link":"https:\/\/blog.zeit.de\/nsu-prozess-blog\/2015\/04\/16\/medienlog-markus-f-uwe-mundlos-ueberfall\/","title":{"rendered":"Dreister Zeuge \u00e4rgert das Gericht \u2013 Das Medienlog vom Donnerstag, 16. April 2015"},"content":{"rendered":"<p>Am 198. Prozesstag ging es um mehrere Komplexe: Bank\u00fcberf\u00e4lle, den Polizistenmord von Heilbronn und das Vorleben des NSU-Mitglieds Uwe Mundlos. In Erinnerung blieb aber vor allem ein Beispiel au\u00dferordentlicher Dreistigkeit \u2013 geliefert vom Szenezeugen Markus F. Der Chemnitzer soll sowohl Kontakt zum NSU-Trio als auch nach Heilbronn gepflegt haben. Daran konnte er sich im Prozess jedoch angeblich nicht mehr erinnern. &#8222;Das Gericht muss sich wieder einmal mit einem renitenten Szenezeugen herum\u00e4rgern&#8220;, bemerkt Tanjev Schultz von der <a href=\"http:\/\/www.sueddeutsche.de\/politik\/nsu-prozess-aerger-mit-einem-renitenten-szene-zeugen-1.2437124\" target=\"_blank\"><em>S\u00fcddeutschen Zeitung<\/em><\/a>.<\/p>\n<p><!--more--><\/p>\n<p><em>An jedem Werktag sichten wir f\u00fcr das NSU-Prozess-Blog die Medien und stellen wichtige Berichte, Blogs, Videos und Tweets zusammen. Wir freuen uns \u00fcber Hinweise via Twitter mit dem Hashtag #nsublog \u2013 oder per E-Mail an <a href=\"mailto:nsublog@zeit.de\">nsublog@zeit.de<\/a>.<\/em><\/p>\n<p>Mit seiner harten Verweigerungshaltung und den schier unendlichen Erinnerungsl\u00fccken provozierte F. zwar auch den Vorsitzenden Richter Manfred G\u00f6tzl, erfuhr jedoch keine Konsequenzen. Auch als G\u00f6tzl ihm Bilder vorhielt, die ihn gemeinsam mit Beate Zsch\u00e4pe zeigten, blieb der Zeuge bei seiner Aussage.<\/p>\n<p>Ein weiterer Zeuge war Aleksander H., ein Zeuge von Uwe Mundlos aus Schulzeiten. Dieser schilderte, wie Mundlos ihm von diversen Straftaten erz\u00e4hlt hatte, die der NSU vor seinem Abtauchen im Jahr 1998 beging. Auff\u00e4llig daran sind vor allem die unterschiedlichen Biografien der beiden M\u00e4nner: &#8222;Wie ist es m\u00f6glich, dass zwei Menschen, die unter \u00e4hnlichen Umst\u00e4nden aufwachsen, v\u00f6llig andere Lebenswege einschlagen?&#8220;, fragen wir auf <a href=\"https:\/\/blog.zeit.de\/nsu-prozess-blog\/2015\/04\/15\/wenn-ein-freund-zum-neonazi-wird\/\" target=\"_blank\">ZEIT ONLINE<\/a>. Eine endg\u00fcltige Antwort brachte die Aussage des Zeugen, der demn\u00e4chst erneut geladen wird, nicht.<\/p>\n<p>Die an l\u00fcckenloser Aufkl\u00e4rung interessierten Anw\u00e4lte der Nebenklage seien an diesem Tag &#8222;keinen Schritt vorangekommen&#8220;, kommentiert Christoph Arnowski vom <a href=\"http:\/\/www.br.de\/nachrichten\/nsu-prozess\/150415-tagebuch-gerichtsreporter-100.html\" target=\"_blank\">Bayerischen Rundfunk<\/a>. Bei diesem Fazit bezieht sich der Autor ausdr\u00fccklich auf den schmallippigen Markus F. Anders sehe die Situation f\u00fcr die Anklage aus. Sie habe mithilfe der Aussage eines Ermittlers die Beweisf\u00fchrung bei den Bank\u00fcberf\u00e4llen vorantreiben k\u00f6nnen. So habe die Befragung ergeben, &#8222;es waren immer die gleichen zwei T\u00e4ter und es wurden immer die gleichen Waffen benutzt&#8220;. Bei den T\u00e4tern handelt es sich laut Bundesanwaltschaft um Uwe Mundlos und Uwe B\u00f6hnhardt, die mit den \u00dcberf\u00e4llen das Untergrundleben des NSU finanzierten.<\/p>\n<p>&#8222;Die Beweiskette, zusammengesetzt aus einer F\u00fclle von Zeugenbeobachtungen, Aufnahmen von Videokameras und unz\u00e4hligen Asservaten, ist erdr\u00fcckend&#8220;, befindet auch Gisela Friedrichsen auf <a href=\"http:\/\/www.spiegel.de\/panorama\/justiz\/nsu-prozess-zeuge-ueber-den-bankraub-von-stralsund-a-1028783.html\" target=\"_blank\"><em>Spiegel Online<\/em><\/a>. Behandelt wurden in den vergangenen zwei Tagen vor allem zwei \u00dcberf\u00e4lle auf dieselbe Filiale einer Sparkasse in Stralsund von 2006 und 2007. Beweisst\u00fccke der \u00dcberf\u00e4lle fanden sich sp\u00e4ter im niedergebrannten Haus des Trios in Zwickau wieder. &#8222;Kaum vorstellbar, dass Beate Zsch\u00e4pe davon nichts bekommen haben soll.&#8220;<\/p>\n<p><em>Das n\u00e4chste Medienlog erscheint am Freitag, 17. April 2015.<\/em><\/p>\n","protected":false},"excerpt":{"rendered":"<p>Am 198. Prozesstag ging es um mehrere Komplexe: Bank\u00fcberf\u00e4lle, den Polizistenmord von Heilbronn und das Vorleben des NSU-Mitglieds Uwe Mundlos. In Erinnerung blieb aber vor allem ein Beispiel au\u00dferordentlicher Dreistigkeit \u2013 geliefert vom Szenezeugen Markus F. Der Chemnitzer soll sowohl Kontakt zum NSU-Trio als auch nach Heilbronn gepflegt haben. Daran konnte er sich im Prozess [&hellip;]<\/p>\n","protected":false},"author":435,"featured_media":0,"comment_status":"open","ping_status":"open","sticky":false,"template":"","format":"standard","meta":{"_jetpack_memberships_contains_paid_content":false,"footnotes":""},"categories":[27531],"tags":[29457,2055,27559,27588,33594,29510,22859],"class_list":["post-8977","post","type-post","status-publish","format-standard","hentry","category-medienschau","tag-bankuberfall","tag-heilbronn","tag-manfred-gotzl","tag-michele-kiesewetter","tag-stralsund","tag-szene","tag-uwe-mundlos"],"yoast_head":"<!-- This site is optimized with the Yoast SEO plugin v21.0 - https:\/\/yoast.com\/wordpress\/plugins\/seo\/ -->\n<title>Uwe Mundlos&#039; Vorleben und dreiste Zeugen<\/title>\n<meta name=\"description\" content=\"Neben dem Vorleben des NSU-Mitglieds Uwe Mundlos ging es am 198. Prozesstag auch um die Dreistigkeit des Szenezeugen Markus F.\" \/>\n<meta name=\"robots\" content=\"index, follow, max-snippet:-1, max-image-preview:large, max-video-preview:-1\" \/>\n<link rel=\"canonical\" href=\"https:\/\/blog.zeit.de\/nsu-prozess-blog\/2015\/04\/16\/medienlog-markus-f-uwe-mundlos-ueberfall\/\" \/>\n<meta property=\"og:locale\" content=\"de_DE\" \/>\n<meta property=\"og:type\" content=\"article\" \/>\n<meta property=\"og:title\" content=\"Uwe Mundlos&#039; Vorleben und dreiste Zeugen\" \/>\n<meta property=\"og:description\" content=\"Neben dem Vorleben des NSU-Mitglieds Uwe Mundlos ging es am 198. Prozesstag auch um die Dreistigkeit des Szenezeugen Markus F.\" \/>\n<meta property=\"og:url\" content=\"https:\/\/blog.zeit.de\/nsu-prozess-blog\/2015\/04\/16\/medienlog-markus-f-uwe-mundlos-ueberfall\/\" \/>\n<meta property=\"og:site_name\" content=\"Das NSU-Prozess-Blog\" \/>\n<meta property=\"article:published_time\" content=\"2015-04-16T07:53:23+00:00\" \/>\n<meta property=\"article:modified_time\" content=\"2015-04-16T12:50:18+00:00\" \/>\n<meta name=\"author\" content=\"Tom Sundermann\" \/>\n<meta name=\"twitter:label1\" content=\"Geschrieben von\" \/>\n\t<meta name=\"twitter:data1\" content=\"Tom Sundermann\" \/>\n\t<meta name=\"twitter:label2\" content=\"Gesch\u00e4tzte Lesezeit\" \/>\n\t<meta name=\"twitter:data2\" content=\"2\u00a0Minuten\" \/>\n<script type=\"application\/ld+json\" class=\"yoast-schema-graph\">{\"@context\":\"https:\/\/schema.org\",\"@graph\":[{\"@type\":\"WebPage\",\"@id\":\"https:\/\/blog.zeit.de\/nsu-prozess-blog\/2015\/04\/16\/medienlog-markus-f-uwe-mundlos-ueberfall\/\",\"url\":\"https:\/\/blog.zeit.de\/nsu-prozess-blog\/2015\/04\/16\/medienlog-markus-f-uwe-mundlos-ueberfall\/\",\"name\":\"Uwe Mundlos' Vorleben und dreiste Zeugen\",\"isPartOf\":{\"@id\":\"https:\/\/blog.zeit.de\/nsu-prozess-blog\/#website\"},\"datePublished\":\"2015-04-16T07:53:23+00:00\",\"dateModified\":\"2015-04-16T12:50:18+00:00\",\"author\":{\"@id\":\"https:\/\/blog.zeit.de\/nsu-prozess-blog\/#\/schema\/person\/553ea9bb5d1fc2ae054c589bd59380a5\"},\"description\":\"Neben dem Vorleben des NSU-Mitglieds Uwe Mundlos ging es am 198. Prozesstag auch um die Dreistigkeit des Szenezeugen Markus F.\",\"breadcrumb\":{\"@id\":\"https:\/\/blog.zeit.de\/nsu-prozess-blog\/2015\/04\/16\/medienlog-markus-f-uwe-mundlos-ueberfall\/#breadcrumb\"},\"inLanguage\":\"de\",\"potentialAction\":[{\"@type\":\"ReadAction\",\"target\":[\"https:\/\/blog.zeit.de\/nsu-prozess-blog\/2015\/04\/16\/medienlog-markus-f-uwe-mundlos-ueberfall\/\"]}]},{\"@type\":\"BreadcrumbList\",\"@id\":\"https:\/\/blog.zeit.de\/nsu-prozess-blog\/2015\/04\/16\/medienlog-markus-f-uwe-mundlos-ueberfall\/#breadcrumb\",\"itemListElement\":[{\"@type\":\"ListItem\",\"position\":1,\"name\":\"Startseite\",\"item\":\"https:\/\/blog.zeit.de\/nsu-prozess-blog\/\"},{\"@type\":\"ListItem\",\"position\":2,\"name\":\"Dreister Zeuge \u00e4rgert das Gericht \u2013 Das Medienlog vom Donnerstag, 16. April 2015\"}]},{\"@type\":\"WebSite\",\"@id\":\"https:\/\/blog.zeit.de\/nsu-prozess-blog\/#website\",\"url\":\"https:\/\/blog.zeit.de\/nsu-prozess-blog\/\",\"name\":\"Das NSU-Prozess-Blog\",\"description\":\"Alle Berichte zum Terrorverfahren in M\u00fcnchen\",\"potentialAction\":[{\"@type\":\"SearchAction\",\"target\":{\"@type\":\"EntryPoint\",\"urlTemplate\":\"https:\/\/blog.zeit.de\/nsu-prozess-blog\/?s={search_term_string}\"},\"query-input\":\"required name=search_term_string\"}],\"inLanguage\":\"de\"},{\"@type\":\"Person\",\"@id\":\"https:\/\/blog.zeit.de\/nsu-prozess-blog\/#\/schema\/person\/553ea9bb5d1fc2ae054c589bd59380a5\",\"name\":\"Tom Sundermann\",\"image\":{\"@type\":\"ImageObject\",\"inLanguage\":\"de\",\"@id\":\"https:\/\/blog.zeit.de\/nsu-prozess-blog\/#\/schema\/person\/image\/\",\"url\":\"https:\/\/secure.gravatar.com\/avatar\/e108a3dc18766f719b2f797dc5d19093f06a1870c55b553ab6b7563f1f9a5e68?s=96&d=mm&r=g\",\"contentUrl\":\"https:\/\/secure.gravatar.com\/avatar\/e108a3dc18766f719b2f797dc5d19093f06a1870c55b553ab6b7563f1f9a5e68?s=96&d=mm&r=g\",\"caption\":\"Tom Sundermann\"},\"sameAs\":[\"https:\/\/twitter.com\/messeticker\"],\"url\":\"https:\/\/blog.zeit.de\/nsu-prozess-blog\/author\/tsundermann\/\"}]}<\/script>\n<!-- \/ Yoast SEO plugin. -->","yoast_head_json":{"title":"Uwe Mundlos' Vorleben und dreiste Zeugen","description":"Neben dem Vorleben des NSU-Mitglieds Uwe Mundlos ging es am 198. Prozesstag auch um die Dreistigkeit des Szenezeugen Markus F.","robots":{"index":"index","follow":"follow","max-snippet":"max-snippet:-1","max-image-preview":"max-image-preview:large","max-video-preview":"max-video-preview:-1"},"canonical":"https:\/\/blog.zeit.de\/nsu-prozess-blog\/2015\/04\/16\/medienlog-markus-f-uwe-mundlos-ueberfall\/","og_locale":"de_DE","og_type":"article","og_title":"Uwe Mundlos' Vorleben und dreiste Zeugen","og_description":"Neben dem Vorleben des NSU-Mitglieds Uwe Mundlos ging es am 198. Prozesstag auch um die Dreistigkeit des Szenezeugen Markus F.","og_url":"https:\/\/blog.zeit.de\/nsu-prozess-blog\/2015\/04\/16\/medienlog-markus-f-uwe-mundlos-ueberfall\/","og_site_name":"Das NSU-Prozess-Blog","article_published_time":"2015-04-16T07:53:23+00:00","article_modified_time":"2015-04-16T12:50:18+00:00","author":"Tom Sundermann","twitter_misc":{"Geschrieben von":"Tom Sundermann","Gesch\u00e4tzte Lesezeit":"2\u00a0Minuten"},"schema":{"@context":"https:\/\/schema.org","@graph":[{"@type":"WebPage","@id":"https:\/\/blog.zeit.de\/nsu-prozess-blog\/2015\/04\/16\/medienlog-markus-f-uwe-mundlos-ueberfall\/","url":"https:\/\/blog.zeit.de\/nsu-prozess-blog\/2015\/04\/16\/medienlog-markus-f-uwe-mundlos-ueberfall\/","name":"Uwe Mundlos' Vorleben und dreiste Zeugen","isPartOf":{"@id":"https:\/\/blog.zeit.de\/nsu-prozess-blog\/#website"},"datePublished":"2015-04-16T07:53:23+00:00","dateModified":"2015-04-16T12:50:18+00:00","author":{"@id":"https:\/\/blog.zeit.de\/nsu-prozess-blog\/#\/schema\/person\/553ea9bb5d1fc2ae054c589bd59380a5"},"description":"Neben dem Vorleben des NSU-Mitglieds Uwe Mundlos ging es am 198. Prozesstag auch um die Dreistigkeit des Szenezeugen Markus F.","breadcrumb":{"@id":"https:\/\/blog.zeit.de\/nsu-prozess-blog\/2015\/04\/16\/medienlog-markus-f-uwe-mundlos-ueberfall\/#breadcrumb"},"inLanguage":"de","potentialAction":[{"@type":"ReadAction","target":["https:\/\/blog.zeit.de\/nsu-prozess-blog\/2015\/04\/16\/medienlog-markus-f-uwe-mundlos-ueberfall\/"]}]},{"@type":"BreadcrumbList","@id":"https:\/\/blog.zeit.de\/nsu-prozess-blog\/2015\/04\/16\/medienlog-markus-f-uwe-mundlos-ueberfall\/#breadcrumb","itemListElement":[{"@type":"ListItem","position":1,"name":"Startseite","item":"https:\/\/blog.zeit.de\/nsu-prozess-blog\/"},{"@type":"ListItem","position":2,"name":"Dreister Zeuge \u00e4rgert das Gericht \u2013 Das Medienlog vom Donnerstag, 16. April 2015"}]},{"@type":"WebSite","@id":"https:\/\/blog.zeit.de\/nsu-prozess-blog\/#website","url":"https:\/\/blog.zeit.de\/nsu-prozess-blog\/","name":"Das NSU-Prozess-Blog","description":"Alle Berichte zum Terrorverfahren in M\u00fcnchen","potentialAction":[{"@type":"SearchAction","target":{"@type":"EntryPoint","urlTemplate":"https:\/\/blog.zeit.de\/nsu-prozess-blog\/?s={search_term_string}"},"query-input":"required name=search_term_string"}],"inLanguage":"de"},{"@type":"Person","@id":"https:\/\/blog.zeit.de\/nsu-prozess-blog\/#\/schema\/person\/553ea9bb5d1fc2ae054c589bd59380a5","name":"Tom Sundermann","image":{"@type":"ImageObject","inLanguage":"de","@id":"https:\/\/blog.zeit.de\/nsu-prozess-blog\/#\/schema\/person\/image\/","url":"https:\/\/secure.gravatar.com\/avatar\/e108a3dc18766f719b2f797dc5d19093f06a1870c55b553ab6b7563f1f9a5e68?s=96&d=mm&r=g","contentUrl":"https:\/\/secure.gravatar.com\/avatar\/e108a3dc18766f719b2f797dc5d19093f06a1870c55b553ab6b7563f1f9a5e68?s=96&d=mm&r=g","caption":"Tom Sundermann"},"sameAs":["https:\/\/twitter.com\/messeticker"],"url":"https:\/\/blog.zeit.de\/nsu-prozess-blog\/author\/tsundermann\/"}]}},"jetpack_featured_media_url":"","jetpack_sharing_enabled":true,"_links":{"self":[{"href":"https:\/\/blog.zeit.de\/nsu-prozess-blog\/wp-json\/wp\/v2\/posts\/8977","targetHints":{"allow":["GET"]}}],"collection":[{"href":"https:\/\/blog.zeit.de\/nsu-prozess-blog\/wp-json\/wp\/v2\/posts"}],"about":[{"href":"https:\/\/blog.zeit.de\/nsu-prozess-blog\/wp-json\/wp\/v2\/types\/post"}],"author":[{"embeddable":true,"href":"https:\/\/blog.zeit.de\/nsu-prozess-blog\/wp-json\/wp\/v2\/users\/435"}],"replies":[{"embeddable":true,"href":"https:\/\/blog.zeit.de\/nsu-prozess-blog\/wp-json\/wp\/v2\/comments?post=8977"}],"version-history":[{"count":6,"href":"https:\/\/blog.zeit.de\/nsu-prozess-blog\/wp-json\/wp\/v2\/posts\/8977\/revisions"}],"predecessor-version":[{"id":8983,"href":"https:\/\/blog.zeit.de\/nsu-prozess-blog\/wp-json\/wp\/v2\/posts\/8977\/revisions\/8983"}],"wp:attachment":[{"href":"https:\/\/blog.zeit.de\/nsu-prozess-blog\/wp-json\/wp\/v2\/media?parent=8977"}],"wp:term":[{"taxonomy":"category","embeddable":true,"href":"https:\/\/blog.zeit.de\/nsu-prozess-blog\/wp-json\/wp\/v2\/categories?post=8977"},{"taxonomy":"post_tag","embeddable":true,"href":"https:\/\/blog.zeit.de\/nsu-prozess-blog\/wp-json\/wp\/v2\/tags?post=8977"}],"curies":[{"name":"wp","href":"https:\/\/api.w.org\/{rel}","templated":true}]}}