{"id":9010,"date":"2015-04-22T08:31:04","date_gmt":"2015-04-22T06:31:04","guid":{"rendered":"http:\/\/blog.zeit.de\/nsu-prozess-blog\/?p=9010"},"modified":"2015-04-22T09:10:42","modified_gmt":"2015-04-22T07:10:42","slug":"medienlog-marcel-d-v-mann-wiessner","status":"publish","type":"post","link":"https:\/\/blog.zeit.de\/nsu-prozess-blog\/2015\/04\/22\/medienlog-marcel-d-v-mann-wiessner\/","title":{"rendered":"L\u00fcgentest f\u00fcr Th\u00fcringer Neonazi \u2013 Das Medienlog vom Mittwoch, 22. April 2015"},"content":{"rendered":"<p>Am heutigen Mittwoch geht es im NSU-Prozess erneut um den Th\u00fcringer Neonazi Marcel D., der Ende der neunziger Jahre als V-Mann f\u00fcr den Verfassungsschutz gearbeitet haben soll. Das belegen Dokumente der Beh\u00f6rde. \u00dcberraschenderweise bestritt D. die T\u00e4tigkeit bei <a href=\"https:\/\/blog.zeit.de\/nsu-prozess-blog\/2015\/03\/12\/medienlog-marcel-d-blood-honour-nsu-zschaepe\/\">seiner ersten Aussage im M\u00e4rz<\/a>. Nun ist neben D. selbst auch dessen ehemaliger Quellenf\u00fchrer <a href=\"https:\/\/blog.zeit.de\/nsu-prozess-blog\/2014\/03\/28\/zwei-spitzel-an-einem-tag-das-medienlog-vom-freitag-28-maerz-2014\/\">Norbert Wie\u00dfner<\/a> geladen \u2013 er d\u00fcrfte die Spitzeldienste best\u00e4tigen.<\/p>\n<p>Falls D. log und bei seiner Aussage bleibt, &#8222;ist spannend, wie das Gericht diesmal reagieren wird&#8220;, merkt Kai Mudra in der <a href=\"http:\/\/www.thueringer-allgemeine.de\/web\/zgt\/leben\/detail\/-\/specific\/Entscheidung-im-NSU-Prozess-Hat-ein-Thueringer-Rechtsextremist-das-Gericht-belo-360183180\" target=\"_blank\"><em>Th\u00fcringer Allgemeinen<\/em><\/a> an. Konsequenzen f\u00fcr eine Falschaussage sind zumindest denkbar: Bundesanwalt Herbert Diemer hatte ein Ermittlungsverfahren deswegen nicht ausgeschlossen. Bislang ist allerdings noch kein NSU-Zeuge wegen m\u00f6glicher L\u00fcgen belangt worden.<\/p>\n<p><!--more--><\/p>\n<p><em>An jedem Werktag sichten wir f\u00fcr das NSU-Prozess-Blog die Medien und stellen wichtige Berichte, Blogs, Videos und Tweets zusammen. Wir freuen uns \u00fcber Hinweise via Twitter mit dem Hashtag #nsublog \u2013 oder per E-Mail an <a href=\"mailto:nsublog@zeit.de\">nsublog@zeit.de<\/a>.<\/em><\/p>\n<p>Als &#8222;monstr\u00f6s&#8220; betrachtet <a href=\"http:\/\/www.dw.de\/der-monstr%C3%B6se-nsu-prozess\/a-18396197\" target=\"_blank\"><em>Deutsche-Welle<\/em><\/a>-Reporter Marcel F\u00fcrstenau den NSU-Prozess. Diese Beschreibung gelte sowohl f\u00fcr die Scheu\u00dflichkeit der angeklagten Taten als auch f\u00fcr Dauer und Aufwand des Verfahrens \u2013 seit bald zwei Jahren wird in M\u00fcnchen verhandelt. Die lange Zeit werde jedoch gebraucht, &#8222;um die rassistische Mordserie so gut wie m\u00f6glich aufzukl\u00e4ren und die Schuldigen zu bestrafen&#8220;.<\/p>\n<p><em>Das n\u00e4chste Medienlog erscheint am Donnerstag, 23. April 2015.<\/em><\/p>\n","protected":false},"excerpt":{"rendered":"<p>Am heutigen Mittwoch geht es im NSU-Prozess erneut um den Th\u00fcringer Neonazi Marcel D., der Ende der neunziger Jahre als V-Mann f\u00fcr den Verfassungsschutz gearbeitet haben soll. Das belegen Dokumente der Beh\u00f6rde. \u00dcberraschenderweise bestritt D. die T\u00e4tigkeit bei seiner ersten Aussage im M\u00e4rz. Nun ist neben D. selbst auch dessen ehemaliger Quellenf\u00fchrer Norbert Wie\u00dfner geladen [&hellip;]<\/p>\n","protected":false},"author":435,"featured_media":0,"comment_status":"open","ping_status":"open","sticky":false,"template":"","format":"standard","meta":{"_jetpack_memberships_contains_paid_content":false,"footnotes":""},"categories":[27531],"tags":[29540,17899,1836],"class_list":["post-9010","post","type-post","status-publish","format-standard","hentry","category-medienschau","tag-thueringen","tag-v-mann","tag-verfassungsschutz"],"yoast_head":"<!-- This site is optimized with the Yoast SEO plugin v21.0 - https:\/\/yoast.com\/wordpress\/plugins\/seo\/ -->\n<title>L\u00fcgentest f\u00fcr Th\u00fcringer Neonazi \u2013 Das Medienlog vom Mittwoch, 22. April 2015 - Das NSU-Prozess-Blog<\/title>\n<meta name=\"robots\" content=\"index, follow, max-snippet:-1, max-image-preview:large, max-video-preview:-1\" \/>\n<link rel=\"canonical\" href=\"https:\/\/blog.zeit.de\/nsu-prozess-blog\/2015\/04\/22\/medienlog-marcel-d-v-mann-wiessner\/\" \/>\n<meta property=\"og:locale\" content=\"de_DE\" \/>\n<meta property=\"og:type\" content=\"article\" \/>\n<meta property=\"og:title\" content=\"L\u00fcgentest f\u00fcr Th\u00fcringer Neonazi \u2013 Das Medienlog vom Mittwoch, 22. April 2015 - Das NSU-Prozess-Blog\" \/>\n<meta property=\"og:description\" content=\"Am heutigen Mittwoch geht es im NSU-Prozess erneut um den Th\u00fcringer Neonazi Marcel D., der Ende der neunziger Jahre als V-Mann f\u00fcr den Verfassungsschutz gearbeitet haben soll. Das belegen Dokumente der Beh\u00f6rde. \u00dcberraschenderweise bestritt D. die T\u00e4tigkeit bei seiner ersten Aussage im M\u00e4rz. Nun ist neben D. selbst auch dessen ehemaliger Quellenf\u00fchrer Norbert Wie\u00dfner geladen [&hellip;]\" \/>\n<meta property=\"og:url\" content=\"https:\/\/blog.zeit.de\/nsu-prozess-blog\/2015\/04\/22\/medienlog-marcel-d-v-mann-wiessner\/\" \/>\n<meta property=\"og:site_name\" content=\"Das NSU-Prozess-Blog\" \/>\n<meta property=\"article:published_time\" content=\"2015-04-22T06:31:04+00:00\" \/>\n<meta property=\"article:modified_time\" content=\"2015-04-22T07:10:42+00:00\" \/>\n<meta name=\"author\" content=\"Tom Sundermann\" \/>\n<meta name=\"twitter:label1\" content=\"Geschrieben von\" \/>\n\t<meta name=\"twitter:data1\" content=\"Tom Sundermann\" \/>\n\t<meta name=\"twitter:label2\" content=\"Gesch\u00e4tzte Lesezeit\" \/>\n\t<meta name=\"twitter:data2\" content=\"1\u00a0Minute\" \/>\n<script type=\"application\/ld+json\" class=\"yoast-schema-graph\">{\"@context\":\"https:\/\/schema.org\",\"@graph\":[{\"@type\":\"WebPage\",\"@id\":\"https:\/\/blog.zeit.de\/nsu-prozess-blog\/2015\/04\/22\/medienlog-marcel-d-v-mann-wiessner\/\",\"url\":\"https:\/\/blog.zeit.de\/nsu-prozess-blog\/2015\/04\/22\/medienlog-marcel-d-v-mann-wiessner\/\",\"name\":\"L\u00fcgentest f\u00fcr Th\u00fcringer Neonazi \u2013 Das Medienlog vom Mittwoch, 22. April 2015 - Das NSU-Prozess-Blog\",\"isPartOf\":{\"@id\":\"https:\/\/blog.zeit.de\/nsu-prozess-blog\/#website\"},\"datePublished\":\"2015-04-22T06:31:04+00:00\",\"dateModified\":\"2015-04-22T07:10:42+00:00\",\"author\":{\"@id\":\"https:\/\/blog.zeit.de\/nsu-prozess-blog\/#\/schema\/person\/553ea9bb5d1fc2ae054c589bd59380a5\"},\"breadcrumb\":{\"@id\":\"https:\/\/blog.zeit.de\/nsu-prozess-blog\/2015\/04\/22\/medienlog-marcel-d-v-mann-wiessner\/#breadcrumb\"},\"inLanguage\":\"de\",\"potentialAction\":[{\"@type\":\"ReadAction\",\"target\":[\"https:\/\/blog.zeit.de\/nsu-prozess-blog\/2015\/04\/22\/medienlog-marcel-d-v-mann-wiessner\/\"]}]},{\"@type\":\"BreadcrumbList\",\"@id\":\"https:\/\/blog.zeit.de\/nsu-prozess-blog\/2015\/04\/22\/medienlog-marcel-d-v-mann-wiessner\/#breadcrumb\",\"itemListElement\":[{\"@type\":\"ListItem\",\"position\":1,\"name\":\"Startseite\",\"item\":\"https:\/\/blog.zeit.de\/nsu-prozess-blog\/\"},{\"@type\":\"ListItem\",\"position\":2,\"name\":\"L\u00fcgentest f\u00fcr Th\u00fcringer Neonazi \u2013 Das Medienlog vom Mittwoch, 22. April 2015\"}]},{\"@type\":\"WebSite\",\"@id\":\"https:\/\/blog.zeit.de\/nsu-prozess-blog\/#website\",\"url\":\"https:\/\/blog.zeit.de\/nsu-prozess-blog\/\",\"name\":\"Das NSU-Prozess-Blog\",\"description\":\"Alle Berichte zum Terrorverfahren in M\u00fcnchen\",\"potentialAction\":[{\"@type\":\"SearchAction\",\"target\":{\"@type\":\"EntryPoint\",\"urlTemplate\":\"https:\/\/blog.zeit.de\/nsu-prozess-blog\/?s={search_term_string}\"},\"query-input\":\"required name=search_term_string\"}],\"inLanguage\":\"de\"},{\"@type\":\"Person\",\"@id\":\"https:\/\/blog.zeit.de\/nsu-prozess-blog\/#\/schema\/person\/553ea9bb5d1fc2ae054c589bd59380a5\",\"name\":\"Tom Sundermann\",\"image\":{\"@type\":\"ImageObject\",\"inLanguage\":\"de\",\"@id\":\"https:\/\/blog.zeit.de\/nsu-prozess-blog\/#\/schema\/person\/image\/\",\"url\":\"https:\/\/secure.gravatar.com\/avatar\/e108a3dc18766f719b2f797dc5d19093f06a1870c55b553ab6b7563f1f9a5e68?s=96&d=mm&r=g\",\"contentUrl\":\"https:\/\/secure.gravatar.com\/avatar\/e108a3dc18766f719b2f797dc5d19093f06a1870c55b553ab6b7563f1f9a5e68?s=96&d=mm&r=g\",\"caption\":\"Tom Sundermann\"},\"sameAs\":[\"https:\/\/twitter.com\/messeticker\"],\"url\":\"https:\/\/blog.zeit.de\/nsu-prozess-blog\/author\/tsundermann\/\"}]}<\/script>\n<!-- \/ Yoast SEO plugin. -->","yoast_head_json":{"title":"L\u00fcgentest f\u00fcr Th\u00fcringer Neonazi \u2013 Das Medienlog vom Mittwoch, 22. April 2015 - Das NSU-Prozess-Blog","robots":{"index":"index","follow":"follow","max-snippet":"max-snippet:-1","max-image-preview":"max-image-preview:large","max-video-preview":"max-video-preview:-1"},"canonical":"https:\/\/blog.zeit.de\/nsu-prozess-blog\/2015\/04\/22\/medienlog-marcel-d-v-mann-wiessner\/","og_locale":"de_DE","og_type":"article","og_title":"L\u00fcgentest f\u00fcr Th\u00fcringer Neonazi \u2013 Das Medienlog vom Mittwoch, 22. April 2015 - Das NSU-Prozess-Blog","og_description":"Am heutigen Mittwoch geht es im NSU-Prozess erneut um den Th\u00fcringer Neonazi Marcel D., der Ende der neunziger Jahre als V-Mann f\u00fcr den Verfassungsschutz gearbeitet haben soll. Das belegen Dokumente der Beh\u00f6rde. \u00dcberraschenderweise bestritt D. die T\u00e4tigkeit bei seiner ersten Aussage im M\u00e4rz. Nun ist neben D. selbst auch dessen ehemaliger Quellenf\u00fchrer Norbert Wie\u00dfner geladen [&hellip;]","og_url":"https:\/\/blog.zeit.de\/nsu-prozess-blog\/2015\/04\/22\/medienlog-marcel-d-v-mann-wiessner\/","og_site_name":"Das NSU-Prozess-Blog","article_published_time":"2015-04-22T06:31:04+00:00","article_modified_time":"2015-04-22T07:10:42+00:00","author":"Tom Sundermann","twitter_misc":{"Geschrieben von":"Tom Sundermann","Gesch\u00e4tzte Lesezeit":"1\u00a0Minute"},"schema":{"@context":"https:\/\/schema.org","@graph":[{"@type":"WebPage","@id":"https:\/\/blog.zeit.de\/nsu-prozess-blog\/2015\/04\/22\/medienlog-marcel-d-v-mann-wiessner\/","url":"https:\/\/blog.zeit.de\/nsu-prozess-blog\/2015\/04\/22\/medienlog-marcel-d-v-mann-wiessner\/","name":"L\u00fcgentest f\u00fcr Th\u00fcringer Neonazi \u2013 Das Medienlog vom Mittwoch, 22. April 2015 - Das NSU-Prozess-Blog","isPartOf":{"@id":"https:\/\/blog.zeit.de\/nsu-prozess-blog\/#website"},"datePublished":"2015-04-22T06:31:04+00:00","dateModified":"2015-04-22T07:10:42+00:00","author":{"@id":"https:\/\/blog.zeit.de\/nsu-prozess-blog\/#\/schema\/person\/553ea9bb5d1fc2ae054c589bd59380a5"},"breadcrumb":{"@id":"https:\/\/blog.zeit.de\/nsu-prozess-blog\/2015\/04\/22\/medienlog-marcel-d-v-mann-wiessner\/#breadcrumb"},"inLanguage":"de","potentialAction":[{"@type":"ReadAction","target":["https:\/\/blog.zeit.de\/nsu-prozess-blog\/2015\/04\/22\/medienlog-marcel-d-v-mann-wiessner\/"]}]},{"@type":"BreadcrumbList","@id":"https:\/\/blog.zeit.de\/nsu-prozess-blog\/2015\/04\/22\/medienlog-marcel-d-v-mann-wiessner\/#breadcrumb","itemListElement":[{"@type":"ListItem","position":1,"name":"Startseite","item":"https:\/\/blog.zeit.de\/nsu-prozess-blog\/"},{"@type":"ListItem","position":2,"name":"L\u00fcgentest f\u00fcr Th\u00fcringer Neonazi \u2013 Das Medienlog vom Mittwoch, 22. April 2015"}]},{"@type":"WebSite","@id":"https:\/\/blog.zeit.de\/nsu-prozess-blog\/#website","url":"https:\/\/blog.zeit.de\/nsu-prozess-blog\/","name":"Das NSU-Prozess-Blog","description":"Alle Berichte zum Terrorverfahren in M\u00fcnchen","potentialAction":[{"@type":"SearchAction","target":{"@type":"EntryPoint","urlTemplate":"https:\/\/blog.zeit.de\/nsu-prozess-blog\/?s={search_term_string}"},"query-input":"required name=search_term_string"}],"inLanguage":"de"},{"@type":"Person","@id":"https:\/\/blog.zeit.de\/nsu-prozess-blog\/#\/schema\/person\/553ea9bb5d1fc2ae054c589bd59380a5","name":"Tom Sundermann","image":{"@type":"ImageObject","inLanguage":"de","@id":"https:\/\/blog.zeit.de\/nsu-prozess-blog\/#\/schema\/person\/image\/","url":"https:\/\/secure.gravatar.com\/avatar\/e108a3dc18766f719b2f797dc5d19093f06a1870c55b553ab6b7563f1f9a5e68?s=96&d=mm&r=g","contentUrl":"https:\/\/secure.gravatar.com\/avatar\/e108a3dc18766f719b2f797dc5d19093f06a1870c55b553ab6b7563f1f9a5e68?s=96&d=mm&r=g","caption":"Tom Sundermann"},"sameAs":["https:\/\/twitter.com\/messeticker"],"url":"https:\/\/blog.zeit.de\/nsu-prozess-blog\/author\/tsundermann\/"}]}},"jetpack_featured_media_url":"","jetpack_sharing_enabled":true,"_links":{"self":[{"href":"https:\/\/blog.zeit.de\/nsu-prozess-blog\/wp-json\/wp\/v2\/posts\/9010","targetHints":{"allow":["GET"]}}],"collection":[{"href":"https:\/\/blog.zeit.de\/nsu-prozess-blog\/wp-json\/wp\/v2\/posts"}],"about":[{"href":"https:\/\/blog.zeit.de\/nsu-prozess-blog\/wp-json\/wp\/v2\/types\/post"}],"author":[{"embeddable":true,"href":"https:\/\/blog.zeit.de\/nsu-prozess-blog\/wp-json\/wp\/v2\/users\/435"}],"replies":[{"embeddable":true,"href":"https:\/\/blog.zeit.de\/nsu-prozess-blog\/wp-json\/wp\/v2\/comments?post=9010"}],"version-history":[{"count":3,"href":"https:\/\/blog.zeit.de\/nsu-prozess-blog\/wp-json\/wp\/v2\/posts\/9010\/revisions"}],"predecessor-version":[{"id":9013,"href":"https:\/\/blog.zeit.de\/nsu-prozess-blog\/wp-json\/wp\/v2\/posts\/9010\/revisions\/9013"}],"wp:attachment":[{"href":"https:\/\/blog.zeit.de\/nsu-prozess-blog\/wp-json\/wp\/v2\/media?parent=9010"}],"wp:term":[{"taxonomy":"category","embeddable":true,"href":"https:\/\/blog.zeit.de\/nsu-prozess-blog\/wp-json\/wp\/v2\/categories?post=9010"},{"taxonomy":"post_tag","embeddable":true,"href":"https:\/\/blog.zeit.de\/nsu-prozess-blog\/wp-json\/wp\/v2\/tags?post=9010"}],"curies":[{"name":"wp","href":"https:\/\/api.w.org\/{rel}","templated":true}]}}