{"id":9026,"date":"2015-04-23T17:21:24","date_gmt":"2015-04-23T15:21:24","guid":{"rendered":"http:\/\/blog.zeit.de\/nsu-prozess-blog\/?p=9026"},"modified":"2015-04-24T07:56:07","modified_gmt":"2015-04-24T05:56:07","slug":"politisches-geschwafel-von-mundlos","status":"publish","type":"post","link":"https:\/\/blog.zeit.de\/nsu-prozess-blog\/2015\/04\/23\/politisches-geschwafel-von-mundlos\/","title":{"rendered":"&#8222;Politisches Geschwafel&#8220; von Mundlos"},"content":{"rendered":"<p><strong>Uwe Mundlos war offenbar ein Vordenker der rechten Szene \u2013 und politisch gefestigt. Doch eine Frau, die das h\u00e4tte bezeugen k\u00f6nnen, gibt sich im NSU-Prozess schmallippig.<\/strong><\/p>\n<p>Katrin D. sieht aus, als w\u00e4re sie in der Zeit steckengeblieben, \u00fcber die sie heute aussagen soll: blonde Vokuhila-Frisur, rosa Sonnenbrille im Haar, schwarze Lederjacke. So lief man rum in den neunziger Jahren \u2013 auch, wenn der Stil in D.s Umfeld weniger bunt gewesen sein d\u00fcrfte. Springerstiefel und Bomberjacken sah man im Chemnitz der Neunziger wohl eher. Und die Zeugin steckte mittendrin in der Skinhead-Szene.<\/p>\n<p>Im M\u00fcnchner NSU-Prozess bricht der 200. Verhandlungstag an. Die Hauptangeklagte Beate Zsch\u00e4pe muss sich erneut einer Wand aus Fotografen und Kameraleuten stellen. Ihr Schweigen gilt als Grund daf\u00fcr, dass der Staatsschutzsenat noch immer vor dem Oberlandesgericht zusammentreten muss. An ihrer Stelle sagen Zeugen aus der Zeit aus, da sie und ihre Freunde Uwe Mundlos und Uwe B\u00f6hnhardt sich zu einem Dreiertr\u00fcppchen zusammenschwei\u00dften, das sp\u00e4ter zehn Morde und zwei Sprengstoffanschl\u00e4ge begangen haben soll. Es ist eine Wahrheitsfindung, wie sie kleinteiliger nicht sein k\u00f6nnte.<br \/>\n<!--more--><\/p>\n<p>Die 46-j\u00e4hrige D. ist eine von Dutzenden Zeugen, die auf Antrag der Verteidiger des Mitangeklagten Ralf Wohlleben geladen wurden. Wohlleben soll laut Anklage die Beschaffung einer Pistole f\u00fcr den NSU organisiert haben. Eigentlich sollten diese alten Kameraden den Angeklagten entlasten und best\u00e4tigen, dass damals st\u00e4ndig Waffen in Neonazi-Kreisen kursierten. Doch die erhofften Aussagen blieben aus.<\/p>\n<p>Stattdessen zeichnen die Zeugen ein immer detaillierteres Bild der Szene, in der sich Zsch\u00e4pe, Mundlos und B\u00f6hnhardt von jungen Leuten mit fremdenfeindlichen Ideen zu gewaltbereiten Rechtsextremen wandelten. Viel funktionierte, wie heute noch, \u00fcber Konzerte rechter Bands \u2013 Sammelpunkte, an denen stumpf denkende Skinheads mit politischen Vordenkern zusammentreffen. Ein solcher Vordenker war nach Zeugenaussagen auch Mundlos. Katrin D. will davon allerdings nicht viel mitbekommen haben.<\/p>\n<p>Mehrmals traf sie Mundlos und Zsch\u00e4pe Mitte der neunziger Jahre auf Konzerten, bevor die gemeinsam mit B\u00f6hnhardt nach einer Razzia in Zsch\u00e4pes Garage in den Untergrund fl\u00fcchteten. Dazu geh\u00f6rte auch ein Konzertbesuch in Chemnitz. Das Paar reiste aus Jena an und \u00fcbernachtete in ihrer Wohnung.<\/p>\n<p>F\u00fcr D. keine gro\u00dfe Sache. Doch ist sie wie viele Mitglieder rechter Kreise eine Zeugin, die nicht nur wenig, sondern auff\u00e4llig wenig sagt. Ist es plausibel, dass sie Zsch\u00e4pe nach nur einigen wenigen Begegnungen &#8222;Beatchen&#8220; nannte, wie sie bereits bei der Polizei ausgesagt hatte? Und wie ist zu erkl\u00e4ren, dass ihr Name samt Adresse und Telefonnummer auf einer Kontaktliste stand, die in der Garage gefunden wurde? Notiert war dazu ihr Spitzname &#8222;Mappe&#8220;.<\/p>\n<p>Erkenntnisse der Ermittler st\u00fctzen die Vermutung, dass D. mehr wei\u00df, als sie von sich gibt. &#8222;Ich w\u00fcrde niemanden verraten, nicht meine Freunde und sonst jemanden&#8220;, sagt die Zeugin. Ob Mundlos und Zsch\u00e4pe nicht doch zu ihren Freunden z\u00e4hlten, ist zumindest fraglich. &#8222;Die waren nett und zuvorkommend. Anderen ging es nur ums Trinken und Rumgr\u00f6len, so waren sie halt nicht.&#8220;<\/p>\n<p>D.s Lebenspartner war damals Rocco E., wie sie unterwegs auf rechten Konzerten und bei Springerstiefeltr\u00e4gern in bester Gesellschaft. E. allerdings hatte offenkundig deutlich bessere Erinnerungen an die Treffen mit den sp\u00e4teren Terroristen. So konnte er eine Einsch\u00e4tzung von Uwe Mundlos&#8216; politischer Einstellung abgeben, als er 2012 vom Bundeskriminalamt befragt wurde \u2013 obwohl er ihn genauso oft getroffen hatte wie seine damalige Freundin.<\/p>\n<p>Der Bekannte aus Jena &#8222;hat damals politisches Geschwafel von sich gegeben&#8220;, erinnerte er sich. Mundlos habe viele Sp\u00e4\u00dfe gemacht, auch Judenwitze h\u00e4tten dazugeh\u00f6rt. Schlie\u00dflich habe er aber gesagt, dass Konzerte dazu dienten, &#8222;gleichgesinnte Kameraden zu treffen, um sich politisch zu organisieren&#8220; \u2013 mit dem Ziel, &#8222;dass man gegen die Juden viel h\u00e4rter vorgehen sollte&#8220;. \u00dcberhaupt &#8222;war er auch sehr arisch&#8220;.<\/p>\n<p>E. selbst steht allerdings nicht auf der Liste der Zeugen, die im Prozess aussagen sollen \u2013 verwunderlicherweise. Wohllebens Verteidiger hatten nicht beantragt, ihn nach M\u00fcnchen zu laden, auch das Gericht gibt keine Signale, ihn anh\u00f6ren zu wollen.<\/p>\n<p>Sind Hintergr\u00fcnde und Ideologie des NSU bereits abschlie\u00dfend aufgekl\u00e4rt? Sicher nicht. Zweifelhaft ist jedoch auch, ob die Opfer des NSU und ihre Angeh\u00f6rigen die Antworten erhalten werden, die sie in diesem Prozess suchen. Die Ermittlungen vor Gericht sind in der letzten Phase. Einen 300. Verhandlungstag wird es mit Sicherheit nicht geben.<\/p>\n","protected":false},"excerpt":{"rendered":"<p>Uwe Mundlos war offenbar ein Vordenker der rechten Szene \u2013 und politisch gefestigt. Doch eine Frau, die das h\u00e4tte bezeugen k\u00f6nnen, gibt sich im NSU-Prozess schmallippig. Katrin D. sieht aus, als w\u00e4re sie in der Zeit steckengeblieben, \u00fcber die sie heute aussagen soll: blonde Vokuhila-Frisur, rosa Sonnenbrille im Haar, schwarze Lederjacke. So lief man rum [&hellip;]<\/p>\n","protected":false},"author":435,"featured_media":0,"comment_status":"open","ping_status":"open","sticky":false,"template":"","format":"standard","meta":{"_jetpack_memberships_contains_paid_content":false,"footnotes":""},"categories":[27532],"tags":[],"class_list":["post-9026","post","type-post","status-publish","format-standard","hentry","category-prozesstage"],"yoast_head":"<!-- This site is optimized with the Yoast SEO plugin v21.0 - https:\/\/yoast.com\/wordpress\/plugins\/seo\/ -->\n<title>&quot;Politisches Geschwafel&quot; von Uwe Mundlos<\/title>\n<meta name=\"description\" content=\"Uwe Mundlos war offenbar ein Vordenker der rechten Szene. Eine Frau, die das h\u00e4tte bezeugen k\u00f6nnen, gibt sich im NSU-Prozess schmallippig.\" \/>\n<meta name=\"robots\" content=\"index, follow, max-snippet:-1, max-image-preview:large, max-video-preview:-1\" \/>\n<link rel=\"canonical\" href=\"https:\/\/blog.zeit.de\/nsu-prozess-blog\/2015\/04\/23\/politisches-geschwafel-von-mundlos\/\" \/>\n<meta property=\"og:locale\" content=\"de_DE\" \/>\n<meta property=\"og:type\" content=\"article\" \/>\n<meta property=\"og:title\" content=\"&quot;Politisches Geschwafel&quot; von Uwe Mundlos\" \/>\n<meta property=\"og:description\" content=\"Uwe Mundlos war offenbar ein Vordenker der rechten Szene. Eine Frau, die das h\u00e4tte bezeugen k\u00f6nnen, gibt sich im NSU-Prozess schmallippig.\" \/>\n<meta property=\"og:url\" content=\"https:\/\/blog.zeit.de\/nsu-prozess-blog\/2015\/04\/23\/politisches-geschwafel-von-mundlos\/\" \/>\n<meta property=\"og:site_name\" content=\"Das NSU-Prozess-Blog\" \/>\n<meta property=\"article:published_time\" content=\"2015-04-23T15:21:24+00:00\" \/>\n<meta property=\"article:modified_time\" content=\"2015-04-24T05:56:07+00:00\" \/>\n<meta name=\"author\" content=\"Tom Sundermann\" \/>\n<meta name=\"twitter:label1\" content=\"Geschrieben von\" \/>\n\t<meta name=\"twitter:data1\" content=\"Tom Sundermann\" \/>\n\t<meta name=\"twitter:label2\" content=\"Gesch\u00e4tzte Lesezeit\" \/>\n\t<meta name=\"twitter:data2\" content=\"4\u00a0Minuten\" \/>\n<script type=\"application\/ld+json\" class=\"yoast-schema-graph\">{\"@context\":\"https:\/\/schema.org\",\"@graph\":[{\"@type\":\"WebPage\",\"@id\":\"https:\/\/blog.zeit.de\/nsu-prozess-blog\/2015\/04\/23\/politisches-geschwafel-von-mundlos\/\",\"url\":\"https:\/\/blog.zeit.de\/nsu-prozess-blog\/2015\/04\/23\/politisches-geschwafel-von-mundlos\/\",\"name\":\"\\\"Politisches Geschwafel\\\" von Uwe Mundlos\",\"isPartOf\":{\"@id\":\"https:\/\/blog.zeit.de\/nsu-prozess-blog\/#website\"},\"datePublished\":\"2015-04-23T15:21:24+00:00\",\"dateModified\":\"2015-04-24T05:56:07+00:00\",\"author\":{\"@id\":\"https:\/\/blog.zeit.de\/nsu-prozess-blog\/#\/schema\/person\/553ea9bb5d1fc2ae054c589bd59380a5\"},\"description\":\"Uwe Mundlos war offenbar ein Vordenker der rechten Szene. Eine Frau, die das h\u00e4tte bezeugen k\u00f6nnen, gibt sich im NSU-Prozess schmallippig.\",\"breadcrumb\":{\"@id\":\"https:\/\/blog.zeit.de\/nsu-prozess-blog\/2015\/04\/23\/politisches-geschwafel-von-mundlos\/#breadcrumb\"},\"inLanguage\":\"de\",\"potentialAction\":[{\"@type\":\"ReadAction\",\"target\":[\"https:\/\/blog.zeit.de\/nsu-prozess-blog\/2015\/04\/23\/politisches-geschwafel-von-mundlos\/\"]}]},{\"@type\":\"BreadcrumbList\",\"@id\":\"https:\/\/blog.zeit.de\/nsu-prozess-blog\/2015\/04\/23\/politisches-geschwafel-von-mundlos\/#breadcrumb\",\"itemListElement\":[{\"@type\":\"ListItem\",\"position\":1,\"name\":\"Startseite\",\"item\":\"https:\/\/blog.zeit.de\/nsu-prozess-blog\/\"},{\"@type\":\"ListItem\",\"position\":2,\"name\":\"&#8222;Politisches Geschwafel&#8220; von Mundlos\"}]},{\"@type\":\"WebSite\",\"@id\":\"https:\/\/blog.zeit.de\/nsu-prozess-blog\/#website\",\"url\":\"https:\/\/blog.zeit.de\/nsu-prozess-blog\/\",\"name\":\"Das NSU-Prozess-Blog\",\"description\":\"Alle Berichte zum Terrorverfahren in M\u00fcnchen\",\"potentialAction\":[{\"@type\":\"SearchAction\",\"target\":{\"@type\":\"EntryPoint\",\"urlTemplate\":\"https:\/\/blog.zeit.de\/nsu-prozess-blog\/?s={search_term_string}\"},\"query-input\":\"required name=search_term_string\"}],\"inLanguage\":\"de\"},{\"@type\":\"Person\",\"@id\":\"https:\/\/blog.zeit.de\/nsu-prozess-blog\/#\/schema\/person\/553ea9bb5d1fc2ae054c589bd59380a5\",\"name\":\"Tom Sundermann\",\"image\":{\"@type\":\"ImageObject\",\"inLanguage\":\"de\",\"@id\":\"https:\/\/blog.zeit.de\/nsu-prozess-blog\/#\/schema\/person\/image\/\",\"url\":\"https:\/\/secure.gravatar.com\/avatar\/e108a3dc18766f719b2f797dc5d19093f06a1870c55b553ab6b7563f1f9a5e68?s=96&d=mm&r=g\",\"contentUrl\":\"https:\/\/secure.gravatar.com\/avatar\/e108a3dc18766f719b2f797dc5d19093f06a1870c55b553ab6b7563f1f9a5e68?s=96&d=mm&r=g\",\"caption\":\"Tom Sundermann\"},\"sameAs\":[\"https:\/\/twitter.com\/messeticker\"],\"url\":\"https:\/\/blog.zeit.de\/nsu-prozess-blog\/author\/tsundermann\/\"}]}<\/script>\n<!-- \/ Yoast SEO plugin. -->","yoast_head_json":{"title":"\"Politisches Geschwafel\" von Uwe Mundlos","description":"Uwe Mundlos war offenbar ein Vordenker der rechten Szene. Eine Frau, die das h\u00e4tte bezeugen k\u00f6nnen, gibt sich im NSU-Prozess schmallippig.","robots":{"index":"index","follow":"follow","max-snippet":"max-snippet:-1","max-image-preview":"max-image-preview:large","max-video-preview":"max-video-preview:-1"},"canonical":"https:\/\/blog.zeit.de\/nsu-prozess-blog\/2015\/04\/23\/politisches-geschwafel-von-mundlos\/","og_locale":"de_DE","og_type":"article","og_title":"\"Politisches Geschwafel\" von Uwe Mundlos","og_description":"Uwe Mundlos war offenbar ein Vordenker der rechten Szene. Eine Frau, die das h\u00e4tte bezeugen k\u00f6nnen, gibt sich im NSU-Prozess schmallippig.","og_url":"https:\/\/blog.zeit.de\/nsu-prozess-blog\/2015\/04\/23\/politisches-geschwafel-von-mundlos\/","og_site_name":"Das NSU-Prozess-Blog","article_published_time":"2015-04-23T15:21:24+00:00","article_modified_time":"2015-04-24T05:56:07+00:00","author":"Tom Sundermann","twitter_misc":{"Geschrieben von":"Tom Sundermann","Gesch\u00e4tzte Lesezeit":"4\u00a0Minuten"},"schema":{"@context":"https:\/\/schema.org","@graph":[{"@type":"WebPage","@id":"https:\/\/blog.zeit.de\/nsu-prozess-blog\/2015\/04\/23\/politisches-geschwafel-von-mundlos\/","url":"https:\/\/blog.zeit.de\/nsu-prozess-blog\/2015\/04\/23\/politisches-geschwafel-von-mundlos\/","name":"\"Politisches Geschwafel\" von Uwe Mundlos","isPartOf":{"@id":"https:\/\/blog.zeit.de\/nsu-prozess-blog\/#website"},"datePublished":"2015-04-23T15:21:24+00:00","dateModified":"2015-04-24T05:56:07+00:00","author":{"@id":"https:\/\/blog.zeit.de\/nsu-prozess-blog\/#\/schema\/person\/553ea9bb5d1fc2ae054c589bd59380a5"},"description":"Uwe Mundlos war offenbar ein Vordenker der rechten Szene. Eine Frau, die das h\u00e4tte bezeugen k\u00f6nnen, gibt sich im NSU-Prozess schmallippig.","breadcrumb":{"@id":"https:\/\/blog.zeit.de\/nsu-prozess-blog\/2015\/04\/23\/politisches-geschwafel-von-mundlos\/#breadcrumb"},"inLanguage":"de","potentialAction":[{"@type":"ReadAction","target":["https:\/\/blog.zeit.de\/nsu-prozess-blog\/2015\/04\/23\/politisches-geschwafel-von-mundlos\/"]}]},{"@type":"BreadcrumbList","@id":"https:\/\/blog.zeit.de\/nsu-prozess-blog\/2015\/04\/23\/politisches-geschwafel-von-mundlos\/#breadcrumb","itemListElement":[{"@type":"ListItem","position":1,"name":"Startseite","item":"https:\/\/blog.zeit.de\/nsu-prozess-blog\/"},{"@type":"ListItem","position":2,"name":"&#8222;Politisches Geschwafel&#8220; von Mundlos"}]},{"@type":"WebSite","@id":"https:\/\/blog.zeit.de\/nsu-prozess-blog\/#website","url":"https:\/\/blog.zeit.de\/nsu-prozess-blog\/","name":"Das NSU-Prozess-Blog","description":"Alle Berichte zum Terrorverfahren in M\u00fcnchen","potentialAction":[{"@type":"SearchAction","target":{"@type":"EntryPoint","urlTemplate":"https:\/\/blog.zeit.de\/nsu-prozess-blog\/?s={search_term_string}"},"query-input":"required name=search_term_string"}],"inLanguage":"de"},{"@type":"Person","@id":"https:\/\/blog.zeit.de\/nsu-prozess-blog\/#\/schema\/person\/553ea9bb5d1fc2ae054c589bd59380a5","name":"Tom Sundermann","image":{"@type":"ImageObject","inLanguage":"de","@id":"https:\/\/blog.zeit.de\/nsu-prozess-blog\/#\/schema\/person\/image\/","url":"https:\/\/secure.gravatar.com\/avatar\/e108a3dc18766f719b2f797dc5d19093f06a1870c55b553ab6b7563f1f9a5e68?s=96&d=mm&r=g","contentUrl":"https:\/\/secure.gravatar.com\/avatar\/e108a3dc18766f719b2f797dc5d19093f06a1870c55b553ab6b7563f1f9a5e68?s=96&d=mm&r=g","caption":"Tom Sundermann"},"sameAs":["https:\/\/twitter.com\/messeticker"],"url":"https:\/\/blog.zeit.de\/nsu-prozess-blog\/author\/tsundermann\/"}]}},"jetpack_featured_media_url":"","jetpack_sharing_enabled":true,"_links":{"self":[{"href":"https:\/\/blog.zeit.de\/nsu-prozess-blog\/wp-json\/wp\/v2\/posts\/9026","targetHints":{"allow":["GET"]}}],"collection":[{"href":"https:\/\/blog.zeit.de\/nsu-prozess-blog\/wp-json\/wp\/v2\/posts"}],"about":[{"href":"https:\/\/blog.zeit.de\/nsu-prozess-blog\/wp-json\/wp\/v2\/types\/post"}],"author":[{"embeddable":true,"href":"https:\/\/blog.zeit.de\/nsu-prozess-blog\/wp-json\/wp\/v2\/users\/435"}],"replies":[{"embeddable":true,"href":"https:\/\/blog.zeit.de\/nsu-prozess-blog\/wp-json\/wp\/v2\/comments?post=9026"}],"version-history":[{"count":5,"href":"https:\/\/blog.zeit.de\/nsu-prozess-blog\/wp-json\/wp\/v2\/posts\/9026\/revisions"}],"predecessor-version":[{"id":9031,"href":"https:\/\/blog.zeit.de\/nsu-prozess-blog\/wp-json\/wp\/v2\/posts\/9026\/revisions\/9031"}],"wp:attachment":[{"href":"https:\/\/blog.zeit.de\/nsu-prozess-blog\/wp-json\/wp\/v2\/media?parent=9026"}],"wp:term":[{"taxonomy":"category","embeddable":true,"href":"https:\/\/blog.zeit.de\/nsu-prozess-blog\/wp-json\/wp\/v2\/categories?post=9026"},{"taxonomy":"post_tag","embeddable":true,"href":"https:\/\/blog.zeit.de\/nsu-prozess-blog\/wp-json\/wp\/v2\/tags?post=9026"}],"curies":[{"name":"wp","href":"https:\/\/api.w.org\/{rel}","templated":true}]}}