{"id":9032,"date":"2015-04-24T08:37:28","date_gmt":"2015-04-24T06:37:28","guid":{"rendered":"http:\/\/blog.zeit.de\/nsu-prozess-blog\/?p=9032"},"modified":"2015-04-24T09:14:38","modified_gmt":"2015-04-24T07:14:38","slug":"medienlog-200-tage-nsu-prozess","status":"publish","type":"post","link":"https:\/\/blog.zeit.de\/nsu-prozess-blog\/2015\/04\/24\/medienlog-200-tage-nsu-prozess\/","title":{"rendered":"200 Tage NSU-Prozess: Viele Fragen werden offen bleiben \u2013 Das Medienlog vom Freitag, 24. April 2015"},"content":{"rendered":"<p>Wegmarke im Terrorprozess: Seit mittlerweile 200 Tagen wird der NSU-Komplex vor dem Oberlandesgericht M\u00fcnchen verhandelt. F\u00fcr viele Prozessbeobachter ist das ein Anlass, Fazit zu ziehen \u2013 zumal der Tag selber nur wenige neue Erkenntnisse brachte. &#8222;Kein Anklagepunkt (&#8230;) ist bislang nachhaltig ersch\u00fcttert worden&#8220;, bilanziert etwa Karin Truscheit von der <a href=\"http:\/\/www.faz.net\/aktuell\/politik\/nsu-prozess\/der-nsu-prozess-dauert-schon-200-verhandlungstage-13555446.html\" target=\"_blank\"><em>FAZ<\/em><\/a>. Derzeit verl\u00e4ngere sich das Verfahren immer weiter durch die Vernehmungen von Zeugen aus Neonazi-Kreisen \u2013 weswegen es bis zum Urteil noch dauern werde: &#8222;Aus Angst vor oder aus Loyalit\u00e4t gegen\u00fcber der rechten Szene wird geschwiegen, gelogen, heruntergespielt&#8220;, schreibt die Autorin.<\/p>\n<p><!--more--><\/p>\n<p><em>An jedem Werktag sichten wir f\u00fcr das NSU-Prozess-Blog die Medien und stellen wichtige Berichte, Blogs, Videos und Tweets zusammen. Wir freuen uns \u00fcber Hinweise via Twitter mit dem Hashtag #nsublog \u2013 oder per E-Mail an <a href=\"mailto:nsublog@zeit.de\">nsublog@zeit.de<\/a>.<\/em><\/p>\n<p>Ein \u00e4hnlich pessimistisches Fazit zogen mehrere Anw\u00e4lte der Nebenklage: Sie warfen der Bundesanwaltschaft in einer Mitteilung vor, Akten und Erkenntnisse zur\u00fcckzuhalten, zudem forderten sie Konsequenzen f\u00fcr die Fehler des <a href=\"https:\/\/blog.zeit.de\/nsu-prozess-blog\/2015\/04\/23\/medienlog-nsu-piatto-meyer-plath\/\">Verfassungsschutzes<\/a>. &#8222;Mit einem nach ihren Kriterien angemessenen Urteil rechnen die Anw\u00e4lte anscheinend nicht mehr&#8220;, schlie\u00dft daraus Marcel F\u00fcrstenau von der <a href=\"http:\/\/www.dw.de\/opfer-anw%C3%A4lte-verlieren-die-geduld\/a-18403196\" target=\"_blank\">Deutschen Welle<\/a>.<\/p>\n<p>&#8222;Bezeichnend ist allerdings, dass sich gleich mehrere engagierte Opferanw\u00e4lte der Erkl\u00e4rung ihrer Kollegen ausdr\u00fccklich nicht anschlie\u00dfen wollten&#8220;, merkt Tim A\u00dfmann vom <a href=\"http:\/\/www.br.de\/nachrichten\/nsu-prozess\/150423-tagebuch-gerichtsreporter-100.html\" target=\"_blank\">Bayerischen Rundfunk<\/a> an. Es gebe viele Wissensl\u00fccken zum NSU-Komplex, die der Prozess nicht schlie\u00dfen k\u00f6nne. &#8222;Wenn im Saal A 101 irgendwann ein Urteil gesprochen wird, werden viele Fragen ungekl\u00e4rt geblieben sein.&#8220;<\/p>\n<p>Die L\u00e4nge des Prozesses, der bislang 30 Millionen Euro gekostet hat, ist immer wieder Thema in Kommentaren zum Verfahren. &#8222;Es ist eine sehr genaue, detaillierte Aufarbeitung. Daf\u00fcr sind 200 Tage nicht lang&#8220;, sagt die Gerichtsreporterin der <em>S\u00fcddeutschen Zeitung<\/em>, Annette Ramelsberger, in einem <a href=\"http:\/\/www.sueddeutsche.de\/politik\/verfahren-gegen-beate-zschaepe-tag-im-nsu-prozess-1.2449540\" target=\"_blank\">Video zum Prozesstag<\/a>. \u00dcber die knapp zwei Jahre im Gerichtssaal spricht sie auch mit dem Radiosender <a href=\"http:\/\/detektor.fm\/politik\/200-tage-nsu-prozess-zwischenbilanz\" target=\"_blank\">Detektor.fm<\/a>.<\/p>\n<p>Von drei vorgesehen Zeugen erschien am Donnerstag nur einer: Katrin D., die Uwe Mundlos und Beate Zsch\u00e4pe Mitte der neunziger Jahre kennenlernte. Der Neonazi <a href=\"https:\/\/blog.zeit.de\/nsu-prozess-blog\/2015\/02\/11\/die-luegen-des-neonazis\/\">Bernd T.<\/a> entschuldigte sich, weil er krank sei und nichts zur Aufkl\u00e4rung beitragen k\u00f6nne, ein Schweizer Zeuge hatte die Ladung nicht erhalten. Mithilfe von Zeugen wie D., stellen wir auf <a href=\"https:\/\/blog.zeit.de\/nsu-prozess-blog\/2015\/04\/23\/politisches-geschwafel-von-mundlos\/\" target=\"_blank\">ZEIT ONLINE<\/a> fest, werden nur noch Facetten ausgeleuchtet. Das f\u00fchrt zu der Erkenntnis: &#8222;Die Ermittlungen vor Gericht sind in der letzten Phase.&#8220; Allerdings ist es dem Prozess nicht gelungen, die Hintergr\u00fcnde des NSU umfassend aufzukl\u00e4ren. Dazu wird es wohl auch nicht kommen: &#8222;Einen 300. Verhandlungstag wird es mit Sicherheit nicht geben.&#8220;<\/p>\n<p>Der Auftritt von Zeugin D. war nach Ansicht von <a href=\"http:\/\/www.tagesspiegel.de\/politik\/200-verhandlungstag-im-nsu-prozess-eine-unwillige-zeugin-und-genervte-anwaelte\/11678382.html\" target=\"_blank\"><em>Tagesspiegel<\/em><\/a>-Autor Frank Jansen &#8222;symptomatisch f\u00fcr die Geladenen aus der rechten Szene&#8220;: Die 46-J\u00e4hrige habe unergiebige Aussagen gemacht, sei gleichwohl dreist aufgetreten. Im Zuge mehrerer Vorhalte aus den Ermittlungsakten zeichnete sich dabei ein eindeutiges Profil von Uwe Mundlos vor dem Untertauchen 1998 ab. Sie h\u00e4tten gezeigt, dass er &#8222;in anderen Sph\u00e4ren unterwegs war als viele seiner Gesinnungsgenossen&#8220;, schreibt Bj\u00f6rn Hengst auf <a href=\"http:\/\/www.spiegel.de\/panorama\/justiz\/nsu-prozess-freundliche-gaeste-fuer-eine-nacht-a-1030289.html\" target=\"_blank\"><em>Spiegel Online<\/em><\/a>. Er hatte sich damals eine vor allem antisemitisch gepr\u00e4gte Ideologie zugelegt.<\/p>\n<p>Aussagen von Szenezeugen h\u00e4tten gezeigt, &#8222;dass es sich beim NSU um ein Netzwerk militanter Neonazis handelt, die bis heute zusammenhalten, wenn es darum geht, ihre Kamerad\/innen zu sch\u00fctzen&#8220;, hei\u00dft es in einem Statement der Organisation <a href=\"http:\/\/www.nsu-watch.info\/2015\/04\/die-these-vom-nsu-als-isolierter-zelle-mit-nur-einem-kleinem-umfeld-an-unterstuetzerinnen-ist-so-nicht-haltbar\/\" target=\"_blank\">NSU Watch<\/a>, die den Prozess begleitet. Die These aus der Anklage, nach der die Terrorgruppe in Form eines Trios handelte, sei nicht haltbar.<\/p>\n<p>200 Tage zum Nachlesen: Der <em>Tagesspiegel<\/em> l\u00e4sst <a href=\"http:\/\/www.tagesspiegel.de\/politik\/200-verhandlungstage-die-chronik-des-nsu-prozesses\/11666290.html\" target=\"_blank\">in einer Chronik<\/a> jeden einzelnen Prozesstag knapp Revue passieren.<\/p>\n<p><em>Das n\u00e4chste Medienlog erscheint am Montag, 27. April 2015.<\/em><\/p>\n","protected":false},"excerpt":{"rendered":"<p>Wegmarke im Terrorprozess: Seit mittlerweile 200 Tagen wird der NSU-Komplex vor dem Oberlandesgericht M\u00fcnchen verhandelt. F\u00fcr viele Prozessbeobachter ist das ein Anlass, Fazit zu ziehen \u2013 zumal der Tag selber nur wenige neue Erkenntnisse brachte. &#8222;Kein Anklagepunkt (&#8230;) ist bislang nachhaltig ersch\u00fcttert worden&#8220;, bilanziert etwa Karin Truscheit von der FAZ. Derzeit verl\u00e4ngere sich das Verfahren [&hellip;]<\/p>\n","protected":false},"author":435,"featured_media":0,"comment_status":"open","ping_status":"open","sticky":false,"template":"","format":"standard","meta":{"_jetpack_memberships_contains_paid_content":false,"footnotes":""},"categories":[27531],"tags":[1479,33574,29495,33597,29426,29425,29510,1449,22859],"class_list":["post-9032","post","type-post","status-publish","format-standard","hentry","category-medienschau","tag-antisemitismus","tag-bernd-t","tag-bundesanwaltschaft","tag-fazit","tag-nebenklage","tag-prozesskosten","tag-szene","tag-unterstutzer","tag-uwe-mundlos"],"yoast_head":"<!-- This site is optimized with the Yoast SEO plugin v21.0 - https:\/\/yoast.com\/wordpress\/plugins\/seo\/ -->\n<title>200 Tage NSU-Prozess: Viele Fragen werden offen bleiben \u2013 Das Medienlog vom Freitag, 24. April 2015 - Das NSU-Prozess-Blog<\/title>\n<meta name=\"robots\" content=\"index, follow, max-snippet:-1, max-image-preview:large, max-video-preview:-1\" \/>\n<link rel=\"canonical\" href=\"https:\/\/blog.zeit.de\/nsu-prozess-blog\/2015\/04\/24\/medienlog-200-tage-nsu-prozess\/\" \/>\n<meta property=\"og:locale\" content=\"de_DE\" \/>\n<meta property=\"og:type\" content=\"article\" \/>\n<meta property=\"og:title\" content=\"200 Tage NSU-Prozess: Viele Fragen werden offen bleiben \u2013 Das Medienlog vom Freitag, 24. April 2015 - Das NSU-Prozess-Blog\" \/>\n<meta property=\"og:description\" content=\"Wegmarke im Terrorprozess: Seit mittlerweile 200 Tagen wird der NSU-Komplex vor dem Oberlandesgericht M\u00fcnchen verhandelt. F\u00fcr viele Prozessbeobachter ist das ein Anlass, Fazit zu ziehen \u2013 zumal der Tag selber nur wenige neue Erkenntnisse brachte. &#8222;Kein Anklagepunkt (&#8230;) ist bislang nachhaltig ersch\u00fcttert worden&#8220;, bilanziert etwa Karin Truscheit von der FAZ. Derzeit verl\u00e4ngere sich das Verfahren [&hellip;]\" \/>\n<meta property=\"og:url\" content=\"https:\/\/blog.zeit.de\/nsu-prozess-blog\/2015\/04\/24\/medienlog-200-tage-nsu-prozess\/\" \/>\n<meta property=\"og:site_name\" content=\"Das NSU-Prozess-Blog\" \/>\n<meta property=\"article:published_time\" content=\"2015-04-24T06:37:28+00:00\" \/>\n<meta property=\"article:modified_time\" content=\"2015-04-24T07:14:38+00:00\" \/>\n<meta name=\"author\" content=\"Tom Sundermann\" \/>\n<meta name=\"twitter:label1\" content=\"Geschrieben von\" \/>\n\t<meta name=\"twitter:data1\" content=\"Tom Sundermann\" \/>\n\t<meta name=\"twitter:label2\" content=\"Gesch\u00e4tzte Lesezeit\" \/>\n\t<meta name=\"twitter:data2\" content=\"3\u00a0Minuten\" \/>\n<script type=\"application\/ld+json\" class=\"yoast-schema-graph\">{\"@context\":\"https:\/\/schema.org\",\"@graph\":[{\"@type\":\"WebPage\",\"@id\":\"https:\/\/blog.zeit.de\/nsu-prozess-blog\/2015\/04\/24\/medienlog-200-tage-nsu-prozess\/\",\"url\":\"https:\/\/blog.zeit.de\/nsu-prozess-blog\/2015\/04\/24\/medienlog-200-tage-nsu-prozess\/\",\"name\":\"200 Tage NSU-Prozess: Viele Fragen werden offen bleiben \u2013 Das Medienlog vom Freitag, 24. April 2015 - Das NSU-Prozess-Blog\",\"isPartOf\":{\"@id\":\"https:\/\/blog.zeit.de\/nsu-prozess-blog\/#website\"},\"datePublished\":\"2015-04-24T06:37:28+00:00\",\"dateModified\":\"2015-04-24T07:14:38+00:00\",\"author\":{\"@id\":\"https:\/\/blog.zeit.de\/nsu-prozess-blog\/#\/schema\/person\/553ea9bb5d1fc2ae054c589bd59380a5\"},\"breadcrumb\":{\"@id\":\"https:\/\/blog.zeit.de\/nsu-prozess-blog\/2015\/04\/24\/medienlog-200-tage-nsu-prozess\/#breadcrumb\"},\"inLanguage\":\"de\",\"potentialAction\":[{\"@type\":\"ReadAction\",\"target\":[\"https:\/\/blog.zeit.de\/nsu-prozess-blog\/2015\/04\/24\/medienlog-200-tage-nsu-prozess\/\"]}]},{\"@type\":\"BreadcrumbList\",\"@id\":\"https:\/\/blog.zeit.de\/nsu-prozess-blog\/2015\/04\/24\/medienlog-200-tage-nsu-prozess\/#breadcrumb\",\"itemListElement\":[{\"@type\":\"ListItem\",\"position\":1,\"name\":\"Startseite\",\"item\":\"https:\/\/blog.zeit.de\/nsu-prozess-blog\/\"},{\"@type\":\"ListItem\",\"position\":2,\"name\":\"200 Tage NSU-Prozess: Viele Fragen werden offen bleiben \u2013 Das Medienlog vom Freitag, 24. April 2015\"}]},{\"@type\":\"WebSite\",\"@id\":\"https:\/\/blog.zeit.de\/nsu-prozess-blog\/#website\",\"url\":\"https:\/\/blog.zeit.de\/nsu-prozess-blog\/\",\"name\":\"Das NSU-Prozess-Blog\",\"description\":\"Alle Berichte zum Terrorverfahren in M\u00fcnchen\",\"potentialAction\":[{\"@type\":\"SearchAction\",\"target\":{\"@type\":\"EntryPoint\",\"urlTemplate\":\"https:\/\/blog.zeit.de\/nsu-prozess-blog\/?s={search_term_string}\"},\"query-input\":\"required name=search_term_string\"}],\"inLanguage\":\"de\"},{\"@type\":\"Person\",\"@id\":\"https:\/\/blog.zeit.de\/nsu-prozess-blog\/#\/schema\/person\/553ea9bb5d1fc2ae054c589bd59380a5\",\"name\":\"Tom Sundermann\",\"image\":{\"@type\":\"ImageObject\",\"inLanguage\":\"de\",\"@id\":\"https:\/\/blog.zeit.de\/nsu-prozess-blog\/#\/schema\/person\/image\/\",\"url\":\"https:\/\/secure.gravatar.com\/avatar\/e108a3dc18766f719b2f797dc5d19093f06a1870c55b553ab6b7563f1f9a5e68?s=96&d=mm&r=g\",\"contentUrl\":\"https:\/\/secure.gravatar.com\/avatar\/e108a3dc18766f719b2f797dc5d19093f06a1870c55b553ab6b7563f1f9a5e68?s=96&d=mm&r=g\",\"caption\":\"Tom Sundermann\"},\"sameAs\":[\"https:\/\/twitter.com\/messeticker\"],\"url\":\"https:\/\/blog.zeit.de\/nsu-prozess-blog\/author\/tsundermann\/\"}]}<\/script>\n<!-- \/ Yoast SEO plugin. -->","yoast_head_json":{"title":"200 Tage NSU-Prozess: Viele Fragen werden offen bleiben \u2013 Das Medienlog vom Freitag, 24. April 2015 - Das NSU-Prozess-Blog","robots":{"index":"index","follow":"follow","max-snippet":"max-snippet:-1","max-image-preview":"max-image-preview:large","max-video-preview":"max-video-preview:-1"},"canonical":"https:\/\/blog.zeit.de\/nsu-prozess-blog\/2015\/04\/24\/medienlog-200-tage-nsu-prozess\/","og_locale":"de_DE","og_type":"article","og_title":"200 Tage NSU-Prozess: Viele Fragen werden offen bleiben \u2013 Das Medienlog vom Freitag, 24. April 2015 - Das NSU-Prozess-Blog","og_description":"Wegmarke im Terrorprozess: Seit mittlerweile 200 Tagen wird der NSU-Komplex vor dem Oberlandesgericht M\u00fcnchen verhandelt. F\u00fcr viele Prozessbeobachter ist das ein Anlass, Fazit zu ziehen \u2013 zumal der Tag selber nur wenige neue Erkenntnisse brachte. &#8222;Kein Anklagepunkt (&#8230;) ist bislang nachhaltig ersch\u00fcttert worden&#8220;, bilanziert etwa Karin Truscheit von der FAZ. Derzeit verl\u00e4ngere sich das Verfahren [&hellip;]","og_url":"https:\/\/blog.zeit.de\/nsu-prozess-blog\/2015\/04\/24\/medienlog-200-tage-nsu-prozess\/","og_site_name":"Das NSU-Prozess-Blog","article_published_time":"2015-04-24T06:37:28+00:00","article_modified_time":"2015-04-24T07:14:38+00:00","author":"Tom Sundermann","twitter_misc":{"Geschrieben von":"Tom Sundermann","Gesch\u00e4tzte Lesezeit":"3\u00a0Minuten"},"schema":{"@context":"https:\/\/schema.org","@graph":[{"@type":"WebPage","@id":"https:\/\/blog.zeit.de\/nsu-prozess-blog\/2015\/04\/24\/medienlog-200-tage-nsu-prozess\/","url":"https:\/\/blog.zeit.de\/nsu-prozess-blog\/2015\/04\/24\/medienlog-200-tage-nsu-prozess\/","name":"200 Tage NSU-Prozess: Viele Fragen werden offen bleiben \u2013 Das Medienlog vom Freitag, 24. April 2015 - Das NSU-Prozess-Blog","isPartOf":{"@id":"https:\/\/blog.zeit.de\/nsu-prozess-blog\/#website"},"datePublished":"2015-04-24T06:37:28+00:00","dateModified":"2015-04-24T07:14:38+00:00","author":{"@id":"https:\/\/blog.zeit.de\/nsu-prozess-blog\/#\/schema\/person\/553ea9bb5d1fc2ae054c589bd59380a5"},"breadcrumb":{"@id":"https:\/\/blog.zeit.de\/nsu-prozess-blog\/2015\/04\/24\/medienlog-200-tage-nsu-prozess\/#breadcrumb"},"inLanguage":"de","potentialAction":[{"@type":"ReadAction","target":["https:\/\/blog.zeit.de\/nsu-prozess-blog\/2015\/04\/24\/medienlog-200-tage-nsu-prozess\/"]}]},{"@type":"BreadcrumbList","@id":"https:\/\/blog.zeit.de\/nsu-prozess-blog\/2015\/04\/24\/medienlog-200-tage-nsu-prozess\/#breadcrumb","itemListElement":[{"@type":"ListItem","position":1,"name":"Startseite","item":"https:\/\/blog.zeit.de\/nsu-prozess-blog\/"},{"@type":"ListItem","position":2,"name":"200 Tage NSU-Prozess: Viele Fragen werden offen bleiben \u2013 Das Medienlog vom Freitag, 24. April 2015"}]},{"@type":"WebSite","@id":"https:\/\/blog.zeit.de\/nsu-prozess-blog\/#website","url":"https:\/\/blog.zeit.de\/nsu-prozess-blog\/","name":"Das NSU-Prozess-Blog","description":"Alle Berichte zum Terrorverfahren in M\u00fcnchen","potentialAction":[{"@type":"SearchAction","target":{"@type":"EntryPoint","urlTemplate":"https:\/\/blog.zeit.de\/nsu-prozess-blog\/?s={search_term_string}"},"query-input":"required name=search_term_string"}],"inLanguage":"de"},{"@type":"Person","@id":"https:\/\/blog.zeit.de\/nsu-prozess-blog\/#\/schema\/person\/553ea9bb5d1fc2ae054c589bd59380a5","name":"Tom Sundermann","image":{"@type":"ImageObject","inLanguage":"de","@id":"https:\/\/blog.zeit.de\/nsu-prozess-blog\/#\/schema\/person\/image\/","url":"https:\/\/secure.gravatar.com\/avatar\/e108a3dc18766f719b2f797dc5d19093f06a1870c55b553ab6b7563f1f9a5e68?s=96&d=mm&r=g","contentUrl":"https:\/\/secure.gravatar.com\/avatar\/e108a3dc18766f719b2f797dc5d19093f06a1870c55b553ab6b7563f1f9a5e68?s=96&d=mm&r=g","caption":"Tom Sundermann"},"sameAs":["https:\/\/twitter.com\/messeticker"],"url":"https:\/\/blog.zeit.de\/nsu-prozess-blog\/author\/tsundermann\/"}]}},"jetpack_featured_media_url":"","jetpack_sharing_enabled":true,"_links":{"self":[{"href":"https:\/\/blog.zeit.de\/nsu-prozess-blog\/wp-json\/wp\/v2\/posts\/9032","targetHints":{"allow":["GET"]}}],"collection":[{"href":"https:\/\/blog.zeit.de\/nsu-prozess-blog\/wp-json\/wp\/v2\/posts"}],"about":[{"href":"https:\/\/blog.zeit.de\/nsu-prozess-blog\/wp-json\/wp\/v2\/types\/post"}],"author":[{"embeddable":true,"href":"https:\/\/blog.zeit.de\/nsu-prozess-blog\/wp-json\/wp\/v2\/users\/435"}],"replies":[{"embeddable":true,"href":"https:\/\/blog.zeit.de\/nsu-prozess-blog\/wp-json\/wp\/v2\/comments?post=9032"}],"version-history":[{"count":4,"href":"https:\/\/blog.zeit.de\/nsu-prozess-blog\/wp-json\/wp\/v2\/posts\/9032\/revisions"}],"predecessor-version":[{"id":9041,"href":"https:\/\/blog.zeit.de\/nsu-prozess-blog\/wp-json\/wp\/v2\/posts\/9032\/revisions\/9041"}],"wp:attachment":[{"href":"https:\/\/blog.zeit.de\/nsu-prozess-blog\/wp-json\/wp\/v2\/media?parent=9032"}],"wp:term":[{"taxonomy":"category","embeddable":true,"href":"https:\/\/blog.zeit.de\/nsu-prozess-blog\/wp-json\/wp\/v2\/categories?post=9032"},{"taxonomy":"post_tag","embeddable":true,"href":"https:\/\/blog.zeit.de\/nsu-prozess-blog\/wp-json\/wp\/v2\/tags?post=9032"}],"curies":[{"name":"wp","href":"https:\/\/api.w.org\/{rel}","templated":true}]}}