{"id":9063,"date":"2015-04-30T09:06:24","date_gmt":"2015-04-30T07:06:24","guid":{"rendered":"http:\/\/blog.zeit.de\/nsu-prozess-blog\/?p=9063"},"modified":"2015-05-10T11:47:21","modified_gmt":"2015-05-10T09:47:21","slug":"medienlog-zschaepe-schweigen-gutachten","status":"publish","type":"post","link":"https:\/\/blog.zeit.de\/nsu-prozess-blog\/2015\/04\/30\/medienlog-zschaepe-schweigen-gutachten\/","title":{"rendered":"Alles wieder offen im Prozess? \u2013 Das Medienlog vom Donnerstag, 30. April 2015"},"content":{"rendered":"<p>Die Hauptangeklagte Beate Zsch\u00e4pe schweigt im NSU-Prozess \u2013 doch nur unter gro\u00dfen M\u00fchen, wie der Gerichtsgutachter Norbert Nedopil in Gespr\u00e4chen mit ihr <a href=\"https:\/\/blog.zeit.de\/nsu-prozess-blog\/2015\/04\/27\/medienlog-beate-zschaepe-schweigen-gutachten\/\">herausgefunden hat<\/a>. Sein Gutachten liegt nun auch mehreren Medien vor. Demnach vereinbarte Zsch\u00e4pe mit ihren Verteidigern, &#8222;unbeteiligt und gleichm\u00fctig zu erscheinen&#8220;. Nun bemerke sie jedoch, &#8222;dass die Fassade des Schweigens allm\u00e4hlich br\u00f6ckele&#8220; und sie etwa ihre Mimik schwer kontrollieren k\u00f6nne, wie Julia J\u00fcttner und Bj\u00f6rn Hengst auf <a href=\"http:\/\/www.spiegel.de\/panorama\/justiz\/nsu-prozess-beate-zschaepe-leidet-unter-strategie-der-verteidiger-a-1031251.html\" target=\"_blank\"><em>Spiegel Online<\/em><\/a> berichten. Nedopil empfiehlt dem Verteidigungsteam schlie\u00dflich gar, ihre Prozesstaktik um der psychischen Gesundheit ihrer Mandantin willen zu \u00fcberdenken.<\/p>\n<p><!--more--><\/p>\n<p><em>An jedem Werktag sichten wir f\u00fcr das NSU-Prozess-Blog die Medien und stellen wichtige Berichte, Blogs, Videos und Tweets zusammen. Wir freuen uns \u00fcber Hinweise via Twitter mit dem Hashtag #nsublog \u2013 oder per E-Mail an <a href=\"mailto:nsublog@zeit.de\">nsublog@zeit.de<\/a>.<\/em><\/p>\n<p>Besonders belastend sind f\u00fcr Zsch\u00e4pe dem Gutachten zufolge die Aussagen fr\u00fcherer Bekannter oder Momente, in denen sie Angaben nicht richtigstellen kann, wie Helene Bubrowski in der <a href=\"http:\/\/www.faz.net\/aktuell\/politik\/nsu-prozess\/beate-zschaepe-leidet-unter-schweige-strategie-im-nsu-prozess-13564515.html\" target=\"_blank\"><em>Frankfurter Allgemeinen<\/em><\/a> erg\u00e4nzt. Gerade weil sich die Angeklagte im Prozess nicht \u00e4u\u00dfert, erregt ihre Offenheit jetzt gro\u00dfe Aufmerksamkeit: Zsch\u00e4pe habe den Gutachter &#8222;so tief in ihre Seele schauen lassen wie sonst wohl noch kaum jemanden&#8220;, schreibt Annette Ramelsberger in der <a href=\"http:\/\/www.sueddeutsche.de\/politik\/nsu-prozess-einblicke-in-das-seelenleben-der-beate-zschaepe-1.2458584\" target=\"_blank\"><em>S\u00fcddeutschen Zeitung<\/em><\/a>. Es sei vorstellbar, &#8222;dass es f\u00fcr die leutselige Zsch\u00e4pe schwer ist, seit zwei Jahren wort- und regungslos im Gericht zu sitzen&#8220;.<\/p>\n<p>Sollte die Verteidigung tats\u00e4chlich beschlie\u00dfen, dass eine Aussage Zsch\u00e4pes sinnvoll sei, so k\u00f6nne sie dies nun mit medizinischen Ursachen begr\u00fcnden \u2013 w\u00e4hrend eine Einlassung aus reiner Prozesstaktik nicht glaubw\u00fcrdig w\u00e4re. Das Fazit: &#8222;Es ist nun alles wieder offen im NSU-Prozess.&#8220;<\/p>\n<p>Zu einer \u00dcberraschung kam es bei der Verhandlung am Mittwoch, als der ehemalige Neonazi Kay S. aussagte. Denn anders als die meisten Zeugen, die der rechten Szene entstammen, \u00fcbte er sich nicht im Mauern und Relativieren, sondern belastete Zsch\u00e4pe und den Mitangeklagten Ralf Wohlleben. Die Aussagte legte nahe, &#8222;Zsch\u00e4pe habe sich schon vor dem Gang in den Untergrund im Januar 1998 so weit radikalisiert, dass sie bei einer politisch motivierten Straftat mitmachte&#8220;, wie Frank Jansen im <a href=\"http:\/\/www.tagesspiegel.de\/politik\/nsu-prozess-202-tag-ex-rechter-belastet-beate-zschaepe\/11709134.html\" target=\"_blank\"><em>Tagesspiegel<\/em><\/a> analysiert. Hintergrund: S. sagte, dass Zsch\u00e4pe und Wohlleben 1996 an einer Aktion beteiligt waren, bei der Uwe B\u00f6hnhardt eine <a href=\"https:\/\/blog.zeit.de\/nsu-prozess-blog\/2014\/10\/16\/medienlog-uwe-boehnhardt-urteil-jan-w\/\">Puppe mit Judenstern<\/a> und eine Bombenattrappe an einer Autobahnbr\u00fccke anbrachte. Im Prozess gegen B\u00f6hnhardt habe er sogar gelogen.<\/p>\n<p>Was der Zeuge vor Gericht sagte, &#8222;belastet die beiden Hauptangeklagten im M\u00fcnchner NSU-Verfahren erkennbar&#8220;, kommentiert Oliver Bendixen vom <a href=\"http:\/\/www.br.de\/nachrichten\/nsu-prozess\/150429-nsu-prozess-verhandlungstag-202-100.html\" target=\"_blank\">Bayerischen Rundfunk<\/a>. F\u00fcr Anklage und Nebenkl\u00e4geanw\u00e4lte sei dies ein Hinweis, dass Zsch\u00e4pe ihre Komplizen Uwe Mundlos und Uwe B\u00f6hnhardt &#8222;bei der Begehung der weiteren, sehr viel schwereren Straftaten begleitet haben k\u00f6nnte&#8220;. Der Vorsitzende Richter Manfred G\u00f6tzl habe bei der Vernehmung detailliert nachgefragt, berichtet Tanjev Schultz in der <a href=\"http:\/\/www.sueddeutsche.de\/politik\/nsu-prozess-aussteiger-will-reinen-tisch-machen-1.2458195\" target=\"_blank\"><em>S\u00fcddeutschen Zeitung<\/em><\/a>: &#8222;Nun sitzt vor ihm ein Aussteiger, der offenbar reinen Tisch machen will.&#8220; Zulasten der Angeklagten: &#8222;F\u00fcr Wohlleben ist der Mann ein unangenehmer Zeuge&#8220;, Zsch\u00e4pes Verteidigern &#8222;d\u00fcrfte zumindest nicht der gesamte Auftritt missfallen haben&#8220;, analysiert Kai Mudrai in der <a href=\"http:\/\/www.thueringer-allgemeine.de\/web\/zgt\/suche\/detail\/-\/specific\/NSU-Prozess-Zeuge-belastet-Ralf-Wohlleben-schwer-460570374\" target=\"_blank\"><em>Th\u00fcringer Allgemeinen<\/em><\/a>.<\/p>\n<p>Der Mitangeklagte Ralf Wohlleben hat einen dritten Anwalt als Pflichtverteidiger beigeordnet bekommen, wie eine Sprecherin der Nachrichtenagentur <a href=\"http:\/\/www.trt.net.tr\/deutsch\/europa\/2015\/04\/29\/angeklagter-nsu-helfer-bekommt-dritten-pflichtverteidiger-215554\" target=\"_blank\">dpa<\/a> best\u00e4tigte. Dabei handelt es sich, <a href=\"https:\/\/blog.zeit.de\/nsu-prozess-blog\/2015\/04\/29\/medienlog-andre-e-erzgebirge-gewalt\/\">wie am Vortag berichtet<\/a>, um Wolfram Nahrat, der sich lange Zeit in der rechtsextremen Szene bet\u00e4tigte.<\/p>\n<p><em>Das n\u00e4chste Medienlog erscheint am Montag, 4. Mai 2015.<\/em><\/p>\n","protected":false},"excerpt":{"rendered":"<p>Die Hauptangeklagte Beate Zsch\u00e4pe schweigt im NSU-Prozess \u2013 doch nur unter gro\u00dfen M\u00fchen, wie der Gerichtsgutachter Norbert Nedopil in Gespr\u00e4chen mit ihr herausgefunden hat. Sein Gutachten liegt nun auch mehreren Medien vor. Demnach vereinbarte Zsch\u00e4pe mit ihren Verteidigern, &#8222;unbeteiligt und gleichm\u00fctig zu erscheinen&#8220;. Nun bemerke sie jedoch, &#8222;dass die Fassade des Schweigens allm\u00e4hlich br\u00f6ckele&#8220; und [&hellip;]<\/p>\n","protected":false},"author":435,"featured_media":0,"comment_status":"open","ping_status":"open","sticky":false,"template":"","format":"standard","meta":{"_jetpack_memberships_contains_paid_content":false,"footnotes":""},"categories":[27531],"tags":[29507,17793,26571,33568,1105,17772,22860,33601],"class_list":["post-9063","post","type-post","status-publish","format-standard","hentry","category-medienschau","tag-aussageverweigerung","tag-beate-zschape","tag-bombe","tag-falschaussage","tag-gutachten","tag-ralf-wohlleben","tag-uwe-bohnhardt","tag-wolfram-nahrat"],"yoast_head":"<!-- This site is optimized with the Yoast SEO plugin v21.0 - https:\/\/yoast.com\/wordpress\/plugins\/seo\/ -->\n<title>Alles wieder offen im Prozess? \u2013 Das Medienlog vom Donnerstag, 30. April 2015 - Das NSU-Prozess-Blog<\/title>\n<meta name=\"robots\" content=\"index, follow, max-snippet:-1, max-image-preview:large, max-video-preview:-1\" \/>\n<link rel=\"canonical\" href=\"https:\/\/blog.zeit.de\/nsu-prozess-blog\/2015\/04\/30\/medienlog-zschaepe-schweigen-gutachten\/\" \/>\n<meta property=\"og:locale\" content=\"de_DE\" \/>\n<meta property=\"og:type\" content=\"article\" \/>\n<meta property=\"og:title\" content=\"Alles wieder offen im Prozess? \u2013 Das Medienlog vom Donnerstag, 30. April 2015 - Das NSU-Prozess-Blog\" \/>\n<meta property=\"og:description\" content=\"Die Hauptangeklagte Beate Zsch\u00e4pe schweigt im NSU-Prozess \u2013 doch nur unter gro\u00dfen M\u00fchen, wie der Gerichtsgutachter Norbert Nedopil in Gespr\u00e4chen mit ihr herausgefunden hat. Sein Gutachten liegt nun auch mehreren Medien vor. Demnach vereinbarte Zsch\u00e4pe mit ihren Verteidigern, &#8222;unbeteiligt und gleichm\u00fctig zu erscheinen&#8220;. Nun bemerke sie jedoch, &#8222;dass die Fassade des Schweigens allm\u00e4hlich br\u00f6ckele&#8220; und [&hellip;]\" \/>\n<meta property=\"og:url\" content=\"https:\/\/blog.zeit.de\/nsu-prozess-blog\/2015\/04\/30\/medienlog-zschaepe-schweigen-gutachten\/\" \/>\n<meta property=\"og:site_name\" content=\"Das NSU-Prozess-Blog\" \/>\n<meta property=\"article:published_time\" content=\"2015-04-30T07:06:24+00:00\" \/>\n<meta property=\"article:modified_time\" content=\"2015-05-10T09:47:21+00:00\" \/>\n<meta name=\"author\" content=\"Tom Sundermann\" \/>\n<meta name=\"twitter:label1\" content=\"Geschrieben von\" \/>\n\t<meta name=\"twitter:data1\" content=\"Tom Sundermann\" \/>\n\t<meta name=\"twitter:label2\" content=\"Gesch\u00e4tzte Lesezeit\" \/>\n\t<meta name=\"twitter:data2\" content=\"3\u00a0Minuten\" \/>\n<script type=\"application\/ld+json\" class=\"yoast-schema-graph\">{\"@context\":\"https:\/\/schema.org\",\"@graph\":[{\"@type\":\"WebPage\",\"@id\":\"https:\/\/blog.zeit.de\/nsu-prozess-blog\/2015\/04\/30\/medienlog-zschaepe-schweigen-gutachten\/\",\"url\":\"https:\/\/blog.zeit.de\/nsu-prozess-blog\/2015\/04\/30\/medienlog-zschaepe-schweigen-gutachten\/\",\"name\":\"Alles wieder offen im Prozess? \u2013 Das Medienlog vom Donnerstag, 30. April 2015 - Das NSU-Prozess-Blog\",\"isPartOf\":{\"@id\":\"https:\/\/blog.zeit.de\/nsu-prozess-blog\/#website\"},\"datePublished\":\"2015-04-30T07:06:24+00:00\",\"dateModified\":\"2015-05-10T09:47:21+00:00\",\"author\":{\"@id\":\"https:\/\/blog.zeit.de\/nsu-prozess-blog\/#\/schema\/person\/553ea9bb5d1fc2ae054c589bd59380a5\"},\"breadcrumb\":{\"@id\":\"https:\/\/blog.zeit.de\/nsu-prozess-blog\/2015\/04\/30\/medienlog-zschaepe-schweigen-gutachten\/#breadcrumb\"},\"inLanguage\":\"de\",\"potentialAction\":[{\"@type\":\"ReadAction\",\"target\":[\"https:\/\/blog.zeit.de\/nsu-prozess-blog\/2015\/04\/30\/medienlog-zschaepe-schweigen-gutachten\/\"]}]},{\"@type\":\"BreadcrumbList\",\"@id\":\"https:\/\/blog.zeit.de\/nsu-prozess-blog\/2015\/04\/30\/medienlog-zschaepe-schweigen-gutachten\/#breadcrumb\",\"itemListElement\":[{\"@type\":\"ListItem\",\"position\":1,\"name\":\"Startseite\",\"item\":\"https:\/\/blog.zeit.de\/nsu-prozess-blog\/\"},{\"@type\":\"ListItem\",\"position\":2,\"name\":\"Alles wieder offen im Prozess? \u2013 Das Medienlog vom Donnerstag, 30. April 2015\"}]},{\"@type\":\"WebSite\",\"@id\":\"https:\/\/blog.zeit.de\/nsu-prozess-blog\/#website\",\"url\":\"https:\/\/blog.zeit.de\/nsu-prozess-blog\/\",\"name\":\"Das NSU-Prozess-Blog\",\"description\":\"Alle Berichte zum Terrorverfahren in M\u00fcnchen\",\"potentialAction\":[{\"@type\":\"SearchAction\",\"target\":{\"@type\":\"EntryPoint\",\"urlTemplate\":\"https:\/\/blog.zeit.de\/nsu-prozess-blog\/?s={search_term_string}\"},\"query-input\":\"required name=search_term_string\"}],\"inLanguage\":\"de\"},{\"@type\":\"Person\",\"@id\":\"https:\/\/blog.zeit.de\/nsu-prozess-blog\/#\/schema\/person\/553ea9bb5d1fc2ae054c589bd59380a5\",\"name\":\"Tom Sundermann\",\"image\":{\"@type\":\"ImageObject\",\"inLanguage\":\"de\",\"@id\":\"https:\/\/blog.zeit.de\/nsu-prozess-blog\/#\/schema\/person\/image\/\",\"url\":\"https:\/\/secure.gravatar.com\/avatar\/e108a3dc18766f719b2f797dc5d19093f06a1870c55b553ab6b7563f1f9a5e68?s=96&d=mm&r=g\",\"contentUrl\":\"https:\/\/secure.gravatar.com\/avatar\/e108a3dc18766f719b2f797dc5d19093f06a1870c55b553ab6b7563f1f9a5e68?s=96&d=mm&r=g\",\"caption\":\"Tom Sundermann\"},\"sameAs\":[\"https:\/\/twitter.com\/messeticker\"],\"url\":\"https:\/\/blog.zeit.de\/nsu-prozess-blog\/author\/tsundermann\/\"}]}<\/script>\n<!-- \/ Yoast SEO plugin. -->","yoast_head_json":{"title":"Alles wieder offen im Prozess? \u2013 Das Medienlog vom Donnerstag, 30. April 2015 - Das NSU-Prozess-Blog","robots":{"index":"index","follow":"follow","max-snippet":"max-snippet:-1","max-image-preview":"max-image-preview:large","max-video-preview":"max-video-preview:-1"},"canonical":"https:\/\/blog.zeit.de\/nsu-prozess-blog\/2015\/04\/30\/medienlog-zschaepe-schweigen-gutachten\/","og_locale":"de_DE","og_type":"article","og_title":"Alles wieder offen im Prozess? \u2013 Das Medienlog vom Donnerstag, 30. April 2015 - Das NSU-Prozess-Blog","og_description":"Die Hauptangeklagte Beate Zsch\u00e4pe schweigt im NSU-Prozess \u2013 doch nur unter gro\u00dfen M\u00fchen, wie der Gerichtsgutachter Norbert Nedopil in Gespr\u00e4chen mit ihr herausgefunden hat. Sein Gutachten liegt nun auch mehreren Medien vor. Demnach vereinbarte Zsch\u00e4pe mit ihren Verteidigern, &#8222;unbeteiligt und gleichm\u00fctig zu erscheinen&#8220;. Nun bemerke sie jedoch, &#8222;dass die Fassade des Schweigens allm\u00e4hlich br\u00f6ckele&#8220; und [&hellip;]","og_url":"https:\/\/blog.zeit.de\/nsu-prozess-blog\/2015\/04\/30\/medienlog-zschaepe-schweigen-gutachten\/","og_site_name":"Das NSU-Prozess-Blog","article_published_time":"2015-04-30T07:06:24+00:00","article_modified_time":"2015-05-10T09:47:21+00:00","author":"Tom Sundermann","twitter_misc":{"Geschrieben von":"Tom Sundermann","Gesch\u00e4tzte Lesezeit":"3\u00a0Minuten"},"schema":{"@context":"https:\/\/schema.org","@graph":[{"@type":"WebPage","@id":"https:\/\/blog.zeit.de\/nsu-prozess-blog\/2015\/04\/30\/medienlog-zschaepe-schweigen-gutachten\/","url":"https:\/\/blog.zeit.de\/nsu-prozess-blog\/2015\/04\/30\/medienlog-zschaepe-schweigen-gutachten\/","name":"Alles wieder offen im Prozess? \u2013 Das Medienlog vom Donnerstag, 30. April 2015 - Das NSU-Prozess-Blog","isPartOf":{"@id":"https:\/\/blog.zeit.de\/nsu-prozess-blog\/#website"},"datePublished":"2015-04-30T07:06:24+00:00","dateModified":"2015-05-10T09:47:21+00:00","author":{"@id":"https:\/\/blog.zeit.de\/nsu-prozess-blog\/#\/schema\/person\/553ea9bb5d1fc2ae054c589bd59380a5"},"breadcrumb":{"@id":"https:\/\/blog.zeit.de\/nsu-prozess-blog\/2015\/04\/30\/medienlog-zschaepe-schweigen-gutachten\/#breadcrumb"},"inLanguage":"de","potentialAction":[{"@type":"ReadAction","target":["https:\/\/blog.zeit.de\/nsu-prozess-blog\/2015\/04\/30\/medienlog-zschaepe-schweigen-gutachten\/"]}]},{"@type":"BreadcrumbList","@id":"https:\/\/blog.zeit.de\/nsu-prozess-blog\/2015\/04\/30\/medienlog-zschaepe-schweigen-gutachten\/#breadcrumb","itemListElement":[{"@type":"ListItem","position":1,"name":"Startseite","item":"https:\/\/blog.zeit.de\/nsu-prozess-blog\/"},{"@type":"ListItem","position":2,"name":"Alles wieder offen im Prozess? \u2013 Das Medienlog vom Donnerstag, 30. April 2015"}]},{"@type":"WebSite","@id":"https:\/\/blog.zeit.de\/nsu-prozess-blog\/#website","url":"https:\/\/blog.zeit.de\/nsu-prozess-blog\/","name":"Das NSU-Prozess-Blog","description":"Alle Berichte zum Terrorverfahren in M\u00fcnchen","potentialAction":[{"@type":"SearchAction","target":{"@type":"EntryPoint","urlTemplate":"https:\/\/blog.zeit.de\/nsu-prozess-blog\/?s={search_term_string}"},"query-input":"required name=search_term_string"}],"inLanguage":"de"},{"@type":"Person","@id":"https:\/\/blog.zeit.de\/nsu-prozess-blog\/#\/schema\/person\/553ea9bb5d1fc2ae054c589bd59380a5","name":"Tom Sundermann","image":{"@type":"ImageObject","inLanguage":"de","@id":"https:\/\/blog.zeit.de\/nsu-prozess-blog\/#\/schema\/person\/image\/","url":"https:\/\/secure.gravatar.com\/avatar\/e108a3dc18766f719b2f797dc5d19093f06a1870c55b553ab6b7563f1f9a5e68?s=96&d=mm&r=g","contentUrl":"https:\/\/secure.gravatar.com\/avatar\/e108a3dc18766f719b2f797dc5d19093f06a1870c55b553ab6b7563f1f9a5e68?s=96&d=mm&r=g","caption":"Tom Sundermann"},"sameAs":["https:\/\/twitter.com\/messeticker"],"url":"https:\/\/blog.zeit.de\/nsu-prozess-blog\/author\/tsundermann\/"}]}},"jetpack_featured_media_url":"","jetpack_sharing_enabled":true,"_links":{"self":[{"href":"https:\/\/blog.zeit.de\/nsu-prozess-blog\/wp-json\/wp\/v2\/posts\/9063","targetHints":{"allow":["GET"]}}],"collection":[{"href":"https:\/\/blog.zeit.de\/nsu-prozess-blog\/wp-json\/wp\/v2\/posts"}],"about":[{"href":"https:\/\/blog.zeit.de\/nsu-prozess-blog\/wp-json\/wp\/v2\/types\/post"}],"author":[{"embeddable":true,"href":"https:\/\/blog.zeit.de\/nsu-prozess-blog\/wp-json\/wp\/v2\/users\/435"}],"replies":[{"embeddable":true,"href":"https:\/\/blog.zeit.de\/nsu-prozess-blog\/wp-json\/wp\/v2\/comments?post=9063"}],"version-history":[{"count":9,"href":"https:\/\/blog.zeit.de\/nsu-prozess-blog\/wp-json\/wp\/v2\/posts\/9063\/revisions"}],"predecessor-version":[{"id":9108,"href":"https:\/\/blog.zeit.de\/nsu-prozess-blog\/wp-json\/wp\/v2\/posts\/9063\/revisions\/9108"}],"wp:attachment":[{"href":"https:\/\/blog.zeit.de\/nsu-prozess-blog\/wp-json\/wp\/v2\/media?parent=9063"}],"wp:term":[{"taxonomy":"category","embeddable":true,"href":"https:\/\/blog.zeit.de\/nsu-prozess-blog\/wp-json\/wp\/v2\/categories?post=9063"},{"taxonomy":"post_tag","embeddable":true,"href":"https:\/\/blog.zeit.de\/nsu-prozess-blog\/wp-json\/wp\/v2\/tags?post=9063"}],"curies":[{"name":"wp","href":"https:\/\/api.w.org\/{rel}","templated":true}]}}