{"id":9088,"date":"2015-05-06T08:52:41","date_gmt":"2015-05-06T06:52:41","guid":{"rendered":"http:\/\/blog.zeit.de\/nsu-prozess-blog\/?p=9088"},"modified":"2015-05-06T09:05:15","modified_gmt":"2015-05-06T07:05:15","slug":"medienlog-zschaepe-schweigen-2-jahre-nsu-prozess","status":"publish","type":"post","link":"https:\/\/blog.zeit.de\/nsu-prozess-blog\/2015\/05\/06\/medienlog-zschaepe-schweigen-2-jahre-nsu-prozess\/","title":{"rendered":"Zsch\u00e4pes qu\u00e4lendes Schweigen \u2013 Das Medienlog vom Mittwoch, 6. Mai 2015"},"content":{"rendered":"<p>Heute vor zwei Jahren hat der NSU-Prozess vor dem M\u00fcnchner Oberlandesgericht begonnen \u2013 f\u00fcr die Medien reichlich Anlass f\u00fcr Zwischenbilanzen. Mit einem <a href=\"http:\/\/web.br.de\/nsu-interviews\/\" target=\"_blank\">Web-Spezial<\/a> dokumentiert der <em>Bayerische Rundfunk<\/em> den aktuellen Stand im NSU-Prozess. In mehreren Videos kommen Prozessbeteiligte, Beobachter und Experten zu Wort. Dazu geh\u00f6ren etwa der beim <a href=\"https:\/\/blog.zeit.de\/nsu-prozess-blog\/2015\/01\/20\/jahrelang-im-verdacht\/\">K\u00f6lner Anschlag von 2004<\/a> verletzte Sandro D&#8217;Alauro, Zsch\u00e4pes Verteidiger Wolfgang Heer und der ehemalige Richter Bernd von Heintschel-Heinegg, der bis 2010 den Staatsschutzsenat am M\u00fcnchner Oberlandesgericht leitete.<\/p>\n<p>In den Interviews geht es um die \u00f6ffentliche Wahrnehmung des Verfahrens, aber auch um die Hauptangeklagte Beate Zsch\u00e4pe. Die Sitzungen gingen ihr &#8222;an die Nerven und an die k\u00f6rperliche Substanz&#8220;, sagt Anwalt Heer.<\/p>\n<p><!--more--><\/p>\n<p><em>An jedem Werktag sichten wir f\u00fcr das NSU-Prozess-Blog die Medien und stellen wichtige Berichte, Blogs, Videos und Tweets zusammen. Wir freuen uns \u00fcber Hinweise via Twitter mit dem Hashtag #nsublog \u2013 oder per E-Mail an <a href=\"mailto:nsublog@zeit.de\">nsublog@zeit.de<\/a>.<\/em><\/p>\n<p>Auch Patrick Guyton von der <a href=\"http:\/\/www.swp.de\/ulm\/nachrichten\/politik\/Beate-Zschaepe-schweigt-nach-wie-vor;art4306,3199162\" target=\"_blank\"><em>S\u00fcdwest Presse<\/em><\/a> hat Zsch\u00e4pe f\u00fcr seinen R\u00fcckblick beobachtet: &#8222;Anfangs konnte Zsch\u00e4pe sehr gut die Regungslose, Teilnahmslose geben.&#8220; Nun sei jedoch zu sehen, &#8222;dass es in ihr arbeitet, dass das selbst auferlegte Schweigen eine H\u00f6llenqual ist&#8220;. Falls die Angeklagte deswegen dauerhaft krank wird, k\u00f6nnte der Prozess platzen \u2013 dies w\u00e4re ein &#8222;Horrorszenario&#8220;.<\/p>\n<p>In einer <a href=\"http:\/\/www.swp.de\/ulm\/nachrichten\/politik\/CHRONOLOGIE-Eindrucksvolle-Zeugen;art4306,3199051\" target=\"_blank\">Chronologie<\/a> blickt die Nachrichtenagentur dpa zudem auf Zeugenaussagen zur\u00fcck, die den Prozess besonders gepr\u00e4gt haben.<\/p>\n<p><em>Das n\u00e4chste Medienlog erscheint am Donnerstag, 7. Mai 2015.<\/em><\/p>\n","protected":false},"excerpt":{"rendered":"<p>Heute vor zwei Jahren hat der NSU-Prozess vor dem M\u00fcnchner Oberlandesgericht begonnen \u2013 f\u00fcr die Medien reichlich Anlass f\u00fcr Zwischenbilanzen. Mit einem Web-Spezial dokumentiert der Bayerische Rundfunk den aktuellen Stand im NSU-Prozess. In mehreren Videos kommen Prozessbeteiligte, Beobachter und Experten zu Wort. Dazu geh\u00f6ren etwa der beim K\u00f6lner Anschlag von 2004 verletzte Sandro D&#8217;Alauro, Zsch\u00e4pes [&hellip;]<\/p>\n","protected":false},"author":435,"featured_media":0,"comment_status":"open","ping_status":"open","sticky":false,"template":"","format":"standard","meta":{"_jetpack_memberships_contains_paid_content":false,"footnotes":""},"categories":[27531],"tags":[29507,17793,27565],"class_list":["post-9088","post","type-post","status-publish","format-standard","hentry","category-medienschau","tag-aussageverweigerung","tag-beate-zschape","tag-wolfgang-heer"],"yoast_head":"<!-- This site is optimized with the Yoast SEO plugin v21.0 - https:\/\/yoast.com\/wordpress\/plugins\/seo\/ -->\n<title>Zsch\u00e4pes qu\u00e4lendes Schweigen \u2013 Das Medienlog vom Mittwoch, 6. Mai 2015 - Das NSU-Prozess-Blog<\/title>\n<meta name=\"robots\" content=\"index, follow, max-snippet:-1, max-image-preview:large, max-video-preview:-1\" \/>\n<link rel=\"canonical\" href=\"https:\/\/blog.zeit.de\/nsu-prozess-blog\/2015\/05\/06\/medienlog-zschaepe-schweigen-2-jahre-nsu-prozess\/\" \/>\n<meta property=\"og:locale\" content=\"de_DE\" \/>\n<meta property=\"og:type\" content=\"article\" \/>\n<meta property=\"og:title\" content=\"Zsch\u00e4pes qu\u00e4lendes Schweigen \u2013 Das Medienlog vom Mittwoch, 6. Mai 2015 - Das NSU-Prozess-Blog\" \/>\n<meta property=\"og:description\" content=\"Heute vor zwei Jahren hat der NSU-Prozess vor dem M\u00fcnchner Oberlandesgericht begonnen \u2013 f\u00fcr die Medien reichlich Anlass f\u00fcr Zwischenbilanzen. Mit einem Web-Spezial dokumentiert der Bayerische Rundfunk den aktuellen Stand im NSU-Prozess. In mehreren Videos kommen Prozessbeteiligte, Beobachter und Experten zu Wort. Dazu geh\u00f6ren etwa der beim K\u00f6lner Anschlag von 2004 verletzte Sandro D&#8217;Alauro, Zsch\u00e4pes [&hellip;]\" \/>\n<meta property=\"og:url\" content=\"https:\/\/blog.zeit.de\/nsu-prozess-blog\/2015\/05\/06\/medienlog-zschaepe-schweigen-2-jahre-nsu-prozess\/\" \/>\n<meta property=\"og:site_name\" content=\"Das NSU-Prozess-Blog\" \/>\n<meta property=\"article:published_time\" content=\"2015-05-06T06:52:41+00:00\" \/>\n<meta property=\"article:modified_time\" content=\"2015-05-06T07:05:15+00:00\" \/>\n<meta name=\"author\" content=\"Tom Sundermann\" \/>\n<meta name=\"twitter:label1\" content=\"Geschrieben von\" \/>\n\t<meta name=\"twitter:data1\" content=\"Tom Sundermann\" \/>\n\t<meta name=\"twitter:label2\" content=\"Gesch\u00e4tzte Lesezeit\" \/>\n\t<meta name=\"twitter:data2\" content=\"1\u00a0Minute\" \/>\n<script type=\"application\/ld+json\" class=\"yoast-schema-graph\">{\"@context\":\"https:\/\/schema.org\",\"@graph\":[{\"@type\":\"WebPage\",\"@id\":\"https:\/\/blog.zeit.de\/nsu-prozess-blog\/2015\/05\/06\/medienlog-zschaepe-schweigen-2-jahre-nsu-prozess\/\",\"url\":\"https:\/\/blog.zeit.de\/nsu-prozess-blog\/2015\/05\/06\/medienlog-zschaepe-schweigen-2-jahre-nsu-prozess\/\",\"name\":\"Zsch\u00e4pes qu\u00e4lendes Schweigen \u2013 Das Medienlog vom Mittwoch, 6. Mai 2015 - Das NSU-Prozess-Blog\",\"isPartOf\":{\"@id\":\"https:\/\/blog.zeit.de\/nsu-prozess-blog\/#website\"},\"datePublished\":\"2015-05-06T06:52:41+00:00\",\"dateModified\":\"2015-05-06T07:05:15+00:00\",\"author\":{\"@id\":\"https:\/\/blog.zeit.de\/nsu-prozess-blog\/#\/schema\/person\/553ea9bb5d1fc2ae054c589bd59380a5\"},\"breadcrumb\":{\"@id\":\"https:\/\/blog.zeit.de\/nsu-prozess-blog\/2015\/05\/06\/medienlog-zschaepe-schweigen-2-jahre-nsu-prozess\/#breadcrumb\"},\"inLanguage\":\"de\",\"potentialAction\":[{\"@type\":\"ReadAction\",\"target\":[\"https:\/\/blog.zeit.de\/nsu-prozess-blog\/2015\/05\/06\/medienlog-zschaepe-schweigen-2-jahre-nsu-prozess\/\"]}]},{\"@type\":\"BreadcrumbList\",\"@id\":\"https:\/\/blog.zeit.de\/nsu-prozess-blog\/2015\/05\/06\/medienlog-zschaepe-schweigen-2-jahre-nsu-prozess\/#breadcrumb\",\"itemListElement\":[{\"@type\":\"ListItem\",\"position\":1,\"name\":\"Startseite\",\"item\":\"https:\/\/blog.zeit.de\/nsu-prozess-blog\/\"},{\"@type\":\"ListItem\",\"position\":2,\"name\":\"Zsch\u00e4pes qu\u00e4lendes Schweigen \u2013 Das Medienlog vom Mittwoch, 6. Mai 2015\"}]},{\"@type\":\"WebSite\",\"@id\":\"https:\/\/blog.zeit.de\/nsu-prozess-blog\/#website\",\"url\":\"https:\/\/blog.zeit.de\/nsu-prozess-blog\/\",\"name\":\"Das NSU-Prozess-Blog\",\"description\":\"Alle Berichte zum Terrorverfahren in M\u00fcnchen\",\"potentialAction\":[{\"@type\":\"SearchAction\",\"target\":{\"@type\":\"EntryPoint\",\"urlTemplate\":\"https:\/\/blog.zeit.de\/nsu-prozess-blog\/?s={search_term_string}\"},\"query-input\":\"required name=search_term_string\"}],\"inLanguage\":\"de\"},{\"@type\":\"Person\",\"@id\":\"https:\/\/blog.zeit.de\/nsu-prozess-blog\/#\/schema\/person\/553ea9bb5d1fc2ae054c589bd59380a5\",\"name\":\"Tom Sundermann\",\"image\":{\"@type\":\"ImageObject\",\"inLanguage\":\"de\",\"@id\":\"https:\/\/blog.zeit.de\/nsu-prozess-blog\/#\/schema\/person\/image\/\",\"url\":\"https:\/\/secure.gravatar.com\/avatar\/e108a3dc18766f719b2f797dc5d19093f06a1870c55b553ab6b7563f1f9a5e68?s=96&d=mm&r=g\",\"contentUrl\":\"https:\/\/secure.gravatar.com\/avatar\/e108a3dc18766f719b2f797dc5d19093f06a1870c55b553ab6b7563f1f9a5e68?s=96&d=mm&r=g\",\"caption\":\"Tom Sundermann\"},\"sameAs\":[\"https:\/\/twitter.com\/messeticker\"],\"url\":\"https:\/\/blog.zeit.de\/nsu-prozess-blog\/author\/tsundermann\/\"}]}<\/script>\n<!-- \/ Yoast SEO plugin. -->","yoast_head_json":{"title":"Zsch\u00e4pes qu\u00e4lendes Schweigen \u2013 Das Medienlog vom Mittwoch, 6. Mai 2015 - Das NSU-Prozess-Blog","robots":{"index":"index","follow":"follow","max-snippet":"max-snippet:-1","max-image-preview":"max-image-preview:large","max-video-preview":"max-video-preview:-1"},"canonical":"https:\/\/blog.zeit.de\/nsu-prozess-blog\/2015\/05\/06\/medienlog-zschaepe-schweigen-2-jahre-nsu-prozess\/","og_locale":"de_DE","og_type":"article","og_title":"Zsch\u00e4pes qu\u00e4lendes Schweigen \u2013 Das Medienlog vom Mittwoch, 6. Mai 2015 - Das NSU-Prozess-Blog","og_description":"Heute vor zwei Jahren hat der NSU-Prozess vor dem M\u00fcnchner Oberlandesgericht begonnen \u2013 f\u00fcr die Medien reichlich Anlass f\u00fcr Zwischenbilanzen. Mit einem Web-Spezial dokumentiert der Bayerische Rundfunk den aktuellen Stand im NSU-Prozess. In mehreren Videos kommen Prozessbeteiligte, Beobachter und Experten zu Wort. Dazu geh\u00f6ren etwa der beim K\u00f6lner Anschlag von 2004 verletzte Sandro D&#8217;Alauro, Zsch\u00e4pes [&hellip;]","og_url":"https:\/\/blog.zeit.de\/nsu-prozess-blog\/2015\/05\/06\/medienlog-zschaepe-schweigen-2-jahre-nsu-prozess\/","og_site_name":"Das NSU-Prozess-Blog","article_published_time":"2015-05-06T06:52:41+00:00","article_modified_time":"2015-05-06T07:05:15+00:00","author":"Tom Sundermann","twitter_misc":{"Geschrieben von":"Tom Sundermann","Gesch\u00e4tzte Lesezeit":"1\u00a0Minute"},"schema":{"@context":"https:\/\/schema.org","@graph":[{"@type":"WebPage","@id":"https:\/\/blog.zeit.de\/nsu-prozess-blog\/2015\/05\/06\/medienlog-zschaepe-schweigen-2-jahre-nsu-prozess\/","url":"https:\/\/blog.zeit.de\/nsu-prozess-blog\/2015\/05\/06\/medienlog-zschaepe-schweigen-2-jahre-nsu-prozess\/","name":"Zsch\u00e4pes qu\u00e4lendes Schweigen \u2013 Das Medienlog vom Mittwoch, 6. Mai 2015 - Das NSU-Prozess-Blog","isPartOf":{"@id":"https:\/\/blog.zeit.de\/nsu-prozess-blog\/#website"},"datePublished":"2015-05-06T06:52:41+00:00","dateModified":"2015-05-06T07:05:15+00:00","author":{"@id":"https:\/\/blog.zeit.de\/nsu-prozess-blog\/#\/schema\/person\/553ea9bb5d1fc2ae054c589bd59380a5"},"breadcrumb":{"@id":"https:\/\/blog.zeit.de\/nsu-prozess-blog\/2015\/05\/06\/medienlog-zschaepe-schweigen-2-jahre-nsu-prozess\/#breadcrumb"},"inLanguage":"de","potentialAction":[{"@type":"ReadAction","target":["https:\/\/blog.zeit.de\/nsu-prozess-blog\/2015\/05\/06\/medienlog-zschaepe-schweigen-2-jahre-nsu-prozess\/"]}]},{"@type":"BreadcrumbList","@id":"https:\/\/blog.zeit.de\/nsu-prozess-blog\/2015\/05\/06\/medienlog-zschaepe-schweigen-2-jahre-nsu-prozess\/#breadcrumb","itemListElement":[{"@type":"ListItem","position":1,"name":"Startseite","item":"https:\/\/blog.zeit.de\/nsu-prozess-blog\/"},{"@type":"ListItem","position":2,"name":"Zsch\u00e4pes qu\u00e4lendes Schweigen \u2013 Das Medienlog vom Mittwoch, 6. Mai 2015"}]},{"@type":"WebSite","@id":"https:\/\/blog.zeit.de\/nsu-prozess-blog\/#website","url":"https:\/\/blog.zeit.de\/nsu-prozess-blog\/","name":"Das NSU-Prozess-Blog","description":"Alle Berichte zum Terrorverfahren in M\u00fcnchen","potentialAction":[{"@type":"SearchAction","target":{"@type":"EntryPoint","urlTemplate":"https:\/\/blog.zeit.de\/nsu-prozess-blog\/?s={search_term_string}"},"query-input":"required name=search_term_string"}],"inLanguage":"de"},{"@type":"Person","@id":"https:\/\/blog.zeit.de\/nsu-prozess-blog\/#\/schema\/person\/553ea9bb5d1fc2ae054c589bd59380a5","name":"Tom Sundermann","image":{"@type":"ImageObject","inLanguage":"de","@id":"https:\/\/blog.zeit.de\/nsu-prozess-blog\/#\/schema\/person\/image\/","url":"https:\/\/secure.gravatar.com\/avatar\/e108a3dc18766f719b2f797dc5d19093f06a1870c55b553ab6b7563f1f9a5e68?s=96&d=mm&r=g","contentUrl":"https:\/\/secure.gravatar.com\/avatar\/e108a3dc18766f719b2f797dc5d19093f06a1870c55b553ab6b7563f1f9a5e68?s=96&d=mm&r=g","caption":"Tom Sundermann"},"sameAs":["https:\/\/twitter.com\/messeticker"],"url":"https:\/\/blog.zeit.de\/nsu-prozess-blog\/author\/tsundermann\/"}]}},"jetpack_featured_media_url":"","jetpack_sharing_enabled":true,"_links":{"self":[{"href":"https:\/\/blog.zeit.de\/nsu-prozess-blog\/wp-json\/wp\/v2\/posts\/9088","targetHints":{"allow":["GET"]}}],"collection":[{"href":"https:\/\/blog.zeit.de\/nsu-prozess-blog\/wp-json\/wp\/v2\/posts"}],"about":[{"href":"https:\/\/blog.zeit.de\/nsu-prozess-blog\/wp-json\/wp\/v2\/types\/post"}],"author":[{"embeddable":true,"href":"https:\/\/blog.zeit.de\/nsu-prozess-blog\/wp-json\/wp\/v2\/users\/435"}],"replies":[{"embeddable":true,"href":"https:\/\/blog.zeit.de\/nsu-prozess-blog\/wp-json\/wp\/v2\/comments?post=9088"}],"version-history":[{"count":5,"href":"https:\/\/blog.zeit.de\/nsu-prozess-blog\/wp-json\/wp\/v2\/posts\/9088\/revisions"}],"predecessor-version":[{"id":9093,"href":"https:\/\/blog.zeit.de\/nsu-prozess-blog\/wp-json\/wp\/v2\/posts\/9088\/revisions\/9093"}],"wp:attachment":[{"href":"https:\/\/blog.zeit.de\/nsu-prozess-blog\/wp-json\/wp\/v2\/media?parent=9088"}],"wp:term":[{"taxonomy":"category","embeddable":true,"href":"https:\/\/blog.zeit.de\/nsu-prozess-blog\/wp-json\/wp\/v2\/categories?post=9088"},{"taxonomy":"post_tag","embeddable":true,"href":"https:\/\/blog.zeit.de\/nsu-prozess-blog\/wp-json\/wp\/v2\/tags?post=9088"}],"curies":[{"name":"wp","href":"https:\/\/api.w.org\/{rel}","templated":true}]}}