{"id":9094,"date":"2015-05-07T08:20:57","date_gmt":"2015-05-07T06:20:57","guid":{"rendered":"http:\/\/blog.zeit.de\/nsu-prozess-blog\/?p=9094"},"modified":"2015-05-07T11:49:09","modified_gmt":"2015-05-07T09:49:09","slug":"medienlog-jahrestag-anklage-nebenklage","status":"publish","type":"post","link":"https:\/\/blog.zeit.de\/nsu-prozess-blog\/2015\/05\/07\/medienlog-jahrestag-anklage-nebenklage\/","title":{"rendered":"Eine Anklage, die nicht ausreicht \u2013 Das Medienlog vom Donnerstag, 7. Mai 2015"},"content":{"rendered":"<p>Zum zweiten Jahrestag der Prozesser\u00f6ffnung im NSU-Verfahren \u00e4u\u00dfern sich Teilnehmer und Beobachter in den Medien. Dabei geht es etwa um den Stand der Beweisaufnahme \u2013 die Vorw\u00fcrfe gegen die Hauptangeklagte Beate Zsch\u00e4pe beruhen fast ausschlie\u00dflich auf einer Kette aus Indizien, die der Generalbundesanwalt (GBA) ermittelt hat. &#8222;Aus unserer Sicht sind alle Anklagepunkte der GBA erwiesen worden&#8220;, sagt etwa der Nebenklageanwalt Alexander Kienzle dem <a href=\"http:\/\/www.bnr.de\/artikel\/hintergrund\/mauern-im-nsu-prozess\" target=\"_blank\"><em>Blick nach rechts<\/em><\/a>.<\/p>\n<p>Den Juristen zufolge ist die Anklage, die sich neben Zsch\u00e4pe auf vier mutma\u00dfliche Helfer erstreckt, zu kurz gefasst: &#8222;Halfen nur die vier M\u00e4nner, wie die GBA annimmt? Im wirklichen Leben d\u00fcrfte dieses Netzwerk ganz anders agiert haben&#8220;, fasst Autor Andreas Speit die Meinungen zusammen.<\/p>\n<p><!--more--><\/p>\n<p><em>An jedem Werktag sichten wir f\u00fcr das NSU-Prozess-Blog die Medien und stellen wichtige Berichte, Blogs, Videos und Tweets zusammen. Wir freuen uns \u00fcber Hinweise via Twitter mit dem Hashtag #nsublog \u2013 oder per E-Mail an <a href=\"mailto:nsublog@zeit.de\">nsublog@zeit.de<\/a>.<\/em><\/p>\n<p>Anw\u00e4ltin Seda Basay-Yildiz kritisiert, dass mit den Ermittlungen nicht die erhoffte Aufkl\u00e4rung der NSU-Verbrechen geleistet worden sei. Dem <a href=\"http:\/\/www.inforadio.de\/programm\/schema\/sendungen\/int\/201505\/06\/219674.html\" target=\"_blank\"><em>Inforadio<\/em><\/a> des RBB sagt sie, &#8222;ihr Vertrauen in den Rechtsstaat sei ersch\u00fcttert&#8220;. Die Strukturen hinter der Terrorzelle w\u00fcrden wohl nie bekannt.<\/p>\n<p>&#8222;Solange die Mitt\u00e4terin dar\u00fcber schweigt, warum etwa die Opfer und bestimmte Orte f\u00fcr die Morde ausgesucht wurden, kann das nicht aufgearbeitet werden&#8220;, sagt auch die Opferbeauftragte der Bundesregierung, Barbara John, in der <a href=\"http:\/\/www.taz.de\/!159389\/\" target=\"_blank\"><em>taz<\/em><\/a>. Viele Angeh\u00f6rige der Mordopfer verst\u00fcnden nicht, dass Zsch\u00e4pe das Recht habe, sich nicht zu \u00e4u\u00dferen. Deshalb finde sie das Modell \u00fcberzeugend, das in angels\u00e4chsischen L\u00e4ndern angewendet werde: &#8222;Dort wird das Schweigen eines Angeklagten zu Taten, die sp\u00e4ter durch Zeugenaussagen oder Indizien glasklar bewiesen sind, als strafversch\u00e4rfend gewertet.&#8220;<\/p>\n<p>Wir bei <a href=\"http:\/\/www.zeit.de\/feature\/nsu-prozess-beate-zschaepe\" target=\"_blank\">ZEIT ONLINE<\/a> setzen uns differenziert mit dem anhaltenden Schweigen von Zsch\u00e4pe auseinander und greifen eine These des Psychologen und Kriminologen Martin Rettenberger auf. Demnach ist die Aussageverweigerung nicht nur Prozesstaktik: &#8222;Tats\u00e4chlich ist die Diskussion um ihre Person ihr allerletzter Triumph&#8220;, analysieren wir. Das Schweigen ist demnach Zsch\u00e4pes einzige M\u00f6glichkeit, ein St\u00fcck des Prozesses mitbestimmen zu k\u00f6nnen \u2013 f\u00fcr die Angeklagte, der ein Gerichtspsychiater Narzissmus attestiere, ein wichtiger Ausdruck ihrer Pers\u00f6nlichkeit: &#8222;Die Kultfigur Zsch\u00e4pe braucht das Schweigen.&#8220;<\/p>\n<p><em>Das n\u00e4chste Medienlog erscheint am Freitag, 8. Mai 2015.<\/em><\/p>\n","protected":false},"excerpt":{"rendered":"<p>Zum zweiten Jahrestag der Prozesser\u00f6ffnung im NSU-Verfahren \u00e4u\u00dfern sich Teilnehmer und Beobachter in den Medien. Dabei geht es etwa um den Stand der Beweisaufnahme \u2013 die Vorw\u00fcrfe gegen die Hauptangeklagte Beate Zsch\u00e4pe beruhen fast ausschlie\u00dflich auf einer Kette aus Indizien, die der Generalbundesanwalt (GBA) ermittelt hat. &#8222;Aus unserer Sicht sind alle Anklagepunkte der GBA erwiesen [&hellip;]<\/p>\n","protected":false},"author":435,"featured_media":0,"comment_status":"open","ping_status":"open","sticky":false,"template":"","format":"standard","meta":{"_jetpack_memberships_contains_paid_content":false,"footnotes":""},"categories":[27531],"tags":[27592,17793,29495,29426,1449],"class_list":["post-9094","post","type-post","status-publish","format-standard","hentry","category-medienschau","tag-barbara-john","tag-beate-zschape","tag-bundesanwaltschaft","tag-nebenklage","tag-unterstutzer"],"yoast_head":"<!-- This site is optimized with the Yoast SEO plugin v21.0 - https:\/\/yoast.com\/wordpress\/plugins\/seo\/ -->\n<title>Eine Anklage, die nicht ausreicht \u2013 Das Medienlog vom Donnerstag, 7. Mai 2015 - Das NSU-Prozess-Blog<\/title>\n<meta name=\"robots\" content=\"index, follow, max-snippet:-1, max-image-preview:large, max-video-preview:-1\" \/>\n<link rel=\"canonical\" href=\"https:\/\/blog.zeit.de\/nsu-prozess-blog\/2015\/05\/07\/medienlog-jahrestag-anklage-nebenklage\/\" \/>\n<meta property=\"og:locale\" content=\"de_DE\" \/>\n<meta property=\"og:type\" content=\"article\" \/>\n<meta property=\"og:title\" content=\"Eine Anklage, die nicht ausreicht \u2013 Das Medienlog vom Donnerstag, 7. Mai 2015 - Das NSU-Prozess-Blog\" \/>\n<meta property=\"og:description\" content=\"Zum zweiten Jahrestag der Prozesser\u00f6ffnung im NSU-Verfahren \u00e4u\u00dfern sich Teilnehmer und Beobachter in den Medien. Dabei geht es etwa um den Stand der Beweisaufnahme \u2013 die Vorw\u00fcrfe gegen die Hauptangeklagte Beate Zsch\u00e4pe beruhen fast ausschlie\u00dflich auf einer Kette aus Indizien, die der Generalbundesanwalt (GBA) ermittelt hat. &#8222;Aus unserer Sicht sind alle Anklagepunkte der GBA erwiesen [&hellip;]\" \/>\n<meta property=\"og:url\" content=\"https:\/\/blog.zeit.de\/nsu-prozess-blog\/2015\/05\/07\/medienlog-jahrestag-anklage-nebenklage\/\" \/>\n<meta property=\"og:site_name\" content=\"Das NSU-Prozess-Blog\" \/>\n<meta property=\"article:published_time\" content=\"2015-05-07T06:20:57+00:00\" \/>\n<meta property=\"article:modified_time\" content=\"2015-05-07T09:49:09+00:00\" \/>\n<meta name=\"author\" content=\"Tom Sundermann\" \/>\n<meta name=\"twitter:label1\" content=\"Geschrieben von\" \/>\n\t<meta name=\"twitter:data1\" content=\"Tom Sundermann\" \/>\n\t<meta name=\"twitter:label2\" content=\"Gesch\u00e4tzte Lesezeit\" \/>\n\t<meta name=\"twitter:data2\" content=\"2\u00a0Minuten\" \/>\n<script type=\"application\/ld+json\" class=\"yoast-schema-graph\">{\"@context\":\"https:\/\/schema.org\",\"@graph\":[{\"@type\":\"WebPage\",\"@id\":\"https:\/\/blog.zeit.de\/nsu-prozess-blog\/2015\/05\/07\/medienlog-jahrestag-anklage-nebenklage\/\",\"url\":\"https:\/\/blog.zeit.de\/nsu-prozess-blog\/2015\/05\/07\/medienlog-jahrestag-anklage-nebenklage\/\",\"name\":\"Eine Anklage, die nicht ausreicht \u2013 Das Medienlog vom Donnerstag, 7. Mai 2015 - Das NSU-Prozess-Blog\",\"isPartOf\":{\"@id\":\"https:\/\/blog.zeit.de\/nsu-prozess-blog\/#website\"},\"datePublished\":\"2015-05-07T06:20:57+00:00\",\"dateModified\":\"2015-05-07T09:49:09+00:00\",\"author\":{\"@id\":\"https:\/\/blog.zeit.de\/nsu-prozess-blog\/#\/schema\/person\/553ea9bb5d1fc2ae054c589bd59380a5\"},\"breadcrumb\":{\"@id\":\"https:\/\/blog.zeit.de\/nsu-prozess-blog\/2015\/05\/07\/medienlog-jahrestag-anklage-nebenklage\/#breadcrumb\"},\"inLanguage\":\"de\",\"potentialAction\":[{\"@type\":\"ReadAction\",\"target\":[\"https:\/\/blog.zeit.de\/nsu-prozess-blog\/2015\/05\/07\/medienlog-jahrestag-anklage-nebenklage\/\"]}]},{\"@type\":\"BreadcrumbList\",\"@id\":\"https:\/\/blog.zeit.de\/nsu-prozess-blog\/2015\/05\/07\/medienlog-jahrestag-anklage-nebenklage\/#breadcrumb\",\"itemListElement\":[{\"@type\":\"ListItem\",\"position\":1,\"name\":\"Startseite\",\"item\":\"https:\/\/blog.zeit.de\/nsu-prozess-blog\/\"},{\"@type\":\"ListItem\",\"position\":2,\"name\":\"Eine Anklage, die nicht ausreicht \u2013 Das Medienlog vom Donnerstag, 7. Mai 2015\"}]},{\"@type\":\"WebSite\",\"@id\":\"https:\/\/blog.zeit.de\/nsu-prozess-blog\/#website\",\"url\":\"https:\/\/blog.zeit.de\/nsu-prozess-blog\/\",\"name\":\"Das NSU-Prozess-Blog\",\"description\":\"Alle Berichte zum Terrorverfahren in M\u00fcnchen\",\"potentialAction\":[{\"@type\":\"SearchAction\",\"target\":{\"@type\":\"EntryPoint\",\"urlTemplate\":\"https:\/\/blog.zeit.de\/nsu-prozess-blog\/?s={search_term_string}\"},\"query-input\":\"required name=search_term_string\"}],\"inLanguage\":\"de\"},{\"@type\":\"Person\",\"@id\":\"https:\/\/blog.zeit.de\/nsu-prozess-blog\/#\/schema\/person\/553ea9bb5d1fc2ae054c589bd59380a5\",\"name\":\"Tom Sundermann\",\"image\":{\"@type\":\"ImageObject\",\"inLanguage\":\"de\",\"@id\":\"https:\/\/blog.zeit.de\/nsu-prozess-blog\/#\/schema\/person\/image\/\",\"url\":\"https:\/\/secure.gravatar.com\/avatar\/e108a3dc18766f719b2f797dc5d19093f06a1870c55b553ab6b7563f1f9a5e68?s=96&d=mm&r=g\",\"contentUrl\":\"https:\/\/secure.gravatar.com\/avatar\/e108a3dc18766f719b2f797dc5d19093f06a1870c55b553ab6b7563f1f9a5e68?s=96&d=mm&r=g\",\"caption\":\"Tom Sundermann\"},\"sameAs\":[\"https:\/\/twitter.com\/messeticker\"],\"url\":\"https:\/\/blog.zeit.de\/nsu-prozess-blog\/author\/tsundermann\/\"}]}<\/script>\n<!-- \/ Yoast SEO plugin. -->","yoast_head_json":{"title":"Eine Anklage, die nicht ausreicht \u2013 Das Medienlog vom Donnerstag, 7. Mai 2015 - Das NSU-Prozess-Blog","robots":{"index":"index","follow":"follow","max-snippet":"max-snippet:-1","max-image-preview":"max-image-preview:large","max-video-preview":"max-video-preview:-1"},"canonical":"https:\/\/blog.zeit.de\/nsu-prozess-blog\/2015\/05\/07\/medienlog-jahrestag-anklage-nebenklage\/","og_locale":"de_DE","og_type":"article","og_title":"Eine Anklage, die nicht ausreicht \u2013 Das Medienlog vom Donnerstag, 7. Mai 2015 - Das NSU-Prozess-Blog","og_description":"Zum zweiten Jahrestag der Prozesser\u00f6ffnung im NSU-Verfahren \u00e4u\u00dfern sich Teilnehmer und Beobachter in den Medien. Dabei geht es etwa um den Stand der Beweisaufnahme \u2013 die Vorw\u00fcrfe gegen die Hauptangeklagte Beate Zsch\u00e4pe beruhen fast ausschlie\u00dflich auf einer Kette aus Indizien, die der Generalbundesanwalt (GBA) ermittelt hat. &#8222;Aus unserer Sicht sind alle Anklagepunkte der GBA erwiesen [&hellip;]","og_url":"https:\/\/blog.zeit.de\/nsu-prozess-blog\/2015\/05\/07\/medienlog-jahrestag-anklage-nebenklage\/","og_site_name":"Das NSU-Prozess-Blog","article_published_time":"2015-05-07T06:20:57+00:00","article_modified_time":"2015-05-07T09:49:09+00:00","author":"Tom Sundermann","twitter_misc":{"Geschrieben von":"Tom Sundermann","Gesch\u00e4tzte Lesezeit":"2\u00a0Minuten"},"schema":{"@context":"https:\/\/schema.org","@graph":[{"@type":"WebPage","@id":"https:\/\/blog.zeit.de\/nsu-prozess-blog\/2015\/05\/07\/medienlog-jahrestag-anklage-nebenklage\/","url":"https:\/\/blog.zeit.de\/nsu-prozess-blog\/2015\/05\/07\/medienlog-jahrestag-anklage-nebenklage\/","name":"Eine Anklage, die nicht ausreicht \u2013 Das Medienlog vom Donnerstag, 7. Mai 2015 - Das NSU-Prozess-Blog","isPartOf":{"@id":"https:\/\/blog.zeit.de\/nsu-prozess-blog\/#website"},"datePublished":"2015-05-07T06:20:57+00:00","dateModified":"2015-05-07T09:49:09+00:00","author":{"@id":"https:\/\/blog.zeit.de\/nsu-prozess-blog\/#\/schema\/person\/553ea9bb5d1fc2ae054c589bd59380a5"},"breadcrumb":{"@id":"https:\/\/blog.zeit.de\/nsu-prozess-blog\/2015\/05\/07\/medienlog-jahrestag-anklage-nebenklage\/#breadcrumb"},"inLanguage":"de","potentialAction":[{"@type":"ReadAction","target":["https:\/\/blog.zeit.de\/nsu-prozess-blog\/2015\/05\/07\/medienlog-jahrestag-anklage-nebenklage\/"]}]},{"@type":"BreadcrumbList","@id":"https:\/\/blog.zeit.de\/nsu-prozess-blog\/2015\/05\/07\/medienlog-jahrestag-anklage-nebenklage\/#breadcrumb","itemListElement":[{"@type":"ListItem","position":1,"name":"Startseite","item":"https:\/\/blog.zeit.de\/nsu-prozess-blog\/"},{"@type":"ListItem","position":2,"name":"Eine Anklage, die nicht ausreicht \u2013 Das Medienlog vom Donnerstag, 7. Mai 2015"}]},{"@type":"WebSite","@id":"https:\/\/blog.zeit.de\/nsu-prozess-blog\/#website","url":"https:\/\/blog.zeit.de\/nsu-prozess-blog\/","name":"Das NSU-Prozess-Blog","description":"Alle Berichte zum Terrorverfahren in M\u00fcnchen","potentialAction":[{"@type":"SearchAction","target":{"@type":"EntryPoint","urlTemplate":"https:\/\/blog.zeit.de\/nsu-prozess-blog\/?s={search_term_string}"},"query-input":"required name=search_term_string"}],"inLanguage":"de"},{"@type":"Person","@id":"https:\/\/blog.zeit.de\/nsu-prozess-blog\/#\/schema\/person\/553ea9bb5d1fc2ae054c589bd59380a5","name":"Tom Sundermann","image":{"@type":"ImageObject","inLanguage":"de","@id":"https:\/\/blog.zeit.de\/nsu-prozess-blog\/#\/schema\/person\/image\/","url":"https:\/\/secure.gravatar.com\/avatar\/e108a3dc18766f719b2f797dc5d19093f06a1870c55b553ab6b7563f1f9a5e68?s=96&d=mm&r=g","contentUrl":"https:\/\/secure.gravatar.com\/avatar\/e108a3dc18766f719b2f797dc5d19093f06a1870c55b553ab6b7563f1f9a5e68?s=96&d=mm&r=g","caption":"Tom Sundermann"},"sameAs":["https:\/\/twitter.com\/messeticker"],"url":"https:\/\/blog.zeit.de\/nsu-prozess-blog\/author\/tsundermann\/"}]}},"jetpack_featured_media_url":"","jetpack_sharing_enabled":true,"_links":{"self":[{"href":"https:\/\/blog.zeit.de\/nsu-prozess-blog\/wp-json\/wp\/v2\/posts\/9094","targetHints":{"allow":["GET"]}}],"collection":[{"href":"https:\/\/blog.zeit.de\/nsu-prozess-blog\/wp-json\/wp\/v2\/posts"}],"about":[{"href":"https:\/\/blog.zeit.de\/nsu-prozess-blog\/wp-json\/wp\/v2\/types\/post"}],"author":[{"embeddable":true,"href":"https:\/\/blog.zeit.de\/nsu-prozess-blog\/wp-json\/wp\/v2\/users\/435"}],"replies":[{"embeddable":true,"href":"https:\/\/blog.zeit.de\/nsu-prozess-blog\/wp-json\/wp\/v2\/comments?post=9094"}],"version-history":[{"count":3,"href":"https:\/\/blog.zeit.de\/nsu-prozess-blog\/wp-json\/wp\/v2\/posts\/9094\/revisions"}],"predecessor-version":[{"id":9101,"href":"https:\/\/blog.zeit.de\/nsu-prozess-blog\/wp-json\/wp\/v2\/posts\/9094\/revisions\/9101"}],"wp:attachment":[{"href":"https:\/\/blog.zeit.de\/nsu-prozess-blog\/wp-json\/wp\/v2\/media?parent=9094"}],"wp:term":[{"taxonomy":"category","embeddable":true,"href":"https:\/\/blog.zeit.de\/nsu-prozess-blog\/wp-json\/wp\/v2\/categories?post=9094"},{"taxonomy":"post_tag","embeddable":true,"href":"https:\/\/blog.zeit.de\/nsu-prozess-blog\/wp-json\/wp\/v2\/tags?post=9094"}],"curies":[{"name":"wp","href":"https:\/\/api.w.org\/{rel}","templated":true}]}}